{"id":2479,"date":"2020-06-30T09:07:44","date_gmt":"2020-06-30T14:07:44","guid":{"rendered":"https:\/\/veganoptioncanada.org\/noticias\/regan-russell-icone-moderno-da-compaixao\/"},"modified":"2020-11-25T02:11:43","modified_gmt":"2020-11-25T07:11:43","slug":"regan-russell-icone-moderno-da-compaixao","status":"publish","type":"post","link":"http:\/\/veganoptioncanada.ca\/pt-pt\/noticias\/regan-russell-icone-moderno-da-compaixao\/","title":{"rendered":"REGAN RUSSELL: \u00cdCONE MODERNO DA COMPAIX\u00c3O"},"content":{"rendered":"\t\t<div data-elementor-type=\"wp-post\" data-elementor-id=\"2479\" class=\"elementor elementor-2479 elementor-2468\" data-elementor-post-type=\"post\">\n\t\t\t\t\t\t<section class=\"elementor-section elementor-top-section elementor-element elementor-element-dee866b elementor-section-boxed elementor-section-height-default elementor-section-height-default\" data-id=\"dee866b\" data-element_type=\"section\">\n\t\t\t\t\t\t<div class=\"elementor-container elementor-column-gap-default\">\n\t\t\t\t\t<div class=\"elementor-column elementor-col-100 elementor-top-column elementor-element elementor-element-2024612\" data-id=\"2024612\" data-element_type=\"column\">\n\t\t\t<div class=\"elementor-widget-wrap elementor-element-populated\">\n\t\t\t\t\t\t<div class=\"elementor-element elementor-element-d1a8e25 elementor-widget elementor-widget-image\" data-id=\"d1a8e25\" data-element_type=\"widget\" data-widget_type=\"image.default\">\n\t\t\t\t<div class=\"elementor-widget-container\">\n\t\t\t\t\t\t\t\t\t\t\t\t\t\t\t<img fetchpriority=\"high\" decoding=\"async\" width=\"768\" height=\"451\" src=\"http:\/\/veganoptioncanada.ca\/wp-content\/uploads\/2020\/06\/regan-768x451-1.jpg\" class=\"attachment-medium_large size-medium_large wp-image-2469\" alt=\"\" srcset=\"http:\/\/veganoptioncanada.ca\/wp-content\/uploads\/2020\/06\/regan-768x451-1.jpg 768w, http:\/\/veganoptioncanada.ca\/wp-content\/uploads\/2020\/06\/regan-768x451-1-300x176.jpg 300w\" sizes=\"(max-width: 768px) 100vw, 768px\" \/>\t\t\t\t\t\t\t\t\t\t\t\t\t\t\t<\/div>\n\t\t\t\t<\/div>\n\t\t\t\t\t<\/div>\n\t\t<\/div>\n\t\t\t\t\t<\/div>\n\t\t<\/section>\n\t\t\t\t<section class=\"elementor-section elementor-top-section elementor-element elementor-element-03f6b10 elementor-section-boxed elementor-section-height-default elementor-section-height-default\" data-id=\"03f6b10\" data-element_type=\"section\">\n\t\t\t\t\t\t<div class=\"elementor-container elementor-column-gap-default\">\n\t\t\t\t\t<div class=\"elementor-column elementor-col-100 elementor-top-column elementor-element elementor-element-d57572a\" data-id=\"d57572a\" data-element_type=\"column\">\n\t\t\t<div class=\"elementor-widget-wrap elementor-element-populated\">\n\t\t\t\t\t\t<div class=\"elementor-element elementor-element-8af4beb elementor-widget elementor-widget-text-editor\" data-id=\"8af4beb\" data-element_type=\"widget\" data-widget_type=\"text-editor.default\">\n\t\t\t\t<div class=\"elementor-widget-container\">\n\t\t\t\t\t\t\t\t\t<p>Foi na sexta-feira passada, 19 de Junho. Eu tinha acabado de acordar. Rapidamente digitalizei a minha p\u00e1gina do Facebook. Foi ent\u00e3o que uma manchete me bateu de frente, me derrubou com mil palavras; os males indiz\u00edveis que s\u00e3o demasiadas vezes invis\u00edveis. Fiquei atordoado ao ler: &#8220;A activista dos direitos dos animais Regan Russell morto por cami\u00e3o durante um protesto \u00e0 porta de um matadouro de porcos&#8221; (Huffpost, 2020). Nessa manh\u00e3, Regan morreu no exterior do matadouro de Fearmans em Burlington, Ont\u00e1rio, enquanto dava \u00e1gua aos porcos sedentos e feridos. Eu ainda estava na minha cama, mas tinha acabado de surgir uma injusti\u00e7a social. T\u00ednhamos acabado de nos levantar. Para se levantar.<\/p>\n<p>Durante muito tempo, li e espreitei todos os artigos sobre o assunto. N\u00e3o a conhe\u00e7o, claro, mas penso que n\u00e3o. Regan Russell (1955-2020) foi um forte e distinto activista de longa data; 43 anos de compromisso com os animais, quase 11 deten\u00e7\u00f5es, solidariedade, compaix\u00e3o ordeira e dedica\u00e7\u00e3o apaixonada. Era tamb\u00e9m uma filha que n\u00e3o podia desejar &#8220;Feliz Dia do Pai&#8221; ao seu pai dois dias mais tarde. Este ardente fogo de justi\u00e7a e considera\u00e7\u00e3o moral que ela tinha n\u00e3o s\u00f3 pelos animais &#8211; os esquecidos das nossas sociedades &#8211; mas tamb\u00e9m por muitas causas sociais dignas desse nome:<\/p>\n\t\t\t\t\t\t\t\t<\/div>\n\t\t\t\t<\/div>\n\t\t\t\t\t<\/div>\n\t\t<\/div>\n\t\t\t\t\t<\/div>\n\t\t<\/section>\n\t\t\t\t<section class=\"elementor-section elementor-top-section elementor-element elementor-element-b514b1d elementor-section-boxed elementor-section-height-default elementor-section-height-default\" data-id=\"b514b1d\" data-element_type=\"section\">\n\t\t\t\t\t\t<div class=\"elementor-container elementor-column-gap-default\">\n\t\t\t\t\t<div class=\"elementor-column elementor-col-100 elementor-top-column elementor-element elementor-element-4da82ee\" data-id=\"4da82ee\" data-element_type=\"column\">\n\t\t\t<div class=\"elementor-widget-wrap elementor-element-populated\">\n\t\t\t\t\t\t<div class=\"elementor-element elementor-element-06c815f elementor-blockquote--skin-border elementor-blockquote--button-color-official elementor-widget elementor-widget-blockquote\" data-id=\"06c815f\" data-element_type=\"widget\" data-widget_type=\"blockquote.default\">\n\t\t\t\t<div class=\"elementor-widget-container\">\n\t\t\t\t\t\t\t<blockquote class=\"elementor-blockquote\">\n\t\t\t<p class=\"elementor-blockquote__content\">\n\t\t\t\tRegan era uma pessoa am\u00e1vel, elegante, forte e corajosa. Foi sempre uma activista com gentileza no cora\u00e7\u00e3o. Ela lutou pela igualdade animal e justi\u00e7a racial. A semana passada participou numa manifesta\u00e7\u00e3o de Black Lives Matter em Hamilton e participou em vig\u00edlias todos os domingos.\t\t\t<\/p>\n\t\t\t\t\t<\/blockquote>\n\t\t\t\t\t\t<\/div>\n\t\t\t\t<\/div>\n\t\t\t\t<div class=\"elementor-element elementor-element-2c5dbed elementor-widget elementor-widget-heading\" data-id=\"2c5dbed\" data-element_type=\"widget\" data-widget_type=\"heading.default\">\n\t\t\t\t<div class=\"elementor-widget-container\">\n\t\t\t\t\t<h6 class=\"elementor-heading-title elementor-size-default\"><a href=\"https:\/\/thesavemovement.org\/\">Anita Krajnc, co-fundadora do Toronto Pig Save and Animal Save Movement<\/a><\/h6>\t\t\t\t<\/div>\n\t\t\t\t<\/div>\n\t\t\t\t\t<\/div>\n\t\t<\/div>\n\t\t\t\t\t<\/div>\n\t\t<\/section>\n\t\t\t\t<section class=\"elementor-section elementor-top-section elementor-element elementor-element-12fc7eb elementor-section-boxed elementor-section-height-default elementor-section-height-default\" data-id=\"12fc7eb\" data-element_type=\"section\">\n\t\t\t\t\t\t<div class=\"elementor-container elementor-column-gap-default\">\n\t\t\t\t\t<div class=\"elementor-column elementor-col-100 elementor-top-column elementor-element elementor-element-3121ac4\" data-id=\"3121ac4\" data-element_type=\"column\">\n\t\t\t<div class=\"elementor-widget-wrap elementor-element-populated\">\n\t\t\t\t\t\t<div class=\"elementor-element elementor-element-9d311d7 elementor-widget elementor-widget-text-editor\" data-id=\"9d311d7\" data-element_type=\"widget\" data-widget_type=\"text-editor.default\">\n\t\t\t\t<div class=\"elementor-widget-container\">\n\t\t\t\t\t\t\t\t\t<p>Em 43 anos de activismo, ela nunca desistiu; ela nunca desistiu de ningu\u00e9m. Os porcos jovens, com os seus olhos azuis cristalinos e cristalinos, embebedavam-se com o seu olhar terno, frequentemente pela primeira e \u00faltima vez. A sua compaix\u00e3o, como uma onda de calor, permeou tudo, at\u00e9 mesmo as barras de ferro. 10.000 pessoas. 10.000 porcos. 10.000 pessoas&#8230; assassinadas em apenas um dia no matadouro de Fearmans. Ela tinha e nunca iria parar. O \u00fanico fim poss\u00edvel do seu compromisso regular, nas vig\u00edlias, semana ap\u00f3s semana, m\u00eas ap\u00f3s m\u00eas, ano ap\u00f3s ano, coincidiu com o seu pr\u00f3prio fim.<\/p>\n\t\t\t\t\t\t\t\t<\/div>\n\t\t\t\t<\/div>\n\t\t\t\t\t<\/div>\n\t\t<\/div>\n\t\t\t\t\t<\/div>\n\t\t<\/section>\n\t\t\t\t<section class=\"elementor-section elementor-top-section elementor-element elementor-element-509d11f elementor-section-boxed elementor-section-height-default elementor-section-height-default\" data-id=\"509d11f\" data-element_type=\"section\">\n\t\t\t\t\t\t<div class=\"elementor-container elementor-column-gap-default\">\n\t\t\t\t\t<div class=\"elementor-column elementor-col-100 elementor-top-column elementor-element elementor-element-6889b14\" data-id=\"6889b14\" data-element_type=\"column\">\n\t\t\t<div class=\"elementor-widget-wrap elementor-element-populated\">\n\t\t\t\t\t\t<div class=\"elementor-element elementor-element-ee0c0fa elementor-widget elementor-widget-image\" data-id=\"ee0c0fa\" data-element_type=\"widget\" data-widget_type=\"image.default\">\n\t\t\t\t<div class=\"elementor-widget-container\">\n\t\t\t\t\t\t\t\t\t\t\t\t\t\t\t<img decoding=\"async\" width=\"768\" height=\"542\" src=\"http:\/\/veganoptioncanada.ca\/wp-content\/uploads\/2020\/06\/memorialvigilforregan-gp14-0-768x542-1.jpg\" class=\"attachment-medium_large size-medium_large wp-image-2472\" alt=\"\" srcset=\"http:\/\/veganoptioncanada.ca\/wp-content\/uploads\/2020\/06\/memorialvigilforregan-gp14-0-768x542-1.jpg 768w, http:\/\/veganoptioncanada.ca\/wp-content\/uploads\/2020\/06\/memorialvigilforregan-gp14-0-768x542-1-300x212.jpg 300w\" sizes=\"(max-width: 768px) 100vw, 768px\" \/>\t\t\t\t\t\t\t\t\t\t\t\t\t\t\t<\/div>\n\t\t\t\t<\/div>\n\t\t\t\t\t<\/div>\n\t\t<\/div>\n\t\t\t\t\t<\/div>\n\t\t<\/section>\n\t\t\t\t<section class=\"elementor-section elementor-top-section elementor-element elementor-element-1c716ff elementor-section-boxed elementor-section-height-default elementor-section-height-default\" data-id=\"1c716ff\" data-element_type=\"section\">\n\t\t\t\t\t\t<div class=\"elementor-container elementor-column-gap-default\">\n\t\t\t\t\t<div class=\"elementor-column elementor-col-100 elementor-top-column elementor-element elementor-element-c5c02fd\" data-id=\"c5c02fd\" data-element_type=\"column\">\n\t\t\t<div class=\"elementor-widget-wrap elementor-element-populated\">\n\t\t\t\t\t\t<div class=\"elementor-element elementor-element-cdade02 elementor-blockquote--skin-border elementor-blockquote--button-color-official elementor-widget elementor-widget-blockquote\" data-id=\"cdade02\" data-element_type=\"widget\" data-widget_type=\"blockquote.default\">\n\t\t\t\t<div class=\"elementor-widget-container\">\n\t\t\t\t\t\t\t<blockquote class=\"elementor-blockquote\">\n\t\t\t<p class=\"elementor-blockquote__content\">\n\t\t\t\tMorreu a lutar por aquilo em que acreditava. Seja qual for o pre\u00e7o, ela ia pagar... Por vezes \u00e9 dinheiro. Por vezes \u00e9 isto.\t\t\t<\/p>\n\t\t\t\t\t<\/blockquote>\n\t\t\t\t\t\t<\/div>\n\t\t\t\t<\/div>\n\t\t\t\t<div class=\"elementor-element elementor-element-7287f4e elementor-widget elementor-widget-heading\" data-id=\"7287f4e\" data-element_type=\"widget\" data-widget_type=\"heading.default\">\n\t\t\t\t<div class=\"elementor-widget-container\">\n\t\t\t\t\t<h6 class=\"elementor-heading-title elementor-size-default\">Mark Powell, Conjoint de Regan Russell<\/h6>\t\t\t\t<\/div>\n\t\t\t\t<\/div>\n\t\t\t\t\t<\/div>\n\t\t<\/div>\n\t\t\t\t\t<\/div>\n\t\t<\/section>\n\t\t\t\t<section class=\"elementor-section elementor-top-section elementor-element elementor-element-ec2b91c elementor-section-boxed elementor-section-height-default elementor-section-height-default\" data-id=\"ec2b91c\" data-element_type=\"section\">\n\t\t\t\t\t\t<div class=\"elementor-container elementor-column-gap-default\">\n\t\t\t\t\t<div class=\"elementor-column elementor-col-100 elementor-top-column elementor-element elementor-element-c89a03d\" data-id=\"c89a03d\" data-element_type=\"column\">\n\t\t\t<div class=\"elementor-widget-wrap elementor-element-populated\">\n\t\t\t\t\t\t<div class=\"elementor-element elementor-element-5194a4e elementor-widget elementor-widget-text-editor\" data-id=\"5194a4e\" data-element_type=\"widget\" data-widget_type=\"text-editor.default\">\n\t\t\t\t<div class=\"elementor-widget-container\">\n\t\t\t\t\t\t\t\t\t<p>Foi um simples acidente? Nada \u00e9 mais certo, a investiga\u00e7\u00e3o est\u00e1 em curso. Mas o que sabemos \u00e9 que esta morte violenta n\u00e3o foi aned\u00f3tica nem retirada de qualquer contexto social e pol\u00edtico. No entanto, demasiadas vezes a sua hist\u00f3ria foi descontextualizada, despolitizada ou simplesmente trivializada por muitos meios de comunica\u00e7\u00e3o social. Descobri, \u00e0 luz da lua, que a maior parte dos artigos sobre ele apareceram na sec\u00e7\u00e3o de not\u00edcias. As suas reivindica\u00e7\u00f5es eram frequentemente ignoradas.<\/p>\n<p>Ela e muitos outros activistas opunham-se activamente ao Projecto de Lei 156 &#8220;ag gag&#8221;. O projecto de lei 156 tenta restringir os direitos de protesto pac\u00edficos de todos aqueles que se dedicam a vig\u00edlias fora dos matadouros da prov\u00edncia, sujeitando-os a multas de at\u00e9 15.000 d\u00f3lares. O projecto de lei 156 tamb\u00e9m tornar\u00e1 ilegal que funcion\u00e1rios da ind\u00fastria, activistas e denunciantes denunciem abusos. Esta nova lei, semelhante \u00e0s leis de amorda\u00e7amento agr\u00edcola que foram declaradas inconstitucionais em v\u00e1rios tribunais dos EUA, est\u00e1 novamente a ser criticada por muitos juristas canadianos como um ataque directo \u00e0 liberdade de express\u00e3o (Justi\u00e7a Animal). O projecto de lei 156 torna assim as assembleias pac\u00edficas, certas formas de activismo de rua e de jornalismo de investiga\u00e7\u00e3o ilegais, um claro fracasso democr\u00e1tico.<\/p>\n<p>Hoje, em honra de Regan Russell, o Movimento Save est\u00e1 a instar o governo do Ont\u00e1rio a revogar a Lei 156. Despoj\u00e1-lo da sua invisibilidade legal da crueldade animal e permitir a den\u00fancia da viol\u00eancia e a representa\u00e7\u00e3o justa dos mais marginalizados. Muitas pessoas acreditam que comer animais e subprodutos \u00e9 permiss\u00edvel. Isso n\u00e3o \u00e9 viol\u00eancia. N\u00e3o o ouvimos. N\u00e3o queremos saber se ela existe. No entanto, ela existe. Regan, atrav\u00e9s das suas muitas manifesta\u00e7\u00f5es semanais, informou o consumidor consciente do que se passa atr\u00e1s das portas fechadas dos matadouros; as nossas portas fechadas mentais:<\/p>\n\t\t\t\t\t\t\t\t<\/div>\n\t\t\t\t<\/div>\n\t\t\t\t\t<\/div>\n\t\t<\/div>\n\t\t\t\t\t<\/div>\n\t\t<\/section>\n\t\t\t\t<section class=\"elementor-section elementor-top-section elementor-element elementor-element-4602d3b elementor-section-boxed elementor-section-height-default elementor-section-height-default\" data-id=\"4602d3b\" data-element_type=\"section\">\n\t\t\t\t\t\t<div class=\"elementor-container elementor-column-gap-default\">\n\t\t\t\t\t<div class=\"elementor-column elementor-col-100 elementor-top-column elementor-element elementor-element-f12999c\" data-id=\"f12999c\" data-element_type=\"column\">\n\t\t\t<div class=\"elementor-widget-wrap elementor-element-populated\">\n\t\t\t\t\t\t<div class=\"elementor-element elementor-element-397cc91 elementor-blockquote--skin-border elementor-blockquote--button-color-official elementor-widget elementor-widget-blockquote\" data-id=\"397cc91\" data-element_type=\"widget\" data-widget_type=\"blockquote.default\">\n\t\t\t\t<div class=\"elementor-widget-container\">\n\t\t\t\t\t\t\t<blockquote class=\"elementor-blockquote\">\n\t\t\t<p class=\"elementor-blockquote__content\">\n\t\t\t\tPraticamente todas as atrocidades foram poss\u00edveis porque as pessoas se afastaram da realidade que consideravam demasiado dolorosa para enfrentar. E virtualmente cada revolu\u00e7\u00e3o, cada transforma\u00e7\u00e3o social foi poss\u00edvel porque um grupo de pessoas escolheu testemunhar, e encorajou outros a testemunharem tamb\u00e9m.\t\t\t<\/p>\n\t\t\t\t\t<\/blockquote>\n\t\t\t\t\t\t<\/div>\n\t\t\t\t<\/div>\n\t\t\t\t<div class=\"elementor-element elementor-element-73e9478 elementor-widget elementor-widget-heading\" data-id=\"73e9478\" data-element_type=\"widget\" data-widget_type=\"heading.default\">\n\t\t\t\t<div class=\"elementor-widget-container\">\n\t\t\t\t\t<h6 class=\"elementor-heading-title elementor-size-default\">Mark Powell, Esposa de Regan Russell<\/h6>\t\t\t\t<\/div>\n\t\t\t\t<\/div>\n\t\t\t\t<div class=\"elementor-element elementor-element-a3d835f elementor-widget-divider--view-line elementor-widget elementor-widget-divider\" data-id=\"a3d835f\" data-element_type=\"widget\" data-widget_type=\"divider.default\">\n\t\t\t\t<div class=\"elementor-widget-container\">\n\t\t\t\t\t\t\t<div class=\"elementor-divider\">\n\t\t\t<span class=\"elementor-divider-separator\">\n\t\t\t\t\t\t<\/span>\n\t\t<\/div>\n\t\t\t\t\t\t<\/div>\n\t\t\t\t<\/div>\n\t\t\t\t\t<\/div>\n\t\t<\/div>\n\t\t\t\t\t<\/div>\n\t\t<\/section>\n\t\t\t\t<section class=\"elementor-section elementor-top-section elementor-element elementor-element-437fed1 elementor-section-boxed elementor-section-height-default elementor-section-height-default\" data-id=\"437fed1\" data-element_type=\"section\">\n\t\t\t\t\t\t<div class=\"elementor-container elementor-column-gap-default\">\n\t\t\t\t\t<div class=\"elementor-column elementor-col-100 elementor-top-column elementor-element elementor-element-c139637\" data-id=\"c139637\" data-element_type=\"column\">\n\t\t\t<div class=\"elementor-widget-wrap elementor-element-populated\">\n\t\t\t\t\t\t<div class=\"elementor-element elementor-element-aaff9c5 elementor-share-buttons--view-icon-text elementor-share-buttons--skin-gradient elementor-share-buttons--shape-square elementor-grid-0 elementor-share-buttons--color-official elementor-widget elementor-widget-share-buttons\" data-id=\"aaff9c5\" data-element_type=\"widget\" data-widget_type=\"share-buttons.default\">\n\t\t\t\t<div class=\"elementor-widget-container\">\n\t\t\t\t\t\t\t<div class=\"elementor-grid\">\n\t\t\t\t\t\t\t\t<div class=\"elementor-grid-item\">\n\t\t\t\t\t\t<div\n\t\t\t\t\t\t\tclass=\"elementor-share-btn elementor-share-btn_facebook\"\n\t\t\t\t\t\t\trole=\"button\"\n\t\t\t\t\t\t\ttabindex=\"0\"\n\t\t\t\t\t\t\taria-label=\"Share on facebook\"\n\t\t\t\t\t\t>\n\t\t\t\t\t\t\t\t\t\t\t\t\t\t\t<span class=\"elementor-share-btn__icon\">\n\t\t\t\t\t\t\t\t<i class=\"fab fa-facebook\" aria-hidden=\"true\"><\/i>\t\t\t\t\t\t\t<\/span>\n\t\t\t\t\t\t\t\t\t\t\t\t\t\t\t\t\t\t\t\t\t\t<div class=\"elementor-share-btn__text\">\n\t\t\t\t\t\t\t\t\t\t\t\t\t\t\t\t\t\t\t<span class=\"elementor-share-btn__title\">\n\t\t\t\t\t\t\t\t\t\tFacebook\t\t\t\t\t\t\t\t\t<\/span>\n\t\t\t\t\t\t\t\t\t\t\t\t\t\t\t\t\t<\/div>\n\t\t\t\t\t\t\t\t\t\t\t\t\t<\/div>\n\t\t\t\t\t<\/div>\n\t\t\t\t\t\t\t\t\t<div class=\"elementor-grid-item\">\n\t\t\t\t\t\t<div\n\t\t\t\t\t\t\tclass=\"elementor-share-btn elementor-share-btn_twitter\"\n\t\t\t\t\t\t\trole=\"button\"\n\t\t\t\t\t\t\ttabindex=\"0\"\n\t\t\t\t\t\t\taria-label=\"Share on twitter\"\n\t\t\t\t\t\t>\n\t\t\t\t\t\t\t\t\t\t\t\t\t\t\t<span class=\"elementor-share-btn__icon\">\n\t\t\t\t\t\t\t\t<i class=\"fab fa-twitter\" aria-hidden=\"true\"><\/i>\t\t\t\t\t\t\t<\/span>\n\t\t\t\t\t\t\t\t\t\t\t\t\t\t\t\t\t\t\t\t\t\t<div class=\"elementor-share-btn__text\">\n\t\t\t\t\t\t\t\t\t\t\t\t\t\t\t\t\t\t\t<span class=\"elementor-share-btn__title\">\n\t\t\t\t\t\t\t\t\t\tTwitter\t\t\t\t\t\t\t\t\t<\/span>\n\t\t\t\t\t\t\t\t\t\t\t\t\t\t\t\t\t<\/div>\n\t\t\t\t\t\t\t\t\t\t\t\t\t<\/div>\n\t\t\t\t\t<\/div>\n\t\t\t\t\t\t\t\t\t<div class=\"elementor-grid-item\">\n\t\t\t\t\t\t<div\n\t\t\t\t\t\t\tclass=\"elementor-share-btn elementor-share-btn_linkedin\"\n\t\t\t\t\t\t\trole=\"button\"\n\t\t\t\t\t\t\ttabindex=\"0\"\n\t\t\t\t\t\t\taria-label=\"Share on linkedin\"\n\t\t\t\t\t\t>\n\t\t\t\t\t\t\t\t\t\t\t\t\t\t\t<span class=\"elementor-share-btn__icon\">\n\t\t\t\t\t\t\t\t<i class=\"fab fa-linkedin\" aria-hidden=\"true\"><\/i>\t\t\t\t\t\t\t<\/span>\n\t\t\t\t\t\t\t\t\t\t\t\t\t\t\t\t\t\t\t\t\t\t<div class=\"elementor-share-btn__text\">\n\t\t\t\t\t\t\t\t\t\t\t\t\t\t\t\t\t\t\t<span class=\"elementor-share-btn__title\">\n\t\t\t\t\t\t\t\t\t\tLinkedIn\t\t\t\t\t\t\t\t\t<\/span>\n\t\t\t\t\t\t\t\t\t\t\t\t\t\t\t\t\t<\/div>\n\t\t\t\t\t\t\t\t\t\t\t\t\t<\/div>\n\t\t\t\t\t<\/div>\n\t\t\t\t\t\t\t\t\t<div class=\"elementor-grid-item\">\n\t\t\t\t\t\t<div\n\t\t\t\t\t\t\tclass=\"elementor-share-btn elementor-share-btn_reddit\"\n\t\t\t\t\t\t\trole=\"button\"\n\t\t\t\t\t\t\ttabindex=\"0\"\n\t\t\t\t\t\t\taria-label=\"Share on reddit\"\n\t\t\t\t\t\t>\n\t\t\t\t\t\t\t\t\t\t\t\t\t\t\t<span class=\"elementor-share-btn__icon\">\n\t\t\t\t\t\t\t\t<i class=\"fab fa-reddit\" aria-hidden=\"true\"><\/i>\t\t\t\t\t\t\t<\/span>\n\t\t\t\t\t\t\t\t\t\t\t\t\t\t\t\t\t\t\t\t\t\t<div class=\"elementor-share-btn__text\">\n\t\t\t\t\t\t\t\t\t\t\t\t\t\t\t\t\t\t\t<span class=\"elementor-share-btn__title\">\n\t\t\t\t\t\t\t\t\t\tReddit\t\t\t\t\t\t\t\t\t<\/span>\n\t\t\t\t\t\t\t\t\t\t\t\t\t\t\t\t\t<\/div>\n\t\t\t\t\t\t\t\t\t\t\t\t\t<\/div>\n\t\t\t\t\t<\/div>\n\t\t\t\t\t\t\t\t\t<div class=\"elementor-grid-item\">\n\t\t\t\t\t\t<div\n\t\t\t\t\t\t\tclass=\"elementor-share-btn elementor-share-btn_email\"\n\t\t\t\t\t\t\trole=\"button\"\n\t\t\t\t\t\t\ttabindex=\"0\"\n\t\t\t\t\t\t\taria-label=\"Share on email\"\n\t\t\t\t\t\t>\n\t\t\t\t\t\t\t\t\t\t\t\t\t\t\t<span class=\"elementor-share-btn__icon\">\n\t\t\t\t\t\t\t\t<i class=\"fas fa-envelope\" aria-hidden=\"true\"><\/i>\t\t\t\t\t\t\t<\/span>\n\t\t\t\t\t\t\t\t\t\t\t\t\t\t\t\t\t\t\t\t\t\t<div class=\"elementor-share-btn__text\">\n\t\t\t\t\t\t\t\t\t\t\t\t\t\t\t\t\t\t\t<span class=\"elementor-share-btn__title\">\n\t\t\t\t\t\t\t\t\t\tEmail\t\t\t\t\t\t\t\t\t<\/span>\n\t\t\t\t\t\t\t\t\t\t\t\t\t\t\t\t\t<\/div>\n\t\t\t\t\t\t\t\t\t\t\t\t\t<\/div>\n\t\t\t\t\t<\/div>\n\t\t\t\t\t\t<\/div>\n\t\t\t\t\t\t<\/div>\n\t\t\t\t<\/div>\n\t\t\t\t\t<\/div>\n\t\t<\/div>\n\t\t\t\t\t<\/div>\n\t\t<\/section>\n\t\t\t\t<section class=\"elementor-section elementor-top-section elementor-element elementor-element-5029d55 elementor-section-boxed elementor-section-height-default elementor-section-height-default\" data-id=\"5029d55\" data-element_type=\"section\">\n\t\t\t\t\t\t<div class=\"elementor-container elementor-column-gap-default\">\n\t\t\t\t\t<div class=\"elementor-column elementor-col-100 elementor-top-column elementor-element elementor-element-d37e18a\" data-id=\"d37e18a\" data-element_type=\"column\">\n\t\t\t<div class=\"elementor-widget-wrap elementor-element-populated\">\n\t\t\t\t\t\t<div class=\"elementor-element elementor-element-055c368 elementor-widget-divider--view-line elementor-widget elementor-widget-divider\" data-id=\"055c368\" data-element_type=\"widget\" data-widget_type=\"divider.default\">\n\t\t\t\t<div class=\"elementor-widget-container\">\n\t\t\t\t\t\t\t<div class=\"elementor-divider\">\n\t\t\t<span class=\"elementor-divider-separator\">\n\t\t\t\t\t\t<\/span>\n\t\t<\/div>\n\t\t\t\t\t\t<\/div>\n\t\t\t\t<\/div>\n\t\t\t\t<section class=\"elementor-section elementor-inner-section elementor-element elementor-element-1b919dc elementor-section-boxed elementor-section-height-default elementor-section-height-default\" data-id=\"1b919dc\" data-element_type=\"section\">\n\t\t\t\t\t\t<div class=\"elementor-container elementor-column-gap-default\">\n\t\t\t\t\t<div class=\"elementor-column elementor-col-50 elementor-inner-column elementor-element elementor-element-3064d14\" data-id=\"3064d14\" data-element_type=\"column\">\n\t\t\t<div class=\"elementor-widget-wrap elementor-element-populated\">\n\t\t\t\t\t\t<div class=\"elementor-element elementor-element-8e805d4 elementor-widget elementor-widget-text-editor\" data-id=\"8e805d4\" data-element_type=\"widget\" data-widget_type=\"text-editor.default\">\n\t\t\t\t<div class=\"elementor-widget-container\">\n\t\t\t\t\t\t\t\t\t<p>Artigo par:<\/p>\n\t\t\t\t\t\t\t\t<\/div>\n\t\t\t\t<\/div>\n\t\t\t\t\t<\/div>\n\t\t<\/div>\n\t\t\t\t<div class=\"elementor-column elementor-col-50 elementor-inner-column elementor-element elementor-element-4fbedec\" data-id=\"4fbedec\" data-element_type=\"column\">\n\t\t\t<div class=\"elementor-widget-wrap elementor-element-populated\">\n\t\t\t\t\t\t<div class=\"elementor-element elementor-element-4cb3c19 elementor-widget elementor-widget-author-box\" data-id=\"4cb3c19\" data-element_type=\"widget\" data-widget_type=\"author-box.default\">\n\t\t\t\t<div class=\"elementor-widget-container\">\n\t\t\t\t\t\t\t<div class=\"elementor-author-box\">\n\t\t\t\t\t\t\t<a href=\"https:\/\/veganoptioncanada.org\/pt-pt\/alyssa-berris\/\" class=\"elementor-author-box__avatar\">\n\t\t\t\t\t<img decoding=\"async\" src=\"http:\/\/veganoptioncanada.ca\/wp-content\/uploads\/2019\/01\/alyssa-300x300.jpg\" alt=\"Picture of Alyssa Berris\" loading=\"lazy\">\n\t\t\t\t<\/a>\n\t\t\t\n\t\t\t<div class=\"elementor-author-box__text\">\n\t\t\t\t\t\t\t\t\t<a href=\"https:\/\/veganoptioncanada.org\/pt-pt\/alyssa-berris\/\">\n\t\t\t\t\t\t<div class=\"elementor-author-box__name\">\n\t\t\t\t\t\t\tAlyssa Berris\t\t\t\t\t\t<\/div>\n\t\t\t\t\t<\/a>\n\t\t\t\t\n\t\t\t\t\n\t\t\t\t\t\t\t<\/div>\n\t\t<\/div>\n\t\t\t\t\t\t<\/div>\n\t\t\t\t<\/div>\n\t\t\t\t\t<\/div>\n\t\t<\/div>\n\t\t\t\t\t<\/div>\n\t\t<\/section>\n\t\t\t\t\t<\/div>\n\t\t<\/div>\n\t\t\t\t\t<\/div>\n\t\t<\/section>\n\t\t\t\t<section class=\"elementor-section elementor-top-section elementor-element elementor-element-70c0b81 elementor-section-boxed elementor-section-height-default elementor-section-height-default\" data-id=\"70c0b81\" data-element_type=\"section\">\n\t\t\t\t\t\t<div class=\"elementor-container elementor-column-gap-default\">\n\t\t\t\t\t<div class=\"elementor-column elementor-col-100 elementor-top-column elementor-element elementor-element-a6a013c\" data-id=\"a6a013c\" data-element_type=\"column\">\n\t\t\t<div class=\"elementor-widget-wrap elementor-element-populated\">\n\t\t\t\t\t\t<div class=\"elementor-element elementor-element-9120857 elementor-widget-divider--view-line elementor-widget elementor-widget-divider\" data-id=\"9120857\" data-element_type=\"widget\" data-widget_type=\"divider.default\">\n\t\t\t\t<div class=\"elementor-widget-container\">\n\t\t\t\t\t\t\t<div class=\"elementor-divider\">\n\t\t\t<span class=\"elementor-divider-separator\">\n\t\t\t\t\t\t<\/span>\n\t\t<\/div>\n\t\t\t\t\t\t<\/div>\n\t\t\t\t<\/div>\n\t\t\t\t<div class=\"elementor-element elementor-element-8a5f52b elementor-widget elementor-widget-video\" data-id=\"8a5f52b\" data-element_type=\"widget\" data-settings=\"{&quot;youtube_url&quot;:&quot;https:\\\/\\\/youtu.be\\\/e7fxDT2fHUo&quot;,&quot;video_type&quot;:&quot;youtube&quot;,&quot;controls&quot;:&quot;yes&quot;}\" data-widget_type=\"video.default\">\n\t\t\t\t<div class=\"elementor-widget-container\">\n\t\t\t\t\t\t\t<div class=\"elementor-wrapper elementor-open-inline\">\n\t\t\t<div class=\"elementor-video\"><\/div>\t\t<\/div>\n\t\t\t\t\t\t<\/div>\n\t\t\t\t<\/div>\n\t\t\t\t\t<\/div>\n\t\t<\/div>\n\t\t\t\t\t<\/div>\n\t\t<\/section>\n\t\t\t\t<\/div>\n\t\t","protected":false},"excerpt":{"rendered":"<p>Foi na sexta-feira passada, 19 de Junho. Eu tinha acabado de acordar. Rapidamente digitalizei a minha p\u00e1gina do Facebook. Foi ent\u00e3o que uma manchete me bateu de frente, me derrubou com mil palavras; os males indiz\u00edveis que s\u00e3o demasiadas vezes invis\u00edveis. Fiquei atordoado ao ler: &#8220;A activista dos direitos dos animais Regan Russell morto por [&hellip;]<\/p>\n","protected":false},"author":2,"featured_media":0,"comment_status":"closed","ping_status":"closed","sticky":false,"template":"","format":"standard","meta":{"footnotes":""},"categories":[45,78],"tags":[],"class_list":["post-2479","post","type-post","status-publish","format-standard","hentry","category-noticias","category-opinion-pt-pt"],"yoast_head":"<!-- This site is optimized with the Yoast SEO plugin v26.9 - https:\/\/yoast.com\/product\/yoast-seo-wordpress\/ -->\n<title>REGAN RUSSELL: \u00cdCONE MODERNO DA COMPAIX\u00c3O - Op\u00e7\u00e3o Vegana Canad\u00e1<\/title>\n<meta name=\"robots\" content=\"index, follow, max-snippet:-1, max-image-preview:large, max-video-preview:-1\" \/>\n<link rel=\"canonical\" href=\"http:\/\/veganoptioncanada.ca\/pt-pt\/noticias\/regan-russell-icone-moderno-da-compaixao\/\" \/>\n<meta property=\"og:locale\" content=\"pt_PT\" \/>\n<meta property=\"og:type\" content=\"article\" \/>\n<meta property=\"og:title\" content=\"REGAN RUSSELL: \u00cdCONE MODERNO DA COMPAIX\u00c3O - Op\u00e7\u00e3o Vegana Canad\u00e1\" \/>\n<meta property=\"og:description\" content=\"Foi na sexta-feira passada, 19 de Junho. Eu tinha acabado de acordar. Rapidamente digitalizei a minha p\u00e1gina do Facebook. Foi ent\u00e3o que uma manchete me bateu de frente, me derrubou com mil palavras; os males indiz\u00edveis que s\u00e3o demasiadas vezes invis\u00edveis. Fiquei atordoado ao ler: &#8220;A activista dos direitos dos animais Regan Russell morto por [&hellip;]\" \/>\n<meta property=\"og:url\" content=\"http:\/\/veganoptioncanada.ca\/pt-pt\/noticias\/regan-russell-icone-moderno-da-compaixao\/\" \/>\n<meta property=\"og:site_name\" content=\"Op\u00e7\u00e3o Vegana Canad\u00e1\" \/>\n<meta property=\"article:publisher\" content=\"https:\/\/www.facebook.com\/VOOVCanada\/\" \/>\n<meta property=\"article:published_time\" content=\"2020-06-30T14:07:44+00:00\" \/>\n<meta property=\"article:modified_time\" content=\"2020-11-25T07:11:43+00:00\" \/>\n<meta property=\"og:image\" content=\"https:\/\/veganoptioncanada.org\/wp-content\/uploads\/2020\/06\/regan-768x451-1.jpg\" \/>\n<meta name=\"author\" content=\"Editeur\" \/>\n<meta name=\"twitter:card\" content=\"summary_large_image\" \/>\n<meta name=\"twitter:creator\" content=\"@CanadaVegan\" \/>\n<meta name=\"twitter:site\" content=\"@CanadaVegan\" \/>\n<meta name=\"twitter:label1\" content=\"Escrito por\" \/>\n\t<meta name=\"twitter:data1\" content=\"Editeur\" \/>\n\t<meta name=\"twitter:label2\" content=\"Tempo estimado de leitura\" \/>\n\t<meta name=\"twitter:data2\" content=\"4 minutos\" \/>\n<script type=\"application\/ld+json\" class=\"yoast-schema-graph\">{\"@context\":\"https:\/\/schema.org\",\"@graph\":[{\"@type\":\"Article\",\"@id\":\"http:\/\/veganoptioncanada.ca\/pt-pt\/noticias\/regan-russell-icone-moderno-da-compaixao\/#article\",\"isPartOf\":{\"@id\":\"http:\/\/veganoptioncanada.ca\/pt-pt\/noticias\/regan-russell-icone-moderno-da-compaixao\/\"},\"author\":{\"name\":\"Editeur\",\"@id\":\"http:\/\/veganoptioncanada.ca\/pt-pt\/#\/schema\/person\/9212ba9961ec51f55b60bab6ae51c478\"},\"headline\":\"REGAN RUSSELL: \u00cdCONE MODERNO DA COMPAIX\u00c3O\",\"datePublished\":\"2020-06-30T14:07:44+00:00\",\"dateModified\":\"2020-11-25T07:11:43+00:00\",\"mainEntityOfPage\":{\"@id\":\"http:\/\/veganoptioncanada.ca\/pt-pt\/noticias\/regan-russell-icone-moderno-da-compaixao\/\"},\"wordCount\":827,\"publisher\":{\"@id\":\"http:\/\/veganoptioncanada.ca\/pt-pt\/#organization\"},\"image\":{\"@id\":\"http:\/\/veganoptioncanada.ca\/pt-pt\/noticias\/regan-russell-icone-moderno-da-compaixao\/#primaryimage\"},\"thumbnailUrl\":\"https:\/\/veganoptioncanada.org\/wp-content\/uploads\/2020\/06\/regan-768x451-1.jpg\",\"articleSection\":[\"Not\u00edcias\",\"Opinion\"],\"inLanguage\":\"pt-PT\"},{\"@type\":\"WebPage\",\"@id\":\"http:\/\/veganoptioncanada.ca\/pt-pt\/noticias\/regan-russell-icone-moderno-da-compaixao\/\",\"url\":\"http:\/\/veganoptioncanada.ca\/pt-pt\/noticias\/regan-russell-icone-moderno-da-compaixao\/\",\"name\":\"REGAN RUSSELL: \u00cdCONE MODERNO DA COMPAIX\u00c3O - Op\u00e7\u00e3o Vegana Canad\u00e1\",\"isPartOf\":{\"@id\":\"http:\/\/veganoptioncanada.ca\/pt-pt\/#website\"},\"primaryImageOfPage\":{\"@id\":\"http:\/\/veganoptioncanada.ca\/pt-pt\/noticias\/regan-russell-icone-moderno-da-compaixao\/#primaryimage\"},\"image\":{\"@id\":\"http:\/\/veganoptioncanada.ca\/pt-pt\/noticias\/regan-russell-icone-moderno-da-compaixao\/#primaryimage\"},\"thumbnailUrl\":\"https:\/\/veganoptioncanada.org\/wp-content\/uploads\/2020\/06\/regan-768x451-1.jpg\",\"datePublished\":\"2020-06-30T14:07:44+00:00\",\"dateModified\":\"2020-11-25T07:11:43+00:00\",\"breadcrumb\":{\"@id\":\"http:\/\/veganoptioncanada.ca\/pt-pt\/noticias\/regan-russell-icone-moderno-da-compaixao\/#breadcrumb\"},\"inLanguage\":\"pt-PT\",\"potentialAction\":[{\"@type\":\"ReadAction\",\"target\":[\"http:\/\/veganoptioncanada.ca\/pt-pt\/noticias\/regan-russell-icone-moderno-da-compaixao\/\"]}]},{\"@type\":\"ImageObject\",\"inLanguage\":\"pt-PT\",\"@id\":\"http:\/\/veganoptioncanada.ca\/pt-pt\/noticias\/regan-russell-icone-moderno-da-compaixao\/#primaryimage\",\"url\":\"https:\/\/veganoptioncanada.org\/wp-content\/uploads\/2020\/06\/regan-768x451-1.jpg\",\"contentUrl\":\"https:\/\/veganoptioncanada.org\/wp-content\/uploads\/2020\/06\/regan-768x451-1.jpg\"},{\"@type\":\"BreadcrumbList\",\"@id\":\"http:\/\/veganoptioncanada.ca\/pt-pt\/noticias\/regan-russell-icone-moderno-da-compaixao\/#breadcrumb\",\"itemListElement\":[{\"@type\":\"ListItem\",\"position\":1,\"name\":\"Home\",\"item\":\"https:\/\/veganoptioncanada.ca\/pt-pt\/\"},{\"@type\":\"ListItem\",\"position\":2,\"name\":\"REGAN RUSSELL: \u00cdCONE MODERNO DA COMPAIX\u00c3O\"}]},{\"@type\":\"WebSite\",\"@id\":\"http:\/\/veganoptioncanada.ca\/pt-pt\/#website\",\"url\":\"http:\/\/veganoptioncanada.ca\/pt-pt\/\",\"name\":\"Vegan Option Canada - Option V\u00e9gane Canada\",\"description\":\"\",\"publisher\":{\"@id\":\"http:\/\/veganoptioncanada.ca\/pt-pt\/#organization\"},\"potentialAction\":[{\"@type\":\"SearchAction\",\"target\":{\"@type\":\"EntryPoint\",\"urlTemplate\":\"http:\/\/veganoptioncanada.ca\/pt-pt\/?s={search_term_string}\"},\"query-input\":{\"@type\":\"PropertyValueSpecification\",\"valueRequired\":true,\"valueName\":\"search_term_string\"}}],\"inLanguage\":\"pt-PT\"},{\"@type\":\"Organization\",\"@id\":\"http:\/\/veganoptioncanada.ca\/pt-pt\/#organization\",\"name\":\"Vegan Option Canada\",\"url\":\"http:\/\/veganoptioncanada.ca\/pt-pt\/\",\"logo\":{\"@type\":\"ImageObject\",\"inLanguage\":\"pt-PT\",\"@id\":\"http:\/\/veganoptioncanada.ca\/pt-pt\/#\/schema\/logo\/image\/\",\"url\":\"http:\/\/veganoptioncanada.ca\/wp-content\/uploads\/2021\/04\/Logo_OVC_transparent_web.png\",\"contentUrl\":\"http:\/\/veganoptioncanada.ca\/wp-content\/uploads\/2021\/04\/Logo_OVC_transparent_web.png\",\"width\":200,\"height\":200,\"caption\":\"Vegan Option Canada\"},\"image\":{\"@id\":\"http:\/\/veganoptioncanada.ca\/pt-pt\/#\/schema\/logo\/image\/\"},\"sameAs\":[\"https:\/\/www.facebook.com\/VOOVCanada\/\",\"https:\/\/x.com\/CanadaVegan\",\"https:\/\/instagram.com\/veganoptioncanada\/\",\"https:\/\/www.youtube.com\/channel\/UCDVCrc0eUMbWkdRwsUQi4Hw\"]},{\"@type\":\"Person\",\"@id\":\"http:\/\/veganoptioncanada.ca\/pt-pt\/#\/schema\/person\/9212ba9961ec51f55b60bab6ae51c478\",\"name\":\"Editeur\",\"url\":\"http:\/\/veganoptioncanada.ca\/pt-pt\/author\/editeur\/\"}]}<\/script>\n<!-- \/ Yoast SEO plugin. -->","yoast_head_json":{"title":"REGAN RUSSELL: \u00cdCONE MODERNO DA COMPAIX\u00c3O - Op\u00e7\u00e3o Vegana Canad\u00e1","robots":{"index":"index","follow":"follow","max-snippet":"max-snippet:-1","max-image-preview":"max-image-preview:large","max-video-preview":"max-video-preview:-1"},"canonical":"http:\/\/veganoptioncanada.ca\/pt-pt\/noticias\/regan-russell-icone-moderno-da-compaixao\/","og_locale":"pt_PT","og_type":"article","og_title":"REGAN RUSSELL: \u00cdCONE MODERNO DA COMPAIX\u00c3O - Op\u00e7\u00e3o Vegana Canad\u00e1","og_description":"Foi na sexta-feira passada, 19 de Junho. Eu tinha acabado de acordar. Rapidamente digitalizei a minha p\u00e1gina do Facebook. Foi ent\u00e3o que uma manchete me bateu de frente, me derrubou com mil palavras; os males indiz\u00edveis que s\u00e3o demasiadas vezes invis\u00edveis. Fiquei atordoado ao ler: &#8220;A activista dos direitos dos animais Regan Russell morto por [&hellip;]","og_url":"http:\/\/veganoptioncanada.ca\/pt-pt\/noticias\/regan-russell-icone-moderno-da-compaixao\/","og_site_name":"Op\u00e7\u00e3o Vegana Canad\u00e1","article_publisher":"https:\/\/www.facebook.com\/VOOVCanada\/","article_published_time":"2020-06-30T14:07:44+00:00","article_modified_time":"2020-11-25T07:11:43+00:00","og_image":[{"url":"https:\/\/veganoptioncanada.org\/wp-content\/uploads\/2020\/06\/regan-768x451-1.jpg","type":"","width":"","height":""}],"author":"Editeur","twitter_card":"summary_large_image","twitter_creator":"@CanadaVegan","twitter_site":"@CanadaVegan","twitter_misc":{"Escrito por":"Editeur","Tempo estimado de leitura":"4 minutos"},"schema":{"@context":"https:\/\/schema.org","@graph":[{"@type":"Article","@id":"http:\/\/veganoptioncanada.ca\/pt-pt\/noticias\/regan-russell-icone-moderno-da-compaixao\/#article","isPartOf":{"@id":"http:\/\/veganoptioncanada.ca\/pt-pt\/noticias\/regan-russell-icone-moderno-da-compaixao\/"},"author":{"name":"Editeur","@id":"http:\/\/veganoptioncanada.ca\/pt-pt\/#\/schema\/person\/9212ba9961ec51f55b60bab6ae51c478"},"headline":"REGAN RUSSELL: \u00cdCONE MODERNO DA COMPAIX\u00c3O","datePublished":"2020-06-30T14:07:44+00:00","dateModified":"2020-11-25T07:11:43+00:00","mainEntityOfPage":{"@id":"http:\/\/veganoptioncanada.ca\/pt-pt\/noticias\/regan-russell-icone-moderno-da-compaixao\/"},"wordCount":827,"publisher":{"@id":"http:\/\/veganoptioncanada.ca\/pt-pt\/#organization"},"image":{"@id":"http:\/\/veganoptioncanada.ca\/pt-pt\/noticias\/regan-russell-icone-moderno-da-compaixao\/#primaryimage"},"thumbnailUrl":"https:\/\/veganoptioncanada.org\/wp-content\/uploads\/2020\/06\/regan-768x451-1.jpg","articleSection":["Not\u00edcias","Opinion"],"inLanguage":"pt-PT"},{"@type":"WebPage","@id":"http:\/\/veganoptioncanada.ca\/pt-pt\/noticias\/regan-russell-icone-moderno-da-compaixao\/","url":"http:\/\/veganoptioncanada.ca\/pt-pt\/noticias\/regan-russell-icone-moderno-da-compaixao\/","name":"REGAN RUSSELL: \u00cdCONE MODERNO DA COMPAIX\u00c3O - Op\u00e7\u00e3o Vegana Canad\u00e1","isPartOf":{"@id":"http:\/\/veganoptioncanada.ca\/pt-pt\/#website"},"primaryImageOfPage":{"@id":"http:\/\/veganoptioncanada.ca\/pt-pt\/noticias\/regan-russell-icone-moderno-da-compaixao\/#primaryimage"},"image":{"@id":"http:\/\/veganoptioncanada.ca\/pt-pt\/noticias\/regan-russell-icone-moderno-da-compaixao\/#primaryimage"},"thumbnailUrl":"https:\/\/veganoptioncanada.org\/wp-content\/uploads\/2020\/06\/regan-768x451-1.jpg","datePublished":"2020-06-30T14:07:44+00:00","dateModified":"2020-11-25T07:11:43+00:00","breadcrumb":{"@id":"http:\/\/veganoptioncanada.ca\/pt-pt\/noticias\/regan-russell-icone-moderno-da-compaixao\/#breadcrumb"},"inLanguage":"pt-PT","potentialAction":[{"@type":"ReadAction","target":["http:\/\/veganoptioncanada.ca\/pt-pt\/noticias\/regan-russell-icone-moderno-da-compaixao\/"]}]},{"@type":"ImageObject","inLanguage":"pt-PT","@id":"http:\/\/veganoptioncanada.ca\/pt-pt\/noticias\/regan-russell-icone-moderno-da-compaixao\/#primaryimage","url":"https:\/\/veganoptioncanada.org\/wp-content\/uploads\/2020\/06\/regan-768x451-1.jpg","contentUrl":"https:\/\/veganoptioncanada.org\/wp-content\/uploads\/2020\/06\/regan-768x451-1.jpg"},{"@type":"BreadcrumbList","@id":"http:\/\/veganoptioncanada.ca\/pt-pt\/noticias\/regan-russell-icone-moderno-da-compaixao\/#breadcrumb","itemListElement":[{"@type":"ListItem","position":1,"name":"Home","item":"https:\/\/veganoptioncanada.ca\/pt-pt\/"},{"@type":"ListItem","position":2,"name":"REGAN RUSSELL: \u00cdCONE MODERNO DA COMPAIX\u00c3O"}]},{"@type":"WebSite","@id":"http:\/\/veganoptioncanada.ca\/pt-pt\/#website","url":"http:\/\/veganoptioncanada.ca\/pt-pt\/","name":"Vegan Option Canada - Option V\u00e9gane Canada","description":"","publisher":{"@id":"http:\/\/veganoptioncanada.ca\/pt-pt\/#organization"},"potentialAction":[{"@type":"SearchAction","target":{"@type":"EntryPoint","urlTemplate":"http:\/\/veganoptioncanada.ca\/pt-pt\/?s={search_term_string}"},"query-input":{"@type":"PropertyValueSpecification","valueRequired":true,"valueName":"search_term_string"}}],"inLanguage":"pt-PT"},{"@type":"Organization","@id":"http:\/\/veganoptioncanada.ca\/pt-pt\/#organization","name":"Vegan Option Canada","url":"http:\/\/veganoptioncanada.ca\/pt-pt\/","logo":{"@type":"ImageObject","inLanguage":"pt-PT","@id":"http:\/\/veganoptioncanada.ca\/pt-pt\/#\/schema\/logo\/image\/","url":"http:\/\/veganoptioncanada.ca\/wp-content\/uploads\/2021\/04\/Logo_OVC_transparent_web.png","contentUrl":"http:\/\/veganoptioncanada.ca\/wp-content\/uploads\/2021\/04\/Logo_OVC_transparent_web.png","width":200,"height":200,"caption":"Vegan Option Canada"},"image":{"@id":"http:\/\/veganoptioncanada.ca\/pt-pt\/#\/schema\/logo\/image\/"},"sameAs":["https:\/\/www.facebook.com\/VOOVCanada\/","https:\/\/x.com\/CanadaVegan","https:\/\/instagram.com\/veganoptioncanada\/","https:\/\/www.youtube.com\/channel\/UCDVCrc0eUMbWkdRwsUQi4Hw"]},{"@type":"Person","@id":"http:\/\/veganoptioncanada.ca\/pt-pt\/#\/schema\/person\/9212ba9961ec51f55b60bab6ae51c478","name":"Editeur","url":"http:\/\/veganoptioncanada.ca\/pt-pt\/author\/editeur\/"}]}},"_links":{"self":[{"href":"http:\/\/veganoptioncanada.ca\/pt-pt\/wp-json\/wp\/v2\/posts\/2479","targetHints":{"allow":["GET"]}}],"collection":[{"href":"http:\/\/veganoptioncanada.ca\/pt-pt\/wp-json\/wp\/v2\/posts"}],"about":[{"href":"http:\/\/veganoptioncanada.ca\/pt-pt\/wp-json\/wp\/v2\/types\/post"}],"author":[{"embeddable":true,"href":"http:\/\/veganoptioncanada.ca\/pt-pt\/wp-json\/wp\/v2\/users\/2"}],"replies":[{"embeddable":true,"href":"http:\/\/veganoptioncanada.ca\/pt-pt\/wp-json\/wp\/v2\/comments?post=2479"}],"version-history":[{"count":5,"href":"http:\/\/veganoptioncanada.ca\/pt-pt\/wp-json\/wp\/v2\/posts\/2479\/revisions"}],"predecessor-version":[{"id":3517,"href":"http:\/\/veganoptioncanada.ca\/pt-pt\/wp-json\/wp\/v2\/posts\/2479\/revisions\/3517"}],"wp:attachment":[{"href":"http:\/\/veganoptioncanada.ca\/pt-pt\/wp-json\/wp\/v2\/media?parent=2479"}],"wp:term":[{"taxonomy":"category","embeddable":true,"href":"http:\/\/veganoptioncanada.ca\/pt-pt\/wp-json\/wp\/v2\/categories?post=2479"},{"taxonomy":"post_tag","embeddable":true,"href":"http:\/\/veganoptioncanada.ca\/pt-pt\/wp-json\/wp\/v2\/tags?post=2479"}],"curies":[{"name":"wp","href":"https:\/\/api.w.org\/{rel}","templated":true}]}}