{"id":4405,"date":"2020-07-12T18:54:53","date_gmt":"2020-07-12T23:54:53","guid":{"rendered":"https:\/\/veganoptioncanada.ca\/noticias\/revogacao-do-projecto-de-lei-156-carta-aberta-aos-deputados-do-ontario\/"},"modified":"2025-03-29T22:16:57","modified_gmt":"2025-03-30T03:16:57","slug":"revogacao-do-projecto-de-lei-156-carta-aberta-aos-deputados-do-ontario","status":"publish","type":"post","link":"http:\/\/veganoptioncanada.ca\/pt-pt\/campanhas\/revogacao-do-projecto-de-lei-156-carta-aberta-aos-deputados-do-ontario\/","title":{"rendered":"REVOGA\u00c7\u00c3O DO PROJECTO DE LEI 156: CARTA ABERTA AOS DEPUTADOS DO ONT\u00c1RIO"},"content":{"rendered":"\t\t<div data-elementor-type=\"wp-post\" data-elementor-id=\"4405\" class=\"elementor elementor-4405 elementor-2501\" data-elementor-post-type=\"post\">\n\t\t\t\t\t\t<section class=\"elementor-section elementor-top-section elementor-element elementor-element-432c088 elementor-section-boxed elementor-section-height-default elementor-section-height-default\" data-id=\"432c088\" data-element_type=\"section\">\n\t\t\t\t\t\t<div class=\"elementor-container elementor-column-gap-default\">\n\t\t\t\t\t<div class=\"elementor-column elementor-col-100 elementor-top-column elementor-element elementor-element-2b7cae2\" data-id=\"2b7cae2\" data-element_type=\"column\">\n\t\t\t<div class=\"elementor-widget-wrap elementor-element-populated\">\n\t\t\t\t\t\t<div class=\"elementor-element elementor-element-871331d animated-slow elementor-invisible elementor-widget elementor-widget-image\" data-id=\"871331d\" data-element_type=\"widget\" data-settings=\"{&quot;_animation&quot;:&quot;zoomIn&quot;}\" data-widget_type=\"image.default\">\n\t\t\t\t<div class=\"elementor-widget-container\">\n\t\t\t\t\t\t\t\t\t\t\t\t\t\t\t<img fetchpriority=\"high\" decoding=\"async\" width=\"800\" height=\"419\" src=\"http:\/\/veganoptioncanada.ca\/wp-content\/uploads\/2020\/07\/regan-768x451-1-1024x536.jpg\" class=\"attachment-large size-large wp-image-2502\" alt=\"\" srcset=\"http:\/\/veganoptioncanada.ca\/wp-content\/uploads\/2020\/07\/regan-768x451-1-1024x536.jpg 1024w, http:\/\/veganoptioncanada.ca\/wp-content\/uploads\/2020\/07\/regan-768x451-1-300x157.jpg 300w, http:\/\/veganoptioncanada.ca\/wp-content\/uploads\/2020\/07\/regan-768x451-1-768x402.jpg 768w, http:\/\/veganoptioncanada.ca\/wp-content\/uploads\/2020\/07\/regan-768x451-1-1536x804.jpg 1536w, http:\/\/veganoptioncanada.ca\/wp-content\/uploads\/2020\/07\/regan-768x451-1.jpg 2048w\" sizes=\"(max-width: 800px) 100vw, 800px\" \/>\t\t\t\t\t\t\t\t\t\t\t\t\t\t\t<\/div>\n\t\t\t\t<\/div>\n\t\t\t\t<div class=\"elementor-element elementor-element-71b5f7f elementor-widget elementor-widget-text-editor\" data-id=\"71b5f7f\" data-element_type=\"widget\" data-widget_type=\"text-editor.default\">\n\t\t\t\t<div class=\"elementor-widget-container\">\n\t\t\t\t\t\t\t\t\t<p>Para descarregar uma vers\u00e3o em PDF desta carta, clica <a href=\"https:\/\/drive.google.com\/file\/d\/1vlxgEeCITPi70XjlOPhoUG6YR136XpPe\/view?usp=sharing\" target=\"_blank\" rel=\"noopener\">aqui<\/a>.<\/p>\t\t\t\t\t\t\t\t<\/div>\n\t\t\t\t<\/div>\n\t\t\t\t\t<\/div>\n\t\t<\/div>\n\t\t\t\t\t<\/div>\n\t\t<\/section>\n\t\t\t\t<section class=\"elementor-section elementor-top-section elementor-element elementor-element-97cb157 elementor-section-boxed elementor-section-height-default elementor-section-height-default\" data-id=\"97cb157\" data-element_type=\"section\">\n\t\t\t\t\t\t<div class=\"elementor-container elementor-column-gap-default\">\n\t\t\t\t\t<div class=\"elementor-column elementor-col-100 elementor-top-column elementor-element elementor-element-33566fd\" data-id=\"33566fd\" data-element_type=\"column\">\n\t\t\t<div class=\"elementor-widget-wrap elementor-element-populated\">\n\t\t\t\t\t\t<div class=\"elementor-element elementor-element-206dfd0 elementor-widget elementor-widget-post-info\" data-id=\"206dfd0\" data-element_type=\"widget\" data-widget_type=\"post-info.default\">\n\t\t\t\t<div class=\"elementor-widget-container\">\n\t\t\t\t\t\t\t<ul class=\"elementor-inline-items elementor-icon-list-items elementor-post-info\">\n\t\t\t\t\t\t\t\t<li class=\"elementor-icon-list-item elementor-repeater-item-6baf39e elementor-inline-item\" itemprop=\"datePublished\">\n\t\t\t\t\t\t<a href=\"http:\/\/veganoptioncanada.ca\/pt-pt\/2020\/07\/12\/\">\n\t\t\t\t\t\t\t\t\t\t\t<span class=\"elementor-icon-list-icon\">\n\t\t\t\t\t\t\t\t<i aria-hidden=\"true\" class=\"fas fa-calendar\"><\/i>\t\t\t\t\t\t\t<\/span>\n\t\t\t\t\t\t\t\t\t<span class=\"elementor-icon-list-text elementor-post-info__item elementor-post-info__item--type-date\">\n\t\t\t\t\t\t\t\t\t\t<time>Julho 12, 2020<\/time>\t\t\t\t\t<\/span>\n\t\t\t\t\t\t\t\t\t<\/a>\n\t\t\t\t<\/li>\n\t\t\t\t<li class=\"elementor-icon-list-item elementor-repeater-item-c72c142 elementor-inline-item\">\n\t\t\t\t\t\t\t\t\t\t<span class=\"elementor-icon-list-icon\">\n\t\t\t\t\t\t\t\t<i aria-hidden=\"true\" class=\"far fa-clock\"><\/i>\t\t\t\t\t\t\t<\/span>\n\t\t\t\t\t\t\t\t\t<span class=\"elementor-icon-list-text elementor-post-info__item elementor-post-info__item--type-time\">\n\t\t\t\t\t\t\t\t\t\t<time>6:54 pm<\/time>\t\t\t\t\t<\/span>\n\t\t\t\t\t\t\t\t<\/li>\n\t\t\t\t<\/ul>\n\t\t\t\t\t\t<\/div>\n\t\t\t\t<\/div>\n\t\t\t\t\t<\/div>\n\t\t<\/div>\n\t\t\t\t\t<\/div>\n\t\t<\/section>\n\t\t\t\t<section class=\"elementor-section elementor-top-section elementor-element elementor-element-a5590e1 elementor-section-boxed elementor-section-height-default elementor-section-height-default\" data-id=\"a5590e1\" data-element_type=\"section\">\n\t\t\t\t\t\t<div class=\"elementor-container elementor-column-gap-default\">\n\t\t\t\t\t<div class=\"elementor-column elementor-col-100 elementor-top-column elementor-element elementor-element-b16858c\" data-id=\"b16858c\" data-element_type=\"column\">\n\t\t\t<div class=\"elementor-widget-wrap elementor-element-populated\">\n\t\t\t\t\t\t<div class=\"elementor-element elementor-element-24db066 elementor-widget elementor-widget-heading\" data-id=\"24db066\" data-element_type=\"widget\" data-widget_type=\"heading.default\">\n\t\t\t\t<div class=\"elementor-widget-container\">\n\t\t\t\t\t<h5 class=\"elementor-heading-title elementor-size-default\">\u00c0 aten\u00e7\u00e3o de todos os deputados do Ont\u00e1rio<\/h5>\t\t\t\t<\/div>\n\t\t\t\t<\/div>\n\t\t\t\t<div class=\"elementor-element elementor-element-3d0eb72 elementor-widget elementor-widget-toggle\" data-id=\"3d0eb72\" data-element_type=\"widget\" data-widget_type=\"toggle.default\">\n\t\t\t\t<div class=\"elementor-widget-container\">\n\t\t\t\t\t\t\t<div class=\"elementor-toggle\">\n\t\t\t\t\t\t\t<div class=\"elementor-toggle-item\">\n\t\t\t\t\t<div id=\"elementor-tab-title-6401\" class=\"elementor-tab-title\" data-tab=\"1\" role=\"button\" aria-controls=\"elementor-tab-content-6401\" aria-expanded=\"false\">\n\t\t\t\t\t\t\t\t\t\t\t\t<span class=\"elementor-toggle-icon elementor-toggle-icon-left\" aria-hidden=\"true\">\n\t\t\t\t\t\t\t\t\t\t\t\t\t\t\t<span class=\"elementor-toggle-icon-closed\"><i class=\"fas fa-caret-right\"><\/i><\/span>\n\t\t\t\t\t\t\t\t<span class=\"elementor-toggle-icon-opened\"><i class=\"elementor-toggle-icon-opened fas fa-caret-up\"><\/i><\/span>\n\t\t\t\t\t\t\t\t\t\t\t\t\t<\/span>\n\t\t\t\t\t\t\t\t\t\t\t\t<a class=\"elementor-toggle-title\" tabindex=\"0\">Endere\u00e7os electr\u00f3nicos para onde a carta foi enviada<\/a>\n\t\t\t\t\t<\/div>\n\n\t\t\t\t\t<div id=\"elementor-tab-content-6401\" class=\"elementor-tab-content elementor-clearfix\" data-tab=\"1\" role=\"region\" aria-labelledby=\"elementor-tab-title-6401\"><p><span style=\"font-weight: 400;\">mschreiner-co@ola.org; laurie.scottco@pc.ola.org; SShaw-QP@ndp.on.ca; JAndrew-CO@ndp.on.ca; tarmstrong-co@ndp.on.ca; kwynne.mpp.co@liberal.ola.org; john.yakabuskico@pc.ola.org; pmiller-co@ndp.on.ca; christina.mitasco@pc.ola.org; bill.walkerco@pc.ola.org; JWest-CO@ndp.on.ca; jwilson@ola.org; PHatfield-co@ndp.on.ca; RHillier-CO@ola.org; tabunsp-co@ndp.on.ca; mtaylor-co@ndp.on.ca; JHarden-CO@ndp.on.ca; mike.harrisco@pc.ola.org; FHassan-CO@ndp.on.ca; jbell-CO@ndp.on.ca; SMorrison-CO@ndp.on.ca; bob.baileyco@pc.ola.org; ernie.hardemanco@pc.ola.org; ross.romanoco@pc.ola.org; mcoteau.mpp.co@liberal.ola.org; rudy.cuzzettoco@pc.ola.org; GSingh-CO@ndp.on.ca; SSingh-CO@ndp.on.ca; JStevens-CO@ndp.on.ca; MStiles-CO@ndp.on.ca; CGlover-CO@ndp.on.ca; mgravelle.mpp.co@liberal.ola.org; JMonteith-Farrell-CO@ndp.on.ca; caroline.mulroneyco@pc.ola.org; toby.barrett@pc.ola.org; ted.arnottco@pc.ola.org; IArthur-CO@ndp.on.ca; KYarde-CO@ndp.on.ca; doug.fordco@pc.ola.org; Jfraser.mpp.co@liberal.ola.org; JFrench-CO@n ASimard@liberal.ola.org; GSingh-QP@ndp.on.ca; SSingh-QP@ndp.on.ca; MStiles-QP@ndp.on.ca; kinga.surma@pc.ola.org; parm.gill@pc.ola.org; JMonteith-Farrell-QP@ndp.on.ca; caroline.mulroney@pc.ola.org; aris.babikian@pc.ola.org; ted.arnott@pc.ola.org; IArthur-QP@ndp.on.ca; roman.baber@pc.ola.org; KYarde-QP@ndp.on.ca; JFrench-QP@ndp.on.ca; amarjot.sandhu@pc.ola.org; prabmeet.sarkaria@pc.ola.org; LGretzky-QP@ndp.on.ca; fgelinas-qp@ndp.on.ca; jim.mcdonell@pc.ola.org; jane.mckenna@pc.ola.org; doug.downey@pc.ola.org; jill.dunlop@pc.ola.org; christine.elliott@pc.ola.org; LLindo-QP@ndp.on.ca; SMamakwa-QP@ndp.on.ca; vincent.ke@pc.ola.org; andrea.khanjin@pc.ola.org; logan.kanapathi@pc.ola.org; belinda.karahalios@pc.ola.org; BKarpoche-QP@ndp.on.ca; tnatyshak-qp@ndp.on.ca; rick.nicholls@pc.ola.org; sam.oosterhoff@pc.ola.org; vic.fedeli@pc.ola.org; amy.fee@pc.ola.org; cfife-qp@ndp.on.ca; merrilee.fullerton@pc.ola.org; wgates-qp@ndp.on.ca; goldie.ghamari@pc.ola.org; DBegum-QP@ndp.on.ca; daryl.kramp@pc.ola.org; natalia.kusendova<\/span><\/p>\n<\/div>\n\t\t\t\t<\/div>\n\t\t\t\t\t\t\t\t<\/div>\n\t\t\t\t\t\t<\/div>\n\t\t\t\t<\/div>\n\t\t\t\t<div class=\"elementor-element elementor-element-171ee97 elementor-widget elementor-widget-heading\" data-id=\"171ee97\" data-element_type=\"widget\" data-widget_type=\"heading.default\">\n\t\t\t\t<div class=\"elementor-widget-container\">\n\t\t\t\t\t<h3 class=\"elementor-heading-title elementor-size-default\">Objeto: REVOGA\u00c7\u00c3O DA LEI 156<\/h3>\t\t\t\t<\/div>\n\t\t\t\t<\/div>\n\t\t\t\t\t<\/div>\n\t\t<\/div>\n\t\t\t\t\t<\/div>\n\t\t<\/section>\n\t\t\t\t<section class=\"elementor-section elementor-top-section elementor-element elementor-element-0c548bd elementor-section-boxed elementor-section-height-default elementor-section-height-default\" data-id=\"0c548bd\" data-element_type=\"section\">\n\t\t\t\t\t\t<div class=\"elementor-container elementor-column-gap-default\">\n\t\t\t\t\t<div class=\"elementor-column elementor-col-100 elementor-top-column elementor-element elementor-element-1e7f6e7\" data-id=\"1e7f6e7\" data-element_type=\"column\">\n\t\t\t<div class=\"elementor-widget-wrap elementor-element-populated\">\n\t\t\t\t\t\t<div class=\"elementor-element elementor-element-c6075ba elementor-widget elementor-widget-text-editor\" data-id=\"c6075ba\" data-element_type=\"widget\" data-widget_type=\"text-editor.default\">\n\t\t\t\t<div class=\"elementor-widget-container\">\n\t\t\t\t\t\t\t\t\t<p>Option V\u00e9gane Canada <b>\u00e9 solid\u00e1ria<\/b> com o movimento <a href=\"https:\/\/thesavemovement.org\/\">Animal Save<\/a> e com todos os cidad\u00e3os empenhados que decidem denunciar a crise animal, sanit\u00e1ria e clim\u00e1tica e que n\u00e3o toleram qualquer sofrimento evit\u00e1vel. Consequentemente, a Option V\u00e9gane Canada considera que <strong>o projeto de lei 156 <\/strong>\u00e9 <strong>inconstitucional, <\/strong>viola os direitos fundamentais da<strong> liberdade de express\u00e3o <\/strong>e de <strong>reuni\u00e3o<\/strong> <strong>pac\u00edfica<\/strong> <strong>e viola a Carta Canadiana dos Direitos e Liberdades.<\/strong> <b style=\"font-size: 1rem;\"> <\/b><\/p>\t\t\t\t\t\t\t\t<\/div>\n\t\t\t\t<\/div>\n\t\t\t\t\t<\/div>\n\t\t<\/div>\n\t\t\t\t\t<\/div>\n\t\t<\/section>\n\t\t\t\t<section class=\"elementor-section elementor-top-section elementor-element elementor-element-bffadd5 elementor-section-boxed elementor-section-height-default elementor-section-height-default\" data-id=\"bffadd5\" data-element_type=\"section\">\n\t\t\t\t\t\t<div class=\"elementor-container elementor-column-gap-default\">\n\t\t\t\t\t<div class=\"elementor-column elementor-col-100 elementor-top-column elementor-element elementor-element-4670741\" data-id=\"4670741\" data-element_type=\"column\">\n\t\t\t<div class=\"elementor-widget-wrap elementor-element-populated\">\n\t\t\t\t\t\t<div class=\"elementor-element elementor-element-42ed6a3 elementor-blockquote--skin-border elementor-blockquote--button-color-official elementor-widget elementor-widget-blockquote\" data-id=\"42ed6a3\" data-element_type=\"widget\" data-widget_type=\"blockquote.default\">\n\t\t\t\t<div class=\"elementor-widget-container\">\n\t\t\t\t\t\t\t<blockquote class=\"elementor-blockquote\">\n\t\t\t<p class=\"elementor-blockquote__content\">\n\t\t\t\tFundamentalmente, a Sec\u00e7\u00e3o 2(b) da Carta visa promover e preservar o debate aberto e a discuss\u00e3o que s\u00e3o essenciais para uma sociedade livre e democr\u00e1tica. O direito \u00e0 liberdade de express\u00e3o inclui a express\u00e3o que d\u00e1 ao p\u00fablico, incluindo os consumidores, acesso a informa\u00e7\u00f5es que lhes permitam fazer escolhas alimentares informadas. H\u00e1 muito que os denunciantes desempenham um papel essencial na den\u00fancia da crueldade contra os animais, das condi\u00e7\u00f5es de trabalho inseguras e dos problemas ambientais nas explora\u00e7\u00f5es agr\u00edcolas industriais. Estas den\u00fancias s\u00e3o feitas no interesse p\u00fablico, promovendo um di\u00e1logo aberto sobre as pr\u00e1ticas de utiliza\u00e7\u00e3o de animais e a seguran\u00e7a alimentar. As leis da morda\u00e7a tamb\u00e9m podem prejudicar a ind\u00fastria ao corroer a confian\u00e7a do p\u00fablico no sistema alimentar.    \t\t\t<\/p>\n\t\t\t\t\t<\/blockquote>\n\t\t\t\t\t\t<\/div>\n\t\t\t\t<\/div>\n\t\t\t\t<div class=\"elementor-element elementor-element-186480d elementor-widget elementor-widget-heading\" data-id=\"186480d\" data-element_type=\"widget\" data-widget_type=\"heading.default\">\n\t\t\t\t<div class=\"elementor-widget-container\">\n\t\t\t\t\t<h6 class=\"elementor-heading-title elementor-size-default\"><a href=\"https:\/\/www.animaljustice.ca\/wp-content\/uploads\/2020\/02\/2020-02-10-Bill-156-Sign-on-Letter-FINAL-UPDATED.pdf\">Carta de peritos jur\u00eddicos<\/a><\/h6>\t\t\t\t<\/div>\n\t\t\t\t<\/div>\n\t\t\t\t<div class=\"elementor-element elementor-element-29403da elementor-widget elementor-widget-text-editor\" data-id=\"29403da\" data-element_type=\"widget\" data-widget_type=\"text-editor.default\">\n\t\t\t\t<div class=\"elementor-widget-container\">\n\t\t\t\t\t\t\t\t\t<p>O projeto de lei 156, que torna ilegal a intera\u00e7\u00e3o dos trabalhadores com os animais ou a den\u00fancia do seu sofrimento, \u00e9 um ataque \u00e0s liberdades civis. O direito de testemunhar e protestar contra a injusti\u00e7a \u00e9 a pedra angular de uma sociedade democr\u00e1tica. Grupos como <em>Me Too<\/em> e <em>Black Lives Matter<\/em> usam o testemunho para chamar a aten\u00e7\u00e3o para a injusti\u00e7a. Gandhi, Nelson Mandela e Martin Luther King Jr. envolveram-se na desobedi\u00eancia civil quando confrontados com leis injustas. Antes de o projeto de lei 156 ser aprovado, o deputado do Novo Partido Democr\u00e1tico John Vanthof disse:     <\/p>\t\t\t\t\t\t\t\t<\/div>\n\t\t\t\t<\/div>\n\t\t\t\t\t<\/div>\n\t\t<\/div>\n\t\t\t\t\t<\/div>\n\t\t<\/section>\n\t\t\t\t<section class=\"elementor-section elementor-top-section elementor-element elementor-element-249d67b elementor-section-boxed elementor-section-height-default elementor-section-height-default\" data-id=\"249d67b\" data-element_type=\"section\">\n\t\t\t\t\t\t<div class=\"elementor-container elementor-column-gap-default\">\n\t\t\t\t\t<div class=\"elementor-column elementor-col-100 elementor-top-column elementor-element elementor-element-d9ea144\" data-id=\"d9ea144\" data-element_type=\"column\">\n\t\t\t<div class=\"elementor-widget-wrap elementor-element-populated\">\n\t\t\t\t\t\t<div class=\"elementor-element elementor-element-bd98288 elementor-blockquote--skin-border elementor-blockquote--button-color-official elementor-widget elementor-widget-blockquote\" data-id=\"bd98288\" data-element_type=\"widget\" data-widget_type=\"blockquote.default\">\n\t\t\t\t<div class=\"elementor-widget-container\">\n\t\t\t\t\t\t\t<blockquote class=\"elementor-blockquote\">\n\t\t\t<p class=\"elementor-blockquote__content\">\n\t\t\t\tAs pessoas v\u00e3o sofrer por causa disso. Elas [les tenants de l'industrie agricole] v\u00eaem-no como algo mais do que um mero dissuasor, e \u00e9 um problema... quando algu\u00e9m \u00e9 gravemente ferido ou morto, vai voltar a ser um problema aqui [no Queen's Park], e vai ser um problema muito maior para essa fam\u00edlia. \t\t\t<\/p>\n\t\t\t\t\t\t\t<div class=\"e-q-footer\">\n\t\t\t\t\t\t\t\t\t\t\t<cite class=\"elementor-blockquote__author\">John Vanthof<\/cite>\n\t\t\t\t\t\t\t\t\t\t\t\t\t\t<\/div>\n\t\t\t\t\t<\/blockquote>\n\t\t\t\t\t\t<\/div>\n\t\t\t\t<\/div>\n\t\t\t\t<div class=\"elementor-element elementor-element-9c1155d animated-slow elementor-invisible elementor-widget elementor-widget-heading\" data-id=\"9c1155d\" data-element_type=\"widget\" data-settings=\"{&quot;motion_fx_motion_fx_scrolling&quot;:&quot;yes&quot;,&quot;_animation&quot;:&quot;fadeInLeft&quot;,&quot;motion_fx_devices&quot;:[&quot;desktop&quot;,&quot;tablet&quot;,&quot;mobile&quot;]}\" data-widget_type=\"heading.default\">\n\t\t\t\t<div class=\"elementor-widget-container\">\n\t\t\t\t\t<h6 class=\"elementor-heading-title elementor-size-default\"><span>Em 19 de junho, Regan Russell, uma mulher de 65 anos que defendia os direitos dos outros h\u00e1 quarenta anos, foi morta por um cami\u00e3o da Brussels Transport que transportava porcos para o matadouro. Encontrava-se junto aos port\u00f5es do matadouro de Fearmans, bem longe do cami\u00e3o que tinha parado no tr\u00e2nsito. <\/span><span><\/span><\/h6>\t\t\t\t<\/div>\n\t\t\t\t<\/div>\n\t\t\t\t\t<\/div>\n\t\t<\/div>\n\t\t\t\t\t<\/div>\n\t\t<\/section>\n\t\t\t\t<section class=\"elementor-section elementor-top-section elementor-element elementor-element-21a56aa elementor-section-boxed elementor-section-height-default elementor-section-height-default\" data-id=\"21a56aa\" data-element_type=\"section\">\n\t\t\t\t\t\t<div class=\"elementor-container elementor-column-gap-default\">\n\t\t\t\t\t<div class=\"elementor-column elementor-col-100 elementor-top-column elementor-element elementor-element-e1171b4\" data-id=\"e1171b4\" data-element_type=\"column\">\n\t\t\t<div class=\"elementor-widget-wrap elementor-element-populated\">\n\t\t\t\t\t\t<div class=\"elementor-element elementor-element-c0e7264 elementor-widget-divider--view-line elementor-widget elementor-widget-divider\" data-id=\"c0e7264\" data-element_type=\"widget\" data-widget_type=\"divider.default\">\n\t\t\t\t<div class=\"elementor-widget-container\">\n\t\t\t\t\t\t\t<div class=\"elementor-divider\">\n\t\t\t<span class=\"elementor-divider-separator\">\n\t\t\t\t\t\t<\/span>\n\t\t<\/div>\n\t\t\t\t\t\t<\/div>\n\t\t\t\t<\/div>\n\t\t\t\t<div class=\"elementor-element elementor-element-e3d527e elementor-widget elementor-widget-heading\" data-id=\"e3d527e\" data-element_type=\"widget\" data-widget_type=\"heading.default\">\n\t\t\t\t<div class=\"elementor-widget-container\">\n\t\t\t\t\t<h4 class=\"elementor-heading-title elementor-size-default\">Em solidariedade com todos os cidad\u00e3os empenhados e preocupados com os direitos e o bem-estar dos animais, a Option V\u00e9gane Canada pede aos deputados do Ont\u00e1rio que<\/h4>\t\t\t\t<\/div>\n\t\t\t\t<\/div>\n\t\t\t\t<div class=\"elementor-element elementor-element-ff1f54c elementor-widget elementor-widget-text-editor\" data-id=\"ff1f54c\" data-element_type=\"widget\" data-widget_type=\"text-editor.default\">\n\t\t\t\t<div class=\"elementor-widget-container\">\n\t\t\t\t\t\t\t\t\t<ol>\n<li><strong>condenar o projeto de lei 156 e tomar medidas para bloquear os seus efeitos<\/strong><\/li>\n<li>atualizar as leis de prote\u00e7\u00e3o dos animais a n\u00edvel provincial e que os teus hom\u00f3logos pol\u00edticos federais reforcem as leis de prote\u00e7\u00e3o dos animais a n\u00edvel federal, como \u00e9 desesperadamente necess\u00e1rio. A maioria das pessoas ficaria chocada ao saber que as leis de prote\u00e7\u00e3o dos animais do Canad\u00e1 est\u00e3o entre as mais <a href=\"https:\/\/www.nfacc.ca\/codes-de-pratiques\/porcs-code#annexen\">arcaicas e desactualizadas do mundo<\/a>. &nbsp;<\/li>\n<li>\n<p>aprova legisla\u00e7\u00e3o que obrigue os propriet\u00e1rios de matadouros, como o Fearmans, a celebrarem um acordo com o movimento <a style=\"background-color: #ffffff;\" href=\"https:\/\/thesavemovement.org\/\">&#8220;Animal Save&#8221;<\/a> para concederem dois minutos de vig\u00edlia pac\u00edfica aos manifestantes.<\/p>\n<\/li>\n<li>\n<p><span style=\"background-color: transparent;\">implementa uma <em>Declara\u00e7\u00e3o de Direitos Regan<\/em>. Este novo projeto de lei apela ao reconhecimento da personalidade e da sensibilidade dos animais e elimina o seu estatuto de propriedade. Em particular, despojaria a agricultura animal e substituiria os subs\u00eddios para financiar uma transi\u00e7\u00e3o justa para um sistema alimentar baseado em plantas. Procura tamb\u00e9m proteger os manifestantes e os denunciantes.   <\/span><\/p><\/li>\n<\/ol>\t\t\t\t\t\t\t\t<\/div>\n\t\t\t\t<\/div>\n\t\t\t\t<div class=\"elementor-element elementor-element-87f4ceb elementor-widget elementor-widget-heading\" data-id=\"87f4ceb\" data-element_type=\"widget\" data-widget_type=\"heading.default\">\n\t\t\t\t<div class=\"elementor-widget-container\">\n\t\t\t\t\t<h6 class=\"elementor-heading-title elementor-size-default\">Op\u00e7\u00e3o V\u00e9gane Canad\u00e1<\/h6>\t\t\t\t<\/div>\n\t\t\t\t<\/div>\n\t\t\t\t<div class=\"elementor-element elementor-element-54c5eaf elementor-widget-divider--view-line elementor-widget elementor-widget-divider\" data-id=\"54c5eaf\" data-element_type=\"widget\" data-widget_type=\"divider.default\">\n\t\t\t\t<div class=\"elementor-widget-container\">\n\t\t\t\t\t\t\t<div class=\"elementor-divider\">\n\t\t\t<span class=\"elementor-divider-separator\">\n\t\t\t\t\t\t<\/span>\n\t\t<\/div>\n\t\t\t\t\t\t<\/div>\n\t\t\t\t<\/div>\n\t\t\t\t<div class=\"elementor-element elementor-element-c2419fa elementor-widget elementor-widget-heading\" data-id=\"c2419fa\" data-element_type=\"widget\" data-widget_type=\"heading.default\">\n\t\t\t\t<div class=\"elementor-widget-container\">\n\t\t\t\t\t<h5 class=\"elementor-heading-title elementor-size-default\">Partilha<\/h5>\t\t\t\t<\/div>\n\t\t\t\t<\/div>\n\t\t\t\t<div class=\"elementor-element elementor-element-b3b2544 elementor-share-buttons--view-icon-text elementor-share-buttons--skin-gradient elementor-share-buttons--shape-square elementor-grid-0 elementor-share-buttons--color-official elementor-widget elementor-widget-share-buttons\" data-id=\"b3b2544\" data-element_type=\"widget\" data-widget_type=\"share-buttons.default\">\n\t\t\t\t<div class=\"elementor-widget-container\">\n\t\t\t\t\t\t\t<div class=\"elementor-grid\">\n\t\t\t\t\t\t\t\t<div class=\"elementor-grid-item\">\n\t\t\t\t\t\t<div\n\t\t\t\t\t\t\tclass=\"elementor-share-btn elementor-share-btn_facebook\"\n\t\t\t\t\t\t\trole=\"button\"\n\t\t\t\t\t\t\ttabindex=\"0\"\n\t\t\t\t\t\t\taria-label=\"Share on facebook\"\n\t\t\t\t\t\t>\n\t\t\t\t\t\t\t\t\t\t\t\t\t\t\t<span class=\"elementor-share-btn__icon\">\n\t\t\t\t\t\t\t\t<i class=\"fab fa-facebook\" aria-hidden=\"true\"><\/i>\t\t\t\t\t\t\t<\/span>\n\t\t\t\t\t\t\t\t\t\t\t\t\t\t\t\t\t\t\t\t\t\t<div class=\"elementor-share-btn__text\">\n\t\t\t\t\t\t\t\t\t\t\t\t\t\t\t\t\t\t\t<span class=\"elementor-share-btn__title\">\n\t\t\t\t\t\t\t\t\t\tFacebook\t\t\t\t\t\t\t\t\t<\/span>\n\t\t\t\t\t\t\t\t\t\t\t\t\t\t\t\t\t<\/div>\n\t\t\t\t\t\t\t\t\t\t\t\t\t<\/div>\n\t\t\t\t\t<\/div>\n\t\t\t\t\t\t\t\t\t<div class=\"elementor-grid-item\">\n\t\t\t\t\t\t<div\n\t\t\t\t\t\t\tclass=\"elementor-share-btn elementor-share-btn_twitter\"\n\t\t\t\t\t\t\trole=\"button\"\n\t\t\t\t\t\t\ttabindex=\"0\"\n\t\t\t\t\t\t\taria-label=\"Share on twitter\"\n\t\t\t\t\t\t>\n\t\t\t\t\t\t\t\t\t\t\t\t\t\t\t<span class=\"elementor-share-btn__icon\">\n\t\t\t\t\t\t\t\t<i class=\"fab fa-twitter\" aria-hidden=\"true\"><\/i>\t\t\t\t\t\t\t<\/span>\n\t\t\t\t\t\t\t\t\t\t\t\t\t\t\t\t\t\t\t\t\t\t<div class=\"elementor-share-btn__text\">\n\t\t\t\t\t\t\t\t\t\t\t\t\t\t\t\t\t\t\t<span class=\"elementor-share-btn__title\">\n\t\t\t\t\t\t\t\t\t\tTwitter\t\t\t\t\t\t\t\t\t<\/span>\n\t\t\t\t\t\t\t\t\t\t\t\t\t\t\t\t\t<\/div>\n\t\t\t\t\t\t\t\t\t\t\t\t\t<\/div>\n\t\t\t\t\t<\/div>\n\t\t\t\t\t\t\t\t\t<div class=\"elementor-grid-item\">\n\t\t\t\t\t\t<div\n\t\t\t\t\t\t\tclass=\"elementor-share-btn elementor-share-btn_linkedin\"\n\t\t\t\t\t\t\trole=\"button\"\n\t\t\t\t\t\t\ttabindex=\"0\"\n\t\t\t\t\t\t\taria-label=\"Share on linkedin\"\n\t\t\t\t\t\t>\n\t\t\t\t\t\t\t\t\t\t\t\t\t\t\t<span class=\"elementor-share-btn__icon\">\n\t\t\t\t\t\t\t\t<i class=\"fab fa-linkedin\" aria-hidden=\"true\"><\/i>\t\t\t\t\t\t\t<\/span>\n\t\t\t\t\t\t\t\t\t\t\t\t\t\t\t\t\t\t\t\t\t\t<div class=\"elementor-share-btn__text\">\n\t\t\t\t\t\t\t\t\t\t\t\t\t\t\t\t\t\t\t<span class=\"elementor-share-btn__title\">\n\t\t\t\t\t\t\t\t\t\tLinkedIn\t\t\t\t\t\t\t\t\t<\/span>\n\t\t\t\t\t\t\t\t\t\t\t\t\t\t\t\t\t<\/div>\n\t\t\t\t\t\t\t\t\t\t\t\t\t<\/div>\n\t\t\t\t\t<\/div>\n\t\t\t\t\t\t\t\t\t<div class=\"elementor-grid-item\">\n\t\t\t\t\t\t<div\n\t\t\t\t\t\t\tclass=\"elementor-share-btn elementor-share-btn_email\"\n\t\t\t\t\t\t\trole=\"button\"\n\t\t\t\t\t\t\ttabindex=\"0\"\n\t\t\t\t\t\t\taria-label=\"Share on email\"\n\t\t\t\t\t\t>\n\t\t\t\t\t\t\t\t\t\t\t\t\t\t\t<span class=\"elementor-share-btn__icon\">\n\t\t\t\t\t\t\t\t<i class=\"fas fa-envelope\" aria-hidden=\"true\"><\/i>\t\t\t\t\t\t\t<\/span>\n\t\t\t\t\t\t\t\t\t\t\t\t\t\t\t\t\t\t\t\t\t\t<div class=\"elementor-share-btn__text\">\n\t\t\t\t\t\t\t\t\t\t\t\t\t\t\t\t\t\t\t<span class=\"elementor-share-btn__title\">\n\t\t\t\t\t\t\t\t\t\tEmail\t\t\t\t\t\t\t\t\t<\/span>\n\t\t\t\t\t\t\t\t\t\t\t\t\t\t\t\t\t<\/div>\n\t\t\t\t\t\t\t\t\t\t\t\t\t<\/div>\n\t\t\t\t\t<\/div>\n\t\t\t\t\t\t<\/div>\n\t\t\t\t\t\t<\/div>\n\t\t\t\t<\/div>\n\t\t\t\t<div class=\"elementor-element elementor-element-07d0bb4 elementor-widget-divider--view-line elementor-widget elementor-widget-divider\" data-id=\"07d0bb4\" data-element_type=\"widget\" data-widget_type=\"divider.default\">\n\t\t\t\t<div class=\"elementor-widget-container\">\n\t\t\t\t\t\t\t<div class=\"elementor-divider\">\n\t\t\t<span class=\"elementor-divider-separator\">\n\t\t\t\t\t\t<\/span>\n\t\t<\/div>\n\t\t\t\t\t\t<\/div>\n\t\t\t\t<\/div>\n\t\t\t\t<div class=\"elementor-element elementor-element-f1811cc elementor-cta--skin-classic elementor-animated-content elementor-bg-transform elementor-bg-transform-zoom-in elementor-widget elementor-widget-call-to-action\" data-id=\"f1811cc\" data-element_type=\"widget\" data-widget_type=\"call-to-action.default\">\n\t\t\t\t<div class=\"elementor-widget-container\">\n\t\t\t\t\t\t\t<a class=\"elementor-cta\" href=\"https:\/\/www.change.org\/p\/doug-ford-stop-bill-156-ontario-s-ag-gag-law\" target=\"_blank\">\n\t\t\t\t\t<div class=\"elementor-cta__bg-wrapper\">\n\t\t\t\t<div class=\"elementor-cta__bg elementor-bg\" style=\"background-image: url(http:\/\/veganoptioncanada.ca\/wp-content\/uploads\/2020\/07\/STOPBIllPetition.png);\" role=\"img\" aria-label=\"STOPBIllPetition\"><\/div>\n\t\t\t\t<div class=\"elementor-cta__bg-overlay\"><\/div>\n\t\t\t<\/div>\n\t\t\t\t\t\t\t<div class=\"elementor-cta__content\">\n\t\t\t\t\n\t\t\t\t\t\t\t\t\t<h2 class=\"elementor-cta__title elementor-cta__content-item elementor-content-item\">\n\t\t\t\t\t\tSTOP Bill 156 - A lei ag-gag do Ont\u00e1rio\t\t\t\t\t<\/h2>\n\t\t\t\t\n\t\t\t\t\t\t\t\t\t<div class=\"elementor-cta__description elementor-cta__content-item elementor-content-item\">\n\t\t\t\t\t\tMuito antes da morte de Regan Russell, o texto da peti\u00e7\u00e3o dizia: \"Esta legisla\u00e7\u00e3o \u00e9 perigosa e injusta. Aumenta consideravelmente o risco de morte dos activistas. Tem de ser travada\".\t\t\t\t\t<\/div>\n\t\t\t\t\n\t\t\t\t\t\t\t\t\t<div class=\"elementor-cta__button-wrapper elementor-cta__content-item elementor-content-item \">\n\t\t\t\t\t<span class=\"elementor-cta__button elementor-button elementor-size-\">\n\t\t\t\t\t\tDiz n\u00e3o ao projeto de lei 156\t\t\t\t\t<\/span>\n\t\t\t\t\t<\/div>\n\t\t\t\t\t\t\t<\/div>\n\t\t\t\t\t\t<\/a>\n\t\t\t\t\t\t<\/div>\n\t\t\t\t<\/div>\n\t\t\t\t\t<\/div>\n\t\t<\/div>\n\t\t\t\t\t<\/div>\n\t\t<\/section>\n\t\t\t\t<section class=\"elementor-section elementor-top-section elementor-element elementor-element-b0cf0a5 elementor-section-boxed elementor-section-height-default elementor-section-height-default\" data-id=\"b0cf0a5\" data-element_type=\"section\">\n\t\t\t\t\t\t<div class=\"elementor-container elementor-column-gap-default\">\n\t\t\t\t\t<div class=\"elementor-column elementor-col-100 elementor-top-column elementor-element elementor-element-8e1d471\" data-id=\"8e1d471\" data-element_type=\"column\">\n\t\t\t<div class=\"elementor-widget-wrap elementor-element-populated\">\n\t\t\t\t\t\t<div class=\"elementor-element elementor-element-a2264d3 elementor-widget elementor-widget-facebook-comments\" data-id=\"a2264d3\" data-element_type=\"widget\" data-widget_type=\"facebook-comments.default\">\n\t\t\t\t<div class=\"elementor-widget-container\">\n\t\t\t\t\t\t\t<div class=\"elementor-facebook-widget fb-comments\" data-href=\"http:\/\/veganoptioncanada.ca\/pt-pt\/?p=4405\" data-width=\"100%\" data-numposts=\"10\" data-order-by=\"social\" style=\"min-height: 1px\"><\/div>\n\t\t\t\t\t\t<\/div>\n\t\t\t\t<\/div>\n\t\t\t\t\t<\/div>\n\t\t<\/div>\n\t\t\t\t\t<\/div>\n\t\t<\/section>\n\t\t\t\t<\/div>\n\t\t","protected":false},"excerpt":{"rendered":"<p>Para descarregar uma vers\u00e3o em PDF desta carta, clica aqui. \u00c0 aten\u00e7\u00e3o de todos os deputados do Ont\u00e1rio Endere\u00e7os electr\u00f3nicos para onde a carta foi enviada mschreiner-co@ola.org; laurie.scottco@pc.ola.org; SShaw-QP@ndp.on.ca; JAndrew-CO@ndp.on.ca; tarmstrong-co@ndp.on.ca; kwynne.mpp.co@liberal.ola.org; john.yakabuskico@pc.ola.org; pmiller-co@ndp.on.ca; christina.mitasco@pc.ola.org; bill.walkerco@pc.ola.org; JWest-CO@ndp.on.ca; jwilson@ola.org; PHatfield-co@ndp.on.ca; RHillier-CO@ola.org; tabunsp-co@ndp.on.ca; mtaylor-co@ndp.on.ca; JHarden-CO@ndp.on.ca; mike.harrisco@pc.ola.org; FHassan-CO@ndp.on.ca; jbell-CO@ndp.on.ca; SMorrison-CO@ndp.on.ca; bob.baileyco@pc.ola.org; ernie.hardemanco@pc.ola.org; ross.romanoco@pc.ola.org; mcoteau.mpp.co@liberal.ola.org; rudy.cuzzettoco@pc.ola.org; GSingh-CO@ndp.on.ca; SSingh-CO@ndp.on.ca; JStevens-CO@ndp.on.ca; [&hellip;]<\/p>\n","protected":false},"author":2,"featured_media":0,"comment_status":"closed","ping_status":"closed","sticky":false,"template":"","format":"standard","meta":{"footnotes":""},"categories":[82,45],"tags":[],"class_list":["post-4405","post","type-post","status-publish","format-standard","hentry","category-campanhas","category-noticias"],"yoast_head":"<!-- This site is optimized with the Yoast SEO plugin v26.9 - https:\/\/yoast.com\/product\/yoast-seo-wordpress\/ -->\n<title>REVOGA\u00c7\u00c3O DO PROJECTO DE LEI 156: CARTA ABERTA AOS DEPUTADOS DO ONT\u00c1RIO - Op\u00e7\u00e3o Vegana Canad\u00e1<\/title>\n<meta name=\"robots\" content=\"index, follow, max-snippet:-1, max-image-preview:large, max-video-preview:-1\" \/>\n<link rel=\"canonical\" href=\"http:\/\/veganoptioncanada.ca\/pt-pt\/campanhas\/revogacao-do-projecto-de-lei-156-carta-aberta-aos-deputados-do-ontario\/\" \/>\n<meta property=\"og:locale\" content=\"pt_PT\" \/>\n<meta property=\"og:type\" content=\"article\" \/>\n<meta property=\"og:title\" content=\"REVOGA\u00c7\u00c3O DO PROJECTO DE LEI 156: CARTA ABERTA AOS DEPUTADOS DO ONT\u00c1RIO - Op\u00e7\u00e3o Vegana Canad\u00e1\" \/>\n<meta property=\"og:description\" content=\"Para descarregar uma vers\u00e3o em PDF desta carta, clica aqui. \u00c0 aten\u00e7\u00e3o de todos os deputados do Ont\u00e1rio Endere\u00e7os electr\u00f3nicos para onde a carta foi enviada mschreiner-co@ola.org; laurie.scottco@pc.ola.org; SShaw-QP@ndp.on.ca; JAndrew-CO@ndp.on.ca; tarmstrong-co@ndp.on.ca; kwynne.mpp.co@liberal.ola.org; john.yakabuskico@pc.ola.org; pmiller-co@ndp.on.ca; christina.mitasco@pc.ola.org; bill.walkerco@pc.ola.org; JWest-CO@ndp.on.ca; jwilson@ola.org; PHatfield-co@ndp.on.ca; RHillier-CO@ola.org; tabunsp-co@ndp.on.ca; mtaylor-co@ndp.on.ca; JHarden-CO@ndp.on.ca; mike.harrisco@pc.ola.org; FHassan-CO@ndp.on.ca; jbell-CO@ndp.on.ca; SMorrison-CO@ndp.on.ca; bob.baileyco@pc.ola.org; ernie.hardemanco@pc.ola.org; ross.romanoco@pc.ola.org; mcoteau.mpp.co@liberal.ola.org; rudy.cuzzettoco@pc.ola.org; GSingh-CO@ndp.on.ca; SSingh-CO@ndp.on.ca; JStevens-CO@ndp.on.ca; [&hellip;]\" \/>\n<meta property=\"og:url\" content=\"http:\/\/veganoptioncanada.ca\/pt-pt\/campanhas\/revogacao-do-projecto-de-lei-156-carta-aberta-aos-deputados-do-ontario\/\" \/>\n<meta property=\"og:site_name\" content=\"Op\u00e7\u00e3o Vegana Canad\u00e1\" \/>\n<meta property=\"article:publisher\" content=\"https:\/\/www.facebook.com\/VOOVCanada\/\" \/>\n<meta property=\"article:published_time\" content=\"2020-07-12T23:54:53+00:00\" \/>\n<meta property=\"article:modified_time\" content=\"2025-03-30T03:16:57+00:00\" \/>\n<meta property=\"og:image\" content=\"https:\/\/veganoptioncanada.ca\/wp-content\/uploads\/2020\/07\/regan-768x451-1-1024x536.jpg\" \/>\n<meta name=\"author\" content=\"Editeur\" \/>\n<meta name=\"twitter:card\" content=\"summary_large_image\" \/>\n<meta name=\"twitter:creator\" content=\"@CanadaVegan\" \/>\n<meta name=\"twitter:site\" content=\"@CanadaVegan\" \/>\n<meta name=\"twitter:label1\" content=\"Escrito por\" \/>\n\t<meta name=\"twitter:data1\" content=\"Editeur\" \/>\n\t<meta name=\"twitter:label2\" content=\"Tempo estimado de leitura\" \/>\n\t<meta name=\"twitter:data2\" content=\"6 minutos\" \/>\n<script type=\"application\/ld+json\" class=\"yoast-schema-graph\">{\"@context\":\"https:\/\/schema.org\",\"@graph\":[{\"@type\":\"Article\",\"@id\":\"http:\/\/veganoptioncanada.ca\/pt-pt\/campanhas\/revogacao-do-projecto-de-lei-156-carta-aberta-aos-deputados-do-ontario\/#article\",\"isPartOf\":{\"@id\":\"http:\/\/veganoptioncanada.ca\/pt-pt\/campanhas\/revogacao-do-projecto-de-lei-156-carta-aberta-aos-deputados-do-ontario\/\"},\"author\":{\"name\":\"Editeur\",\"@id\":\"http:\/\/veganoptioncanada.ca\/pt-pt\/#\/schema\/person\/9212ba9961ec51f55b60bab6ae51c478\"},\"headline\":\"REVOGA\u00c7\u00c3O DO PROJECTO DE LEI 156: CARTA ABERTA AOS DEPUTADOS DO ONT\u00c1RIO\",\"datePublished\":\"2020-07-12T23:54:53+00:00\",\"dateModified\":\"2025-03-30T03:16:57+00:00\",\"mainEntityOfPage\":{\"@id\":\"http:\/\/veganoptioncanada.ca\/pt-pt\/campanhas\/revogacao-do-projecto-de-lei-156-carta-aberta-aos-deputados-do-ontario\/\"},\"wordCount\":1113,\"publisher\":{\"@id\":\"http:\/\/veganoptioncanada.ca\/pt-pt\/#organization\"},\"image\":{\"@id\":\"http:\/\/veganoptioncanada.ca\/pt-pt\/campanhas\/revogacao-do-projecto-de-lei-156-carta-aberta-aos-deputados-do-ontario\/#primaryimage\"},\"thumbnailUrl\":\"https:\/\/veganoptioncanada.ca\/wp-content\/uploads\/2020\/07\/regan-768x451-1-1024x536.jpg\",\"articleSection\":[\"Campanhas\",\"Not\u00edcias\"],\"inLanguage\":\"pt-PT\"},{\"@type\":\"WebPage\",\"@id\":\"http:\/\/veganoptioncanada.ca\/pt-pt\/campanhas\/revogacao-do-projecto-de-lei-156-carta-aberta-aos-deputados-do-ontario\/\",\"url\":\"http:\/\/veganoptioncanada.ca\/pt-pt\/campanhas\/revogacao-do-projecto-de-lei-156-carta-aberta-aos-deputados-do-ontario\/\",\"name\":\"REVOGA\u00c7\u00c3O DO PROJECTO DE LEI 156: CARTA ABERTA AOS DEPUTADOS DO ONT\u00c1RIO - Op\u00e7\u00e3o Vegana Canad\u00e1\",\"isPartOf\":{\"@id\":\"http:\/\/veganoptioncanada.ca\/pt-pt\/#website\"},\"primaryImageOfPage\":{\"@id\":\"http:\/\/veganoptioncanada.ca\/pt-pt\/campanhas\/revogacao-do-projecto-de-lei-156-carta-aberta-aos-deputados-do-ontario\/#primaryimage\"},\"image\":{\"@id\":\"http:\/\/veganoptioncanada.ca\/pt-pt\/campanhas\/revogacao-do-projecto-de-lei-156-carta-aberta-aos-deputados-do-ontario\/#primaryimage\"},\"thumbnailUrl\":\"https:\/\/veganoptioncanada.ca\/wp-content\/uploads\/2020\/07\/regan-768x451-1-1024x536.jpg\",\"datePublished\":\"2020-07-12T23:54:53+00:00\",\"dateModified\":\"2025-03-30T03:16:57+00:00\",\"breadcrumb\":{\"@id\":\"http:\/\/veganoptioncanada.ca\/pt-pt\/campanhas\/revogacao-do-projecto-de-lei-156-carta-aberta-aos-deputados-do-ontario\/#breadcrumb\"},\"inLanguage\":\"pt-PT\",\"potentialAction\":[{\"@type\":\"ReadAction\",\"target\":[\"http:\/\/veganoptioncanada.ca\/pt-pt\/campanhas\/revogacao-do-projecto-de-lei-156-carta-aberta-aos-deputados-do-ontario\/\"]}]},{\"@type\":\"ImageObject\",\"inLanguage\":\"pt-PT\",\"@id\":\"http:\/\/veganoptioncanada.ca\/pt-pt\/campanhas\/revogacao-do-projecto-de-lei-156-carta-aberta-aos-deputados-do-ontario\/#primaryimage\",\"url\":\"https:\/\/veganoptioncanada.ca\/wp-content\/uploads\/2020\/07\/regan-768x451-1-1024x536.jpg\",\"contentUrl\":\"https:\/\/veganoptioncanada.ca\/wp-content\/uploads\/2020\/07\/regan-768x451-1-1024x536.jpg\"},{\"@type\":\"BreadcrumbList\",\"@id\":\"http:\/\/veganoptioncanada.ca\/pt-pt\/campanhas\/revogacao-do-projecto-de-lei-156-carta-aberta-aos-deputados-do-ontario\/#breadcrumb\",\"itemListElement\":[{\"@type\":\"ListItem\",\"position\":1,\"name\":\"Home\",\"item\":\"https:\/\/veganoptioncanada.ca\/pt-pt\/\"},{\"@type\":\"ListItem\",\"position\":2,\"name\":\"REVOGA\u00c7\u00c3O DO PROJECTO DE LEI 156: CARTA ABERTA AOS DEPUTADOS DO ONT\u00c1RIO\"}]},{\"@type\":\"WebSite\",\"@id\":\"http:\/\/veganoptioncanada.ca\/pt-pt\/#website\",\"url\":\"http:\/\/veganoptioncanada.ca\/pt-pt\/\",\"name\":\"Vegan Option Canada - Option V\u00e9gane Canada\",\"description\":\"\",\"publisher\":{\"@id\":\"http:\/\/veganoptioncanada.ca\/pt-pt\/#organization\"},\"potentialAction\":[{\"@type\":\"SearchAction\",\"target\":{\"@type\":\"EntryPoint\",\"urlTemplate\":\"http:\/\/veganoptioncanada.ca\/pt-pt\/?s={search_term_string}\"},\"query-input\":{\"@type\":\"PropertyValueSpecification\",\"valueRequired\":true,\"valueName\":\"search_term_string\"}}],\"inLanguage\":\"pt-PT\"},{\"@type\":\"Organization\",\"@id\":\"http:\/\/veganoptioncanada.ca\/pt-pt\/#organization\",\"name\":\"Vegan Option Canada\",\"url\":\"http:\/\/veganoptioncanada.ca\/pt-pt\/\",\"logo\":{\"@type\":\"ImageObject\",\"inLanguage\":\"pt-PT\",\"@id\":\"http:\/\/veganoptioncanada.ca\/pt-pt\/#\/schema\/logo\/image\/\",\"url\":\"http:\/\/veganoptioncanada.ca\/wp-content\/uploads\/2021\/04\/Logo_OVC_transparent_web.png\",\"contentUrl\":\"http:\/\/veganoptioncanada.ca\/wp-content\/uploads\/2021\/04\/Logo_OVC_transparent_web.png\",\"width\":200,\"height\":200,\"caption\":\"Vegan Option Canada\"},\"image\":{\"@id\":\"http:\/\/veganoptioncanada.ca\/pt-pt\/#\/schema\/logo\/image\/\"},\"sameAs\":[\"https:\/\/www.facebook.com\/VOOVCanada\/\",\"https:\/\/x.com\/CanadaVegan\",\"https:\/\/instagram.com\/veganoptioncanada\/\",\"https:\/\/www.youtube.com\/channel\/UCDVCrc0eUMbWkdRwsUQi4Hw\"]},{\"@type\":\"Person\",\"@id\":\"http:\/\/veganoptioncanada.ca\/pt-pt\/#\/schema\/person\/9212ba9961ec51f55b60bab6ae51c478\",\"name\":\"Editeur\",\"url\":\"http:\/\/veganoptioncanada.ca\/pt-pt\/author\/editeur\/\"}]}<\/script>\n<!-- \/ Yoast SEO plugin. -->","yoast_head_json":{"title":"REVOGA\u00c7\u00c3O DO PROJECTO DE LEI 156: CARTA ABERTA AOS DEPUTADOS DO ONT\u00c1RIO - Op\u00e7\u00e3o Vegana Canad\u00e1","robots":{"index":"index","follow":"follow","max-snippet":"max-snippet:-1","max-image-preview":"max-image-preview:large","max-video-preview":"max-video-preview:-1"},"canonical":"http:\/\/veganoptioncanada.ca\/pt-pt\/campanhas\/revogacao-do-projecto-de-lei-156-carta-aberta-aos-deputados-do-ontario\/","og_locale":"pt_PT","og_type":"article","og_title":"REVOGA\u00c7\u00c3O DO PROJECTO DE LEI 156: CARTA ABERTA AOS DEPUTADOS DO ONT\u00c1RIO - Op\u00e7\u00e3o Vegana Canad\u00e1","og_description":"Para descarregar uma vers\u00e3o em PDF desta carta, clica aqui. \u00c0 aten\u00e7\u00e3o de todos os deputados do Ont\u00e1rio Endere\u00e7os electr\u00f3nicos para onde a carta foi enviada mschreiner-co@ola.org; laurie.scottco@pc.ola.org; SShaw-QP@ndp.on.ca; JAndrew-CO@ndp.on.ca; tarmstrong-co@ndp.on.ca; kwynne.mpp.co@liberal.ola.org; john.yakabuskico@pc.ola.org; pmiller-co@ndp.on.ca; christina.mitasco@pc.ola.org; bill.walkerco@pc.ola.org; JWest-CO@ndp.on.ca; jwilson@ola.org; PHatfield-co@ndp.on.ca; RHillier-CO@ola.org; tabunsp-co@ndp.on.ca; mtaylor-co@ndp.on.ca; JHarden-CO@ndp.on.ca; mike.harrisco@pc.ola.org; FHassan-CO@ndp.on.ca; jbell-CO@ndp.on.ca; SMorrison-CO@ndp.on.ca; bob.baileyco@pc.ola.org; ernie.hardemanco@pc.ola.org; ross.romanoco@pc.ola.org; mcoteau.mpp.co@liberal.ola.org; rudy.cuzzettoco@pc.ola.org; GSingh-CO@ndp.on.ca; SSingh-CO@ndp.on.ca; JStevens-CO@ndp.on.ca; [&hellip;]","og_url":"http:\/\/veganoptioncanada.ca\/pt-pt\/campanhas\/revogacao-do-projecto-de-lei-156-carta-aberta-aos-deputados-do-ontario\/","og_site_name":"Op\u00e7\u00e3o Vegana Canad\u00e1","article_publisher":"https:\/\/www.facebook.com\/VOOVCanada\/","article_published_time":"2020-07-12T23:54:53+00:00","article_modified_time":"2025-03-30T03:16:57+00:00","og_image":[{"url":"https:\/\/veganoptioncanada.ca\/wp-content\/uploads\/2020\/07\/regan-768x451-1-1024x536.jpg","type":"","width":"","height":""}],"author":"Editeur","twitter_card":"summary_large_image","twitter_creator":"@CanadaVegan","twitter_site":"@CanadaVegan","twitter_misc":{"Escrito por":"Editeur","Tempo estimado de leitura":"6 minutos"},"schema":{"@context":"https:\/\/schema.org","@graph":[{"@type":"Article","@id":"http:\/\/veganoptioncanada.ca\/pt-pt\/campanhas\/revogacao-do-projecto-de-lei-156-carta-aberta-aos-deputados-do-ontario\/#article","isPartOf":{"@id":"http:\/\/veganoptioncanada.ca\/pt-pt\/campanhas\/revogacao-do-projecto-de-lei-156-carta-aberta-aos-deputados-do-ontario\/"},"author":{"name":"Editeur","@id":"http:\/\/veganoptioncanada.ca\/pt-pt\/#\/schema\/person\/9212ba9961ec51f55b60bab6ae51c478"},"headline":"REVOGA\u00c7\u00c3O DO PROJECTO DE LEI 156: CARTA ABERTA AOS DEPUTADOS DO ONT\u00c1RIO","datePublished":"2020-07-12T23:54:53+00:00","dateModified":"2025-03-30T03:16:57+00:00","mainEntityOfPage":{"@id":"http:\/\/veganoptioncanada.ca\/pt-pt\/campanhas\/revogacao-do-projecto-de-lei-156-carta-aberta-aos-deputados-do-ontario\/"},"wordCount":1113,"publisher":{"@id":"http:\/\/veganoptioncanada.ca\/pt-pt\/#organization"},"image":{"@id":"http:\/\/veganoptioncanada.ca\/pt-pt\/campanhas\/revogacao-do-projecto-de-lei-156-carta-aberta-aos-deputados-do-ontario\/#primaryimage"},"thumbnailUrl":"https:\/\/veganoptioncanada.ca\/wp-content\/uploads\/2020\/07\/regan-768x451-1-1024x536.jpg","articleSection":["Campanhas","Not\u00edcias"],"inLanguage":"pt-PT"},{"@type":"WebPage","@id":"http:\/\/veganoptioncanada.ca\/pt-pt\/campanhas\/revogacao-do-projecto-de-lei-156-carta-aberta-aos-deputados-do-ontario\/","url":"http:\/\/veganoptioncanada.ca\/pt-pt\/campanhas\/revogacao-do-projecto-de-lei-156-carta-aberta-aos-deputados-do-ontario\/","name":"REVOGA\u00c7\u00c3O DO PROJECTO DE LEI 156: CARTA ABERTA AOS DEPUTADOS DO ONT\u00c1RIO - Op\u00e7\u00e3o Vegana Canad\u00e1","isPartOf":{"@id":"http:\/\/veganoptioncanada.ca\/pt-pt\/#website"},"primaryImageOfPage":{"@id":"http:\/\/veganoptioncanada.ca\/pt-pt\/campanhas\/revogacao-do-projecto-de-lei-156-carta-aberta-aos-deputados-do-ontario\/#primaryimage"},"image":{"@id":"http:\/\/veganoptioncanada.ca\/pt-pt\/campanhas\/revogacao-do-projecto-de-lei-156-carta-aberta-aos-deputados-do-ontario\/#primaryimage"},"thumbnailUrl":"https:\/\/veganoptioncanada.ca\/wp-content\/uploads\/2020\/07\/regan-768x451-1-1024x536.jpg","datePublished":"2020-07-12T23:54:53+00:00","dateModified":"2025-03-30T03:16:57+00:00","breadcrumb":{"@id":"http:\/\/veganoptioncanada.ca\/pt-pt\/campanhas\/revogacao-do-projecto-de-lei-156-carta-aberta-aos-deputados-do-ontario\/#breadcrumb"},"inLanguage":"pt-PT","potentialAction":[{"@type":"ReadAction","target":["http:\/\/veganoptioncanada.ca\/pt-pt\/campanhas\/revogacao-do-projecto-de-lei-156-carta-aberta-aos-deputados-do-ontario\/"]}]},{"@type":"ImageObject","inLanguage":"pt-PT","@id":"http:\/\/veganoptioncanada.ca\/pt-pt\/campanhas\/revogacao-do-projecto-de-lei-156-carta-aberta-aos-deputados-do-ontario\/#primaryimage","url":"https:\/\/veganoptioncanada.ca\/wp-content\/uploads\/2020\/07\/regan-768x451-1-1024x536.jpg","contentUrl":"https:\/\/veganoptioncanada.ca\/wp-content\/uploads\/2020\/07\/regan-768x451-1-1024x536.jpg"},{"@type":"BreadcrumbList","@id":"http:\/\/veganoptioncanada.ca\/pt-pt\/campanhas\/revogacao-do-projecto-de-lei-156-carta-aberta-aos-deputados-do-ontario\/#breadcrumb","itemListElement":[{"@type":"ListItem","position":1,"name":"Home","item":"https:\/\/veganoptioncanada.ca\/pt-pt\/"},{"@type":"ListItem","position":2,"name":"REVOGA\u00c7\u00c3O DO PROJECTO DE LEI 156: CARTA ABERTA AOS DEPUTADOS DO ONT\u00c1RIO"}]},{"@type":"WebSite","@id":"http:\/\/veganoptioncanada.ca\/pt-pt\/#website","url":"http:\/\/veganoptioncanada.ca\/pt-pt\/","name":"Vegan Option Canada - Option V\u00e9gane Canada","description":"","publisher":{"@id":"http:\/\/veganoptioncanada.ca\/pt-pt\/#organization"},"potentialAction":[{"@type":"SearchAction","target":{"@type":"EntryPoint","urlTemplate":"http:\/\/veganoptioncanada.ca\/pt-pt\/?s={search_term_string}"},"query-input":{"@type":"PropertyValueSpecification","valueRequired":true,"valueName":"search_term_string"}}],"inLanguage":"pt-PT"},{"@type":"Organization","@id":"http:\/\/veganoptioncanada.ca\/pt-pt\/#organization","name":"Vegan Option Canada","url":"http:\/\/veganoptioncanada.ca\/pt-pt\/","logo":{"@type":"ImageObject","inLanguage":"pt-PT","@id":"http:\/\/veganoptioncanada.ca\/pt-pt\/#\/schema\/logo\/image\/","url":"http:\/\/veganoptioncanada.ca\/wp-content\/uploads\/2021\/04\/Logo_OVC_transparent_web.png","contentUrl":"http:\/\/veganoptioncanada.ca\/wp-content\/uploads\/2021\/04\/Logo_OVC_transparent_web.png","width":200,"height":200,"caption":"Vegan Option Canada"},"image":{"@id":"http:\/\/veganoptioncanada.ca\/pt-pt\/#\/schema\/logo\/image\/"},"sameAs":["https:\/\/www.facebook.com\/VOOVCanada\/","https:\/\/x.com\/CanadaVegan","https:\/\/instagram.com\/veganoptioncanada\/","https:\/\/www.youtube.com\/channel\/UCDVCrc0eUMbWkdRwsUQi4Hw"]},{"@type":"Person","@id":"http:\/\/veganoptioncanada.ca\/pt-pt\/#\/schema\/person\/9212ba9961ec51f55b60bab6ae51c478","name":"Editeur","url":"http:\/\/veganoptioncanada.ca\/pt-pt\/author\/editeur\/"}]}},"_links":{"self":[{"href":"http:\/\/veganoptioncanada.ca\/pt-pt\/wp-json\/wp\/v2\/posts\/4405","targetHints":{"allow":["GET"]}}],"collection":[{"href":"http:\/\/veganoptioncanada.ca\/pt-pt\/wp-json\/wp\/v2\/posts"}],"about":[{"href":"http:\/\/veganoptioncanada.ca\/pt-pt\/wp-json\/wp\/v2\/types\/post"}],"author":[{"embeddable":true,"href":"http:\/\/veganoptioncanada.ca\/pt-pt\/wp-json\/wp\/v2\/users\/2"}],"replies":[{"embeddable":true,"href":"http:\/\/veganoptioncanada.ca\/pt-pt\/wp-json\/wp\/v2\/comments?post=4405"}],"version-history":[{"count":1,"href":"http:\/\/veganoptioncanada.ca\/pt-pt\/wp-json\/wp\/v2\/posts\/4405\/revisions"}],"predecessor-version":[{"id":4408,"href":"http:\/\/veganoptioncanada.ca\/pt-pt\/wp-json\/wp\/v2\/posts\/4405\/revisions\/4408"}],"wp:attachment":[{"href":"http:\/\/veganoptioncanada.ca\/pt-pt\/wp-json\/wp\/v2\/media?parent=4405"}],"wp:term":[{"taxonomy":"category","embeddable":true,"href":"http:\/\/veganoptioncanada.ca\/pt-pt\/wp-json\/wp\/v2\/categories?post=4405"},{"taxonomy":"post_tag","embeddable":true,"href":"http:\/\/veganoptioncanada.ca\/pt-pt\/wp-json\/wp\/v2\/tags?post=4405"}],"curies":[{"name":"wp","href":"https:\/\/api.w.org\/{rel}","templated":true}]}}