{"id":4474,"date":"2020-08-30T01:18:34","date_gmt":"2020-08-30T06:18:34","guid":{"rendered":"https:\/\/veganoptioncanada.ca\/noticias\/como-falhar-coletivamente-com-certeza-ou-porque-te-organizas-e-como\/"},"modified":"2025-03-29T22:17:59","modified_gmt":"2025-03-30T03:17:59","slug":"como-falhar-coletivamente-com-certeza-ou-porque-te-organizas-e-como","status":"publish","type":"post","link":"http:\/\/veganoptioncanada.ca\/pt-pt\/noticias\/como-falhar-coletivamente-com-certeza-ou-porque-te-organizas-e-como\/","title":{"rendered":"Como falhar coletivamente, com certeza! Ou porque te organizas e como&#8230;"},"content":{"rendered":"\t\t<div data-elementor-type=\"wp-post\" data-elementor-id=\"4474\" class=\"elementor elementor-4474 elementor-2816\" data-elementor-post-type=\"post\">\n\t\t\t\t\t\t<section class=\"elementor-section elementor-top-section elementor-element elementor-element-da98eda elementor-section-boxed elementor-section-height-default elementor-section-height-default\" data-id=\"da98eda\" data-element_type=\"section\">\n\t\t\t\t\t\t<div class=\"elementor-container elementor-column-gap-default\">\n\t\t\t\t\t<div class=\"elementor-column elementor-col-100 elementor-top-column elementor-element elementor-element-9c84428\" data-id=\"9c84428\" data-element_type=\"column\">\n\t\t\t<div class=\"elementor-widget-wrap elementor-element-populated\">\n\t\t\t\t\t\t<div class=\"elementor-element elementor-element-4f89901 elementor-widget elementor-widget-image\" data-id=\"4f89901\" data-element_type=\"widget\" data-widget_type=\"image.default\">\n\t\t\t\t<div class=\"elementor-widget-container\">\n\t\t\t\t\t\t\t\t\t\t\t\t\t\t\t<img fetchpriority=\"high\" decoding=\"async\" width=\"480\" height=\"270\" src=\"http:\/\/veganoptioncanada.ca\/wp-content\/uploads\/2020\/08\/10.png\" class=\"attachment-large size-large wp-image-2700\" alt=\"\" srcset=\"http:\/\/veganoptioncanada.ca\/wp-content\/uploads\/2020\/08\/10.png 480w, http:\/\/veganoptioncanada.ca\/wp-content\/uploads\/2020\/08\/10-300x169.png 300w\" sizes=\"(max-width: 480px) 100vw, 480px\" \/>\t\t\t\t\t\t\t\t\t\t\t\t\t\t\t<\/div>\n\t\t\t\t<\/div>\n\t\t\t\t\t<\/div>\n\t\t<\/div>\n\t\t\t\t\t<\/div>\n\t\t<\/section>\n\t\t\t\t<section class=\"elementor-section elementor-top-section elementor-element elementor-element-5b09485 elementor-section-boxed elementor-section-height-default elementor-section-height-default\" data-id=\"5b09485\" data-element_type=\"section\">\n\t\t\t\t\t\t<div class=\"elementor-container elementor-column-gap-default\">\n\t\t\t\t\t<div class=\"elementor-column elementor-col-100 elementor-top-column elementor-element elementor-element-305795d\" data-id=\"305795d\" data-element_type=\"column\">\n\t\t\t<div class=\"elementor-widget-wrap elementor-element-populated\">\n\t\t\t\t\t\t<div class=\"elementor-element elementor-element-f4162f3 elementor-widget elementor-widget-heading\" data-id=\"f4162f3\" data-element_type=\"widget\" data-widget_type=\"heading.default\">\n\t\t\t\t<div class=\"elementor-widget-container\">\n\t\t\t\t\t<h2 class=\"elementor-heading-title elementor-size-default\">Les P'tits Webinaires Antisp\u00e9cistes agosto de 2020<\/h2>\t\t\t\t<\/div>\n\t\t\t\t<\/div>\n\t\t\t\t\t<\/div>\n\t\t<\/div>\n\t\t\t\t\t<\/div>\n\t\t<\/section>\n\t\t\t\t<section class=\"elementor-section elementor-top-section elementor-element elementor-element-b281eae elementor-section-boxed elementor-section-height-default elementor-section-height-default\" data-id=\"b281eae\" data-element_type=\"section\">\n\t\t\t\t\t\t<div class=\"elementor-container elementor-column-gap-default\">\n\t\t\t\t\t<div class=\"elementor-column elementor-col-100 elementor-top-column elementor-element elementor-element-be9b43f\" data-id=\"be9b43f\" data-element_type=\"column\">\n\t\t\t<div class=\"elementor-widget-wrap elementor-element-populated\">\n\t\t\t\t\t\t<div class=\"elementor-element elementor-element-e9d21fc elementor-widget elementor-widget-heading\" data-id=\"e9d21fc\" data-element_type=\"widget\" data-widget_type=\"heading.default\">\n\t\t\t\t<div class=\"elementor-widget-container\">\n\t\t\t\t\t<h3 class=\"elementor-heading-title elementor-size-default\">Jean-Christophe Lurenbaum<\/h3>\t\t\t\t<\/div>\n\t\t\t\t<\/div>\n\t\t\t\t\t<\/div>\n\t\t<\/div>\n\t\t\t\t\t<\/div>\n\t\t<\/section>\n\t\t\t\t<section class=\"elementor-section elementor-top-section elementor-element elementor-element-8e8558a elementor-section-boxed elementor-section-height-default elementor-section-height-default\" data-id=\"8e8558a\" data-element_type=\"section\">\n\t\t\t\t\t\t<div class=\"elementor-container elementor-column-gap-default\">\n\t\t\t\t\t<div class=\"elementor-column elementor-col-100 elementor-top-column elementor-element elementor-element-234adc7\" data-id=\"234adc7\" data-element_type=\"column\">\n\t\t\t<div class=\"elementor-widget-wrap elementor-element-populated\">\n\t\t\t\t\t\t<div class=\"elementor-element elementor-element-d66c2ae elementor-widget-divider--view-line elementor-widget elementor-widget-divider\" data-id=\"d66c2ae\" data-element_type=\"widget\" data-widget_type=\"divider.default\">\n\t\t\t\t<div class=\"elementor-widget-container\">\n\t\t\t\t\t\t\t<div class=\"elementor-divider\">\n\t\t\t<span class=\"elementor-divider-separator\">\n\t\t\t\t\t\t<\/span>\n\t\t<\/div>\n\t\t\t\t\t\t<\/div>\n\t\t\t\t<\/div>\n\t\t\t\t<div class=\"elementor-element elementor-element-77d4a3b elementor-widget elementor-widget-heading\" data-id=\"77d4a3b\" data-element_type=\"widget\" data-widget_type=\"heading.default\">\n\t\t\t\t<div class=\"elementor-widget-container\">\n\t\t\t\t\t<h4 class=\"elementor-heading-title elementor-size-default\">Resumo  <\/h4>\t\t\t\t<\/div>\n\t\t\t\t<\/div>\n\t\t\t\t<div class=\"elementor-element elementor-element-a46581a elementor-widget elementor-widget-text-editor\" data-id=\"a46581a\" data-element_type=\"widget\" data-widget_type=\"text-editor.default\">\n\t\t\t\t<div class=\"elementor-widget-container\">\n\t\t\t\t\t\t\t\t\t<p dir=\"ltr\"><a href=\"http:\/\/jcl.algosphere.org\/\" target=\"_blank\" rel=\"noopener\" data-saferedirecturl=\"https:\/\/www.google.com\/url?q=http:\/\/jcl.algosphere.org\/&amp;source=gmail&amp;ust=1598046787694000&amp;usg=AFQjCNE-M6BV1njj2KbFjsXIxFKD_CCFlw\">Jean-Christophe Lurenbaum<\/a> decidiu desde cedo dedicar a sua vida a organizar a maior felicidade poss\u00edvel no mundo. O livro &#8221; <a href=\"http:\/\/www.jcl.algosphere.org\/naitre-gratuit.pdf\" target=\"_blank\" rel=\"noopener\" data-saferedirecturl=\"https:\/\/www.google.com\/url?q=http:\/\/www.jcl.algosphere.org\/naitre-gratuit.pdf&amp;source=gmail&amp;ust=1598046787694000&amp;usg=AFQjCNHmyinwtvIfUrudbYdLdxOgqxjjng\">\u00c9 do interesse de uma crian\u00e7a nascer?&#8221;<\/a>, publicado em 2011, \u00e9 o fruto de d\u00e9cadas de investiga\u00e7\u00e3o sobre o conflito permanente entre a \u00e9tica que d\u00e1 prioridade ao al\u00edvio do sofrimento e a ideologia da reprodu\u00e7\u00e3o.<\/p><div> <\/div><div>Durante s\u00e9culos, os progressistas lutaram para se afirmarem politicamente contra os conservadores. Porqu\u00ea? Porque cada um deles trabalha isoladamente, sem uma vasta reuni\u00e3o global daqueles que d\u00e3o prioridade ao al\u00edvio do sofrimento sobre aqueles que d\u00e3o prioridade \u00e0 reprodu\u00e7\u00e3o. Quando \u00e9 que haver\u00e1 uma coliga\u00e7\u00e3o internacional que re\u00fana todos os intervenientes na causa animal, desde os anti-especistas aos vegans e aos animalistas, ela pr\u00f3pria membro da maior alian\u00e7a progressista de todos os tempos, uma alian\u00e7a capaz de substituir a especulativa Declara\u00e7\u00e3o Universal dos Direitos do Homem por uma <a href=\"https:\/\/algosphere.org\/fr\/a-propos\/positions\/lettre-ouverte-a-l-organisation-des-nations-unies\/#5-vers-une-d%C3%A9claration-universelle-des-droits-%C3%A9largie-%C3%A0-tous-les-%C3%AAtres-sensibles\" target=\"_blank\" rel=\"noopener\" data-saferedirecturl=\"https:\/\/www.google.com\/url?q=https:\/\/algosphere.org\/fr\/a-propos\/positions\/lettre-ouverte-a-l-organisation-des-nations-unies\/%235-vers-une-d%25C3%25A9claration-universelle-des-droits-%25C3%25A9largie-%25C3%25A0-tous-les-%25C3%25AAtres-sensibles&amp;source=gmail&amp;ust=1598046787694000&amp;usg=AFQjCNGeLn4Xht9W_hyWJ52TL0VMIa2mYg\">Declara\u00e7\u00e3o Universal dos Direitos dos Seres Sens\u00edveis<\/a> ao Sofrimento?   <\/div>\t\t\t\t\t\t\t\t<\/div>\n\t\t\t\t<\/div>\n\t\t\t\t<div class=\"elementor-element elementor-element-1dd9e63 elementor-widget-divider--view-line elementor-widget elementor-widget-divider\" data-id=\"1dd9e63\" data-element_type=\"widget\" data-widget_type=\"divider.default\">\n\t\t\t\t<div class=\"elementor-widget-container\">\n\t\t\t\t\t\t\t<div class=\"elementor-divider\">\n\t\t\t<span class=\"elementor-divider-separator\">\n\t\t\t\t\t\t<\/span>\n\t\t<\/div>\n\t\t\t\t\t\t<\/div>\n\t\t\t\t<\/div>\n\t\t\t\t<div class=\"elementor-element elementor-element-93c15fa elementor-widget elementor-widget-text-editor\" data-id=\"93c15fa\" data-element_type=\"widget\" data-widget_type=\"text-editor.default\">\n\t\t\t\t<div class=\"elementor-widget-container\">\n\t\t\t\t\t\t\t\t\t<p><span style=\"font-weight: 400;\">Esta aula foi retirada de  <\/span><a href=\"https:\/\/jcl.algosphere.org\/naitre-gratuit.pdf\"><i><span style=\"font-weight: 400;\">Dar \u00e0 luz \u00e9 do interesse da crian\u00e7a? Ideologia da reprodu\u00e7\u00e3o versus n\u00e3o sofrimento <\/span><\/i><\/a><span style=\"font-weight: 400;\">, <\/span><a href=\"https:\/\/jcl.algosphere.org\/\"><span style=\"font-weight: 400;\">Jean-Christophe Lurenbaum<\/span><\/a><span style=\"font-weight: 400;\">, 2011<\/span><\/p>\t\t\t\t\t\t\t\t<\/div>\n\t\t\t\t<\/div>\n\t\t\t\t\t<\/div>\n\t\t<\/div>\n\t\t\t\t\t<\/div>\n\t\t<\/section>\n\t\t\t\t<section class=\"elementor-section elementor-top-section elementor-element elementor-element-d8260a7 elementor-section-boxed elementor-section-height-default elementor-section-height-default\" data-id=\"d8260a7\" data-element_type=\"section\">\n\t\t\t\t\t\t<div class=\"elementor-container elementor-column-gap-default\">\n\t\t\t\t\t<div class=\"elementor-column elementor-col-100 elementor-top-column elementor-element elementor-element-17b8950\" data-id=\"17b8950\" data-element_type=\"column\">\n\t\t\t<div class=\"elementor-widget-wrap elementor-element-populated\">\n\t\t\t\t\t\t<div class=\"elementor-element elementor-element-ea109e4 elementor-widget elementor-widget-video\" data-id=\"ea109e4\" data-element_type=\"widget\" data-settings=\"{&quot;youtube_url&quot;:&quot;https:\\\/\\\/youtu.be\\\/PmeZAU6dAwI&quot;,&quot;video_type&quot;:&quot;youtube&quot;,&quot;controls&quot;:&quot;yes&quot;}\" data-widget_type=\"video.default\">\n\t\t\t\t<div class=\"elementor-widget-container\">\n\t\t\t\t\t\t\t<div class=\"elementor-wrapper elementor-open-inline\">\n\t\t\t<div class=\"elementor-video\"><\/div>\t\t<\/div>\n\t\t\t\t\t\t<\/div>\n\t\t\t\t<\/div>\n\t\t\t\t\t<\/div>\n\t\t<\/div>\n\t\t\t\t\t<\/div>\n\t\t<\/section>\n\t\t\t\t<section class=\"elementor-section elementor-top-section elementor-element elementor-element-79a0766 elementor-section-boxed elementor-section-height-default elementor-section-height-default\" data-id=\"79a0766\" data-element_type=\"section\">\n\t\t\t\t\t\t<div class=\"elementor-container elementor-column-gap-default\">\n\t\t\t\t\t<div class=\"elementor-column elementor-col-100 elementor-top-column elementor-element elementor-element-c57f655\" data-id=\"c57f655\" data-element_type=\"column\">\n\t\t\t<div class=\"elementor-widget-wrap elementor-element-populated\">\n\t\t\t\t\t\t<div class=\"elementor-element elementor-element-13be2b5 elementor-widget elementor-widget-heading\" data-id=\"13be2b5\" data-element_type=\"widget\" data-widget_type=\"heading.default\">\n\t\t\t\t<div class=\"elementor-widget-container\">\n\t\t\t\t\t<h4 class=\"elementor-heading-title elementor-size-default\">Transcri\u00e7\u00e3o<\/h4>\t\t\t\t<\/div>\n\t\t\t\t<\/div>\n\t\t\t\t\t<\/div>\n\t\t<\/div>\n\t\t\t\t\t<\/div>\n\t\t<\/section>\n\t\t\t\t<section class=\"elementor-section elementor-top-section elementor-element elementor-element-a94940f elementor-section-boxed elementor-section-height-default elementor-section-height-default\" data-id=\"a94940f\" data-element_type=\"section\">\n\t\t\t\t\t\t<div class=\"elementor-container elementor-column-gap-default\">\n\t\t\t\t\t<div class=\"elementor-column elementor-col-100 elementor-top-column elementor-element elementor-element-1a05614\" data-id=\"1a05614\" data-element_type=\"column\">\n\t\t\t<div class=\"elementor-widget-wrap elementor-element-populated\">\n\t\t\t\t\t\t<div class=\"elementor-element elementor-element-776ce18 elementor-widget elementor-widget-text-editor\" data-id=\"776ce18\" data-element_type=\"widget\" data-widget_type=\"text-editor.default\">\n\t\t\t\t<div class=\"elementor-widget-container\">\n\t\t\t\t\t\t\t\t\t<p><i><span style=\"font-weight: 400;\">A quest\u00e3o que vamos colocar a n\u00f3s pr\u00f3prios durante a pr\u00f3xima hora n\u00e3o \u00e9 &#8220;como ter sucesso&#8221;, uma quest\u00e3o que j\u00e1 foi muito abordada noutras ocasi\u00f5es, mas sim &#8220;como falhar&#8221;, para termos uma ideia das armadilhas a evitar.<\/span><\/i><\/p><p><span style=\"font-weight: 400;\">Como \u00e9 que podemos falhar, quer se trate do anti-especismo ou de qualquer outra causa social? Aqui tens a resposta da teoria da evolu\u00e7\u00e3o: <\/span><\/p><ul><li style=\"font-weight: 400;\"><span style=\"font-weight: 400;\">Uma das grandes li\u00e7\u00f5es de Darwin \u00e9 que o anti-especismo s\u00f3 pode durar se <\/span><i><span style=\"font-weight: 400;\">reproduzir<\/span><\/i><span style=\"font-weight: 400;\">. E para te reproduzires, precisas de um sistema reprodutor.   <\/span><\/li><li style=\"font-weight: 400;\"><span style=\"font-weight: 400;\">Por analogia com os genes, Richard Dawkins cunhou a palavra <\/span><a href=\"https:\/\/fr.wikipedia.org\/wiki\/M%C3%A8me\"><span style=\"font-weight: 400;\">meme<\/span><\/a><span style=\"font-weight: 400;\"> para descrever a reprodu\u00e7\u00e3o de ideias de cabe\u00e7a para cabe\u00e7a, para a qual falamos mais de &#8220;replica\u00e7\u00e3o mem\u00e9tica&#8221;.<\/span><\/li><li style=\"font-weight: 400;\"><span style=\"font-weight: 400;\">Pergunta: Ser\u00e1 que o anti-especismo tem um sistema reprodutivo, um replicador mem\u00e9tico que lhe permita passar de cabe\u00e7a em cabe\u00e7a e durar mil\u00e9nios? N\u00e3o tenho a certeza. <\/span><\/li><li style=\"font-weight: 400;\"><span style=\"font-weight: 400;\">E para crescer de forma r\u00e1pida e maci\u00e7a, ser\u00e1 que o anti-especismo fez alian\u00e7as com outras grandes causas sociais? Tamb\u00e9m n\u00e3o tenho a certeza. <\/span><\/li><\/ul><p><span style=\"font-weight: 400;\">Vamos aos pormenores deste darwinismo das causas sociais.<\/span><\/p>\t\t\t\t\t\t\t\t<\/div>\n\t\t\t\t<\/div>\n\t\t\t\t\t<\/div>\n\t\t<\/div>\n\t\t\t\t\t<\/div>\n\t\t<\/section>\n\t\t\t\t<section class=\"elementor-section elementor-top-section elementor-element elementor-element-42f63c5 elementor-section-boxed elementor-section-height-default elementor-section-height-default\" data-id=\"42f63c5\" data-element_type=\"section\">\n\t\t\t\t\t\t<div class=\"elementor-container elementor-column-gap-default\">\n\t\t\t\t\t<div class=\"elementor-column elementor-col-100 elementor-top-column elementor-element elementor-element-f5f5d18\" data-id=\"f5f5d18\" data-element_type=\"column\">\n\t\t\t<div class=\"elementor-widget-wrap elementor-element-populated\">\n\t\t\t\t\t\t<div class=\"elementor-element elementor-element-acb0083 elementor-widget elementor-widget-heading\" data-id=\"acb0083\" data-element_type=\"widget\" data-widget_type=\"heading.default\">\n\t\t\t\t<div class=\"elementor-widget-container\">\n\t\t\t\t\t<h5 class=\"elementor-heading-title elementor-size-default\">Do darwinismo das ideias \u00e0 ideologia da reprodu\u00e7\u00e3o<\/h5>\t\t\t\t<\/div>\n\t\t\t\t<\/div>\n\t\t\t\t\t<\/div>\n\t\t<\/div>\n\t\t\t\t\t<\/div>\n\t\t<\/section>\n\t\t\t\t<section class=\"elementor-section elementor-top-section elementor-element elementor-element-e7d2d37 elementor-section-boxed elementor-section-height-default elementor-section-height-default\" data-id=\"e7d2d37\" data-element_type=\"section\">\n\t\t\t\t\t\t<div class=\"elementor-container elementor-column-gap-default\">\n\t\t\t\t\t<div class=\"elementor-column elementor-col-100 elementor-top-column elementor-element elementor-element-4e3d0c0\" data-id=\"4e3d0c0\" data-element_type=\"column\">\n\t\t\t<div class=\"elementor-widget-wrap elementor-element-populated\">\n\t\t\t\t\t\t<div class=\"elementor-element elementor-element-9e53da6 elementor-widget elementor-widget-text-editor\" data-id=\"9e53da6\" data-element_type=\"widget\" data-widget_type=\"text-editor.default\">\n\t\t\t\t<div class=\"elementor-widget-container\">\n\t\t\t\t\t\t\t\t\t<p><i><span style=\"font-weight: 400;\">Alguma vez te perguntaste por que raz\u00e3o algumas escolas de pensamento s\u00e3o mais poderosas e duradouras do que outras?<\/span><\/i><\/p><p><span style=\"font-weight: 400;\">As ideias seguem a mesma l\u00f3gica darwiniana que as esp\u00e9cies org\u00e2nicas: para durar, t\u00eam de se reproduzir, de se replicar de cabe\u00e7a em cabe\u00e7a. Sem surpresa, a hist\u00f3ria do pensamento humano mostra que a \u00e9tica mais antiga, mais duradoura e mais robusta \u00e9 a que d\u00e1 prioridade \u00e0&#8230; reprodu\u00e7\u00e3o. Pensa-se que surgiu h\u00e1 100.000 anos entre os Neandertais e os Sapiens, na sequ\u00eancia do culto dos esp\u00edritos dos mortos. Para aqueles que acreditavam na sobreviv\u00eancia do esp\u00edrito ap\u00f3s a morte do corpo, nada era mais importante do que ter descendentes que cuidassem do seu esp\u00edrito ap\u00f3s a morte do seu pr\u00f3prio corpo. Ao longo do tempo, esta \u00e9tica foi interiorizada, sem o fazer conscientemente, numa verdadeira &#8220;ideologia da reprodu\u00e7\u00e3o&#8221;. Porque os seres vivos se caracterizam pela reprodu\u00e7\u00e3o, fala-se muitas vezes de uma \u00e9tica &#8220;pr\u00f3-vida&#8221;, oposta ao aborto, \u00e0 contrace\u00e7\u00e3o, \u00e0 homossexualidade ou ao suic\u00eddio.       <\/span><\/p><p><span style=\"font-weight: 400;\">Para al\u00e9m da cultura, a modela\u00e7\u00e3o mec\u00e2nica do c\u00e9rebro por <\/span><a href=\"https:\/\/fr.wikipedia.org\/wiki\/%C3%89lagage_synaptique#:~:text=L'%C3%A9lagage%20synaptique%20est%20le,autre%20part%20celui%20des%20dendrites.\"><span style=\"font-weight: 400;\">poda sin\u00e1ptica<\/span><\/a><span style=\"font-weight: 400;\">Nos primeiros anos de vida, a pr\u00f3pria reprodu\u00e7\u00e3o \u00e9 considerada priorit\u00e1ria. Da\u00ed a for\u00e7a de &#8220;tradi\u00e7\u00f5es&#8221; como a circuncis\u00e3o feminina ou masculina, que s\u00e3o ritos no cora\u00e7\u00e3o da ideologia da reprodu\u00e7\u00e3o, pois visam precisamente controlar a reprodu\u00e7\u00e3o. \u00c9 tamb\u00e9m porque o poder de reprodu\u00e7\u00e3o \u00e9 t\u00e3o desej\u00e1vel que os homens se apoderaram dele com o estabelecimento do patriarcado h\u00e1 alguns milhares de anos, com a sua institui\u00e7\u00e3o do casamento que d\u00e1 ao marido a propriedade da crian\u00e7a nascida do ventre da mulher.    <\/span><b>A cria\u00e7\u00e3o de gado n\u00e3o \u00e9 apenas um s\u00edmbolo do especismo<\/b><span style=\"font-weight: 400;\">O primeiro passo foi a inven\u00e7\u00e3o que permitiu aos homens estabelecer a liga\u00e7\u00e3o entre as rela\u00e7\u00f5es sexuais e a reprodu\u00e7\u00e3o. A descoberta de que os homens desempenhavam um papel importante na cria\u00e7\u00e3o dos filhos abriu caminho ao patriarcado, cujo objetivo era que os homens retomassem o poder da reprodu\u00e7\u00e3o, at\u00e9 ent\u00e3o monop\u00f3lio exclusivo das mulheres. Os relatos m\u00edticos colocam os agricultores do lado das deusas, enquanto os criadores est\u00e3o do lado dos deuses masculinos: Jav\u00e9 aceita as ofertas de Abel, o pastor, mas recusa as de Caim, o agricultor. Com o tempo, as deusas desapareceram e foram suplantadas por deuses masculinos ap\u00f3s a inven\u00e7\u00e3o da cria\u00e7\u00e3o de animais. Feminismo e anti-especismo, o mesmo combate!    <\/span><\/p>\t\t\t\t\t\t\t\t<\/div>\n\t\t\t\t<\/div>\n\t\t\t\t\t<\/div>\n\t\t<\/div>\n\t\t\t\t\t<\/div>\n\t\t<\/section>\n\t\t\t\t<section class=\"elementor-section elementor-top-section elementor-element elementor-element-77e17b4 elementor-section-boxed elementor-section-height-default elementor-section-height-default\" data-id=\"77e17b4\" data-element_type=\"section\">\n\t\t\t\t\t\t<div class=\"elementor-container elementor-column-gap-default\">\n\t\t\t\t\t<div class=\"elementor-column elementor-col-100 elementor-top-column elementor-element elementor-element-52d1177\" data-id=\"52d1177\" data-element_type=\"column\">\n\t\t\t<div class=\"elementor-widget-wrap elementor-element-populated\">\n\t\t\t\t\t\t<div class=\"elementor-element elementor-element-768736a elementor-widget elementor-widget-heading\" data-id=\"768736a\" data-element_type=\"widget\" data-widget_type=\"heading.default\">\n\t\t\t\t<div class=\"elementor-widget-container\">\n\t\t\t\t\t<h5 class=\"elementor-heading-title elementor-size-default\">A \u00e9tica algopriorit\u00e1ria no desafio darwiniano: a \u00cdndia melhor que a Gr\u00e9cia<\/h5>\t\t\t\t<\/div>\n\t\t\t\t<\/div>\n\t\t\t\t\t<\/div>\n\t\t<\/div>\n\t\t\t\t\t<\/div>\n\t\t<\/section>\n\t\t\t\t<section class=\"elementor-section elementor-top-section elementor-element elementor-element-1f8ae67 elementor-section-boxed elementor-section-height-default elementor-section-height-default\" data-id=\"1f8ae67\" data-element_type=\"section\">\n\t\t\t\t\t\t<div class=\"elementor-container elementor-column-gap-default\">\n\t\t\t\t\t<div class=\"elementor-column elementor-col-100 elementor-top-column elementor-element elementor-element-df2a716\" data-id=\"df2a716\" data-element_type=\"column\">\n\t\t\t<div class=\"elementor-widget-wrap elementor-element-populated\">\n\t\t\t\t\t\t<div class=\"elementor-element elementor-element-b623a6e elementor-widget elementor-widget-text-editor\" data-id=\"b623a6e\" data-element_type=\"widget\" data-widget_type=\"text-editor.default\">\n\t\t\t\t<div class=\"elementor-widget-container\">\n\t\t\t\t\t\t\t\t\t<p><i><span style=\"font-weight: 400;\">Vejamos agora o destino da \u00e9tica que d\u00e1 prioridade ao al\u00edvio do sofrimento, a que chamaremos algoprioritarismo.<\/span><\/i><\/p><p><span style=\"font-weight: 400;\">O algoprioritarismo, que surgiu h\u00e1 apenas 2.500 anos na \u00cdndia e na Gr\u00e9cia, sempre teve dificuldade em opor-se \u00e0 ideologia da reprodu\u00e7\u00e3o. Neste conflito de prioridades, o &#8220;conservadorismo&#8221;, que privilegia a reprodu\u00e7\u00e3o, tende a ganhar ao &#8220;progressismo&#8221;, porque nada reproduz melhor do que a reprodu\u00e7\u00e3o. <\/span><\/p><ul><li style=\"font-weight: 400;\"><span style=\"font-weight: 400;\">Na Gr\u00e9cia, o epicurismo foi derrubado pelo estoicismo e depois pelo cristianismo. Ainda hoje, o Vaticano continua a considerar o sofrimento como um mal.   <\/span><a href=\"http:\/\/www.vatican.va\/content\/john-paul-ii\/fr\/apost_letters\/1984\/documents\/hf_jp-ii_apl_11021984_salvifici-doloris.html\"><i><span style=\"font-weight: 400;\">salutar<\/span><\/i><\/a><span style=\"font-weight: 400;\">. S\u00f3 no s\u00e9culo XVIII \u00e9 que a &#8220;felicidade&#8221; regressou em for\u00e7a ao Ocidente, ao mais alto n\u00edvel do direito, gra\u00e7as \u00e0   <\/span><i><span style=\"font-weight: 400;\">Declara\u00e7\u00e3o dos Direitos do Homem e do Cidad\u00e3o<\/span><\/i><span style=\"font-weight: 400;\">  de 1789. Mas dois s\u00e9culos foram suficientes para contrariar esta vontade \u00e9tica. J\u00e1 em 1948, no rescaldo da Segunda Guerra Mundial, o bloqueio judaico-crist\u00e3o dos direitos fundamentais deu origem \u00e0    <\/span><i><span style=\"font-weight: 400;\">Declara\u00e7\u00e3o Universal dos Direitos do Homem<\/span><\/i><span style=\"font-weight: 400;\"> (DUDH), que elimina a felicidade e a substitui pela sua \u00e9tica pr\u00f3-vida e pela &#8220;dignidade&#8221; kantiana, ou seja, que o <\/span><i><span style=\"font-weight: 400;\">fim em si mesmo<\/span><\/i><span style=\"font-weight: 400;\">  O objetivo do homem &#8211; a imagem de Deus, como todos sabemos &#8211; \u00e9 reproduzir-se. \u00c9 por isso que Kant era contra as pr\u00e1ticas sexuais n\u00e3o reprodutivas e o suic\u00eddio. Para completar o quadro, a DUDH estabelece o casamento, institui\u00e7\u00e3o que est\u00e1 no centro do patriarcado, como um direito fundamental. O que \u00e9 que o casamento, que discrimina as pessoas solteiras, tem a ver com os direitos fundamentais?   <\/span><\/li><\/ul><p><span style=\"font-weight: 400;\">A partir da \u00cdndia, o budismo resistiu melhor. Se a sua chama n\u00e3o se extinguiu durante este longo per\u00edodo, \u00e9 porque fez uma descoberta cient\u00edfica revolucion\u00e1ria: a ilus\u00e3o do ego. Enquanto o    <\/span><i><span style=\"font-weight: 400;\">consci\u00eancia de si<\/span><\/i><span style=\"font-weight: 400;\"> existe, como toda a gente pode experimentar, mas o <\/span><i><span style=\"font-weight: 400;\">Self<\/span><\/i><span style=\"font-weight: 400;\"> dessa consci\u00eancia \u00e9 uma ilus\u00e3o mental compar\u00e1vel a uma ilus\u00e3o de \u00f3tica. <\/span><i><span style=\"font-weight: 400;\">A vis\u00e3o da \u00e1gua<\/span><\/i><span style=\"font-weight: 400;\"> no fundo do deserto \u00e9 muito real, mas a<\/span><i><span style=\"font-weight: 400;\">\u00e1gua<\/span><\/i><span style=\"font-weight: 400;\">  A tua vis\u00e3o \u00e9 uma ilus\u00e3o de \u00f3tica. Enquanto no Ocidente o altru\u00edsmo e a compaix\u00e3o s\u00e3o sempre puras exorta\u00e7\u00f5es sem base racional, ao contr\u00e1rio do ego\u00edsmo, o budismo demonstra que \u00e9 irracional preocupar-se exclusivamente com o sofrimento &#8220;pr\u00f3prio&#8221;, uma vez que o ego n\u00e3o existe. Como \u00e9 que um movimento social como o    <\/span><a href=\"https:\/\/fr.wikipedia.org\/wiki\/Altruisme_efficace#:~:text=L'altruisme%20efficace%20est%20un,impact%20positif%20sur%20le%20monde.\"><span style=\"font-weight: 400;\">o altru\u00edsmo efetivo<\/span><\/a><span style=\"font-weight: 400;\"> ser racional se o teu ponto de partida, o altru\u00edsmo, n\u00e3o \u00e9 racional?<\/span><\/p>\t\t\t\t\t\t\t\t<\/div>\n\t\t\t\t<\/div>\n\t\t\t\t\t<\/div>\n\t\t<\/div>\n\t\t\t\t\t<\/div>\n\t\t<\/section>\n\t\t\t\t<section class=\"elementor-section elementor-top-section elementor-element elementor-element-c3bb995 elementor-section-boxed elementor-section-height-default elementor-section-height-default\" data-id=\"c3bb995\" data-element_type=\"section\">\n\t\t\t\t\t\t<div class=\"elementor-container elementor-column-gap-default\">\n\t\t\t\t\t<div class=\"elementor-column elementor-col-100 elementor-top-column elementor-element elementor-element-25418ca\" data-id=\"25418ca\" data-element_type=\"column\">\n\t\t\t<div class=\"elementor-widget-wrap elementor-element-populated\">\n\t\t\t\t\t\t<div class=\"elementor-element elementor-element-b61704a elementor-widget elementor-widget-heading\" data-id=\"b61704a\" data-element_type=\"widget\" data-widget_type=\"heading.default\">\n\t\t\t\t<div class=\"elementor-widget-container\">\n\t\t\t\t\t<h5 class=\"elementor-heading-title elementor-size-default\">Descobre a ilus\u00e3o do ego no cora\u00e7\u00e3o da replica\u00e7\u00e3o mem\u00e9tica<\/h5>\t\t\t\t<\/div>\n\t\t\t\t<\/div>\n\t\t\t\t\t<\/div>\n\t\t<\/div>\n\t\t\t\t\t<\/div>\n\t\t<\/section>\n\t\t\t\t<section class=\"elementor-section elementor-top-section elementor-element elementor-element-29be2b7 elementor-section-boxed elementor-section-height-default elementor-section-height-default\" data-id=\"29be2b7\" data-element_type=\"section\">\n\t\t\t\t\t\t<div class=\"elementor-container elementor-column-gap-default\">\n\t\t\t\t\t<div class=\"elementor-column elementor-col-100 elementor-top-column elementor-element elementor-element-1e146f0\" data-id=\"1e146f0\" data-element_type=\"column\">\n\t\t\t<div class=\"elementor-widget-wrap elementor-element-populated\">\n\t\t\t\t\t\t<div class=\"elementor-element elementor-element-68c4deb elementor-widget elementor-widget-text-editor\" data-id=\"68c4deb\" data-element_type=\"widget\" data-widget_type=\"text-editor.default\">\n\t\t\t\t<div class=\"elementor-widget-container\">\n\t\t\t\t\t\t\t\t\t<p><i><span style=\"font-weight: 400;\">Porqu\u00ea a diferen\u00e7a na replica\u00e7\u00e3o do algoprioritarismo entre a Gr\u00e9cia, que est\u00e1 a fracassar, e a \u00cdndia, que est\u00e1 a ir bastante bem?<\/span><\/i><\/p><p><span style=\"font-weight: 400;\">Quando o budismo compreende que &#8220;o sofrimento existe, n\u00e3o o sofredor&#8221;, esta <\/span><i><span style=\"font-weight: 400;\">consci\u00eancia universal<\/span><\/i><span style=\"font-weight: 400;\">  torna-se um replicador mem\u00e9tico que permite que o algoprioritarismo se reproduza a longo prazo, para enfrentar os mil\u00e9nios. Devido \u00e0 nossa compreens\u00e3o da ilus\u00e3o do ego, \u00e9 irracional preocuparmo-nos egoisticamente com um \u00fanico tipo de sofrimento, o nosso pr\u00f3prio sofrimento, ou seja, o sofrimento de um Eu ilus\u00f3rio, sem ter em conta todo o sofrimento do cosmos at\u00e9 ao fim dos tempos. Porqu\u00ea pagar a reforma pela pessoa que serei daqui a 20 anos, se n\u00e3o sou eu, e n\u00e3o pelo meu vizinho? Racionalmente, esta falta de identidade pessoal ao longo do tempo, que decorre da imperman\u00eancia, significa que devemos pagar por todos. E tamb\u00e9m que todos herdam de todos os outros. Visita       <\/span><a href=\"https:\/\/fr.wikipedia.org\/wiki\/Bodhisattva\"><span style=\"font-weight: 400;\">bodhisattva<\/span><\/a><span style=\"font-weight: 400;\">figura emblem\u00e1tica do budismo, est\u00e1 condenado a preocupar-se tanto com o sofrimento das gera\u00e7\u00f5es futuras e de todos os seres sencientes como com o &#8220;seu pr\u00f3prio&#8221;. <\/span> <\/p><p><span style=\"font-weight: 400;\">Na sua Teoria da Justi\u00e7a, John Rawls baseou-se fortemente no <\/span><a href=\"https:\/\/fr.wikipedia.org\/wiki\/Voile_d%27ignorance#:~:text=Le%20voile%20d'ignorance%20est,de%20la%20justice%20(1971).\"><span style=\"font-weight: 400;\">v\u00e9u de ignor\u00e2ncia<\/span><\/a><span style=\"font-weight: 400;\">  como condi\u00e7\u00e3o de justi\u00e7a. A ideia \u00e9 que os legisladores adoptar\u00e3o leis que s\u00e3o tanto mais justas quanto mais tiverem passado por um v\u00e9u de ignor\u00e2ncia que os torna inconscientes de quem s\u00e3o quando aprovam leis. John Rawls sonhou com isto, e o budismo, com a sua descoberta da ilus\u00e3o do ego, tornou-o realidade.  <\/span><\/p><p><span style=\"font-weight: 400;\">Se quisermos que uma intelig\u00eancia artificial, como um beb\u00e9 de proveta, se comporte no futuro com a compaix\u00e3o de um bodhisattva, seria melhor ensinar-lhe a ilus\u00e3o do ego e a consci\u00eancia universal&#8230;<\/span><\/p>\t\t\t\t\t\t\t\t<\/div>\n\t\t\t\t<\/div>\n\t\t\t\t\t<\/div>\n\t\t<\/div>\n\t\t\t\t\t<\/div>\n\t\t<\/section>\n\t\t\t\t<section class=\"elementor-section elementor-top-section elementor-element elementor-element-09042cf elementor-section-boxed elementor-section-height-default elementor-section-height-default\" data-id=\"09042cf\" data-element_type=\"section\">\n\t\t\t\t\t\t<div class=\"elementor-container elementor-column-gap-default\">\n\t\t\t\t\t<div class=\"elementor-column elementor-col-100 elementor-top-column elementor-element elementor-element-0041c8c\" data-id=\"0041c8c\" data-element_type=\"column\">\n\t\t\t<div class=\"elementor-widget-wrap elementor-element-populated\">\n\t\t\t\t\t\t<div class=\"elementor-element elementor-element-d2e8076 elementor-widget elementor-widget-heading\" data-id=\"d2e8076\" data-element_type=\"widget\" data-widget_type=\"heading.default\">\n\t\t\t\t<div class=\"elementor-widget-container\">\n\t\t\t\t\t<h5 class=\"elementor-heading-title elementor-size-default\">Replica\u00e7\u00e3o mem\u00e9tica do anti-especismo: aposta na consci\u00eancia universal<\/h5>\t\t\t\t<\/div>\n\t\t\t\t<\/div>\n\t\t\t\t\t<\/div>\n\t\t<\/div>\n\t\t\t\t\t<\/div>\n\t\t<\/section>\n\t\t\t\t<section class=\"elementor-section elementor-top-section elementor-element elementor-element-d1e8a33 elementor-section-boxed elementor-section-height-default elementor-section-height-default\" data-id=\"d1e8a33\" data-element_type=\"section\">\n\t\t\t\t\t\t<div class=\"elementor-container elementor-column-gap-default\">\n\t\t\t\t\t<div class=\"elementor-column elementor-col-100 elementor-top-column elementor-element elementor-element-cbaa5f9\" data-id=\"cbaa5f9\" data-element_type=\"column\">\n\t\t\t<div class=\"elementor-widget-wrap elementor-element-populated\">\n\t\t\t\t\t\t<div class=\"elementor-element elementor-element-e2ab69f elementor-widget elementor-widget-text-editor\" data-id=\"e2ab69f\" data-element_type=\"widget\" data-widget_type=\"text-editor.default\">\n\t\t\t\t<div class=\"elementor-widget-container\">\n\t\t\t\t\t\t\t\t\t<p><i><span style=\"font-weight: 400;\">Em tudo isto, ser\u00e1 que h\u00e1 li\u00e7\u00f5es a tirar para a replica\u00e7\u00e3o mem\u00e9tica a longo prazo do anti-especismo?<\/span><\/i><\/p><p><span style=\"font-weight: 400;\">Sim, porque o racioc\u00ednio \u00e9 o mesmo que para o algoprioritarismo. A consequ\u00eancia imediata da dissipa\u00e7\u00e3o da ilus\u00e3o do ego \u00e9 a aboli\u00e7\u00e3o das barreiras entre ti e os outros, incluindo a barreira da esp\u00e9cie. A autoconsci\u00eancia que atinge a consci\u00eancia universal deixa de ter qualquer raz\u00e3o para discriminar com base na esp\u00e9cie, ao passo que o ego\u00edsta tem um interesse racional em conceder privil\u00e9gios a si pr\u00f3prio \u00e0 custa dos outros, incluindo outras esp\u00e9cies.    <\/span><\/p><p><span style=\"font-weight: 400;\">Se o anti-especismo quiser reproduzir-se a longo prazo, \u00e9 portanto do seu interesse apostar na consciencializa\u00e7\u00e3o universal atrav\u00e9s de um ensino generalizado da ilus\u00e3o do ego, come\u00e7ando por aqueles que t\u00eam acesso ao poder de governa\u00e7\u00e3o, mas acabando por atingir todas as popula\u00e7\u00f5es atrav\u00e9s da inclus\u00e3o da forma\u00e7\u00e3o sobre a ilus\u00e3o do ego nos curr\u00edculos escolares.<\/span><\/p>\t\t\t\t\t\t\t\t<\/div>\n\t\t\t\t<\/div>\n\t\t\t\t\t<\/div>\n\t\t<\/div>\n\t\t\t\t\t<\/div>\n\t\t<\/section>\n\t\t\t\t<section class=\"elementor-section elementor-top-section elementor-element elementor-element-d5bbdbf elementor-section-boxed elementor-section-height-default elementor-section-height-default\" data-id=\"d5bbdbf\" data-element_type=\"section\">\n\t\t\t\t\t\t<div class=\"elementor-container elementor-column-gap-default\">\n\t\t\t\t\t<div class=\"elementor-column elementor-col-100 elementor-top-column elementor-element elementor-element-511e5ec\" data-id=\"511e5ec\" data-element_type=\"column\">\n\t\t\t<div class=\"elementor-widget-wrap elementor-element-populated\">\n\t\t\t\t\t\t<div class=\"elementor-element elementor-element-84209e0 elementor-widget elementor-widget-heading\" data-id=\"84209e0\" data-element_type=\"widget\" data-widget_type=\"heading.default\">\n\t\t\t\t<div class=\"elementor-widget-container\">\n\t\t\t\t\t<h5 class=\"elementor-heading-title elementor-size-default\">Organiza-te: como \u00e9 que as causas se cruzam?<\/h5>\t\t\t\t<\/div>\n\t\t\t\t<\/div>\n\t\t\t\t\t<\/div>\n\t\t<\/div>\n\t\t\t\t\t<\/div>\n\t\t<\/section>\n\t\t\t\t<section class=\"elementor-section elementor-top-section elementor-element elementor-element-60608b6 elementor-section-boxed elementor-section-height-default elementor-section-height-default\" data-id=\"60608b6\" data-element_type=\"section\">\n\t\t\t\t\t\t<div class=\"elementor-container elementor-column-gap-default\">\n\t\t\t\t\t<div class=\"elementor-column elementor-col-100 elementor-top-column elementor-element elementor-element-bd121ab\" data-id=\"bd121ab\" data-element_type=\"column\">\n\t\t\t<div class=\"elementor-widget-wrap elementor-element-populated\">\n\t\t\t\t\t\t<div class=\"elementor-element elementor-element-695db36 elementor-widget elementor-widget-text-editor\" data-id=\"695db36\" data-element_type=\"widget\" data-widget_type=\"text-editor.default\">\n\t\t\t\t<div class=\"elementor-widget-container\">\n\t\t\t\t\t\t\t\t\t<p><i><span style=\"font-weight: 400;\">Depois da quest\u00e3o da replica\u00e7\u00e3o mem\u00e9tica, que \u00e9 o fator organizativo de base para a longevidade, vejamos a outra condi\u00e7\u00e3o para uma boa organiza\u00e7\u00e3o, ou seja, que os membros de um coletivo partilhem a mesma prioridade \u00faltima. Esta \u00e9 a quest\u00e3o da verdadeira interseccionalidade das causas. <\/span><\/i><\/p><p><span style=\"font-weight: 400;\">Se o ensino da ilus\u00e3o do ego tem como consequ\u00eancia mec\u00e2nica o anti-especismo e permite ao algoprioritarismo enfrentar o desafio darwiniano a todas as \u00e9ticas, os progressistas podem ir mais longe face aos conservadores: organizando-se. Enquanto cada causa procurar atingir os seus objectivos por si s\u00f3, sem se preocupar em colaborar com outras causas, o conservadorismo continuar\u00e1 a ser poderoso. Mas se quisermos unir for\u00e7as de forma eficaz, temos de partilhar o mesmo prop\u00f3sito, o mesmo objetivo, a mesma prioridade final na intersec\u00e7\u00e3o de causas. Um tal ponto de converg\u00eancia evitar\u00e1 que, um dia ou outro, surjam conflitos de valores insol\u00faveis que fracturam o coletivo. \u00c9 por esta raz\u00e3o que \u00e9 do interesse de cada coletivo questionar a sua prioridade \u00e9tica.    <\/span><\/p><p><span style=\"font-weight: 400;\">Acontece que, no jogo darwiniano das ideias e da \u00e9tica, a longa hist\u00f3ria do pensamento humano sugere que apenas dois valores fundamentais, duas prioridades \u00e9ticas, sobreviveram a longo prazo: a reprodu\u00e7\u00e3o da vida e o evitar do sofrimento. Porque \u00e9 que estas duas \u00e9ticas foram socialmente dominantes em vez de outras? Vamos supor que a ideologia da reprodu\u00e7\u00e3o \u00e9 o resultado direto da sele\u00e7\u00e3o natural da \u00e9tica e que o tandem do sofrimento e do prazer \u00e9 um regulador cibern\u00e9tico \u00fatil para todas as formas de vida m\u00f3vel. A sensibilidade ao sofrimento n\u00e3o \u00e9 uma vantagem reprodutiva para as formas de mobilidade fraca: a sensibilidade do merc\u00fario ao calor \u00e9 suficiente para a sua mobilidade no term\u00f3metro; n\u00e3o \u00e9 necess\u00e1ria a consci\u00eancia do sofrimento.     <\/span><\/p><p><span style=\"font-weight: 400;\">Assim, para qualquer coletivo que se pergunte qual \u00e9 a sua prioridade \u00e9tica, a resposta \u00e9 muito simples: ou \u00e9 o al\u00edvio do sofrimento ou \u00e9 a reprodu\u00e7\u00e3o dos vivos, ou seja, a \u00e9tica Pr\u00f3-Vida. Imaginemos um anti-especismo Pr\u00f3-Vida, ou seja, ao servi\u00e7o de uma sociedade que d\u00e1 prioridade \u00e0 vida, ent\u00e3o esse anti-especismo poderia agravar o sofrimento dos n\u00e3o-humanos com o famoso &#8220;direito \u00e0 vida&#8221; frequentemente veiculado no discurso animalista, que proibiria a eutan\u00e1sia para os animais que morrem de doen\u00e7a em sofrimento terr\u00edvel, sem discrimina\u00e7\u00e3o em rela\u00e7\u00e3o \u00e0 mesma proibi\u00e7\u00e3o para os humanos. O princ\u00edpio da justi\u00e7a apenas diz que os seres devem ser tratados de forma igual, n\u00e3o diz se devem ser tratados numa perspetiva conservadora ou progressista. \u00c9 perigoso reivindicar a justi\u00e7a e a igualdade sem dizer primeiro qual a prioridade \u00e9tica que ser\u00e1 dada a esta justi\u00e7a. Penso que este problema ser\u00e1 desenvolvido pelo pr\u00f3ximo orador, Jim Buhler.    <\/span><\/p>\t\t\t\t\t\t\t\t<\/div>\n\t\t\t\t<\/div>\n\t\t\t\t\t<\/div>\n\t\t<\/div>\n\t\t\t\t\t<\/div>\n\t\t<\/section>\n\t\t\t\t<section class=\"elementor-section elementor-top-section elementor-element elementor-element-1b51bd9 elementor-section-boxed elementor-section-height-default elementor-section-height-default\" data-id=\"1b51bd9\" data-element_type=\"section\">\n\t\t\t\t\t\t<div class=\"elementor-container elementor-column-gap-default\">\n\t\t\t\t\t<div class=\"elementor-column elementor-col-100 elementor-top-column elementor-element elementor-element-aa818fb\" data-id=\"aa818fb\" data-element_type=\"column\">\n\t\t\t<div class=\"elementor-widget-wrap elementor-element-populated\">\n\t\t\t\t\t\t<div class=\"elementor-element elementor-element-9528e64 elementor-widget elementor-widget-heading\" data-id=\"9528e64\" data-element_type=\"widget\" data-widget_type=\"heading.default\">\n\t\t\t\t<div class=\"elementor-widget-container\">\n\t\t\t\t\t<h5 class=\"elementor-heading-title elementor-size-default\">A Coliga\u00e7\u00e3o Internacional para a Liberta\u00e7\u00e3o Animal, membro da Algosphere Alliance<\/h5>\t\t\t\t<\/div>\n\t\t\t\t<\/div>\n\t\t\t\t\t<\/div>\n\t\t<\/div>\n\t\t\t\t\t<\/div>\n\t\t<\/section>\n\t\t\t\t<section class=\"elementor-section elementor-top-section elementor-element elementor-element-0d2bdc6 elementor-section-boxed elementor-section-height-default elementor-section-height-default\" data-id=\"0d2bdc6\" data-element_type=\"section\">\n\t\t\t\t\t\t<div class=\"elementor-container elementor-column-gap-default\">\n\t\t\t\t\t<div class=\"elementor-column elementor-col-100 elementor-top-column elementor-element elementor-element-edcaa0e\" data-id=\"edcaa0e\" data-element_type=\"column\">\n\t\t\t<div class=\"elementor-widget-wrap elementor-element-populated\">\n\t\t\t\t\t\t<div class=\"elementor-element elementor-element-746b552 elementor-widget elementor-widget-text-editor\" data-id=\"746b552\" data-element_type=\"widget\" data-widget_type=\"text-editor.default\">\n\t\t\t\t<div class=\"elementor-widget-container\">\n\t\t\t\t\t\t\t\t\t<p><i><span style=\"font-weight: 400;\">Depois da quest\u00e3o do replicador mem\u00e9tico e da prioridade dada \u00e0 intersec\u00e7\u00e3o de causas, resta discutir a forma que uma reuni\u00e3o de organiza\u00e7\u00f5es poderia assumir para refor\u00e7ar a causa anti-especista.<\/span><\/i><\/p><p><span style=\"font-weight: 400;\">No que diz respeito \u00e0 organiza\u00e7\u00e3o, no s\u00e9culo XXI, existe finalmente uma alian\u00e7a progressista mundial em que cada causa est\u00e1 em sinergia com as outras, nomeadamente a n\u00edvel pol\u00edtico face ao conservadorismo: \u00e9 a<\/span><a href=\"https:\/\/algosphere.org\/fr\/\"><span style=\"font-weight: 400;\">Alian\u00e7a Algosphere<\/span><\/a><span style=\"font-weight: 400;\">. <\/span> <\/p><p><span style=\"font-weight: 400;\">Achamos que est\u00e1 na altura de lan\u00e7ar <\/span><span style=\"font-weight: 400;\">uma <\/span><i><span style=\"font-weight: 400;\">coliga\u00e7\u00e3o internacional<\/span><\/i><span style=\"font-weight: 400;\">  re\u00fane todos os intervenientes na causa animal, desde os anti-especistas aos veganos e animalistas. Esta   <\/span><i><span style=\"font-weight: 400;\">Coliga\u00e7\u00e3o Internacional para a Liberta\u00e7\u00e3o Animal<\/span><\/i><span style=\"font-weight: 400;\"> beneficiaria se se tornasse membro da Algosphere Alliance. <\/span> <\/p><p><span style=\"font-weight: 400;\">Com esse poder pol\u00edtico, seria poss\u00edvel atingir rapidamente objectivos muito ambiciosos. Tipicamente, um dos objectivos mais estrat\u00e9gicos de todos seria substituir a pr\u00f3pria base das nossas sociedades, nomeadamente a altamente especulativa   <\/span><i><span style=\"font-weight: 400;\">Declara\u00e7\u00e3o Universal dos Direitos do Homem<\/span><\/i><span style=\"font-weight: 400;\"> de 1948, por uma <\/span><a href=\"https:\/\/algosphere.org\/fr\/a-propos\/positions\/lettre-ouverte-a-l-organisation-des-nations-unies\/#5-vers-une-d%C3%A9claration-universelle-des-droits-%C3%A9largie-%C3%A0-tous-les-%C3%AAtres-sensibles\"><i><span style=\"font-weight: 400;\">Declara\u00e7\u00e3o Universal dos Direitos dos Seres Sens\u00edveis<\/span><\/i><\/a><span style=\"font-weight: 400;\">at\u00e9 2025.<\/span><\/p>\t\t\t\t\t\t\t\t<\/div>\n\t\t\t\t<\/div>\n\t\t\t\t\t<\/div>\n\t\t<\/div>\n\t\t\t\t\t<\/div>\n\t\t<\/section>\n\t\t\t\t<section class=\"elementor-section elementor-top-section elementor-element elementor-element-30499f5 elementor-section-boxed elementor-section-height-default elementor-section-height-default\" data-id=\"30499f5\" data-element_type=\"section\">\n\t\t\t\t\t\t<div class=\"elementor-container elementor-column-gap-default\">\n\t\t\t\t\t<div class=\"elementor-column elementor-col-100 elementor-top-column elementor-element elementor-element-aee83dd\" data-id=\"aee83dd\" data-element_type=\"column\">\n\t\t\t<div class=\"elementor-widget-wrap elementor-element-populated\">\n\t\t\t\t\t\t<div class=\"elementor-element elementor-element-eb0de6e elementor-widget elementor-widget-heading\" data-id=\"eb0de6e\" data-element_type=\"widget\" data-widget_type=\"heading.default\">\n\t\t\t\t<div class=\"elementor-widget-container\">\n\t\t\t\t\t<h5 class=\"elementor-heading-title elementor-size-default\">Conclus\u00e3o: como \u00e9 que falhas?<\/h5>\t\t\t\t<\/div>\n\t\t\t\t<\/div>\n\t\t\t\t\t<\/div>\n\t\t<\/div>\n\t\t\t\t\t<\/div>\n\t\t<\/section>\n\t\t\t\t<section class=\"elementor-section elementor-top-section elementor-element elementor-element-5c5da63 elementor-section-boxed elementor-section-height-default elementor-section-height-default\" data-id=\"5c5da63\" data-element_type=\"section\">\n\t\t\t\t\t\t<div class=\"elementor-container elementor-column-gap-default\">\n\t\t\t\t\t<div class=\"elementor-column elementor-col-100 elementor-top-column elementor-element elementor-element-e859a2b\" data-id=\"e859a2b\" data-element_type=\"column\">\n\t\t\t<div class=\"elementor-widget-wrap elementor-element-populated\">\n\t\t\t\t\t\t<div class=\"elementor-element elementor-element-604621a elementor-widget elementor-widget-text-editor\" data-id=\"604621a\" data-element_type=\"widget\" data-widget_type=\"text-editor.default\">\n\t\t\t\t<div class=\"elementor-widget-container\">\n\t\t\t\t\t\t\t\t\t<p><i><span style=\"font-weight: 400;\">Para resumir a minha apresenta\u00e7\u00e3o, aqui ficam dois bons conselhos para garantir que o anti-especismo falha:<\/span><\/i><\/p><p><span style=\"font-weight: 400;\">Dica 1 &#8211; Concentra-te apenas na fase de implementa\u00e7\u00e3o do anti-especismo e n\u00e3o te preocupes com a sua replica\u00e7\u00e3o a longo prazo.<\/span><\/p><ul><li style=\"font-weight: 400;\"><span style=\"font-weight: 400;\">a experi\u00eancia mostra que muitas causas investem muita energia na prepara\u00e7\u00e3o da vit\u00f3ria, mas pouca ou nenhuma em garantir que ela perdure<\/span><\/li><li style=\"font-weight: 400;\"><span style=\"font-weight: 400;\">no caso do anti-especismo, existe no entanto uma excelente alavanca para a replica\u00e7\u00e3o mem\u00e9tica a longo prazo, a saber, a consci\u00eancia universal baseada na ilus\u00e3o do ego, ou seja, a impossibilidade racional de discriminar entre si pr\u00f3prio e as outras consci\u00eancias, qualquer que seja a esp\u00e9cie portadora dessa consci\u00eancia.<\/span><\/li><\/ul><p><span style=\"font-weight: 400;\">Dica 2 &#8211; Acima de tudo, n\u00e3o te perguntes qual \u00e9 a tua prioridade \u00e9tica, de modo a frustrares qualquer tentativa de alian\u00e7a com outras causas.<\/span><\/p><ul><li style=\"font-weight: 400;\"><span style=\"font-weight: 400;\">de que serve falar de &#8220;converg\u00eancia de lutas&#8221; se n\u00e3o existe um &#8220;ponto de converg\u00eancia&#8221;?<\/span><\/li><\/ul><p><span style=\"font-weight: 400;\">se n\u00e3o especificarmos \u00e0 partida qual \u00e9 o &#8220;ponto de converg\u00eancia&#8221;, \u00e9 prov\u00e1vel que acabemos por ter 2 &#8220;pontos de diverg\u00eancia&#8221;, um que d\u00e1 prioridade \u00e0 Vida e outro que d\u00e1 prioridade ao al\u00edvio do sofrimento. \u00c9 tamb\u00e9m o que vemos nas causas animais ou ambientais: alguns grupos d\u00e3o prioridade \u00e0 Vida, enquanto outros se preocupam sobretudo com o sofrimento. Mas, na maior parte das vezes, por falta de tempo para refletir, muitos activistas privilegiam a vida e a sensibilidade ao sofrimento: para ganhar o dia, n\u00e3o s\u00f3 a encosta \u00e9 \u00edngreme, como a estrada se bifurca.  <\/span><a href=\"https:\/\/fr.wikipedia.org\/wiki\/Raffarinade\"><span style=\"font-weight: 400;\">*<\/span><\/a><span style=\"font-weight: 400;\"> !<\/span><\/p>\t\t\t\t\t\t\t\t<\/div>\n\t\t\t\t<\/div>\n\t\t\t\t\t<\/div>\n\t\t<\/div>\n\t\t\t\t\t<\/div>\n\t\t<\/section>\n\t\t\t\t<\/div>\n\t\t","protected":false},"excerpt":{"rendered":"<p>Les P&#8217;tits Webinaires Antisp\u00e9cistes agosto de 2020 Jean-Christophe Lurenbaum Resumo Jean-Christophe Lurenbaum decidiu desde cedo dedicar a sua vida a organizar a maior felicidade poss\u00edvel no mundo. O livro &#8221; \u00c9 do interesse de uma crian\u00e7a nascer?&#8221;, publicado em 2011, \u00e9 o fruto de d\u00e9cadas de investiga\u00e7\u00e3o sobre o conflito permanente entre a \u00e9tica que [&hellip;]<\/p>\n","protected":false},"author":2,"featured_media":2702,"comment_status":"closed","ping_status":"closed","sticky":false,"template":"","format":"standard","meta":{"footnotes":""},"categories":[45,78],"tags":[],"class_list":["post-4474","post","type-post","status-publish","format-standard","has-post-thumbnail","hentry","category-noticias","category-opinion-pt-pt"],"yoast_head":"<!-- This site is optimized with the Yoast SEO plugin v26.9 - https:\/\/yoast.com\/product\/yoast-seo-wordpress\/ -->\n<title>Como falhar coletivamente, com certeza! Ou porque te organizas e como... - Op\u00e7\u00e3o Vegana Canad\u00e1<\/title>\n<meta name=\"robots\" content=\"index, follow, max-snippet:-1, max-image-preview:large, max-video-preview:-1\" \/>\n<link rel=\"canonical\" href=\"http:\/\/veganoptioncanada.ca\/pt-pt\/noticias\/como-falhar-coletivamente-com-certeza-ou-porque-te-organizas-e-como\/\" \/>\n<meta property=\"og:locale\" content=\"pt_PT\" \/>\n<meta property=\"og:type\" content=\"article\" \/>\n<meta property=\"og:title\" content=\"Como falhar coletivamente, com certeza! Ou porque te organizas e como... - Op\u00e7\u00e3o Vegana Canad\u00e1\" \/>\n<meta property=\"og:description\" content=\"Les P&#8217;tits Webinaires Antisp\u00e9cistes agosto de 2020 Jean-Christophe Lurenbaum Resumo Jean-Christophe Lurenbaum decidiu desde cedo dedicar a sua vida a organizar a maior felicidade poss\u00edvel no mundo. O livro &#8221; \u00c9 do interesse de uma crian\u00e7a nascer?&#8221;, publicado em 2011, \u00e9 o fruto de d\u00e9cadas de investiga\u00e7\u00e3o sobre o conflito permanente entre a \u00e9tica que [&hellip;]\" \/>\n<meta property=\"og:url\" content=\"http:\/\/veganoptioncanada.ca\/pt-pt\/noticias\/como-falhar-coletivamente-com-certeza-ou-porque-te-organizas-e-como\/\" \/>\n<meta property=\"og:site_name\" content=\"Op\u00e7\u00e3o Vegana Canad\u00e1\" \/>\n<meta property=\"article:publisher\" content=\"https:\/\/www.facebook.com\/VOOVCanada\/\" \/>\n<meta property=\"article:published_time\" content=\"2020-08-30T06:18:34+00:00\" \/>\n<meta property=\"article:modified_time\" content=\"2025-03-30T03:17:59+00:00\" \/>\n<meta property=\"og:image\" content=\"https:\/\/veganoptioncanada.ca\/wp-content\/uploads\/2020\/08\/10.png\" \/>\n\t<meta property=\"og:image:width\" content=\"480\" \/>\n\t<meta property=\"og:image:height\" content=\"270\" \/>\n\t<meta property=\"og:image:type\" content=\"image\/png\" \/>\n<meta name=\"author\" content=\"Editeur\" \/>\n<meta name=\"twitter:card\" content=\"summary_large_image\" \/>\n<meta name=\"twitter:creator\" content=\"@CanadaVegan\" \/>\n<meta name=\"twitter:site\" content=\"@CanadaVegan\" \/>\n<meta name=\"twitter:label1\" content=\"Escrito por\" \/>\n\t<meta name=\"twitter:data1\" content=\"Editeur\" \/>\n\t<meta name=\"twitter:label2\" content=\"Tempo estimado de leitura\" \/>\n\t<meta name=\"twitter:data2\" content=\"14 minutos\" \/>\n<script type=\"application\/ld+json\" class=\"yoast-schema-graph\">{\"@context\":\"https:\/\/schema.org\",\"@graph\":[{\"@type\":\"Article\",\"@id\":\"http:\/\/veganoptioncanada.ca\/pt-pt\/noticias\/como-falhar-coletivamente-com-certeza-ou-porque-te-organizas-e-como\/#article\",\"isPartOf\":{\"@id\":\"http:\/\/veganoptioncanada.ca\/pt-pt\/noticias\/como-falhar-coletivamente-com-certeza-ou-porque-te-organizas-e-como\/\"},\"author\":{\"name\":\"Editeur\",\"@id\":\"http:\/\/veganoptioncanada.ca\/pt-pt\/#\/schema\/person\/9212ba9961ec51f55b60bab6ae51c478\"},\"headline\":\"Como falhar coletivamente, com certeza! Ou porque te organizas e como&#8230;\",\"datePublished\":\"2020-08-30T06:18:34+00:00\",\"dateModified\":\"2025-03-30T03:17:59+00:00\",\"mainEntityOfPage\":{\"@id\":\"http:\/\/veganoptioncanada.ca\/pt-pt\/noticias\/como-falhar-coletivamente-com-certeza-ou-porque-te-organizas-e-como\/\"},\"wordCount\":2714,\"publisher\":{\"@id\":\"http:\/\/veganoptioncanada.ca\/pt-pt\/#organization\"},\"image\":{\"@id\":\"http:\/\/veganoptioncanada.ca\/pt-pt\/noticias\/como-falhar-coletivamente-com-certeza-ou-porque-te-organizas-e-como\/#primaryimage\"},\"thumbnailUrl\":\"http:\/\/veganoptioncanada.ca\/wp-content\/uploads\/2020\/08\/10.png\",\"articleSection\":[\"Not\u00edcias\",\"Opinion\"],\"inLanguage\":\"pt-PT\"},{\"@type\":\"WebPage\",\"@id\":\"http:\/\/veganoptioncanada.ca\/pt-pt\/noticias\/como-falhar-coletivamente-com-certeza-ou-porque-te-organizas-e-como\/\",\"url\":\"http:\/\/veganoptioncanada.ca\/pt-pt\/noticias\/como-falhar-coletivamente-com-certeza-ou-porque-te-organizas-e-como\/\",\"name\":\"Como falhar coletivamente, com certeza! Ou porque te organizas e como... - Op\u00e7\u00e3o Vegana Canad\u00e1\",\"isPartOf\":{\"@id\":\"http:\/\/veganoptioncanada.ca\/pt-pt\/#website\"},\"primaryImageOfPage\":{\"@id\":\"http:\/\/veganoptioncanada.ca\/pt-pt\/noticias\/como-falhar-coletivamente-com-certeza-ou-porque-te-organizas-e-como\/#primaryimage\"},\"image\":{\"@id\":\"http:\/\/veganoptioncanada.ca\/pt-pt\/noticias\/como-falhar-coletivamente-com-certeza-ou-porque-te-organizas-e-como\/#primaryimage\"},\"thumbnailUrl\":\"http:\/\/veganoptioncanada.ca\/wp-content\/uploads\/2020\/08\/10.png\",\"datePublished\":\"2020-08-30T06:18:34+00:00\",\"dateModified\":\"2025-03-30T03:17:59+00:00\",\"breadcrumb\":{\"@id\":\"http:\/\/veganoptioncanada.ca\/pt-pt\/noticias\/como-falhar-coletivamente-com-certeza-ou-porque-te-organizas-e-como\/#breadcrumb\"},\"inLanguage\":\"pt-PT\",\"potentialAction\":[{\"@type\":\"ReadAction\",\"target\":[\"http:\/\/veganoptioncanada.ca\/pt-pt\/noticias\/como-falhar-coletivamente-com-certeza-ou-porque-te-organizas-e-como\/\"]}]},{\"@type\":\"ImageObject\",\"inLanguage\":\"pt-PT\",\"@id\":\"http:\/\/veganoptioncanada.ca\/pt-pt\/noticias\/como-falhar-coletivamente-com-certeza-ou-porque-te-organizas-e-como\/#primaryimage\",\"url\":\"http:\/\/veganoptioncanada.ca\/wp-content\/uploads\/2020\/08\/10.png\",\"contentUrl\":\"http:\/\/veganoptioncanada.ca\/wp-content\/uploads\/2020\/08\/10.png\",\"width\":480,\"height\":270},{\"@type\":\"BreadcrumbList\",\"@id\":\"http:\/\/veganoptioncanada.ca\/pt-pt\/noticias\/como-falhar-coletivamente-com-certeza-ou-porque-te-organizas-e-como\/#breadcrumb\",\"itemListElement\":[{\"@type\":\"ListItem\",\"position\":1,\"name\":\"Home\",\"item\":\"https:\/\/veganoptioncanada.ca\/pt-pt\/\"},{\"@type\":\"ListItem\",\"position\":2,\"name\":\"Como falhar coletivamente, com certeza! Ou porque te organizas e como&#8230;\"}]},{\"@type\":\"WebSite\",\"@id\":\"http:\/\/veganoptioncanada.ca\/pt-pt\/#website\",\"url\":\"http:\/\/veganoptioncanada.ca\/pt-pt\/\",\"name\":\"Vegan Option Canada - Option V\u00e9gane Canada\",\"description\":\"\",\"publisher\":{\"@id\":\"http:\/\/veganoptioncanada.ca\/pt-pt\/#organization\"},\"potentialAction\":[{\"@type\":\"SearchAction\",\"target\":{\"@type\":\"EntryPoint\",\"urlTemplate\":\"http:\/\/veganoptioncanada.ca\/pt-pt\/?s={search_term_string}\"},\"query-input\":{\"@type\":\"PropertyValueSpecification\",\"valueRequired\":true,\"valueName\":\"search_term_string\"}}],\"inLanguage\":\"pt-PT\"},{\"@type\":\"Organization\",\"@id\":\"http:\/\/veganoptioncanada.ca\/pt-pt\/#organization\",\"name\":\"Vegan Option Canada\",\"url\":\"http:\/\/veganoptioncanada.ca\/pt-pt\/\",\"logo\":{\"@type\":\"ImageObject\",\"inLanguage\":\"pt-PT\",\"@id\":\"http:\/\/veganoptioncanada.ca\/pt-pt\/#\/schema\/logo\/image\/\",\"url\":\"http:\/\/veganoptioncanada.ca\/wp-content\/uploads\/2021\/04\/Logo_OVC_transparent_web.png\",\"contentUrl\":\"http:\/\/veganoptioncanada.ca\/wp-content\/uploads\/2021\/04\/Logo_OVC_transparent_web.png\",\"width\":200,\"height\":200,\"caption\":\"Vegan Option Canada\"},\"image\":{\"@id\":\"http:\/\/veganoptioncanada.ca\/pt-pt\/#\/schema\/logo\/image\/\"},\"sameAs\":[\"https:\/\/www.facebook.com\/VOOVCanada\/\",\"https:\/\/x.com\/CanadaVegan\",\"https:\/\/instagram.com\/veganoptioncanada\/\",\"https:\/\/www.youtube.com\/channel\/UCDVCrc0eUMbWkdRwsUQi4Hw\"]},{\"@type\":\"Person\",\"@id\":\"http:\/\/veganoptioncanada.ca\/pt-pt\/#\/schema\/person\/9212ba9961ec51f55b60bab6ae51c478\",\"name\":\"Editeur\",\"url\":\"http:\/\/veganoptioncanada.ca\/pt-pt\/author\/editeur\/\"}]}<\/script>\n<!-- \/ Yoast SEO plugin. -->","yoast_head_json":{"title":"Como falhar coletivamente, com certeza! Ou porque te organizas e como... - Op\u00e7\u00e3o Vegana Canad\u00e1","robots":{"index":"index","follow":"follow","max-snippet":"max-snippet:-1","max-image-preview":"max-image-preview:large","max-video-preview":"max-video-preview:-1"},"canonical":"http:\/\/veganoptioncanada.ca\/pt-pt\/noticias\/como-falhar-coletivamente-com-certeza-ou-porque-te-organizas-e-como\/","og_locale":"pt_PT","og_type":"article","og_title":"Como falhar coletivamente, com certeza! Ou porque te organizas e como... - Op\u00e7\u00e3o Vegana Canad\u00e1","og_description":"Les P&#8217;tits Webinaires Antisp\u00e9cistes agosto de 2020 Jean-Christophe Lurenbaum Resumo Jean-Christophe Lurenbaum decidiu desde cedo dedicar a sua vida a organizar a maior felicidade poss\u00edvel no mundo. O livro &#8221; \u00c9 do interesse de uma crian\u00e7a nascer?&#8221;, publicado em 2011, \u00e9 o fruto de d\u00e9cadas de investiga\u00e7\u00e3o sobre o conflito permanente entre a \u00e9tica que [&hellip;]","og_url":"http:\/\/veganoptioncanada.ca\/pt-pt\/noticias\/como-falhar-coletivamente-com-certeza-ou-porque-te-organizas-e-como\/","og_site_name":"Op\u00e7\u00e3o Vegana Canad\u00e1","article_publisher":"https:\/\/www.facebook.com\/VOOVCanada\/","article_published_time":"2020-08-30T06:18:34+00:00","article_modified_time":"2025-03-30T03:17:59+00:00","og_image":[{"width":480,"height":270,"url":"https:\/\/veganoptioncanada.ca\/wp-content\/uploads\/2020\/08\/10.png","type":"image\/png"}],"author":"Editeur","twitter_card":"summary_large_image","twitter_creator":"@CanadaVegan","twitter_site":"@CanadaVegan","twitter_misc":{"Escrito por":"Editeur","Tempo estimado de leitura":"14 minutos"},"schema":{"@context":"https:\/\/schema.org","@graph":[{"@type":"Article","@id":"http:\/\/veganoptioncanada.ca\/pt-pt\/noticias\/como-falhar-coletivamente-com-certeza-ou-porque-te-organizas-e-como\/#article","isPartOf":{"@id":"http:\/\/veganoptioncanada.ca\/pt-pt\/noticias\/como-falhar-coletivamente-com-certeza-ou-porque-te-organizas-e-como\/"},"author":{"name":"Editeur","@id":"http:\/\/veganoptioncanada.ca\/pt-pt\/#\/schema\/person\/9212ba9961ec51f55b60bab6ae51c478"},"headline":"Como falhar coletivamente, com certeza! Ou porque te organizas e como&#8230;","datePublished":"2020-08-30T06:18:34+00:00","dateModified":"2025-03-30T03:17:59+00:00","mainEntityOfPage":{"@id":"http:\/\/veganoptioncanada.ca\/pt-pt\/noticias\/como-falhar-coletivamente-com-certeza-ou-porque-te-organizas-e-como\/"},"wordCount":2714,"publisher":{"@id":"http:\/\/veganoptioncanada.ca\/pt-pt\/#organization"},"image":{"@id":"http:\/\/veganoptioncanada.ca\/pt-pt\/noticias\/como-falhar-coletivamente-com-certeza-ou-porque-te-organizas-e-como\/#primaryimage"},"thumbnailUrl":"http:\/\/veganoptioncanada.ca\/wp-content\/uploads\/2020\/08\/10.png","articleSection":["Not\u00edcias","Opinion"],"inLanguage":"pt-PT"},{"@type":"WebPage","@id":"http:\/\/veganoptioncanada.ca\/pt-pt\/noticias\/como-falhar-coletivamente-com-certeza-ou-porque-te-organizas-e-como\/","url":"http:\/\/veganoptioncanada.ca\/pt-pt\/noticias\/como-falhar-coletivamente-com-certeza-ou-porque-te-organizas-e-como\/","name":"Como falhar coletivamente, com certeza! Ou porque te organizas e como... - Op\u00e7\u00e3o Vegana Canad\u00e1","isPartOf":{"@id":"http:\/\/veganoptioncanada.ca\/pt-pt\/#website"},"primaryImageOfPage":{"@id":"http:\/\/veganoptioncanada.ca\/pt-pt\/noticias\/como-falhar-coletivamente-com-certeza-ou-porque-te-organizas-e-como\/#primaryimage"},"image":{"@id":"http:\/\/veganoptioncanada.ca\/pt-pt\/noticias\/como-falhar-coletivamente-com-certeza-ou-porque-te-organizas-e-como\/#primaryimage"},"thumbnailUrl":"http:\/\/veganoptioncanada.ca\/wp-content\/uploads\/2020\/08\/10.png","datePublished":"2020-08-30T06:18:34+00:00","dateModified":"2025-03-30T03:17:59+00:00","breadcrumb":{"@id":"http:\/\/veganoptioncanada.ca\/pt-pt\/noticias\/como-falhar-coletivamente-com-certeza-ou-porque-te-organizas-e-como\/#breadcrumb"},"inLanguage":"pt-PT","potentialAction":[{"@type":"ReadAction","target":["http:\/\/veganoptioncanada.ca\/pt-pt\/noticias\/como-falhar-coletivamente-com-certeza-ou-porque-te-organizas-e-como\/"]}]},{"@type":"ImageObject","inLanguage":"pt-PT","@id":"http:\/\/veganoptioncanada.ca\/pt-pt\/noticias\/como-falhar-coletivamente-com-certeza-ou-porque-te-organizas-e-como\/#primaryimage","url":"http:\/\/veganoptioncanada.ca\/wp-content\/uploads\/2020\/08\/10.png","contentUrl":"http:\/\/veganoptioncanada.ca\/wp-content\/uploads\/2020\/08\/10.png","width":480,"height":270},{"@type":"BreadcrumbList","@id":"http:\/\/veganoptioncanada.ca\/pt-pt\/noticias\/como-falhar-coletivamente-com-certeza-ou-porque-te-organizas-e-como\/#breadcrumb","itemListElement":[{"@type":"ListItem","position":1,"name":"Home","item":"https:\/\/veganoptioncanada.ca\/pt-pt\/"},{"@type":"ListItem","position":2,"name":"Como falhar coletivamente, com certeza! Ou porque te organizas e como&#8230;"}]},{"@type":"WebSite","@id":"http:\/\/veganoptioncanada.ca\/pt-pt\/#website","url":"http:\/\/veganoptioncanada.ca\/pt-pt\/","name":"Vegan Option Canada - Option V\u00e9gane Canada","description":"","publisher":{"@id":"http:\/\/veganoptioncanada.ca\/pt-pt\/#organization"},"potentialAction":[{"@type":"SearchAction","target":{"@type":"EntryPoint","urlTemplate":"http:\/\/veganoptioncanada.ca\/pt-pt\/?s={search_term_string}"},"query-input":{"@type":"PropertyValueSpecification","valueRequired":true,"valueName":"search_term_string"}}],"inLanguage":"pt-PT"},{"@type":"Organization","@id":"http:\/\/veganoptioncanada.ca\/pt-pt\/#organization","name":"Vegan Option Canada","url":"http:\/\/veganoptioncanada.ca\/pt-pt\/","logo":{"@type":"ImageObject","inLanguage":"pt-PT","@id":"http:\/\/veganoptioncanada.ca\/pt-pt\/#\/schema\/logo\/image\/","url":"http:\/\/veganoptioncanada.ca\/wp-content\/uploads\/2021\/04\/Logo_OVC_transparent_web.png","contentUrl":"http:\/\/veganoptioncanada.ca\/wp-content\/uploads\/2021\/04\/Logo_OVC_transparent_web.png","width":200,"height":200,"caption":"Vegan Option Canada"},"image":{"@id":"http:\/\/veganoptioncanada.ca\/pt-pt\/#\/schema\/logo\/image\/"},"sameAs":["https:\/\/www.facebook.com\/VOOVCanada\/","https:\/\/x.com\/CanadaVegan","https:\/\/instagram.com\/veganoptioncanada\/","https:\/\/www.youtube.com\/channel\/UCDVCrc0eUMbWkdRwsUQi4Hw"]},{"@type":"Person","@id":"http:\/\/veganoptioncanada.ca\/pt-pt\/#\/schema\/person\/9212ba9961ec51f55b60bab6ae51c478","name":"Editeur","url":"http:\/\/veganoptioncanada.ca\/pt-pt\/author\/editeur\/"}]}},"_links":{"self":[{"href":"http:\/\/veganoptioncanada.ca\/pt-pt\/wp-json\/wp\/v2\/posts\/4474","targetHints":{"allow":["GET"]}}],"collection":[{"href":"http:\/\/veganoptioncanada.ca\/pt-pt\/wp-json\/wp\/v2\/posts"}],"about":[{"href":"http:\/\/veganoptioncanada.ca\/pt-pt\/wp-json\/wp\/v2\/types\/post"}],"author":[{"embeddable":true,"href":"http:\/\/veganoptioncanada.ca\/pt-pt\/wp-json\/wp\/v2\/users\/2"}],"replies":[{"embeddable":true,"href":"http:\/\/veganoptioncanada.ca\/pt-pt\/wp-json\/wp\/v2\/comments?post=4474"}],"version-history":[{"count":1,"href":"http:\/\/veganoptioncanada.ca\/pt-pt\/wp-json\/wp\/v2\/posts\/4474\/revisions"}],"predecessor-version":[{"id":4475,"href":"http:\/\/veganoptioncanada.ca\/pt-pt\/wp-json\/wp\/v2\/posts\/4474\/revisions\/4475"}],"wp:featuredmedia":[{"embeddable":true,"href":"http:\/\/veganoptioncanada.ca\/pt-pt\/wp-json\/wp\/v2\/media\/2702"}],"wp:attachment":[{"href":"http:\/\/veganoptioncanada.ca\/pt-pt\/wp-json\/wp\/v2\/media?parent=4474"}],"wp:term":[{"taxonomy":"category","embeddable":true,"href":"http:\/\/veganoptioncanada.ca\/pt-pt\/wp-json\/wp\/v2\/categories?post=4474"},{"taxonomy":"post_tag","embeddable":true,"href":"http:\/\/veganoptioncanada.ca\/pt-pt\/wp-json\/wp\/v2\/tags?post=4474"}],"curies":[{"name":"wp","href":"https:\/\/api.w.org\/{rel}","templated":true}]}}