{"id":4476,"date":"2020-08-19T13:39:31","date_gmt":"2020-08-19T18:39:31","guid":{"rendered":"https:\/\/veganoptioncanada.ca\/noticias\/webinars-anti-especistas\/"},"modified":"2025-03-29T22:17:59","modified_gmt":"2025-03-30T03:17:59","slug":"webinars-anti-especistas","status":"publish","type":"post","link":"http:\/\/veganoptioncanada.ca\/pt-pt\/campanhas\/webinars-anti-especistas\/","title":{"rendered":"Webinars anti-especistas"},"content":{"rendered":"\t\t<div data-elementor-type=\"wp-post\" data-elementor-id=\"4476\" class=\"elementor elementor-4476 elementor-2641\" data-elementor-post-type=\"post\">\n\t\t\t\t\t\t<section class=\"elementor-section elementor-top-section elementor-element elementor-element-7a43b0f elementor-section-boxed elementor-section-height-default elementor-section-height-default\" data-id=\"7a43b0f\" data-element_type=\"section\">\n\t\t\t\t\t\t<div class=\"elementor-container elementor-column-gap-default\">\n\t\t\t\t\t<div class=\"elementor-column elementor-col-100 elementor-top-column elementor-element elementor-element-656ecf9\" data-id=\"656ecf9\" data-element_type=\"column\">\n\t\t\t<div class=\"elementor-widget-wrap elementor-element-populated\">\n\t\t\t\t\t\t<div class=\"elementor-element elementor-element-8727133 elementor-widget elementor-widget-image\" data-id=\"8727133\" data-element_type=\"widget\" data-widget_type=\"image.default\">\n\t\t\t\t<div class=\"elementor-widget-container\">\n\t\t\t\t\t\t\t\t\t\t\t\t\t\t\t<img fetchpriority=\"high\" decoding=\"async\" width=\"768\" height=\"432\" src=\"http:\/\/veganoptioncanada.ca\/wp-content\/uploads\/2020\/08\/2-768x432.png\" class=\"attachment-medium_large size-medium_large wp-image-2642\" alt=\"\" srcset=\"http:\/\/veganoptioncanada.ca\/wp-content\/uploads\/2020\/08\/2-768x432.png 768w, http:\/\/veganoptioncanada.ca\/wp-content\/uploads\/2020\/08\/2-300x169.png 300w, http:\/\/veganoptioncanada.ca\/wp-content\/uploads\/2020\/08\/2-1024x576.png 1024w, http:\/\/veganoptioncanada.ca\/wp-content\/uploads\/2020\/08\/2-1536x864.png 1536w, http:\/\/veganoptioncanada.ca\/wp-content\/uploads\/2020\/08\/2.png 1920w\" sizes=\"(max-width: 768px) 100vw, 768px\" \/>\t\t\t\t\t\t\t\t\t\t\t\t\t\t\t<\/div>\n\t\t\t\t<\/div>\n\t\t\t\t\t<\/div>\n\t\t<\/div>\n\t\t\t\t\t<\/div>\n\t\t<\/section>\n\t\t\t\t<section class=\"elementor-section elementor-top-section elementor-element elementor-element-bd0df75 elementor-section-boxed elementor-section-height-default elementor-section-height-default\" data-id=\"bd0df75\" data-element_type=\"section\">\n\t\t\t\t\t\t<div class=\"elementor-container elementor-column-gap-default\">\n\t\t\t\t\t<div class=\"elementor-column elementor-col-100 elementor-top-column elementor-element elementor-element-c39e328\" data-id=\"c39e328\" data-element_type=\"column\">\n\t\t\t<div class=\"elementor-widget-wrap elementor-element-populated\">\n\t\t\t\t\t\t<div class=\"elementor-element elementor-element-1cda0f0 elementor-invisible elementor-widget elementor-widget-heading\" data-id=\"1cda0f0\" data-element_type=\"widget\" data-settings=\"{&quot;_animation&quot;:&quot;zoomIn&quot;}\" data-widget_type=\"heading.default\">\n\t\t\t\t<div class=\"elementor-widget-container\">\n\t\t\t\t\t<h3 class=\"elementor-heading-title elementor-size-default\">Ideias para transformar o teu mundo interior e o mundo exterior!<\/h3>\t\t\t\t<\/div>\n\t\t\t\t<\/div>\n\t\t\t\t<div class=\"elementor-element elementor-element-3203689 elementor-widget elementor-widget-text-editor\" data-id=\"3203689\" data-element_type=\"widget\" data-widget_type=\"text-editor.default\">\n\t\t\t\t<div class=\"elementor-widget-container\">\n\t\t\t\t\t\t\t\t\t<p>1\u00aa Edi\u00e7\u00e3o dos P&#8217;tits Webinaires Antisp\u00e9cistes organizada pela Option V\u00e9gane Canada (OVC) no \u00e2mbito do <a href=\"https:\/\/www.end-of-speciesism.org\/fr\/\">Dia Mundial para Acabar com o Especismo<\/a>. Para a ocasi\u00e3o, esperam-te 18 confer\u00eancias cativantes e 1 painel de discuss\u00e3o din\u00e2mico, todos organizados por facilitadores do Projeto Medusas. <\/p>\t\t\t\t\t\t\t\t<\/div>\n\t\t\t\t<\/div>\n\t\t\t\t\t<\/div>\n\t\t<\/div>\n\t\t\t\t\t<\/div>\n\t\t<\/section>\n\t\t\t\t<section class=\"elementor-section elementor-top-section elementor-element elementor-element-e6d1546 elementor-section-boxed elementor-section-height-default elementor-section-height-default\" data-id=\"e6d1546\" data-element_type=\"section\">\n\t\t\t\t\t\t<div class=\"elementor-container elementor-column-gap-default\">\n\t\t\t\t\t<div class=\"elementor-column elementor-col-100 elementor-top-column elementor-element elementor-element-1dd5401\" data-id=\"1dd5401\" data-element_type=\"column\">\n\t\t\t<div class=\"elementor-widget-wrap elementor-element-populated\">\n\t\t\t\t\t\t<div class=\"elementor-element elementor-element-f770bdd elementor-widget-divider--separator-type-pattern elementor-widget-divider--no-spacing elementor-widget-divider--view-line elementor-widget elementor-widget-divider\" data-id=\"f770bdd\" data-element_type=\"widget\" data-widget_type=\"divider.default\">\n\t\t\t\t<div class=\"elementor-widget-container\">\n\t\t\t\t\t\t\t<div class=\"elementor-divider\" style=\"--divider-pattern-url: url(&quot;data:image\/svg+xml,%3Csvg xmlns=&#039;http:\/\/www.w3.org\/2000\/svg&#039; preserveAspectRatio=&#039;none&#039; overflow=&#039;visible&#039; height=&#039;100%&#039; viewBox=&#039;0 0 24 24&#039; fill=&#039;black&#039; stroke=&#039;none&#039;%3E%3Cpath d=&#039;M24,8v12H0V8H24z M24,4v1H0V4H24z&#039;\/%3E%3C\/svg%3E&quot;);\">\n\t\t\t<span class=\"elementor-divider-separator\">\n\t\t\t\t\t\t<\/span>\n\t\t<\/div>\n\t\t\t\t\t\t<\/div>\n\t\t\t\t<\/div>\n\t\t\t\t<div class=\"elementor-element elementor-element-c37e307 elementor-widget elementor-widget-heading\" data-id=\"c37e307\" data-element_type=\"widget\" data-settings=\"{&quot;_animation&quot;:&quot;none&quot;}\" data-widget_type=\"heading.default\">\n\t\t\t\t<div class=\"elementor-widget-container\">\n\t\t\t\t\t<h3 class=\"elementor-heading-title elementor-size-default\">S\u00e1bado, 29 de agosto de 2020 - Fuso hor\u00e1rio EDT<\/h3>\t\t\t\t<\/div>\n\t\t\t\t<\/div>\n\t\t\t\t\t<\/div>\n\t\t<\/div>\n\t\t\t\t\t<\/div>\n\t\t<\/section>\n\t\t\t\t<section class=\"elementor-section elementor-top-section elementor-element elementor-element-2e57598 elementor-section-boxed elementor-section-height-default elementor-section-height-default\" data-id=\"2e57598\" data-element_type=\"section\">\n\t\t\t\t\t\t<div class=\"elementor-container elementor-column-gap-default\">\n\t\t\t\t\t<div class=\"elementor-column elementor-col-100 elementor-top-column elementor-element elementor-element-5825203\" data-id=\"5825203\" data-element_type=\"column\">\n\t\t\t<div class=\"elementor-widget-wrap elementor-element-populated\">\n\t\t\t\t\t\t<div class=\"elementor-element elementor-element-e7067e2 elementor-widget-divider--view-line elementor-widget elementor-widget-divider\" data-id=\"e7067e2\" data-element_type=\"widget\" data-widget_type=\"divider.default\">\n\t\t\t\t<div class=\"elementor-widget-container\">\n\t\t\t\t\t\t\t<div class=\"elementor-divider\">\n\t\t\t<span class=\"elementor-divider-separator\">\n\t\t\t\t\t\t<\/span>\n\t\t<\/div>\n\t\t\t\t\t\t<\/div>\n\t\t\t\t<\/div>\n\t\t\t\t<div class=\"elementor-element elementor-element-11d1f4c animated-slow elementor-invisible elementor-widget elementor-widget-heading\" data-id=\"11d1f4c\" data-element_type=\"widget\" data-settings=\"{&quot;_animation&quot;:&quot;zoomIn&quot;}\" data-widget_type=\"heading.default\">\n\t\t\t\t<div class=\"elementor-widget-container\">\n\t\t\t\t\t<h5 class=\"elementor-heading-title elementor-size-default\"><a href=\"http:\/\/www.timebie.com\/std\/edt.php\">10:00 - 11:00<\/a><\/h5>\t\t\t\t<\/div>\n\t\t\t\t<\/div>\n\t\t\t\t<div class=\"elementor-element elementor-element-e3ddc10 elementor-widget elementor-widget-video\" data-id=\"e3ddc10\" data-element_type=\"widget\" data-settings=\"{&quot;youtube_url&quot;:&quot;https:\\\/\\\/youtu.be\\\/BBy6DSpqXAY&quot;,&quot;video_type&quot;:&quot;youtube&quot;,&quot;controls&quot;:&quot;yes&quot;}\" data-widget_type=\"video.default\">\n\t\t\t\t<div class=\"elementor-widget-container\">\n\t\t\t\t\t\t\t<div class=\"elementor-wrapper elementor-open-inline\">\n\t\t\t<div class=\"elementor-video\"><\/div>\t\t<\/div>\n\t\t\t\t\t\t<\/div>\n\t\t\t\t<\/div>\n\t\t\t\t<div class=\"elementor-element elementor-element-c90c5de elementor-widget elementor-widget-heading\" data-id=\"c90c5de\" data-element_type=\"widget\" data-widget_type=\"heading.default\">\n\t\t\t\t<div class=\"elementor-widget-container\">\n\t\t\t\t\t<h6 class=\"elementor-heading-title elementor-size-default\">A l\u00edngua da confer\u00eancia \u00e9 o ingl\u00eas.<\/h6>\t\t\t\t<\/div>\n\t\t\t\t<\/div>\n\t\t\t\t<div class=\"elementor-element elementor-element-f1d10ec animated-slow elementor-widget elementor-widget-text-editor\" data-id=\"f1d10ec\" data-element_type=\"widget\" data-settings=\"{&quot;_animation&quot;:&quot;none&quot;}\" data-widget_type=\"text-editor.default\">\n\t\t\t\t<div class=\"elementor-widget-container\">\n\t\t\t\t\t\t\t\t\t<p>O &#8220;especismo&#8221; pode ser visto por alguns como mais um &#8220;ismo&#8221; inventado por activistas, mas \u00e9 de facto um conjunto de pr\u00e1ticas e atitudes que n\u00e3o est\u00e3o em conformidade com princ\u00edpios \u00e9ticos fundamentais. Mas quais s\u00e3o esses princ\u00edpios? S\u00e3o apenas sofrimento ou s\u00e3o &#8220;interesses&#8221; no sentido mais lato? Porque \u00e9 que a coer\u00eancia \u00e9 importante? E ser\u00e1 que promover o anti-especismo \u00e9 uma forma eficaz de reduzir o abuso de animais n\u00e3o humanos? <a href=\"http:\/\/www.jonathanleighton.org\/\">Jonathan Leighton<\/a> abordar\u00e1 estas quest\u00f5es e discutir\u00e1 o papel da \u00e9tica em geral e do anti-especismo em particular na cria\u00e7\u00e3o de uma sociedade mais compassiva.    <\/p><p>Jonathan Leighton \u00e9 um escritor, estratega \u00e9tico e orador p\u00fablico, dedicado ao objetivo de um mundo mais am\u00e1vel e com menos sofrimento. \u00c9 o Diretor Executivo da<a href=\"https:\/\/www.preventsuffering.org\/\">Organiza\u00e7\u00e3o para a Preven\u00e7\u00e3o do Sofrimento Intenso (OPIS)<\/a>. <\/p>\t\t\t\t\t\t\t\t<\/div>\n\t\t\t\t<\/div>\n\t\t\t\t\t<\/div>\n\t\t<\/div>\n\t\t\t\t\t<\/div>\n\t\t<\/section>\n\t\t\t\t<section class=\"elementor-section elementor-top-section elementor-element elementor-element-a56f87a elementor-section-boxed elementor-section-height-default elementor-section-height-default\" data-id=\"a56f87a\" data-element_type=\"section\">\n\t\t\t\t\t\t<div class=\"elementor-container elementor-column-gap-default\">\n\t\t\t\t\t<div class=\"elementor-column elementor-col-100 elementor-top-column elementor-element elementor-element-363375d\" data-id=\"363375d\" data-element_type=\"column\">\n\t\t\t<div class=\"elementor-widget-wrap elementor-element-populated\">\n\t\t\t\t\t\t<div class=\"elementor-element elementor-element-295c997 elementor-widget-divider--view-line elementor-widget elementor-widget-divider\" data-id=\"295c997\" data-element_type=\"widget\" data-widget_type=\"divider.default\">\n\t\t\t\t<div class=\"elementor-widget-container\">\n\t\t\t\t\t\t\t<div class=\"elementor-divider\">\n\t\t\t<span class=\"elementor-divider-separator\">\n\t\t\t\t\t\t<\/span>\n\t\t<\/div>\n\t\t\t\t\t\t<\/div>\n\t\t\t\t<\/div>\n\t\t\t\t<div class=\"elementor-element elementor-element-5258249 animated-slow elementor-invisible elementor-widget elementor-widget-heading\" data-id=\"5258249\" data-element_type=\"widget\" data-settings=\"{&quot;_animation&quot;:&quot;zoomIn&quot;}\" data-widget_type=\"heading.default\">\n\t\t\t\t<div class=\"elementor-widget-container\">\n\t\t\t\t\t<h5 class=\"elementor-heading-title elementor-size-default\"><a href=\"http:\/\/www.timebie.com\/std\/edt.php\">11:00 - 12:00<\/a><\/h5>\t\t\t\t<\/div>\n\t\t\t\t<\/div>\n\t\t\t\t<div class=\"elementor-element elementor-element-f7fe675 elementor-widget elementor-widget-video\" data-id=\"f7fe675\" data-element_type=\"widget\" data-settings=\"{&quot;youtube_url&quot;:&quot;https:\\\/\\\/youtu.be\\\/zdROfLPD1S4&quot;,&quot;video_type&quot;:&quot;youtube&quot;,&quot;controls&quot;:&quot;yes&quot;}\" data-widget_type=\"video.default\">\n\t\t\t\t<div class=\"elementor-widget-container\">\n\t\t\t\t\t\t\t<div class=\"elementor-wrapper elementor-open-inline\">\n\t\t\t<div class=\"elementor-video\"><\/div>\t\t<\/div>\n\t\t\t\t\t\t<\/div>\n\t\t\t\t<\/div>\n\t\t\t\t<div class=\"elementor-element elementor-element-c03a477 elementor-widget elementor-widget-heading\" data-id=\"c03a477\" data-element_type=\"widget\" data-widget_type=\"heading.default\">\n\t\t\t\t<div class=\"elementor-widget-container\">\n\t\t\t\t\t<h6 class=\"elementor-heading-title elementor-size-default\">A l\u00edngua da confer\u00eancia \u00e9 o ingl\u00eas.<\/h6>\t\t\t\t<\/div>\n\t\t\t\t<\/div>\n\t\t\t\t<div class=\"elementor-element elementor-element-10f51f9 animated-slow elementor-widget elementor-widget-text-editor\" data-id=\"10f51f9\" data-element_type=\"widget\" data-settings=\"{&quot;_animation&quot;:&quot;none&quot;}\" data-widget_type=\"text-editor.default\">\n\t\t\t\t<div class=\"elementor-widget-container\">\n\t\t\t\t\t\t\t\t\t<p>Philip Murphy \u00e9 um escritor e ativista da justi\u00e7a social que vive na \u00e1rea metropolitana de Nova Iorque. \u00c9 membro fundador da <a href=\"https:\/\/www.buddhistaction.org\/\">Buddhist Action Coalition NYC<\/a>, uma organiza\u00e7\u00e3o pan-budista de justi\u00e7a social, e \u00e9 tamb\u00e9m cofundador da sec\u00e7\u00e3o de Nova Iorque da Animal Rebellion, um movimento global de justi\u00e7a clim\u00e1tica e animal com sede no Reino Unido. O seu artigo sobre a Animal Rebellion, intitulado<a href=\"https:\/\/animalrebellionturtleisland.org\/fr\/pourquoi-la-justice-pour-les-animaux-est-cruciale-pour-faire-face-a-lurgence-climatique\/\">&#8220;PORQUE A JUSTI\u00c7A ANIMAL \u00c9 CRUCIAL PARA ENFRENTAR A EMERG\u00caNCIA CLIM\u00c1TICA<\/a>&#8220;, foi publicado na plataforma independente de media global openDemocracy.net.  <\/p>\t\t\t\t\t\t\t\t<\/div>\n\t\t\t\t<\/div>\n\t\t\t\t\t<\/div>\n\t\t<\/div>\n\t\t\t\t\t<\/div>\n\t\t<\/section>\n\t\t\t\t<section class=\"elementor-section elementor-top-section elementor-element elementor-element-662e64e elementor-section-boxed elementor-section-height-default elementor-section-height-default\" data-id=\"662e64e\" data-element_type=\"section\">\n\t\t\t\t\t\t<div class=\"elementor-container elementor-column-gap-default\">\n\t\t\t\t\t<div class=\"elementor-column elementor-col-100 elementor-top-column elementor-element elementor-element-e20caa4\" data-id=\"e20caa4\" data-element_type=\"column\">\n\t\t\t<div class=\"elementor-widget-wrap elementor-element-populated\">\n\t\t\t\t\t\t<div class=\"elementor-element elementor-element-601947c elementor-widget-divider--view-line elementor-widget elementor-widget-divider\" data-id=\"601947c\" data-element_type=\"widget\" data-widget_type=\"divider.default\">\n\t\t\t\t<div class=\"elementor-widget-container\">\n\t\t\t\t\t\t\t<div class=\"elementor-divider\">\n\t\t\t<span class=\"elementor-divider-separator\">\n\t\t\t\t\t\t<\/span>\n\t\t<\/div>\n\t\t\t\t\t\t<\/div>\n\t\t\t\t<\/div>\n\t\t\t\t<div class=\"elementor-element elementor-element-98b7a43 animated-slow elementor-invisible elementor-widget elementor-widget-heading\" data-id=\"98b7a43\" data-element_type=\"widget\" data-settings=\"{&quot;_animation&quot;:&quot;zoomIn&quot;}\" data-widget_type=\"heading.default\">\n\t\t\t\t<div class=\"elementor-widget-container\">\n\t\t\t\t\t<h5 class=\"elementor-heading-title elementor-size-default\"><a href=\"http:\/\/www.timebie.com\/std\/edt.php\">12:00 PM - 1:00 PM<br><\/a><\/h5>\t\t\t\t<\/div>\n\t\t\t\t<\/div>\n\t\t\t\t<div class=\"elementor-element elementor-element-cd04d25 elementor-widget elementor-widget-video\" data-id=\"cd04d25\" data-element_type=\"widget\" data-settings=\"{&quot;youtube_url&quot;:&quot;https:\\\/\\\/youtu.be\\\/Z8yfFlVk9Vg&quot;,&quot;video_type&quot;:&quot;youtube&quot;,&quot;controls&quot;:&quot;yes&quot;}\" data-widget_type=\"video.default\">\n\t\t\t\t<div class=\"elementor-widget-container\">\n\t\t\t\t\t\t\t<div class=\"elementor-wrapper elementor-open-inline\">\n\t\t\t<div class=\"elementor-video\"><\/div>\t\t<\/div>\n\t\t\t\t\t\t<\/div>\n\t\t\t\t<\/div>\n\t\t\t\t<div class=\"elementor-element elementor-element-3a8ac35 elementor-widget elementor-widget-heading\" data-id=\"3a8ac35\" data-element_type=\"widget\" data-widget_type=\"heading.default\">\n\t\t\t\t<div class=\"elementor-widget-container\">\n\t\t\t\t\t<h6 class=\"elementor-heading-title elementor-size-default\">Esta confer\u00eancia foi proferida em franc\u00eas.a<\/h6>\t\t\t\t<\/div>\n\t\t\t\t<\/div>\n\t\t\t\t<div class=\"elementor-element elementor-element-107f4f1 animated-slow elementor-widget elementor-widget-text-editor\" data-id=\"107f4f1\" data-element_type=\"widget\" data-settings=\"{&quot;_animation&quot;:&quot;none&quot;}\" data-widget_type=\"text-editor.default\">\n\t\t\t\t<div class=\"elementor-widget-container\">\n\t\t\t\t\t\t\t\t\t<p>No\u00e9mie Albert trabalha no dom\u00ednio do ambiente e \u00e9 uma &#8220;pau para toda a obra&#8221; como trabalhadora independente.<\/p><p>H\u00e1 muitas maneiras de apresentar \u00e0s pessoas o veganismo e o anti-especismo. O meu parceiro e eu cri\u00e1mos uma cozinha colectiva vegana para aumentar a sensibiliza\u00e7\u00e3o para o veganismo, ao mesmo tempo que satisfazemos as necessidades das pessoas. Durante a minha apresenta\u00e7\u00e3o, vou falar sobre o que \u00e9 uma cozinha colectiva e a nossa experi\u00eancia com ela em Gatineau.  <\/p>\t\t\t\t\t\t\t\t<\/div>\n\t\t\t\t<\/div>\n\t\t\t\t\t<\/div>\n\t\t<\/div>\n\t\t\t\t\t<\/div>\n\t\t<\/section>\n\t\t\t\t<section class=\"elementor-section elementor-top-section elementor-element elementor-element-1e1727a elementor-section-boxed elementor-section-height-default elementor-section-height-default\" data-id=\"1e1727a\" data-element_type=\"section\">\n\t\t\t\t\t\t<div class=\"elementor-container elementor-column-gap-default\">\n\t\t\t\t\t<div class=\"elementor-column elementor-col-100 elementor-top-column elementor-element elementor-element-5baec10\" data-id=\"5baec10\" data-element_type=\"column\">\n\t\t\t<div class=\"elementor-widget-wrap elementor-element-populated\">\n\t\t\t\t\t\t<div class=\"elementor-element elementor-element-d634cd2 elementor-widget-divider--view-line elementor-widget elementor-widget-divider\" data-id=\"d634cd2\" data-element_type=\"widget\" data-widget_type=\"divider.default\">\n\t\t\t\t<div class=\"elementor-widget-container\">\n\t\t\t\t\t\t\t<div class=\"elementor-divider\">\n\t\t\t<span class=\"elementor-divider-separator\">\n\t\t\t\t\t\t<\/span>\n\t\t<\/div>\n\t\t\t\t\t\t<\/div>\n\t\t\t\t<\/div>\n\t\t\t\t<div class=\"elementor-element elementor-element-99126e2 animated-slow elementor-invisible elementor-widget elementor-widget-heading\" data-id=\"99126e2\" data-element_type=\"widget\" data-settings=\"{&quot;_animation&quot;:&quot;zoomIn&quot;}\" data-widget_type=\"heading.default\">\n\t\t\t\t<div class=\"elementor-widget-container\">\n\t\t\t\t\t<h5 class=\"elementor-heading-title elementor-size-default\"><a href=\"http:\/\/www.timebie.com\/std\/edt.php\">1:00 PM - 2:00 PM<\/a><\/h5>\t\t\t\t<\/div>\n\t\t\t\t<\/div>\n\t\t\t\t<div class=\"elementor-element elementor-element-035f6e7 elementor-widget elementor-widget-video\" data-id=\"035f6e7\" data-element_type=\"widget\" data-settings=\"{&quot;youtube_url&quot;:&quot;https:\\\/\\\/www.youtube.com\\\/watch?v=PmeZAU6dAwI&quot;,&quot;video_type&quot;:&quot;youtube&quot;,&quot;controls&quot;:&quot;yes&quot;}\" data-widget_type=\"video.default\">\n\t\t\t\t<div class=\"elementor-widget-container\">\n\t\t\t\t\t\t\t<div class=\"elementor-wrapper elementor-open-inline\">\n\t\t\t<div class=\"elementor-video\"><\/div>\t\t<\/div>\n\t\t\t\t\t\t<\/div>\n\t\t\t\t<\/div>\n\t\t\t\t<div class=\"elementor-element elementor-element-d4f6d0a elementor-widget elementor-widget-heading\" data-id=\"d4f6d0a\" data-element_type=\"widget\" data-widget_type=\"heading.default\">\n\t\t\t\t<div class=\"elementor-widget-container\">\n\t\t\t\t\t<h6 class=\"elementor-heading-title elementor-size-default\">Esta confer\u00eancia foi proferida em franc\u00eas.<\/h6>\t\t\t\t<\/div>\n\t\t\t\t<\/div>\n\t\t\t\t<div class=\"elementor-element elementor-element-cdcb743 elementor-widget elementor-widget-text-editor\" data-id=\"cdcb743\" data-element_type=\"widget\" data-widget_type=\"text-editor.default\">\n\t\t\t\t<div class=\"elementor-widget-container\">\n\t\t\t\t\t\t\t\t\t<p dir=\"ltr\"><a href=\"http:\/\/jcl.algosphere.org\/\" target=\"_blank\" rel=\"noopener\" data-saferedirecturl=\"https:\/\/www.google.com\/url?q=http:\/\/jcl.algosphere.org\/&amp;source=gmail&amp;ust=1598046787694000&amp;usg=AFQjCNE-M6BV1njj2KbFjsXIxFKD_CCFlw\">Jean-Christophe Lurenbaum<\/a> decidiu desde cedo dedicar a sua vida a organizar a maior felicidade poss\u00edvel no mundo. O livro &#8221; <a href=\"http:\/\/www.jcl.algosphere.org\/naitre-gratuit.pdf\" target=\"_blank\" rel=\"noopener\" data-saferedirecturl=\"https:\/\/www.google.com\/url?q=http:\/\/www.jcl.algosphere.org\/naitre-gratuit.pdf&amp;source=gmail&amp;ust=1598046787694000&amp;usg=AFQjCNHmyinwtvIfUrudbYdLdxOgqxjjng\">\u00c9 do interesse de uma crian\u00e7a nascer?&#8221;<\/a>, publicado em 2011, \u00e9 o fruto de d\u00e9cadas de investiga\u00e7\u00e3o sobre o conflito permanente entre a \u00e9tica que d\u00e1 prioridade ao al\u00edvio do sofrimento e a ideologia da reprodu\u00e7\u00e3o.<\/p><div> <\/div><div>Durante s\u00e9culos, os progressistas lutaram para se afirmarem politicamente contra os conservadores. E porqu\u00ea? Porque cada um deles trabalha isoladamente, sem uma vasta reuni\u00e3o global daqueles que d\u00e3o prioridade ao al\u00edvio do sofrimento sobre aqueles que d\u00e3o prioridade \u00e0 reprodu\u00e7\u00e3o. Quando \u00e9 que haver\u00e1 uma coliga\u00e7\u00e3o internacional que re\u00fana todos os intervenientes na causa animal, desde os anti-especistas aos vegans e aos animalistas, ela pr\u00f3pria membro da maior alian\u00e7a progressista de todos os tempos, uma alian\u00e7a capaz de substituir a especulativa Declara\u00e7\u00e3o Universal dos Direitos do Homem por uma <a href=\"https:\/\/algosphere.org\/fr\/a-propos\/positions\/lettre-ouverte-a-l-organisation-des-nations-unies\/#5-vers-une-d%C3%A9claration-universelle-des-droits-%C3%A9largie-%C3%A0-tous-les-%C3%AAtres-sensibles\" target=\"_blank\" rel=\"noopener\" data-saferedirecturl=\"https:\/\/www.google.com\/url?q=https:\/\/algosphere.org\/fr\/a-propos\/positions\/lettre-ouverte-a-l-organisation-des-nations-unies\/%235-vers-une-d%25C3%25A9claration-universelle-des-droits-%25C3%25A9largie-%25C3%25A0-tous-les-%25C3%25AAtres-sensibles&amp;source=gmail&amp;ust=1598046787694000&amp;usg=AFQjCNGeLn4Xht9W_hyWJ52TL0VMIa2mYg\">Declara\u00e7\u00e3o Universal dos Direitos dos Seres Sens\u00edveis<\/a> ao Sofrimento?   <\/div>\t\t\t\t\t\t\t\t<\/div>\n\t\t\t\t<\/div>\n\t\t\t\t<div class=\"elementor-element elementor-element-18d712a elementor-align-center elementor-button-success elementor-widget elementor-widget-button\" data-id=\"18d712a\" data-element_type=\"widget\" data-widget_type=\"button.default\">\n\t\t\t\t<div class=\"elementor-widget-container\">\n\t\t\t\t\t\t\t\t\t<div class=\"elementor-button-wrapper\">\n\t\t\t\t\t<a class=\"elementor-button elementor-button-link elementor-size-sm\" href=\"https:\/\/veganoptioncanada.org\/actualites\/comment-echouer-collectivement-a-coup-sur-ou-pourquoi-sorganiser-et-comment\/\">\n\t\t\t\t\t\t<span class=\"elementor-button-content-wrapper\">\n\t\t\t\t\t\t\t\t\t<span class=\"elementor-button-text\">L\u00ea a transcri\u00e7\u00e3o completa<\/span>\n\t\t\t\t\t<\/span>\n\t\t\t\t\t<\/a>\n\t\t\t\t<\/div>\n\t\t\t\t\t\t\t\t<\/div>\n\t\t\t\t<\/div>\n\t\t\t\t\t<\/div>\n\t\t<\/div>\n\t\t\t\t\t<\/div>\n\t\t<\/section>\n\t\t\t\t<section class=\"elementor-section elementor-top-section elementor-element elementor-element-a704cef elementor-section-boxed elementor-section-height-default elementor-section-height-default\" data-id=\"a704cef\" data-element_type=\"section\">\n\t\t\t\t\t\t<div class=\"elementor-container elementor-column-gap-default\">\n\t\t\t\t\t<div class=\"elementor-column elementor-col-100 elementor-top-column elementor-element elementor-element-a51530e\" data-id=\"a51530e\" data-element_type=\"column\">\n\t\t\t<div class=\"elementor-widget-wrap elementor-element-populated\">\n\t\t\t\t\t\t<div class=\"elementor-element elementor-element-330c066 elementor-widget-divider--view-line elementor-widget elementor-widget-divider\" data-id=\"330c066\" data-element_type=\"widget\" data-widget_type=\"divider.default\">\n\t\t\t\t<div class=\"elementor-widget-container\">\n\t\t\t\t\t\t\t<div class=\"elementor-divider\">\n\t\t\t<span class=\"elementor-divider-separator\">\n\t\t\t\t\t\t<\/span>\n\t\t<\/div>\n\t\t\t\t\t\t<\/div>\n\t\t\t\t<\/div>\n\t\t\t\t<div class=\"elementor-element elementor-element-de151c9 animated-slow elementor-invisible elementor-widget elementor-widget-heading\" data-id=\"de151c9\" data-element_type=\"widget\" data-settings=\"{&quot;_animation&quot;:&quot;zoomIn&quot;}\" data-widget_type=\"heading.default\">\n\t\t\t\t<div class=\"elementor-widget-container\">\n\t\t\t\t\t<h5 class=\"elementor-heading-title elementor-size-default\"><a href=\"http:\/\/www.timebie.com\/std\/edt.php\">14:00 - 15:00<\/a><\/h5>\t\t\t\t<\/div>\n\t\t\t\t<\/div>\n\t\t\t\t<div class=\"elementor-element elementor-element-a932bab elementor-widget elementor-widget-video\" data-id=\"a932bab\" data-element_type=\"widget\" data-settings=\"{&quot;youtube_url&quot;:&quot;https:\\\/\\\/youtu.be\\\/P05TTJ8gg3w&quot;,&quot;video_type&quot;:&quot;youtube&quot;,&quot;controls&quot;:&quot;yes&quot;}\" data-widget_type=\"video.default\">\n\t\t\t\t<div class=\"elementor-widget-container\">\n\t\t\t\t\t\t\t<div class=\"elementor-wrapper elementor-open-inline\">\n\t\t\t<div class=\"elementor-video\"><\/div>\t\t<\/div>\n\t\t\t\t\t\t<\/div>\n\t\t\t\t<\/div>\n\t\t\t\t<div class=\"elementor-element elementor-element-5372190 elementor-widget elementor-widget-heading\" data-id=\"5372190\" data-element_type=\"widget\" data-widget_type=\"heading.default\">\n\t\t\t\t<div class=\"elementor-widget-container\">\n\t\t\t\t\t<h6 class=\"elementor-heading-title elementor-size-default\">Esta confer\u00eancia foi proferida em franc\u00eas.<\/h6>\t\t\t\t<\/div>\n\t\t\t\t<\/div>\n\t\t\t\t<div class=\"elementor-element elementor-element-d496d81 elementor-widget elementor-widget-text-editor\" data-id=\"d496d81\" data-element_type=\"widget\" data-widget_type=\"text-editor.default\">\n\t\t\t\t<div class=\"elementor-widget-container\">\n\t\t\t\t\t\t\t\t\t<p>Uma sociedade sem especismo \u00e9 muitas vezes o ideal pelo qual nos queremos esfor\u00e7ar. No entanto, um mundo que n\u00e3o discrimina com base na categoria da esp\u00e9cie n\u00e3o garante menos sofrimento animal. Podemos at\u00e9 imaginar cen\u00e1rios em que o alargamento da nossa esfera de considera\u00e7\u00e3o moral iria (paradoxalmente) aumentar a escala do sofrimento. N\u00e3o basta n\u00e3o discriminar para ser justo. Mas ent\u00e3o, o que \u00e9 que falta?    <br><br>Jim Buhler trabalha para a Option V\u00e9gane Canada enquanto estuda para um mestrado em sociologia e filosofia. Aspirante \u00e0s ideias do movimento Altru\u00edsmo Eficaz, est\u00e1 empenhado em estudar as melhores formas pr\u00e1ticas de aliviar o m\u00e1ximo de sofrimento poss\u00edvel. <\/p>\t\t\t\t\t\t\t\t<\/div>\n\t\t\t\t<\/div>\n\t\t\t\t\t<\/div>\n\t\t<\/div>\n\t\t\t\t\t<\/div>\n\t\t<\/section>\n\t\t\t\t<section class=\"elementor-section elementor-top-section elementor-element elementor-element-3bf1f74 elementor-section-boxed elementor-section-height-default elementor-section-height-default\" data-id=\"3bf1f74\" data-element_type=\"section\">\n\t\t\t\t\t\t<div class=\"elementor-container elementor-column-gap-default\">\n\t\t\t\t\t<div class=\"elementor-column elementor-col-100 elementor-top-column elementor-element elementor-element-2b9a19a\" data-id=\"2b9a19a\" data-element_type=\"column\">\n\t\t\t<div class=\"elementor-widget-wrap elementor-element-populated\">\n\t\t\t\t\t\t<div class=\"elementor-element elementor-element-801cfd2 elementor-widget-divider--view-line elementor-widget elementor-widget-divider\" data-id=\"801cfd2\" data-element_type=\"widget\" data-widget_type=\"divider.default\">\n\t\t\t\t<div class=\"elementor-widget-container\">\n\t\t\t\t\t\t\t<div class=\"elementor-divider\">\n\t\t\t<span class=\"elementor-divider-separator\">\n\t\t\t\t\t\t<\/span>\n\t\t<\/div>\n\t\t\t\t\t\t<\/div>\n\t\t\t\t<\/div>\n\t\t\t\t<div class=\"elementor-element elementor-element-e760d89 animated-slow elementor-invisible elementor-widget elementor-widget-heading\" data-id=\"e760d89\" data-element_type=\"widget\" data-settings=\"{&quot;_animation&quot;:&quot;zoomIn&quot;}\" data-widget_type=\"heading.default\">\n\t\t\t\t<div class=\"elementor-widget-container\">\n\t\t\t\t\t<h5 class=\"elementor-heading-title elementor-size-default\"><a href=\"http:\/\/www.timebie.com\/std\/edt.php\">16:00 - 17:00<\/a><\/h5>\t\t\t\t<\/div>\n\t\t\t\t<\/div>\n\t\t\t\t<div class=\"elementor-element elementor-element-dffaa2b elementor-widget elementor-widget-video\" data-id=\"dffaa2b\" data-element_type=\"widget\" data-settings=\"{&quot;youtube_url&quot;:&quot;https:\\\/\\\/youtu.be\\\/zor0HUu8HF4&quot;,&quot;video_type&quot;:&quot;youtube&quot;,&quot;controls&quot;:&quot;yes&quot;}\" data-widget_type=\"video.default\">\n\t\t\t\t<div class=\"elementor-widget-container\">\n\t\t\t\t\t\t\t<div class=\"elementor-wrapper elementor-open-inline\">\n\t\t\t<div class=\"elementor-video\"><\/div>\t\t<\/div>\n\t\t\t\t\t\t<\/div>\n\t\t\t\t<\/div>\n\t\t\t\t<div class=\"elementor-element elementor-element-305b75b elementor-widget elementor-widget-heading\" data-id=\"305b75b\" data-element_type=\"widget\" data-widget_type=\"heading.default\">\n\t\t\t\t<div class=\"elementor-widget-container\">\n\t\t\t\t\t<h6 class=\"elementor-heading-title elementor-size-default\">Esta confer\u00eancia foi proferida em franc\u00eas.<\/h6>\t\t\t\t<\/div>\n\t\t\t\t<\/div>\n\t\t\t\t<div class=\"elementor-element elementor-element-c1bbb41 elementor-widget elementor-widget-text-editor\" data-id=\"c1bbb41\" data-element_type=\"widget\" data-widget_type=\"text-editor.default\">\n\t\t\t\t<div class=\"elementor-widget-container\">\n\t\t\t\t\t\t\t\t\t<p>Embora o especismo esteja no centro do debate sobre os direitos dos animais, o conceito \u00e9 muitas vezes mal compreendido. Nesta apresenta\u00e7\u00e3o, abordarei as principais quest\u00f5es filos\u00f3ficas que levanta. Mais especificamente, responderei a tr\u00eas perguntas: O que \u00e9 o especismo? O especismo existe? O especismo \u00e9 moralmente aceit\u00e1vel?    <br><br>Fran\u00e7ois Jaquet \u00e9 investigador de p\u00f3s-doutoramento no Centre de recherche en \u00e9thique de Montr\u00e9al. O seu trabalho centra-se principalmente na meta\u00e9tica e na \u00e9tica animal. \u00c9 autor de numerosos artigos e coautor de &#8220;Qui peut sauver la morale?&#8221;. Essai de m\u00e9ta\u00e9thique (Ithaque, 2019).   <\/p>\t\t\t\t\t\t\t\t<\/div>\n\t\t\t\t<\/div>\n\t\t\t\t\t<\/div>\n\t\t<\/div>\n\t\t\t\t\t<\/div>\n\t\t<\/section>\n\t\t\t\t<section class=\"elementor-section elementor-top-section elementor-element elementor-element-8fa3a9d elementor-section-boxed elementor-section-height-default elementor-section-height-default\" data-id=\"8fa3a9d\" data-element_type=\"section\">\n\t\t\t\t\t\t<div class=\"elementor-container elementor-column-gap-default\">\n\t\t\t\t\t<div class=\"elementor-column elementor-col-100 elementor-top-column elementor-element elementor-element-357f51a\" data-id=\"357f51a\" data-element_type=\"column\">\n\t\t\t<div class=\"elementor-widget-wrap elementor-element-populated\">\n\t\t\t\t\t\t<div class=\"elementor-element elementor-element-4f8ea3e elementor-widget-divider--view-line elementor-widget elementor-widget-divider\" data-id=\"4f8ea3e\" data-element_type=\"widget\" data-widget_type=\"divider.default\">\n\t\t\t\t<div class=\"elementor-widget-container\">\n\t\t\t\t\t\t\t<div class=\"elementor-divider\">\n\t\t\t<span class=\"elementor-divider-separator\">\n\t\t\t\t\t\t<\/span>\n\t\t<\/div>\n\t\t\t\t\t\t<\/div>\n\t\t\t\t<\/div>\n\t\t\t\t<div class=\"elementor-element elementor-element-3b9feb7 animated-slow elementor-invisible elementor-widget elementor-widget-heading\" data-id=\"3b9feb7\" data-element_type=\"widget\" data-settings=\"{&quot;_animation&quot;:&quot;zoomIn&quot;}\" data-widget_type=\"heading.default\">\n\t\t\t\t<div class=\"elementor-widget-container\">\n\t\t\t\t\t<h5 class=\"elementor-heading-title elementor-size-default\"><a href=\"http:\/\/www.timebie.com\/std\/edt.php\">5:00 PM - 6:00 PM<\/a><\/h5>\t\t\t\t<\/div>\n\t\t\t\t<\/div>\n\t\t\t\t<div class=\"elementor-element elementor-element-dd4d114 elementor-widget elementor-widget-video\" data-id=\"dd4d114\" data-element_type=\"widget\" data-settings=\"{&quot;youtube_url&quot;:&quot;https:\\\/\\\/youtu.be\\\/9x-nDA3jSDU&quot;,&quot;video_type&quot;:&quot;youtube&quot;,&quot;controls&quot;:&quot;yes&quot;}\" data-widget_type=\"video.default\">\n\t\t\t\t<div class=\"elementor-widget-container\">\n\t\t\t\t\t\t\t<div class=\"elementor-wrapper elementor-open-inline\">\n\t\t\t<div class=\"elementor-video\"><\/div>\t\t<\/div>\n\t\t\t\t\t\t<\/div>\n\t\t\t\t<\/div>\n\t\t\t\t<div class=\"elementor-element elementor-element-9e10f52 elementor-widget elementor-widget-heading\" data-id=\"9e10f52\" data-element_type=\"widget\" data-widget_type=\"heading.default\">\n\t\t\t\t<div class=\"elementor-widget-container\">\n\t\t\t\t\t<h6 class=\"elementor-heading-title elementor-size-default\">Esta confer\u00eancia foi dada em ingl\u00eas.<\/h6>\t\t\t\t<\/div>\n\t\t\t\t<\/div>\n\t\t\t\t<div class=\"elementor-element elementor-element-5474e26 elementor-widget elementor-widget-text-editor\" data-id=\"5474e26\" data-element_type=\"widget\" data-widget_type=\"text-editor.default\">\n\t\t\t\t<div class=\"elementor-widget-container\">\n\t\t\t\t\t\t\t\t\t<p>Harley McDonald-Eckersall \u00e9 o estratega baseado nas hist\u00f3rias <a href=\"https:\/\/animalrebellion.org\/\">da Rebeli\u00e3o Animal<\/a>.  <span style=\"font-size: 1rem;\">A Harley \u00e9 origin\u00e1ria da Austr\u00e1lia e vive atualmente no Reino Unido. \u00c9 organizadora do movimento de justi\u00e7a animal h\u00e1 4 anos, principalmente com os grupos <\/span><span style=\"font-size: 1rem;\"> <\/span><a style=\"font-size: 1rem; background-color: #ffffff;\" href=\"https:\/\/yva.org.au\/\">Vozes Jovens para os Animais<\/a><span style=\"font-size: 1rem;\"> <\/span><span style=\"font-size: 1rem;\">(que ela co-fundou),<\/span><span style=\"font-size: 1rem;\"> <\/span><a style=\"font-size: 1rem; background-color: #ffffff;\" href=\"https:\/\/animalrebellion.org\/\">Rebeli\u00e3o animal<\/a><span style=\"font-size: 1rem;\"> <\/span><span style=\"font-size: 1rem;\">e<\/span><span style=\"font-size: 1rem;\"> <\/span><a style=\"font-size: 1rem; background-color: #ffffff;\" href=\"http:\/\/animalthinktank.org.uk\/\">Pensa nos animais<\/a><span style=\"font-size: 1rem;\">. <\/span> <\/p>\t\t\t\t\t\t\t\t<\/div>\n\t\t\t\t<\/div>\n\t\t\t\t\t<\/div>\n\t\t<\/div>\n\t\t\t\t\t<\/div>\n\t\t<\/section>\n\t\t\t\t<section class=\"elementor-section elementor-top-section elementor-element elementor-element-45a1856 elementor-section-boxed elementor-section-height-default elementor-section-height-default\" data-id=\"45a1856\" data-element_type=\"section\">\n\t\t\t\t\t\t<div class=\"elementor-container elementor-column-gap-default\">\n\t\t\t\t\t<div class=\"elementor-column elementor-col-100 elementor-top-column elementor-element elementor-element-a0cbf67\" data-id=\"a0cbf67\" data-element_type=\"column\">\n\t\t\t<div class=\"elementor-widget-wrap elementor-element-populated\">\n\t\t\t\t\t\t<div class=\"elementor-element elementor-element-c0c92e4 elementor-widget-divider--separator-type-pattern elementor-widget-divider--no-spacing elementor-widget-divider--view-line elementor-widget elementor-widget-divider\" data-id=\"c0c92e4\" data-element_type=\"widget\" data-widget_type=\"divider.default\">\n\t\t\t\t<div class=\"elementor-widget-container\">\n\t\t\t\t\t\t\t<div class=\"elementor-divider\" style=\"--divider-pattern-url: url(&quot;data:image\/svg+xml,%3Csvg xmlns=&#039;http:\/\/www.w3.org\/2000\/svg&#039; preserveAspectRatio=&#039;none&#039; overflow=&#039;visible&#039; height=&#039;100%&#039; viewBox=&#039;0 0 24 24&#039; fill=&#039;black&#039; stroke=&#039;none&#039;%3E%3Cpath d=&#039;M24,8v12H0V8H24z M24,4v1H0V4H24z&#039;\/%3E%3C\/svg%3E&quot;);\">\n\t\t\t<span class=\"elementor-divider-separator\">\n\t\t\t\t\t\t<\/span>\n\t\t<\/div>\n\t\t\t\t\t\t<\/div>\n\t\t\t\t<\/div>\n\t\t\t\t<div class=\"elementor-element elementor-element-23af4c8 elementor-widget elementor-widget-heading\" data-id=\"23af4c8\" data-element_type=\"widget\" data-settings=\"{&quot;_animation&quot;:&quot;none&quot;}\" data-widget_type=\"heading.default\">\n\t\t\t\t<div class=\"elementor-widget-container\">\n\t\t\t\t\t<h3 class=\"elementor-heading-title elementor-size-default\">Domingo, 30 de agosto de 2020 - Fuso hor\u00e1rio EDT<\/h3>\t\t\t\t<\/div>\n\t\t\t\t<\/div>\n\t\t\t\t\t<\/div>\n\t\t<\/div>\n\t\t\t\t\t<\/div>\n\t\t<\/section>\n\t\t\t\t<section class=\"elementor-section elementor-top-section elementor-element elementor-element-e69dec8 elementor-section-boxed elementor-section-height-default elementor-section-height-default\" data-id=\"e69dec8\" data-element_type=\"section\">\n\t\t\t\t\t\t<div class=\"elementor-container elementor-column-gap-default\">\n\t\t\t\t\t<div class=\"elementor-column elementor-col-100 elementor-top-column elementor-element elementor-element-bbe741c\" data-id=\"bbe741c\" data-element_type=\"column\">\n\t\t\t<div class=\"elementor-widget-wrap elementor-element-populated\">\n\t\t\t\t\t\t<div class=\"elementor-element elementor-element-158e069 elementor-widget-divider--view-line elementor-widget elementor-widget-divider\" data-id=\"158e069\" data-element_type=\"widget\" data-widget_type=\"divider.default\">\n\t\t\t\t<div class=\"elementor-widget-container\">\n\t\t\t\t\t\t\t<div class=\"elementor-divider\">\n\t\t\t<span class=\"elementor-divider-separator\">\n\t\t\t\t\t\t<\/span>\n\t\t<\/div>\n\t\t\t\t\t\t<\/div>\n\t\t\t\t<\/div>\n\t\t\t\t<div class=\"elementor-element elementor-element-1ecd176 animated-slow elementor-invisible elementor-widget elementor-widget-heading\" data-id=\"1ecd176\" data-element_type=\"widget\" data-settings=\"{&quot;_animation&quot;:&quot;zoomIn&quot;}\" data-widget_type=\"heading.default\">\n\t\t\t\t<div class=\"elementor-widget-container\">\n\t\t\t\t\t<h5 class=\"elementor-heading-title elementor-size-default\"><a href=\"http:\/\/www.timebie.com\/std\/edt.php\">10:00 - 11:00<\/a><\/h5>\t\t\t\t<\/div>\n\t\t\t\t<\/div>\n\t\t\t\t<div class=\"elementor-element elementor-element-c96fafc elementor-widget elementor-widget-video\" data-id=\"c96fafc\" data-element_type=\"widget\" data-settings=\"{&quot;youtube_url&quot;:&quot;https:\\\/\\\/youtu.be\\\/78IUo_Spe2Q&quot;,&quot;video_type&quot;:&quot;youtube&quot;,&quot;controls&quot;:&quot;yes&quot;}\" data-widget_type=\"video.default\">\n\t\t\t\t<div class=\"elementor-widget-container\">\n\t\t\t\t\t\t\t<div class=\"elementor-wrapper elementor-open-inline\">\n\t\t\t<div class=\"elementor-video\"><\/div>\t\t<\/div>\n\t\t\t\t\t\t<\/div>\n\t\t\t\t<\/div>\n\t\t\t\t<div class=\"elementor-element elementor-element-819dc81 elementor-widget elementor-widget-heading\" data-id=\"819dc81\" data-element_type=\"widget\" data-widget_type=\"heading.default\">\n\t\t\t\t<div class=\"elementor-widget-container\">\n\t\t\t\t\t<h6 class=\"elementor-heading-title elementor-size-default\">Esta confer\u00eancia foi dada em ingl\u00eas.<\/h6>\t\t\t\t<\/div>\n\t\t\t\t<\/div>\n\t\t\t\t<div class=\"elementor-element elementor-element-2987df2 elementor-widget elementor-widget-text-editor\" data-id=\"2987df2\" data-element_type=\"widget\" data-widget_type=\"text-editor.default\">\n\t\t\t\t<div class=\"elementor-widget-container\">\n\t\t\t\t\t\t\t\t\t<p>Ao contr\u00e1rio de outros momentos de viragem na hist\u00f3ria da humanidade, este causado pela pandemia de COVID-19 n\u00e3o s\u00f3 exp\u00f4s as falhas na sociedade humana, mas tamb\u00e9m na nossa rela\u00e7\u00e3o com os animais e a Natureza. Precisamos, portanto, de repensar fundamentalmente a nossa civiliza\u00e7\u00e3o industrial global para a alinhar com os valores duradouros da verdade, da liberdade, da igualdade, da bondade e da compaix\u00e3o para com todos os seres vivos. Nesta apresenta\u00e7\u00e3o, propomos-te construir este novo modelo a partir de uma nova hist\u00f3ria da perten\u00e7a do Homem \u00e0 Natureza, enquanto jogas um novo jogo em que estes valores duradouros s\u00e3o implementados de forma axiom\u00e1tica.  <\/p><p><a href=\"_wp_link_placeholder\" data-wplink-edit=\"true\">Sailesh Rao<\/a> \u00e9 um ativista pela liberta\u00e7\u00e3o das pessoas, dos animais e da Terra, marido, pai e, desde 2010, av\u00f4 com uma estrela Michelin. Prometeu \u00e0 sua neta, Kimaya, que o mundo ser\u00e1 maioritariamente vegan quando ela fizer 16 anos, em 2026, para que as pessoas deixem de comer os seus entes queridos, os animais. Est\u00e1 convencido de que a humanidade se transformar\u00e1 para cumprir a sua pequena promessa a Kimaya, n\u00e3o s\u00f3 por raz\u00f5es \u00e9ticas, mas tamb\u00e9m por pura necessidade ecol\u00f3gica.  <\/p>\t\t\t\t\t\t\t\t<\/div>\n\t\t\t\t<\/div>\n\t\t\t\t\t<\/div>\n\t\t<\/div>\n\t\t\t\t\t<\/div>\n\t\t<\/section>\n\t\t\t\t<section class=\"elementor-section elementor-top-section elementor-element elementor-element-8f9e9ae elementor-section-boxed elementor-section-height-default elementor-section-height-default\" data-id=\"8f9e9ae\" data-element_type=\"section\">\n\t\t\t\t\t\t<div class=\"elementor-container elementor-column-gap-default\">\n\t\t\t\t\t<div class=\"elementor-column elementor-col-100 elementor-top-column elementor-element elementor-element-b67d40b\" data-id=\"b67d40b\" data-element_type=\"column\">\n\t\t\t<div class=\"elementor-widget-wrap elementor-element-populated\">\n\t\t\t\t\t\t<div class=\"elementor-element elementor-element-c5bf13f elementor-widget-divider--view-line elementor-widget elementor-widget-divider\" data-id=\"c5bf13f\" data-element_type=\"widget\" data-widget_type=\"divider.default\">\n\t\t\t\t<div class=\"elementor-widget-container\">\n\t\t\t\t\t\t\t<div class=\"elementor-divider\">\n\t\t\t<span class=\"elementor-divider-separator\">\n\t\t\t\t\t\t<\/span>\n\t\t<\/div>\n\t\t\t\t\t\t<\/div>\n\t\t\t\t<\/div>\n\t\t\t\t<div class=\"elementor-element elementor-element-ebf0073 animated-slow elementor-invisible elementor-widget elementor-widget-heading\" data-id=\"ebf0073\" data-element_type=\"widget\" data-settings=\"{&quot;_animation&quot;:&quot;zoomIn&quot;}\" data-widget_type=\"heading.default\">\n\t\t\t\t<div class=\"elementor-widget-container\">\n\t\t\t\t\t<h5 class=\"elementor-heading-title elementor-size-default\"><a href=\"http:\/\/www.timebie.com\/std\/edt.php\">12:00 PM - 1:00 PM<\/a><\/h5>\t\t\t\t<\/div>\n\t\t\t\t<\/div>\n\t\t\t\t<div class=\"elementor-element elementor-element-c1954b1 elementor-widget elementor-widget-video\" data-id=\"c1954b1\" data-element_type=\"widget\" data-settings=\"{&quot;youtube_url&quot;:&quot;https:\\\/\\\/youtu.be\\\/zxPLQbsjY6o&quot;,&quot;video_type&quot;:&quot;youtube&quot;,&quot;controls&quot;:&quot;yes&quot;}\" data-widget_type=\"video.default\">\n\t\t\t\t<div class=\"elementor-widget-container\">\n\t\t\t\t\t\t\t<div class=\"elementor-wrapper elementor-open-inline\">\n\t\t\t<div class=\"elementor-video\"><\/div>\t\t<\/div>\n\t\t\t\t\t\t<\/div>\n\t\t\t\t<\/div>\n\t\t\t\t<div class=\"elementor-element elementor-element-7bd0d00 elementor-widget elementor-widget-heading\" data-id=\"7bd0d00\" data-element_type=\"widget\" data-widget_type=\"heading.default\">\n\t\t\t\t<div class=\"elementor-widget-container\">\n\t\t\t\t\t<h6 class=\"elementor-heading-title elementor-size-default\">Esta confer\u00eancia foi proferida em franc\u00eas.<\/h6>\t\t\t\t<\/div>\n\t\t\t\t<\/div>\n\t\t\t\t<div class=\"elementor-element elementor-element-10450b2 elementor-widget elementor-widget-text-editor\" data-id=\"10450b2\" data-element_type=\"widget\" data-widget_type=\"text-editor.default\">\n\t\t\t\t<div class=\"elementor-widget-container\">\n\t\t\t\t\t\t\t\t\t<p>No movimento dos direitos dos animais, os activistas tendem a ser muito cr\u00edticos em rela\u00e7\u00e3o aos que comem animais e, por vezes, at\u00e9 aos vegetarianos.  <br><br>O objetivo desta apresenta\u00e7\u00e3o \u00e9 desafiar a ideia de que n\u00e3o precisamos destas pessoas para fazer campanha connosco. Abordar\u00e1 quest\u00f5es como a coer\u00eancia, a procura de pureza pessoal e o impacto negativo que t\u00eam no nosso movimento e, consequentemente, nos animais. <br><br>Fabien Truffer \u00e9 porta-voz e ativista da associa\u00e7\u00e3o PEA &#8211; Pour l&#8217;\u00c9galit\u00e9 Animale. Ser\u00e1 que a sua forma\u00e7\u00e3o como advogado significa que, por vezes, gosta de fazer de advogado do diabo? Talvez sim.  <\/p>\t\t\t\t\t\t\t\t<\/div>\n\t\t\t\t<\/div>\n\t\t\t\t\t<\/div>\n\t\t<\/div>\n\t\t\t\t\t<\/div>\n\t\t<\/section>\n\t\t\t\t<section class=\"elementor-section elementor-top-section elementor-element elementor-element-f222e21 elementor-section-boxed elementor-section-height-default elementor-section-height-default\" data-id=\"f222e21\" data-element_type=\"section\">\n\t\t\t\t\t\t<div class=\"elementor-container elementor-column-gap-default\">\n\t\t\t\t\t<div class=\"elementor-column elementor-col-100 elementor-top-column elementor-element elementor-element-311b0dd\" data-id=\"311b0dd\" data-element_type=\"column\">\n\t\t\t<div class=\"elementor-widget-wrap elementor-element-populated\">\n\t\t\t\t\t\t<div class=\"elementor-element elementor-element-d0b3222 elementor-widget-divider--view-line elementor-widget elementor-widget-divider\" data-id=\"d0b3222\" data-element_type=\"widget\" data-widget_type=\"divider.default\">\n\t\t\t\t<div class=\"elementor-widget-container\">\n\t\t\t\t\t\t\t<div class=\"elementor-divider\">\n\t\t\t<span class=\"elementor-divider-separator\">\n\t\t\t\t\t\t<\/span>\n\t\t<\/div>\n\t\t\t\t\t\t<\/div>\n\t\t\t\t<\/div>\n\t\t\t\t<div class=\"elementor-element elementor-element-ea7a9e1 animated-slow elementor-invisible elementor-widget elementor-widget-heading\" data-id=\"ea7a9e1\" data-element_type=\"widget\" data-settings=\"{&quot;_animation&quot;:&quot;zoomIn&quot;}\" data-widget_type=\"heading.default\">\n\t\t\t\t<div class=\"elementor-widget-container\">\n\t\t\t\t\t<h5 class=\"elementor-heading-title elementor-size-default\"><a href=\"http:\/\/www.timebie.com\/std\/edt.php\">1:00 PM - 2:00 PM<\/a><\/h5>\t\t\t\t<\/div>\n\t\t\t\t<\/div>\n\t\t\t\t<div class=\"elementor-element elementor-element-e218bfa elementor-widget elementor-widget-video\" data-id=\"e218bfa\" data-element_type=\"widget\" data-settings=\"{&quot;youtube_url&quot;:&quot;https:\\\/\\\/youtu.be\\\/F5aVhIIx3wM&quot;,&quot;video_type&quot;:&quot;youtube&quot;,&quot;controls&quot;:&quot;yes&quot;}\" data-widget_type=\"video.default\">\n\t\t\t\t<div class=\"elementor-widget-container\">\n\t\t\t\t\t\t\t<div class=\"elementor-wrapper elementor-open-inline\">\n\t\t\t<div class=\"elementor-video\"><\/div>\t\t<\/div>\n\t\t\t\t\t\t<\/div>\n\t\t\t\t<\/div>\n\t\t\t\t<div class=\"elementor-element elementor-element-f9dfcda elementor-widget elementor-widget-heading\" data-id=\"f9dfcda\" data-element_type=\"widget\" data-widget_type=\"heading.default\">\n\t\t\t\t<div class=\"elementor-widget-container\">\n\t\t\t\t\t<h6 class=\"elementor-heading-title elementor-size-default\">Esta confer\u00eancia foi dada em ingl\u00eas.<\/h6>\t\t\t\t<\/div>\n\t\t\t\t<\/div>\n\t\t\t\t<div class=\"elementor-element elementor-element-214da98 elementor-widget elementor-widget-text-editor\" data-id=\"214da98\" data-element_type=\"widget\" data-widget_type=\"text-editor.default\">\n\t\t\t\t<div class=\"elementor-widget-container\">\n\t\t\t\t\t\t\t\t\t<p>Manu Herr\u00e1n (Madrid, Espanha) \u00e9 engenheiro inform\u00e1tico e programador, criador de simula\u00e7\u00f5es de vida artificial, algoritmos gen\u00e9ticos e algoritmos evolutivos, e autor de cerca de uma centena de ensaios e dois livros que abordam principalmente a senci\u00eancia em animais e m\u00e1quinas, bem como a evolu\u00e7\u00e3o, a coopera\u00e7\u00e3o, a intelig\u00eancia, a morte, a \u00e9tica e outros temas. \u00c9 o fundador da associa\u00e7\u00e3o <a href=\"https:\/\/sentience-research.org\/\">Sentience Research<\/a>, que desenvolve, divulga e promove a investiga\u00e7\u00e3o sobre a senci\u00eancia para um mundo melhor e, em particular, para a redu\u00e7\u00e3o do sofrimento involunt\u00e1rio e desnecess\u00e1rio. \u00c9 tamb\u00e9m investigador associado do OPIS.  <\/p>\t\t\t\t\t\t\t\t<\/div>\n\t\t\t\t<\/div>\n\t\t\t\t\t<\/div>\n\t\t<\/div>\n\t\t\t\t\t<\/div>\n\t\t<\/section>\n\t\t\t\t<section class=\"elementor-section elementor-top-section elementor-element elementor-element-626b477 elementor-section-boxed elementor-section-height-default elementor-section-height-default\" data-id=\"626b477\" data-element_type=\"section\">\n\t\t\t\t\t\t<div class=\"elementor-container elementor-column-gap-default\">\n\t\t\t\t\t<div class=\"elementor-column elementor-col-100 elementor-top-column elementor-element elementor-element-d449346\" data-id=\"d449346\" data-element_type=\"column\">\n\t\t\t<div class=\"elementor-widget-wrap elementor-element-populated\">\n\t\t\t\t\t\t<div class=\"elementor-element elementor-element-546fe7c elementor-widget-divider--view-line elementor-widget elementor-widget-divider\" data-id=\"546fe7c\" data-element_type=\"widget\" data-widget_type=\"divider.default\">\n\t\t\t\t<div class=\"elementor-widget-container\">\n\t\t\t\t\t\t\t<div class=\"elementor-divider\">\n\t\t\t<span class=\"elementor-divider-separator\">\n\t\t\t\t\t\t<\/span>\n\t\t<\/div>\n\t\t\t\t\t\t<\/div>\n\t\t\t\t<\/div>\n\t\t\t\t<div class=\"elementor-element elementor-element-30fe916 animated-slow elementor-invisible elementor-widget elementor-widget-heading\" data-id=\"30fe916\" data-element_type=\"widget\" data-settings=\"{&quot;_animation&quot;:&quot;zoomIn&quot;}\" data-widget_type=\"heading.default\">\n\t\t\t\t<div class=\"elementor-widget-container\">\n\t\t\t\t\t<h5 class=\"elementor-heading-title elementor-size-default\"><a href=\"http:\/\/www.timebie.com\/std\/edt.php\">14:00 - 15:00<\/a><\/h5>\t\t\t\t<\/div>\n\t\t\t\t<\/div>\n\t\t\t\t<div class=\"elementor-element elementor-element-b226c38 elementor-widget elementor-widget-video\" data-id=\"b226c38\" data-element_type=\"widget\" data-settings=\"{&quot;youtube_url&quot;:&quot;https:\\\/\\\/youtu.be\\\/2YJ94YznXDc&quot;,&quot;video_type&quot;:&quot;youtube&quot;,&quot;controls&quot;:&quot;yes&quot;}\" data-widget_type=\"video.default\">\n\t\t\t\t<div class=\"elementor-widget-container\">\n\t\t\t\t\t\t\t<div class=\"elementor-wrapper elementor-open-inline\">\n\t\t\t<div class=\"elementor-video\"><\/div>\t\t<\/div>\n\t\t\t\t\t\t<\/div>\n\t\t\t\t<\/div>\n\t\t\t\t<div class=\"elementor-element elementor-element-26eb715 elementor-widget elementor-widget-heading\" data-id=\"26eb715\" data-element_type=\"widget\" data-widget_type=\"heading.default\">\n\t\t\t\t<div class=\"elementor-widget-container\">\n\t\t\t\t\t<h6 class=\"elementor-heading-title elementor-size-default\">Esta confer\u00eancia foi proferida em franc\u00eas.<\/h6>\t\t\t\t<\/div>\n\t\t\t\t<\/div>\n\t\t\t\t<div class=\"elementor-element elementor-element-2505757 elementor-widget elementor-widget-text-editor\" data-id=\"2505757\" data-element_type=\"widget\" data-widget_type=\"text-editor.default\">\n\t\t\t\t<div class=\"elementor-widget-container\">\n\t\t\t\t\t\t\t\t\t<p>Laura \u00e9 uma ativista senciente, oradora e co-fundadora do <a href=\"https:\/\/projet-meduses.com\/\">Projet M\u00e9duse<\/a>.<\/p><p>O objetivo desta confer\u00eancia, depois de uma breve revis\u00e3o de alguns conceitos importantes ligados \u00e0 estrat\u00e9gia, \u00e9 salientar o que cada ativista pode fazer para adotar uma abordagem estrat\u00e9gica \u00e0 sua participa\u00e7\u00e3o na luta.<\/p>\t\t\t\t\t\t\t\t<\/div>\n\t\t\t\t<\/div>\n\t\t\t\t\t<\/div>\n\t\t<\/div>\n\t\t\t\t\t<\/div>\n\t\t<\/section>\n\t\t\t\t<section class=\"elementor-section elementor-top-section elementor-element elementor-element-4c185c7 elementor-section-boxed elementor-section-height-default elementor-section-height-default\" data-id=\"4c185c7\" data-element_type=\"section\">\n\t\t\t\t\t\t<div class=\"elementor-container elementor-column-gap-default\">\n\t\t\t\t\t<div class=\"elementor-column elementor-col-100 elementor-top-column elementor-element elementor-element-9a4e629\" data-id=\"9a4e629\" data-element_type=\"column\">\n\t\t\t<div class=\"elementor-widget-wrap elementor-element-populated\">\n\t\t\t\t\t\t<div class=\"elementor-element elementor-element-9285228 elementor-widget-divider--view-line elementor-widget elementor-widget-divider\" data-id=\"9285228\" data-element_type=\"widget\" data-widget_type=\"divider.default\">\n\t\t\t\t<div class=\"elementor-widget-container\">\n\t\t\t\t\t\t\t<div class=\"elementor-divider\">\n\t\t\t<span class=\"elementor-divider-separator\">\n\t\t\t\t\t\t<\/span>\n\t\t<\/div>\n\t\t\t\t\t\t<\/div>\n\t\t\t\t<\/div>\n\t\t\t\t<div class=\"elementor-element elementor-element-c1fb9b9 animated-slow elementor-invisible elementor-widget elementor-widget-heading\" data-id=\"c1fb9b9\" data-element_type=\"widget\" data-settings=\"{&quot;_animation&quot;:&quot;zoomIn&quot;}\" data-widget_type=\"heading.default\">\n\t\t\t\t<div class=\"elementor-widget-container\">\n\t\t\t\t\t<h5 class=\"elementor-heading-title elementor-size-default\"><a href=\"http:\/\/www.timebie.com\/std\/edt.php\">15:00 - 16:00<\/a><\/h5>\t\t\t\t<\/div>\n\t\t\t\t<\/div>\n\t\t\t\t<div class=\"elementor-element elementor-element-8b69b66 elementor-widget elementor-widget-video\" data-id=\"8b69b66\" data-element_type=\"widget\" data-settings=\"{&quot;youtube_url&quot;:&quot;https:\\\/\\\/youtu.be\\\/uer4p7mstG8&quot;,&quot;video_type&quot;:&quot;youtube&quot;,&quot;controls&quot;:&quot;yes&quot;}\" data-widget_type=\"video.default\">\n\t\t\t\t<div class=\"elementor-widget-container\">\n\t\t\t\t\t\t\t<div class=\"elementor-wrapper elementor-open-inline\">\n\t\t\t<div class=\"elementor-video\"><\/div>\t\t<\/div>\n\t\t\t\t\t\t<\/div>\n\t\t\t\t<\/div>\n\t\t\t\t<div class=\"elementor-element elementor-element-59f6421 elementor-widget elementor-widget-heading\" data-id=\"59f6421\" data-element_type=\"widget\" data-widget_type=\"heading.default\">\n\t\t\t\t<div class=\"elementor-widget-container\">\n\t\t\t\t\t<h6 class=\"elementor-heading-title elementor-size-default\">Esta confer\u00eancia foi proferida em franc\u00eas.<\/h6>\t\t\t\t<\/div>\n\t\t\t\t<\/div>\n\t\t\t\t<div class=\"elementor-element elementor-element-3b573d2 elementor-widget elementor-widget-text-editor\" data-id=\"3b573d2\" data-element_type=\"widget\" data-widget_type=\"text-editor.default\">\n\t\t\t\t<div class=\"elementor-widget-container\">\n\t\t\t\t\t\t\t\t\t<p>Florence Dellerie \u00e9 escritora e ilustradora cient\u00edfica e fundadora do s\u00edtio Questions Animalistes, que re\u00fane o seu trabalho sobre \u00e9tica e promo\u00e7\u00e3o do pensamento cr\u00edtico. \u00c9 tamb\u00e9m colunista da <a href=\"https:\/\/www.nonbi.fr\/\">Nonbi-Radio<\/a>, editora do <a href=\"https:\/\/lamorce.co\/\">L&#8217;Amorce<\/a> e co-fundadora do Projeto M\u00e9duses. <\/p><p>Nesta palestra, Florence Dellerie apresenta argumentos para mostrar que a no\u00e7\u00e3o de &#8220;dieta natural&#8221;, que \u00e9 frequentemente contrastada com o vegetarianismo e o veganismo, \u00e9 irrelevante.<\/p>\t\t\t\t\t\t\t\t<\/div>\n\t\t\t\t<\/div>\n\t\t\t\t\t<\/div>\n\t\t<\/div>\n\t\t\t\t\t<\/div>\n\t\t<\/section>\n\t\t\t\t<section class=\"elementor-section elementor-top-section elementor-element elementor-element-63d1748 elementor-section-boxed elementor-section-height-default elementor-section-height-default\" data-id=\"63d1748\" data-element_type=\"section\">\n\t\t\t\t\t\t<div class=\"elementor-container elementor-column-gap-default\">\n\t\t\t\t\t<div class=\"elementor-column elementor-col-100 elementor-top-column elementor-element elementor-element-a45a601\" data-id=\"a45a601\" data-element_type=\"column\">\n\t\t\t<div class=\"elementor-widget-wrap elementor-element-populated\">\n\t\t\t\t\t\t<div class=\"elementor-element elementor-element-a4bf56c elementor-widget-divider--view-line elementor-widget elementor-widget-divider\" data-id=\"a4bf56c\" data-element_type=\"widget\" data-widget_type=\"divider.default\">\n\t\t\t\t<div class=\"elementor-widget-container\">\n\t\t\t\t\t\t\t<div class=\"elementor-divider\">\n\t\t\t<span class=\"elementor-divider-separator\">\n\t\t\t\t\t\t<\/span>\n\t\t<\/div>\n\t\t\t\t\t\t<\/div>\n\t\t\t\t<\/div>\n\t\t\t\t<div class=\"elementor-element elementor-element-e1ecd5c animated-slow elementor-invisible elementor-widget elementor-widget-heading\" data-id=\"e1ecd5c\" data-element_type=\"widget\" data-settings=\"{&quot;_animation&quot;:&quot;zoomIn&quot;}\" data-widget_type=\"heading.default\">\n\t\t\t\t<div class=\"elementor-widget-container\">\n\t\t\t\t\t<h5 class=\"elementor-heading-title elementor-size-default\"><a href=\"http:\/\/www.timebie.com\/std\/edt.php\">16:00 - 17:00<\/a><\/h5>\t\t\t\t<\/div>\n\t\t\t\t<\/div>\n\t\t\t\t<div class=\"elementor-element elementor-element-c32f7f1 elementor-widget elementor-widget-video\" data-id=\"c32f7f1\" data-element_type=\"widget\" data-settings=\"{&quot;youtube_url&quot;:&quot;https:\\\/\\\/youtu.be\\\/fjXUA6lGQ8U&quot;,&quot;video_type&quot;:&quot;youtube&quot;,&quot;controls&quot;:&quot;yes&quot;}\" data-widget_type=\"video.default\">\n\t\t\t\t<div class=\"elementor-widget-container\">\n\t\t\t\t\t\t\t<div class=\"elementor-wrapper elementor-open-inline\">\n\t\t\t<div class=\"elementor-video\"><\/div>\t\t<\/div>\n\t\t\t\t\t\t<\/div>\n\t\t\t\t<\/div>\n\t\t\t\t<div class=\"elementor-element elementor-element-1c7025f elementor-widget elementor-widget-heading\" data-id=\"1c7025f\" data-element_type=\"widget\" data-widget_type=\"heading.default\">\n\t\t\t\t<div class=\"elementor-widget-container\">\n\t\t\t\t\t<h6 class=\"elementor-heading-title elementor-size-default\">Esta confer\u00eancia foi proferida em franc\u00eas.<\/h6>\t\t\t\t<\/div>\n\t\t\t\t<\/div>\n\t\t\t\t<div class=\"elementor-element elementor-element-f19a1a0 elementor-widget elementor-widget-text-editor\" data-id=\"f19a1a0\" data-element_type=\"widget\" data-widget_type=\"text-editor.default\">\n\t\t\t\t<div class=\"elementor-widget-container\">\n\t\t\t\t\t\t\t\t\t<p>As opress\u00f5es sist\u00e9micas fazem parte de uma arquitetura com causas profundas comuns. O especismo n\u00e3o \u00e9 exce\u00e7\u00e3o a este fen\u00f3meno, mas a compreens\u00e3o do seu lugar entre outras opress\u00f5es requer uma divis\u00e3o mais fina, o que nos leva a falar de uma pluralidade de especismos. <br><br>Orlando H. Bentata \u00e9 o fundador do coletivo R\u00e9plique \u00c9thique e do site com o mesmo nome, que t\u00eam como objetivo ajudar os activistas nas suas reflex\u00f5es, oferecendo ferramentas metodol\u00f3gicas, an\u00e1lise de discursos e populariza\u00e7\u00e3o de conceitos pol\u00edticos e filos\u00f3ficos. \u00c9 tamb\u00e9m colunista na Nonbi-radio e cofundador do Projeto M\u00e9duses, um movimento de justi\u00e7a social baseado no pensamento cr\u00edtico e na benevol\u00eancia. <\/p>\t\t\t\t\t\t\t\t<\/div>\n\t\t\t\t<\/div>\n\t\t\t\t\t<\/div>\n\t\t<\/div>\n\t\t\t\t\t<\/div>\n\t\t<\/section>\n\t\t\t\t<section class=\"elementor-section elementor-top-section elementor-element elementor-element-b988660 elementor-section-boxed elementor-section-height-default elementor-section-height-default\" data-id=\"b988660\" data-element_type=\"section\">\n\t\t\t\t\t\t<div class=\"elementor-container elementor-column-gap-default\">\n\t\t\t\t\t<div class=\"elementor-column elementor-col-100 elementor-top-column elementor-element elementor-element-dc8f2b8\" data-id=\"dc8f2b8\" data-element_type=\"column\">\n\t\t\t<div class=\"elementor-widget-wrap elementor-element-populated\">\n\t\t\t\t\t\t<div class=\"elementor-element elementor-element-17b4cae elementor-widget-divider--view-line elementor-widget elementor-widget-divider\" data-id=\"17b4cae\" data-element_type=\"widget\" data-widget_type=\"divider.default\">\n\t\t\t\t<div class=\"elementor-widget-container\">\n\t\t\t\t\t\t\t<div class=\"elementor-divider\">\n\t\t\t<span class=\"elementor-divider-separator\">\n\t\t\t\t\t\t<\/span>\n\t\t<\/div>\n\t\t\t\t\t\t<\/div>\n\t\t\t\t<\/div>\n\t\t\t\t<div class=\"elementor-element elementor-element-d26d3e3 animated-slow elementor-invisible elementor-widget elementor-widget-heading\" data-id=\"d26d3e3\" data-element_type=\"widget\" data-settings=\"{&quot;_animation&quot;:&quot;zoomIn&quot;}\" data-widget_type=\"heading.default\">\n\t\t\t\t<div class=\"elementor-widget-container\">\n\t\t\t\t\t<h5 class=\"elementor-heading-title elementor-size-default\"><a href=\"http:\/\/www.timebie.com\/std\/edt.php\">5:00 PM - 6:00 PM<\/a><\/h5>\t\t\t\t<\/div>\n\t\t\t\t<\/div>\n\t\t\t\t<div class=\"elementor-element elementor-element-12cd66c elementor-widget elementor-widget-video\" data-id=\"12cd66c\" data-element_type=\"widget\" data-settings=\"{&quot;youtube_url&quot;:&quot;https:\\\/\\\/youtu.be\\\/E3a2u6OSt2o&quot;,&quot;video_type&quot;:&quot;youtube&quot;,&quot;controls&quot;:&quot;yes&quot;}\" data-widget_type=\"video.default\">\n\t\t\t\t<div class=\"elementor-widget-container\">\n\t\t\t\t\t\t\t<div class=\"elementor-wrapper elementor-open-inline\">\n\t\t\t<div class=\"elementor-video\"><\/div>\t\t<\/div>\n\t\t\t\t\t\t<\/div>\n\t\t\t\t<\/div>\n\t\t\t\t<div class=\"elementor-element elementor-element-e79b0dc elementor-widget elementor-widget-heading\" data-id=\"e79b0dc\" data-element_type=\"widget\" data-widget_type=\"heading.default\">\n\t\t\t\t<div class=\"elementor-widget-container\">\n\t\t\t\t\t<h6 class=\"elementor-heading-title elementor-size-default\">Esta confer\u00eancia foi proferida em franc\u00eas.<\/h6>\t\t\t\t<\/div>\n\t\t\t\t<\/div>\n\t\t\t\t<div class=\"elementor-element elementor-element-5bf6f5a elementor-widget elementor-widget-text-editor\" data-id=\"5bf6f5a\" data-element_type=\"widget\" data-widget_type=\"text-editor.default\">\n\t\t\t\t<div class=\"elementor-widget-container\">\n\t\t\t\t\t\t\t\t\t<p>Sarah Laureti, profissional de sa\u00fade, e Marcello Bezina, ator e ativista, s\u00e3o os fundadores da <a href=\"https:\/\/plantdemic.org\">Plantdemic<\/a>, uma organiza\u00e7\u00e3o sem fins lucrativos cuja miss\u00e3o \u00e9 descobrir a liga\u00e7\u00e3o direta entre a forma como os humanos tratam os animais e as doen\u00e7as infecciosas emergentes e pand\u00e9micas.  <br><br>Sarah esteve envolvida na implementa\u00e7\u00e3o de ecoturismo sustent\u00e1vel no Yucatan e num est\u00e1gio de ajuda humanit\u00e1ria em Hato Mayor, Rep\u00fablica Dominicana, ajudando as comunidades locais a reconstruir escolas e cl\u00ednicas. Sarah cuida de todos os animais e interessa-se por plantas. <\/p><p>Marcello trabalhou para a <a href=\"https:\/\/www.noaa.gov\/\">Administra\u00e7\u00e3o Nacional Oce\u00e2nica e Atmosf\u00e9rica<\/a> (NOAA) e, ao longo dos anos, organizou-se com organiza\u00e7\u00f5es locais e internacionais de prote\u00e7\u00e3o dos animais, sensibilizando para quest\u00f5es importantes relacionadas com os animais.<\/p>\t\t\t\t\t\t\t\t<\/div>\n\t\t\t\t<\/div>\n\t\t\t\t\t<\/div>\n\t\t<\/div>\n\t\t\t\t\t<\/div>\n\t\t<\/section>\n\t\t\t\t<section class=\"elementor-section elementor-top-section elementor-element elementor-element-a1e7f26 elementor-section-boxed elementor-section-height-default elementor-section-height-default\" data-id=\"a1e7f26\" data-element_type=\"section\">\n\t\t\t\t\t\t<div class=\"elementor-container elementor-column-gap-default\">\n\t\t\t\t\t<div class=\"elementor-column elementor-col-100 elementor-top-column elementor-element elementor-element-f72eba6\" data-id=\"f72eba6\" data-element_type=\"column\">\n\t\t\t<div class=\"elementor-widget-wrap elementor-element-populated\">\n\t\t\t\t\t\t<div class=\"elementor-element elementor-element-7873dc5 elementor-widget-divider--view-line elementor-widget elementor-widget-divider\" data-id=\"7873dc5\" data-element_type=\"widget\" data-widget_type=\"divider.default\">\n\t\t\t\t<div class=\"elementor-widget-container\">\n\t\t\t\t\t\t\t<div class=\"elementor-divider\">\n\t\t\t<span class=\"elementor-divider-separator\">\n\t\t\t\t\t\t<\/span>\n\t\t<\/div>\n\t\t\t\t\t\t<\/div>\n\t\t\t\t<\/div>\n\t\t\t\t<div class=\"elementor-element elementor-element-f21c22f animated-slow elementor-invisible elementor-widget elementor-widget-heading\" data-id=\"f21c22f\" data-element_type=\"widget\" data-settings=\"{&quot;_animation&quot;:&quot;zoomIn&quot;}\" data-widget_type=\"heading.default\">\n\t\t\t\t<div class=\"elementor-widget-container\">\n\t\t\t\t\t<h5 class=\"elementor-heading-title elementor-size-default\"><a href=\"http:\/\/www.timebie.com\/std\/edt.php\">6:00 PM - 7:30 PM<\/a><\/h5>\t\t\t\t<\/div>\n\t\t\t\t<\/div>\n\t\t\t\t<div class=\"elementor-element elementor-element-8319537 elementor-widget elementor-widget-video\" data-id=\"8319537\" data-element_type=\"widget\" data-settings=\"{&quot;youtube_url&quot;:&quot;https:\\\/\\\/youtu.be\\\/4Td1bOayVAw&quot;,&quot;video_type&quot;:&quot;youtube&quot;,&quot;controls&quot;:&quot;yes&quot;}\" data-widget_type=\"video.default\">\n\t\t\t\t<div class=\"elementor-widget-container\">\n\t\t\t\t\t\t\t<div class=\"elementor-wrapper elementor-open-inline\">\n\t\t\t<div class=\"elementor-video\"><\/div>\t\t<\/div>\n\t\t\t\t\t\t<\/div>\n\t\t\t\t<\/div>\n\t\t\t\t<div class=\"elementor-element elementor-element-57b2bab elementor-widget elementor-widget-heading\" data-id=\"57b2bab\" data-element_type=\"widget\" data-widget_type=\"heading.default\">\n\t\t\t\t<div class=\"elementor-widget-container\">\n\t\t\t\t\t<h6 class=\"elementor-heading-title elementor-size-default\">Esta confer\u00eancia foi dada em ingl\u00eas.<\/h6>\t\t\t\t<\/div>\n\t\t\t\t<\/div>\n\t\t\t\t<div class=\"elementor-element elementor-element-483fdd1 elementor-widget elementor-widget-heading\" data-id=\"483fdd1\" data-element_type=\"widget\" data-widget_type=\"heading.default\">\n\t\t\t\t<div class=\"elementor-widget-container\">\n\t\t\t\t\t<h4 class=\"elementor-heading-title elementor-size-default\">Grupo de discuss\u00e3o online<\/h4>\t\t\t\t<\/div>\n\t\t\t\t<\/div>\n\t\t\t\t<div class=\"elementor-element elementor-element-0ea9829 elementor-widget elementor-widget-heading\" data-id=\"0ea9829\" data-element_type=\"widget\" data-widget_type=\"heading.default\">\n\t\t\t\t<div class=\"elementor-widget-container\">\n\t\t\t\t\t<h5 class=\"elementor-heading-title elementor-size-default\">Harley McDonal-Exkersall, St\u00e9phanie Gravel, Remus Cernea, Sailesh Rao, Dan Kidby, Laura Le Brasseur<\/h5>\t\t\t\t<\/div>\n\t\t\t\t<\/div>\n\t\t\t\t<div class=\"elementor-element elementor-element-379cefc elementor-widget elementor-widget-heading\" data-id=\"379cefc\" data-element_type=\"widget\" data-widget_type=\"heading.default\">\n\t\t\t\t<div class=\"elementor-widget-container\">\n\t\t\t\t\t<h6 class=\"elementor-heading-title elementor-size-default\">Diagn\u00f3stico do movimento para acabar com o especismo: \nPontos fortes, pontos fracos e formas de os ultrapassar.<\/h6>\t\t\t\t<\/div>\n\t\t\t\t<\/div>\n\t\t\t\t<div class=\"elementor-element elementor-element-ca80560 elementor-widget elementor-widget-text-editor\" data-id=\"ca80560\" data-element_type=\"widget\" data-widget_type=\"text-editor.default\">\n\t\t\t\t<div class=\"elementor-widget-container\">\n\t\t\t\t\t\t\t\t\t<p>St\u00e9phanie \u00e9 uma calgarense que quer viver num mundo de coopera\u00e7\u00e3o, curiosidade e justi\u00e7a. Obteve um Bacharelato em Reabilita\u00e7\u00e3o Comunit\u00e1ria na Cumming School of Medicine da Universidade de Calgary, e esta forma\u00e7\u00e3o permitiu-lhe ignorar as constru\u00e7\u00f5es sociais normativas e apreciar a personalidade e a sensibilidade inerentes a todas as pessoas. <\/p><p>A Harley \u00e9 origin\u00e1ria da Austr\u00e1lia e vive atualmente no Reino Unido. Participa como organizadora no movimento de justi\u00e7a animal h\u00e1 4 anos, principalmente com a <a href=\"https:\/\/yva.org.au\/\">Young Voices for Animals<\/a> (que co-fundou), <a href=\"https:\/\/animalrebellion.org\/\">Animal Rebellion<\/a> e <a href=\"http:\/\/animalthinktank.org.uk\/\">Animal Think Tank<\/a>.   <\/p><p><a href=\"https:\/\/fr.wikipedia.org\/wiki\/Remus_Cernea\">Remus<\/a> \u00e9 um ativista dos direitos humanos e dos animais e um antigo pol\u00edtico. Na qualidade de conselheiro do Primeiro-Ministro para quest\u00f5es ambientais, conseguiu que fosse tomada a decis\u00e3o de deixar de ca\u00e7ar o belo lince. Foi o primeiro verde eleito para o Parlamento romeno (2012) e conseguiu aprovar uma lei que pro\u00edbe a utiliza\u00e7\u00e3o de animais em circos (2017). Proferiu o primeiro discurso pr\u00f3-vegan no Parlamento romeno (2015). Atualmente, \u00e9 um dos fundadores da Animal Rebellion Romania.    <\/p><p><a style=\"background-color: #ffffff;\" href=\"https:\/\/veganoptioncanada.org\/_wp_link_placeholder\">Sailesh<\/a> \u00e9 um ativista pela liberta\u00e7\u00e3o das pessoas, dos animais e da Terra, marido, pai e, desde 2010, av\u00f4 com uma estrela Michelin. Prometeu \u00e0 sua neta, Kimaya, que o mundo ser\u00e1 maioritariamente vegan quando ela tiver 16 anos, em 2026, para que as pessoas deixem de comer os seus entes queridos, os animais. Est\u00e1 convencido de que a humanidade se transformar\u00e1 para cumprir a sua pequena promessa a Kimaya, n\u00e3o s\u00f3 por raz\u00f5es \u00e9ticas, mas tamb\u00e9m por pura necessidade ecol\u00f3gica.  <\/p><p><a href=\"http:\/\/animalthinktank.org.uk\/the-collective\">Dan<\/a> \u00e9 um ativista, investigador de movimentos sociais, formador e amante dos animais. \u00c9 cofundador da Animal Rebellion e do <a href=\"http:\/\/animalthinktank.org.uk\/\">Animal Think Tank<\/a>. O Animal Think Tank \u00e9 um coletivo que procura desenvolver e partilhar conhecimentos sobre como construir um movimento de massas inclusivo e estrat\u00e9gico para a liberta\u00e7\u00e3o animal. Tem estado ativo em v\u00e1rios movimentos de justi\u00e7a social, como a educa\u00e7\u00e3o gratuita, a justi\u00e7a clim\u00e1tica, os direitos ind\u00edgenas e muitos outros.   <\/p><p>Laura \u00e9 uma ativista senciente, oradora e co-fundadora do <a href=\"https:\/\/projet-meduses.com\/\">Projet M\u00e9duse<\/a>.<\/p>\t\t\t\t\t\t\t\t<\/div>\n\t\t\t\t<\/div>\n\t\t\t\t\t<\/div>\n\t\t<\/div>\n\t\t\t\t\t<\/div>\n\t\t<\/section>\n\t\t\t\t<section class=\"elementor-section elementor-top-section elementor-element elementor-element-c53aa31 elementor-section-boxed elementor-section-height-default elementor-section-height-default\" data-id=\"c53aa31\" data-element_type=\"section\">\n\t\t\t\t\t\t<div class=\"elementor-container elementor-column-gap-default\">\n\t\t\t\t\t<div class=\"elementor-column elementor-col-100 elementor-top-column elementor-element elementor-element-2b127ef\" data-id=\"2b127ef\" data-element_type=\"column\">\n\t\t\t<div class=\"elementor-widget-wrap elementor-element-populated\">\n\t\t\t\t\t\t<div class=\"elementor-element elementor-element-554e878 elementor-widget-divider--view-line elementor-widget elementor-widget-divider\" data-id=\"554e878\" data-element_type=\"widget\" data-widget_type=\"divider.default\">\n\t\t\t\t<div class=\"elementor-widget-container\">\n\t\t\t\t\t\t\t<div class=\"elementor-divider\">\n\t\t\t<span class=\"elementor-divider-separator\">\n\t\t\t\t\t\t<\/span>\n\t\t<\/div>\n\t\t\t\t\t\t<\/div>\n\t\t\t\t<\/div>\n\t\t\t\t<div class=\"elementor-element elementor-element-69553f0 elementor-share-buttons--view-icon-text elementor-share-buttons--skin-gradient elementor-share-buttons--shape-square elementor-grid-0 elementor-share-buttons--color-official elementor-widget elementor-widget-share-buttons\" data-id=\"69553f0\" data-element_type=\"widget\" data-widget_type=\"share-buttons.default\">\n\t\t\t\t<div class=\"elementor-widget-container\">\n\t\t\t\t\t\t\t<div class=\"elementor-grid\">\n\t\t\t\t\t\t\t\t<div class=\"elementor-grid-item\">\n\t\t\t\t\t\t<div\n\t\t\t\t\t\t\tclass=\"elementor-share-btn elementor-share-btn_facebook\"\n\t\t\t\t\t\t\trole=\"button\"\n\t\t\t\t\t\t\ttabindex=\"0\"\n\t\t\t\t\t\t\taria-label=\"Share on facebook\"\n\t\t\t\t\t\t>\n\t\t\t\t\t\t\t\t\t\t\t\t\t\t\t<span class=\"elementor-share-btn__icon\">\n\t\t\t\t\t\t\t\t<i class=\"fab fa-facebook\" aria-hidden=\"true\"><\/i>\t\t\t\t\t\t\t<\/span>\n\t\t\t\t\t\t\t\t\t\t\t\t\t\t\t\t\t\t\t\t\t\t<div class=\"elementor-share-btn__text\">\n\t\t\t\t\t\t\t\t\t\t\t\t\t\t\t\t\t\t\t<span class=\"elementor-share-btn__title\">\n\t\t\t\t\t\t\t\t\t\tFacebook\t\t\t\t\t\t\t\t\t<\/span>\n\t\t\t\t\t\t\t\t\t\t\t\t\t\t\t\t\t<\/div>\n\t\t\t\t\t\t\t\t\t\t\t\t\t<\/div>\n\t\t\t\t\t<\/div>\n\t\t\t\t\t\t\t\t\t<div class=\"elementor-grid-item\">\n\t\t\t\t\t\t<div\n\t\t\t\t\t\t\tclass=\"elementor-share-btn elementor-share-btn_twitter\"\n\t\t\t\t\t\t\trole=\"button\"\n\t\t\t\t\t\t\ttabindex=\"0\"\n\t\t\t\t\t\t\taria-label=\"Share on twitter\"\n\t\t\t\t\t\t>\n\t\t\t\t\t\t\t\t\t\t\t\t\t\t\t<span class=\"elementor-share-btn__icon\">\n\t\t\t\t\t\t\t\t<i class=\"fab fa-twitter\" aria-hidden=\"true\"><\/i>\t\t\t\t\t\t\t<\/span>\n\t\t\t\t\t\t\t\t\t\t\t\t\t\t\t\t\t\t\t\t\t\t<div class=\"elementor-share-btn__text\">\n\t\t\t\t\t\t\t\t\t\t\t\t\t\t\t\t\t\t\t<span class=\"elementor-share-btn__title\">\n\t\t\t\t\t\t\t\t\t\tTwitter\t\t\t\t\t\t\t\t\t<\/span>\n\t\t\t\t\t\t\t\t\t\t\t\t\t\t\t\t\t<\/div>\n\t\t\t\t\t\t\t\t\t\t\t\t\t<\/div>\n\t\t\t\t\t<\/div>\n\t\t\t\t\t\t\t\t\t<div class=\"elementor-grid-item\">\n\t\t\t\t\t\t<div\n\t\t\t\t\t\t\tclass=\"elementor-share-btn elementor-share-btn_telegram\"\n\t\t\t\t\t\t\trole=\"button\"\n\t\t\t\t\t\t\ttabindex=\"0\"\n\t\t\t\t\t\t\taria-label=\"Share on telegram\"\n\t\t\t\t\t\t>\n\t\t\t\t\t\t\t\t\t\t\t\t\t\t\t<span class=\"elementor-share-btn__icon\">\n\t\t\t\t\t\t\t\t<i class=\"fab fa-telegram\" aria-hidden=\"true\"><\/i>\t\t\t\t\t\t\t<\/span>\n\t\t\t\t\t\t\t\t\t\t\t\t\t\t\t\t\t\t\t\t\t\t<div class=\"elementor-share-btn__text\">\n\t\t\t\t\t\t\t\t\t\t\t\t\t\t\t\t\t\t\t<span class=\"elementor-share-btn__title\">\n\t\t\t\t\t\t\t\t\t\tTelegram\t\t\t\t\t\t\t\t\t<\/span>\n\t\t\t\t\t\t\t\t\t\t\t\t\t\t\t\t\t<\/div>\n\t\t\t\t\t\t\t\t\t\t\t\t\t<\/div>\n\t\t\t\t\t<\/div>\n\t\t\t\t\t\t\t\t\t<div class=\"elementor-grid-item\">\n\t\t\t\t\t\t<div\n\t\t\t\t\t\t\tclass=\"elementor-share-btn elementor-share-btn_whatsapp\"\n\t\t\t\t\t\t\trole=\"button\"\n\t\t\t\t\t\t\ttabindex=\"0\"\n\t\t\t\t\t\t\taria-label=\"Share on whatsapp\"\n\t\t\t\t\t\t>\n\t\t\t\t\t\t\t\t\t\t\t\t\t\t\t<span class=\"elementor-share-btn__icon\">\n\t\t\t\t\t\t\t\t<i class=\"fab fa-whatsapp\" aria-hidden=\"true\"><\/i>\t\t\t\t\t\t\t<\/span>\n\t\t\t\t\t\t\t\t\t\t\t\t\t\t\t\t\t\t\t\t\t\t<div class=\"elementor-share-btn__text\">\n\t\t\t\t\t\t\t\t\t\t\t\t\t\t\t\t\t\t\t<span class=\"elementor-share-btn__title\">\n\t\t\t\t\t\t\t\t\t\tWhatsApp\t\t\t\t\t\t\t\t\t<\/span>\n\t\t\t\t\t\t\t\t\t\t\t\t\t\t\t\t\t<\/div>\n\t\t\t\t\t\t\t\t\t\t\t\t\t<\/div>\n\t\t\t\t\t<\/div>\n\t\t\t\t\t\t\t\t\t<div class=\"elementor-grid-item\">\n\t\t\t\t\t\t<div\n\t\t\t\t\t\t\tclass=\"elementor-share-btn elementor-share-btn_reddit\"\n\t\t\t\t\t\t\trole=\"button\"\n\t\t\t\t\t\t\ttabindex=\"0\"\n\t\t\t\t\t\t\taria-label=\"Share on reddit\"\n\t\t\t\t\t\t>\n\t\t\t\t\t\t\t\t\t\t\t\t\t\t\t<span class=\"elementor-share-btn__icon\">\n\t\t\t\t\t\t\t\t<i class=\"fab fa-reddit\" aria-hidden=\"true\"><\/i>\t\t\t\t\t\t\t<\/span>\n\t\t\t\t\t\t\t\t\t\t\t\t\t\t\t\t\t\t\t\t\t\t<div class=\"elementor-share-btn__text\">\n\t\t\t\t\t\t\t\t\t\t\t\t\t\t\t\t\t\t\t<span class=\"elementor-share-btn__title\">\n\t\t\t\t\t\t\t\t\t\tReddit\t\t\t\t\t\t\t\t\t<\/span>\n\t\t\t\t\t\t\t\t\t\t\t\t\t\t\t\t\t<\/div>\n\t\t\t\t\t\t\t\t\t\t\t\t\t<\/div>\n\t\t\t\t\t<\/div>\n\t\t\t\t\t\t\t\t\t<div class=\"elementor-grid-item\">\n\t\t\t\t\t\t<div\n\t\t\t\t\t\t\tclass=\"elementor-share-btn elementor-share-btn_linkedin\"\n\t\t\t\t\t\t\trole=\"button\"\n\t\t\t\t\t\t\ttabindex=\"0\"\n\t\t\t\t\t\t\taria-label=\"Share on linkedin\"\n\t\t\t\t\t\t>\n\t\t\t\t\t\t\t\t\t\t\t\t\t\t\t<span class=\"elementor-share-btn__icon\">\n\t\t\t\t\t\t\t\t<i class=\"fab fa-linkedin\" aria-hidden=\"true\"><\/i>\t\t\t\t\t\t\t<\/span>\n\t\t\t\t\t\t\t\t\t\t\t\t\t\t\t\t\t\t\t\t\t\t<div class=\"elementor-share-btn__text\">\n\t\t\t\t\t\t\t\t\t\t\t\t\t\t\t\t\t\t\t<span class=\"elementor-share-btn__title\">\n\t\t\t\t\t\t\t\t\t\tLinkedIn\t\t\t\t\t\t\t\t\t<\/span>\n\t\t\t\t\t\t\t\t\t\t\t\t\t\t\t\t\t<\/div>\n\t\t\t\t\t\t\t\t\t\t\t\t\t<\/div>\n\t\t\t\t\t<\/div>\n\t\t\t\t\t\t\t\t\t<div class=\"elementor-grid-item\">\n\t\t\t\t\t\t<div\n\t\t\t\t\t\t\tclass=\"elementor-share-btn elementor-share-btn_email\"\n\t\t\t\t\t\t\trole=\"button\"\n\t\t\t\t\t\t\ttabindex=\"0\"\n\t\t\t\t\t\t\taria-label=\"Share on email\"\n\t\t\t\t\t\t>\n\t\t\t\t\t\t\t\t\t\t\t\t\t\t\t<span class=\"elementor-share-btn__icon\">\n\t\t\t\t\t\t\t\t<i class=\"fas fa-envelope\" aria-hidden=\"true\"><\/i>\t\t\t\t\t\t\t<\/span>\n\t\t\t\t\t\t\t\t\t\t\t\t\t\t\t\t\t\t\t\t\t\t<div class=\"elementor-share-btn__text\">\n\t\t\t\t\t\t\t\t\t\t\t\t\t\t\t\t\t\t\t<span class=\"elementor-share-btn__title\">\n\t\t\t\t\t\t\t\t\t\tEmail\t\t\t\t\t\t\t\t\t<\/span>\n\t\t\t\t\t\t\t\t\t\t\t\t\t\t\t\t\t<\/div>\n\t\t\t\t\t\t\t\t\t\t\t\t\t<\/div>\n\t\t\t\t\t<\/div>\n\t\t\t\t\t\t<\/div>\n\t\t\t\t\t\t<\/div>\n\t\t\t\t<\/div>\n\t\t\t\t\t<\/div>\n\t\t<\/div>\n\t\t\t\t\t<\/div>\n\t\t<\/section>\n\t\t\t\t<\/div>\n\t\t","protected":false},"excerpt":{"rendered":"<p>Ideias para transformar o teu mundo interior e o mundo exterior! 1\u00aa Edi\u00e7\u00e3o dos P&#8217;tits Webinaires Antisp\u00e9cistes organizada pela Option V\u00e9gane Canada (OVC) no \u00e2mbito do Dia Mundial para Acabar com o Especismo. Para a ocasi\u00e3o, esperam-te 18 confer\u00eancias cativantes e 1 painel de discuss\u00e3o din\u00e2mico, todos organizados por facilitadores do Projeto Medusas. S\u00e1bado, 29 [&hellip;]<\/p>\n","protected":false},"author":2,"featured_media":2695,"comment_status":"closed","ping_status":"closed","sticky":false,"template":"","format":"standard","meta":{"footnotes":""},"categories":[82,45],"tags":[],"class_list":["post-4476","post","type-post","status-publish","format-standard","has-post-thumbnail","hentry","category-campanhas","category-noticias"],"yoast_head":"<!-- This site is optimized with the Yoast SEO plugin v26.9 - https:\/\/yoast.com\/product\/yoast-seo-wordpress\/ -->\n<title>Webinars anti-especistas - Op\u00e7\u00e3o Vegana Canad\u00e1<\/title>\n<meta name=\"robots\" content=\"index, follow, max-snippet:-1, max-image-preview:large, max-video-preview:-1\" \/>\n<link rel=\"canonical\" href=\"http:\/\/veganoptioncanada.ca\/pt-pt\/campanhas\/webinars-anti-especistas\/\" \/>\n<meta property=\"og:locale\" content=\"pt_PT\" \/>\n<meta property=\"og:type\" content=\"article\" \/>\n<meta property=\"og:title\" content=\"Webinars anti-especistas - Op\u00e7\u00e3o Vegana Canad\u00e1\" \/>\n<meta property=\"og:description\" content=\"Ideias para transformar o teu mundo interior e o mundo exterior! 1\u00aa Edi\u00e7\u00e3o dos P&#8217;tits Webinaires Antisp\u00e9cistes organizada pela Option V\u00e9gane Canada (OVC) no \u00e2mbito do Dia Mundial para Acabar com o Especismo. Para a ocasi\u00e3o, esperam-te 18 confer\u00eancias cativantes e 1 painel de discuss\u00e3o din\u00e2mico, todos organizados por facilitadores do Projeto Medusas. S\u00e1bado, 29 [&hellip;]\" \/>\n<meta property=\"og:url\" content=\"http:\/\/veganoptioncanada.ca\/pt-pt\/campanhas\/webinars-anti-especistas\/\" \/>\n<meta property=\"og:site_name\" content=\"Op\u00e7\u00e3o Vegana Canad\u00e1\" \/>\n<meta property=\"article:publisher\" content=\"https:\/\/www.facebook.com\/VOOVCanada\/\" \/>\n<meta property=\"article:published_time\" content=\"2020-08-19T18:39:31+00:00\" \/>\n<meta property=\"article:modified_time\" content=\"2025-03-30T03:17:59+00:00\" \/>\n<meta property=\"og:image\" content=\"http:\/\/veganoptioncanada.ca\/wp-content\/uploads\/2020\/08\/5-4.png\" \/>\n\t<meta property=\"og:image:width\" content=\"690\" \/>\n\t<meta property=\"og:image:height\" content=\"305\" \/>\n\t<meta property=\"og:image:type\" content=\"image\/png\" \/>\n<meta name=\"author\" content=\"Editeur\" \/>\n<meta name=\"twitter:card\" content=\"summary_large_image\" \/>\n<meta name=\"twitter:creator\" content=\"@CanadaVegan\" \/>\n<meta name=\"twitter:site\" content=\"@CanadaVegan\" \/>\n<meta name=\"twitter:label1\" content=\"Escrito por\" \/>\n\t<meta name=\"twitter:data1\" content=\"Editeur\" \/>\n\t<meta name=\"twitter:label2\" content=\"Tempo estimado de leitura\" \/>\n\t<meta name=\"twitter:data2\" content=\"11 minutos\" \/>\n<script type=\"application\/ld+json\" class=\"yoast-schema-graph\">{\"@context\":\"https:\/\/schema.org\",\"@graph\":[{\"@type\":\"Article\",\"@id\":\"http:\/\/veganoptioncanada.ca\/pt-pt\/campanhas\/webinars-anti-especistas\/#article\",\"isPartOf\":{\"@id\":\"http:\/\/veganoptioncanada.ca\/pt-pt\/campanhas\/webinars-anti-especistas\/\"},\"author\":{\"name\":\"Editeur\",\"@id\":\"http:\/\/veganoptioncanada.ca\/pt-pt\/#\/schema\/person\/9212ba9961ec51f55b60bab6ae51c478\"},\"headline\":\"Webinars anti-especistas\",\"datePublished\":\"2020-08-19T18:39:31+00:00\",\"dateModified\":\"2025-03-30T03:17:59+00:00\",\"mainEntityOfPage\":{\"@id\":\"http:\/\/veganoptioncanada.ca\/pt-pt\/campanhas\/webinars-anti-especistas\/\"},\"wordCount\":2249,\"publisher\":{\"@id\":\"http:\/\/veganoptioncanada.ca\/pt-pt\/#organization\"},\"image\":{\"@id\":\"http:\/\/veganoptioncanada.ca\/pt-pt\/campanhas\/webinars-anti-especistas\/#primaryimage\"},\"thumbnailUrl\":\"http:\/\/veganoptioncanada.ca\/wp-content\/uploads\/2020\/08\/5-4.png\",\"articleSection\":[\"Campanhas\",\"Not\u00edcias\"],\"inLanguage\":\"pt-PT\"},{\"@type\":\"WebPage\",\"@id\":\"http:\/\/veganoptioncanada.ca\/pt-pt\/campanhas\/webinars-anti-especistas\/\",\"url\":\"http:\/\/veganoptioncanada.ca\/pt-pt\/campanhas\/webinars-anti-especistas\/\",\"name\":\"Webinars anti-especistas - Op\u00e7\u00e3o Vegana Canad\u00e1\",\"isPartOf\":{\"@id\":\"http:\/\/veganoptioncanada.ca\/pt-pt\/#website\"},\"primaryImageOfPage\":{\"@id\":\"http:\/\/veganoptioncanada.ca\/pt-pt\/campanhas\/webinars-anti-especistas\/#primaryimage\"},\"image\":{\"@id\":\"http:\/\/veganoptioncanada.ca\/pt-pt\/campanhas\/webinars-anti-especistas\/#primaryimage\"},\"thumbnailUrl\":\"http:\/\/veganoptioncanada.ca\/wp-content\/uploads\/2020\/08\/5-4.png\",\"datePublished\":\"2020-08-19T18:39:31+00:00\",\"dateModified\":\"2025-03-30T03:17:59+00:00\",\"breadcrumb\":{\"@id\":\"http:\/\/veganoptioncanada.ca\/pt-pt\/campanhas\/webinars-anti-especistas\/#breadcrumb\"},\"inLanguage\":\"pt-PT\",\"potentialAction\":[{\"@type\":\"ReadAction\",\"target\":[\"http:\/\/veganoptioncanada.ca\/pt-pt\/campanhas\/webinars-anti-especistas\/\"]}]},{\"@type\":\"ImageObject\",\"inLanguage\":\"pt-PT\",\"@id\":\"http:\/\/veganoptioncanada.ca\/pt-pt\/campanhas\/webinars-anti-especistas\/#primaryimage\",\"url\":\"http:\/\/veganoptioncanada.ca\/wp-content\/uploads\/2020\/08\/5-4.png\",\"contentUrl\":\"http:\/\/veganoptioncanada.ca\/wp-content\/uploads\/2020\/08\/5-4.png\",\"width\":690,\"height\":305},{\"@type\":\"BreadcrumbList\",\"@id\":\"http:\/\/veganoptioncanada.ca\/pt-pt\/campanhas\/webinars-anti-especistas\/#breadcrumb\",\"itemListElement\":[{\"@type\":\"ListItem\",\"position\":1,\"name\":\"Home\",\"item\":\"https:\/\/veganoptioncanada.ca\/pt-pt\/\"},{\"@type\":\"ListItem\",\"position\":2,\"name\":\"Webinars anti-especistas\"}]},{\"@type\":\"WebSite\",\"@id\":\"http:\/\/veganoptioncanada.ca\/pt-pt\/#website\",\"url\":\"http:\/\/veganoptioncanada.ca\/pt-pt\/\",\"name\":\"Vegan Option Canada - Option V\u00e9gane Canada\",\"description\":\"\",\"publisher\":{\"@id\":\"http:\/\/veganoptioncanada.ca\/pt-pt\/#organization\"},\"potentialAction\":[{\"@type\":\"SearchAction\",\"target\":{\"@type\":\"EntryPoint\",\"urlTemplate\":\"http:\/\/veganoptioncanada.ca\/pt-pt\/?s={search_term_string}\"},\"query-input\":{\"@type\":\"PropertyValueSpecification\",\"valueRequired\":true,\"valueName\":\"search_term_string\"}}],\"inLanguage\":\"pt-PT\"},{\"@type\":\"Organization\",\"@id\":\"http:\/\/veganoptioncanada.ca\/pt-pt\/#organization\",\"name\":\"Vegan Option Canada\",\"url\":\"http:\/\/veganoptioncanada.ca\/pt-pt\/\",\"logo\":{\"@type\":\"ImageObject\",\"inLanguage\":\"pt-PT\",\"@id\":\"http:\/\/veganoptioncanada.ca\/pt-pt\/#\/schema\/logo\/image\/\",\"url\":\"http:\/\/veganoptioncanada.ca\/wp-content\/uploads\/2021\/04\/Logo_OVC_transparent_web.png\",\"contentUrl\":\"http:\/\/veganoptioncanada.ca\/wp-content\/uploads\/2021\/04\/Logo_OVC_transparent_web.png\",\"width\":200,\"height\":200,\"caption\":\"Vegan Option Canada\"},\"image\":{\"@id\":\"http:\/\/veganoptioncanada.ca\/pt-pt\/#\/schema\/logo\/image\/\"},\"sameAs\":[\"https:\/\/www.facebook.com\/VOOVCanada\/\",\"https:\/\/x.com\/CanadaVegan\",\"https:\/\/instagram.com\/veganoptioncanada\/\",\"https:\/\/www.youtube.com\/channel\/UCDVCrc0eUMbWkdRwsUQi4Hw\"]},{\"@type\":\"Person\",\"@id\":\"http:\/\/veganoptioncanada.ca\/pt-pt\/#\/schema\/person\/9212ba9961ec51f55b60bab6ae51c478\",\"name\":\"Editeur\",\"url\":\"http:\/\/veganoptioncanada.ca\/pt-pt\/author\/editeur\/\"}]}<\/script>\n<!-- \/ Yoast SEO plugin. -->","yoast_head_json":{"title":"Webinars anti-especistas - Op\u00e7\u00e3o Vegana Canad\u00e1","robots":{"index":"index","follow":"follow","max-snippet":"max-snippet:-1","max-image-preview":"max-image-preview:large","max-video-preview":"max-video-preview:-1"},"canonical":"http:\/\/veganoptioncanada.ca\/pt-pt\/campanhas\/webinars-anti-especistas\/","og_locale":"pt_PT","og_type":"article","og_title":"Webinars anti-especistas - Op\u00e7\u00e3o Vegana Canad\u00e1","og_description":"Ideias para transformar o teu mundo interior e o mundo exterior! 1\u00aa Edi\u00e7\u00e3o dos P&#8217;tits Webinaires Antisp\u00e9cistes organizada pela Option V\u00e9gane Canada (OVC) no \u00e2mbito do Dia Mundial para Acabar com o Especismo. Para a ocasi\u00e3o, esperam-te 18 confer\u00eancias cativantes e 1 painel de discuss\u00e3o din\u00e2mico, todos organizados por facilitadores do Projeto Medusas. S\u00e1bado, 29 [&hellip;]","og_url":"http:\/\/veganoptioncanada.ca\/pt-pt\/campanhas\/webinars-anti-especistas\/","og_site_name":"Op\u00e7\u00e3o Vegana Canad\u00e1","article_publisher":"https:\/\/www.facebook.com\/VOOVCanada\/","article_published_time":"2020-08-19T18:39:31+00:00","article_modified_time":"2025-03-30T03:17:59+00:00","og_image":[{"width":690,"height":305,"url":"http:\/\/veganoptioncanada.ca\/wp-content\/uploads\/2020\/08\/5-4.png","type":"image\/png"}],"author":"Editeur","twitter_card":"summary_large_image","twitter_creator":"@CanadaVegan","twitter_site":"@CanadaVegan","twitter_misc":{"Escrito por":"Editeur","Tempo estimado de leitura":"11 minutos"},"schema":{"@context":"https:\/\/schema.org","@graph":[{"@type":"Article","@id":"http:\/\/veganoptioncanada.ca\/pt-pt\/campanhas\/webinars-anti-especistas\/#article","isPartOf":{"@id":"http:\/\/veganoptioncanada.ca\/pt-pt\/campanhas\/webinars-anti-especistas\/"},"author":{"name":"Editeur","@id":"http:\/\/veganoptioncanada.ca\/pt-pt\/#\/schema\/person\/9212ba9961ec51f55b60bab6ae51c478"},"headline":"Webinars anti-especistas","datePublished":"2020-08-19T18:39:31+00:00","dateModified":"2025-03-30T03:17:59+00:00","mainEntityOfPage":{"@id":"http:\/\/veganoptioncanada.ca\/pt-pt\/campanhas\/webinars-anti-especistas\/"},"wordCount":2249,"publisher":{"@id":"http:\/\/veganoptioncanada.ca\/pt-pt\/#organization"},"image":{"@id":"http:\/\/veganoptioncanada.ca\/pt-pt\/campanhas\/webinars-anti-especistas\/#primaryimage"},"thumbnailUrl":"http:\/\/veganoptioncanada.ca\/wp-content\/uploads\/2020\/08\/5-4.png","articleSection":["Campanhas","Not\u00edcias"],"inLanguage":"pt-PT"},{"@type":"WebPage","@id":"http:\/\/veganoptioncanada.ca\/pt-pt\/campanhas\/webinars-anti-especistas\/","url":"http:\/\/veganoptioncanada.ca\/pt-pt\/campanhas\/webinars-anti-especistas\/","name":"Webinars anti-especistas - Op\u00e7\u00e3o Vegana Canad\u00e1","isPartOf":{"@id":"http:\/\/veganoptioncanada.ca\/pt-pt\/#website"},"primaryImageOfPage":{"@id":"http:\/\/veganoptioncanada.ca\/pt-pt\/campanhas\/webinars-anti-especistas\/#primaryimage"},"image":{"@id":"http:\/\/veganoptioncanada.ca\/pt-pt\/campanhas\/webinars-anti-especistas\/#primaryimage"},"thumbnailUrl":"http:\/\/veganoptioncanada.ca\/wp-content\/uploads\/2020\/08\/5-4.png","datePublished":"2020-08-19T18:39:31+00:00","dateModified":"2025-03-30T03:17:59+00:00","breadcrumb":{"@id":"http:\/\/veganoptioncanada.ca\/pt-pt\/campanhas\/webinars-anti-especistas\/#breadcrumb"},"inLanguage":"pt-PT","potentialAction":[{"@type":"ReadAction","target":["http:\/\/veganoptioncanada.ca\/pt-pt\/campanhas\/webinars-anti-especistas\/"]}]},{"@type":"ImageObject","inLanguage":"pt-PT","@id":"http:\/\/veganoptioncanada.ca\/pt-pt\/campanhas\/webinars-anti-especistas\/#primaryimage","url":"http:\/\/veganoptioncanada.ca\/wp-content\/uploads\/2020\/08\/5-4.png","contentUrl":"http:\/\/veganoptioncanada.ca\/wp-content\/uploads\/2020\/08\/5-4.png","width":690,"height":305},{"@type":"BreadcrumbList","@id":"http:\/\/veganoptioncanada.ca\/pt-pt\/campanhas\/webinars-anti-especistas\/#breadcrumb","itemListElement":[{"@type":"ListItem","position":1,"name":"Home","item":"https:\/\/veganoptioncanada.ca\/pt-pt\/"},{"@type":"ListItem","position":2,"name":"Webinars anti-especistas"}]},{"@type":"WebSite","@id":"http:\/\/veganoptioncanada.ca\/pt-pt\/#website","url":"http:\/\/veganoptioncanada.ca\/pt-pt\/","name":"Vegan Option Canada - Option V\u00e9gane Canada","description":"","publisher":{"@id":"http:\/\/veganoptioncanada.ca\/pt-pt\/#organization"},"potentialAction":[{"@type":"SearchAction","target":{"@type":"EntryPoint","urlTemplate":"http:\/\/veganoptioncanada.ca\/pt-pt\/?s={search_term_string}"},"query-input":{"@type":"PropertyValueSpecification","valueRequired":true,"valueName":"search_term_string"}}],"inLanguage":"pt-PT"},{"@type":"Organization","@id":"http:\/\/veganoptioncanada.ca\/pt-pt\/#organization","name":"Vegan Option Canada","url":"http:\/\/veganoptioncanada.ca\/pt-pt\/","logo":{"@type":"ImageObject","inLanguage":"pt-PT","@id":"http:\/\/veganoptioncanada.ca\/pt-pt\/#\/schema\/logo\/image\/","url":"http:\/\/veganoptioncanada.ca\/wp-content\/uploads\/2021\/04\/Logo_OVC_transparent_web.png","contentUrl":"http:\/\/veganoptioncanada.ca\/wp-content\/uploads\/2021\/04\/Logo_OVC_transparent_web.png","width":200,"height":200,"caption":"Vegan Option Canada"},"image":{"@id":"http:\/\/veganoptioncanada.ca\/pt-pt\/#\/schema\/logo\/image\/"},"sameAs":["https:\/\/www.facebook.com\/VOOVCanada\/","https:\/\/x.com\/CanadaVegan","https:\/\/instagram.com\/veganoptioncanada\/","https:\/\/www.youtube.com\/channel\/UCDVCrc0eUMbWkdRwsUQi4Hw"]},{"@type":"Person","@id":"http:\/\/veganoptioncanada.ca\/pt-pt\/#\/schema\/person\/9212ba9961ec51f55b60bab6ae51c478","name":"Editeur","url":"http:\/\/veganoptioncanada.ca\/pt-pt\/author\/editeur\/"}]}},"_links":{"self":[{"href":"http:\/\/veganoptioncanada.ca\/pt-pt\/wp-json\/wp\/v2\/posts\/4476","targetHints":{"allow":["GET"]}}],"collection":[{"href":"http:\/\/veganoptioncanada.ca\/pt-pt\/wp-json\/wp\/v2\/posts"}],"about":[{"href":"http:\/\/veganoptioncanada.ca\/pt-pt\/wp-json\/wp\/v2\/types\/post"}],"author":[{"embeddable":true,"href":"http:\/\/veganoptioncanada.ca\/pt-pt\/wp-json\/wp\/v2\/users\/2"}],"replies":[{"embeddable":true,"href":"http:\/\/veganoptioncanada.ca\/pt-pt\/wp-json\/wp\/v2\/comments?post=4476"}],"version-history":[{"count":1,"href":"http:\/\/veganoptioncanada.ca\/pt-pt\/wp-json\/wp\/v2\/posts\/4476\/revisions"}],"predecessor-version":[{"id":4477,"href":"http:\/\/veganoptioncanada.ca\/pt-pt\/wp-json\/wp\/v2\/posts\/4476\/revisions\/4477"}],"wp:featuredmedia":[{"embeddable":true,"href":"http:\/\/veganoptioncanada.ca\/pt-pt\/wp-json\/wp\/v2\/media\/2695"}],"wp:attachment":[{"href":"http:\/\/veganoptioncanada.ca\/pt-pt\/wp-json\/wp\/v2\/media?parent=4476"}],"wp:term":[{"taxonomy":"category","embeddable":true,"href":"http:\/\/veganoptioncanada.ca\/pt-pt\/wp-json\/wp\/v2\/categories?post=4476"},{"taxonomy":"post_tag","embeddable":true,"href":"http:\/\/veganoptioncanada.ca\/pt-pt\/wp-json\/wp\/v2\/tags?post=4476"}],"curies":[{"name":"wp","href":"https:\/\/api.w.org\/{rel}","templated":true}]}}