{"id":3331,"date":"2020-03-25T11:37:01","date_gmt":"2020-03-25T16:37:01","guid":{"rendered":"https:\/\/veganoptioncanada.org\/news\/petition-quebec-ovc-response\/"},"modified":"2020-09-28T21:28:59","modified_gmt":"2020-09-29T02:28:59","slug":"petition-quebec-ovc-response","status":"publish","type":"post","link":"https:\/\/veganoptioncanada.ca\/en\/news\/petition-quebec-ovc-response\/","title":{"rendered":"Petition Quebec: OVC response"},"content":{"rendered":"\t\t<div data-elementor-type=\"wp-post\" data-elementor-id=\"3331\" class=\"elementor elementor-3331 elementor-2571\" data-elementor-post-type=\"post\">\n\t\t\t\t\t\t<section class=\"elementor-section elementor-top-section elementor-element elementor-element-3cfb07c elementor-section-boxed elementor-section-height-default elementor-section-height-default\" data-id=\"3cfb07c\" data-element_type=\"section\">\n\t\t\t\t\t\t<div class=\"elementor-container elementor-column-gap-default\">\n\t\t\t\t\t<div class=\"elementor-column elementor-col-100 elementor-top-column elementor-element elementor-element-c1b204\" data-id=\"c1b204\" data-element_type=\"column\">\n\t\t\t<div class=\"elementor-widget-wrap elementor-element-populated\">\n\t\t\t\t\t\t<div class=\"elementor-element elementor-element-b48507f elementor-widget elementor-widget-text-editor\" data-id=\"b48507f\" data-element_type=\"widget\" data-widget_type=\"text-editor.default\">\n\t\t\t\t<div class=\"elementor-widget-container\">\n\t\t\t\t\t\t\t\t\t<p style=\"text-align: center;\"><a href=\"https:\/\/drive.google.com\/file\/d\/1KuehBAR_6HqX0LK_c-ZkP8qL3rkAlZGT\/view?usp=sharing\" target=\"_blank\" rel=\"noopener\">PDF<\/a><\/p>\n\t\t\t\t\t\t\t\t<\/div>\n\t\t\t\t<\/div>\n\t\t\t\t<div class=\"elementor-element elementor-element-08fa5f0 elementor-widget elementor-widget-text-editor\" data-id=\"08fa5f0\" data-element_type=\"widget\" data-widget_type=\"text-editor.default\">\n\t\t\t\t<div class=\"elementor-widget-container\">\n\t\t\t\t\t\t\t\t\t<p><strong>To Andr\u00e9 Lamontagne,<\/strong><br \/><strong>Minister of Agriculture, Fisheries and Food<\/strong><\/p>\n<p><strong>Subject: Vegan Option Canada Petition No. 1268-20191205 1<\/strong><\/p>\n\t\t\t\t\t\t\t\t<\/div>\n\t\t\t\t<\/div>\n\t\t\t\t<div class=\"elementor-element elementor-element-6f1c61ba elementor-widget elementor-widget-text-editor\" data-id=\"6f1c61ba\" data-element_type=\"widget\" data-widget_type=\"text-editor.default\">\n\t\t\t\t<div class=\"elementor-widget-container\">\n\t\t\t\t\t\t\t\t\t<p><span style=\"font-weight: 400;\">Dear Mr. Lamontagne,\u00a0<\/span><\/p>\n<p><span style=\"font-weight: 400;\">I am writing to follow up on the governmental response that we at VOC received, through our petition sponsor\u00a0 Sol Zanetti. In your letter, (addressed not to us directly but to House Leader Simon Jolin-Barrette), you cited the\u00a0 document <\/span><i><span style=\"font-weight: 400;\">Politique Alimentaire 2018|2025, Alimenter notre monde<\/span><\/i><span style=\"font-weight: 400;\">, which, you say, aims to increase access to\u00a0 healthy, local and eco-responsible food in public places. I took the time to study this document (108 pages), but I could find much to nourish our petitioners&#8217; desire to introduce vegan options in public places.\u00a0<\/span><\/p>\n<p><span style=\"font-weight: 400;\">Nonetheless, I am taking the liberty of commenting on the document, which purports to be a living document\u00a0 and as such open to new ideas.\u00a0<\/span><\/p>\n<p><span style=\"font-weight: 400;\">The first thing that I noticed is that the tone of the document is distinctly Neoliberal (that is, prioritizing\u00a0 economic growth). I found it odd that, although the document is dated 2018, the year that the Coalition Action\u00a0 Qu\u00e9bec came to power, the document still contains the original introductions by the former Qu\u00e9bec Premier,\u00a0 Philippe Couillard of the LPQ, and by Laurent Lessard, your predecessor in the MAPAQ.\u00a0\u00a0<\/span><\/p>\n<p><span style=\"font-weight: 400;\">This document seems to have many inconsistencies, which are revealed in its exploration of agricultural\u00a0 challenges (gathered from the <\/span><i><span style=\"font-weight: 400;\">Sommet sur l&#8217;alimentation <\/span><\/i><span style=\"font-weight: 400;\">of November 2017), the solutions to which would seem to be incompatible with economic growth. For example, the document points to the overuse of pesticides, which\u00a0 is a problem for human, animal, and insect health, as well as biodiversity. The obvious solution is organic\u00a0 agriculture, and small scale farming, which would not require pesticides&#8230; however, the document suggests\u00a0 instead that farmers continue to use pesticides, but use less noxious ones. This strange conclusion (in essence,\u00a0 doing the same thing, and expecting different results) reveals the underlying doctrine of growth, which\u00a0 disqualifies creative solutions, such as degrowth, deindustrialization, and the circular economy.\u00a0<\/span><\/p>\n<p><span style=\"font-weight: 400;\">Rather than present examples of how this document fails to take into account present-day realities, which would\u00a0 take many pages and would be counterproductive, I will focus on one example of a creative policy that looks at\u00a0 solutions through the lens of present realities.\u00a0<\/span><\/p>\n\t\t\t\t\t\t\t\t<\/div>\n\t\t\t\t<\/div>\n\t\t\t\t\t<\/div>\n\t\t<\/div>\n\t\t\t\t\t<\/div>\n\t\t<\/section>\n\t\t\t\t<section class=\"elementor-section elementor-top-section elementor-element elementor-element-6b2b443 elementor-section-boxed elementor-section-height-default elementor-section-height-default\" data-id=\"6b2b443\" data-element_type=\"section\">\n\t\t\t\t\t\t<div class=\"elementor-container elementor-column-gap-default\">\n\t\t\t\t\t<div class=\"elementor-column elementor-col-100 elementor-top-column elementor-element elementor-element-1e47b34\" data-id=\"1e47b34\" data-element_type=\"column\">\n\t\t\t<div class=\"elementor-widget-wrap elementor-element-populated\">\n\t\t\t\t\t\t<div class=\"elementor-element elementor-element-cbcc4c4 elementor-widget elementor-widget-heading\" data-id=\"cbcc4c4\" data-element_type=\"widget\" data-widget_type=\"heading.default\">\n\t\t\t\t<div class=\"elementor-widget-container\">\n\t\t\t\t\t<h2 class=\"elementor-heading-title elementor-size-default\">An innovative policy for Qu\u00e9bec's dairy industry<\/h2>\t\t\t\t<\/div>\n\t\t\t\t<\/div>\n\t\t\t\t<div class=\"elementor-element elementor-element-5e1e339 elementor-widget elementor-widget-text-editor\" data-id=\"5e1e339\" data-element_type=\"widget\" data-widget_type=\"text-editor.default\">\n\t\t\t\t<div class=\"elementor-widget-container\">\n\t\t\t\t\t\t\t\t\t<p><span style=\"font-weight: 400;\">As you know, the dairy industry everywhere is experiencing decline, as consumers turn towards plant-based\u00a0 alternatives, which many recognize is healthier for the human body and for the climate, since cattle produce\u00a0 methane, one of the most potent greenhouse gases. Even the <\/span><i><span style=\"font-weight: 400;\">Canada Food Guide <\/span><\/i><span style=\"font-weight: 400;\">has finally bowed to this\u00a0 reality, taking the radical step of removing dairy as a food group in its latest version. <\/span><span style=\"font-weight: 400;\">2<\/span><span style=\"font-weight: 400;\">\u00a0<\/span><\/p>\n<p><span style=\"font-weight: 400;\">Qu\u00e9bec has more dairy farms than any other Canadian province, 5000 in all, and as you say in <\/span><i><span style=\"font-weight: 400;\">Politique\u00a0 Alimentaire<\/span><\/i><span style=\"font-weight: 400;\">, dairy and poultry farms account for 40% of all agricultural revenues in Qu\u00e9bec.<\/span><span style=\"font-weight: 400;\">3<\/span> <span style=\"font-weight: 400;\">The <\/span><i><span style=\"font-weight: 400;\">Politique <\/span><\/i><i><span style=\"font-weight: 400;\">Alimentaire <\/span><\/i><span style=\"font-weight: 400;\">proposes supply management to help Qu\u00e9bec dairy farmers who, like Albertans in the oil sector, are\u00a0 stuck with a product that is facing declining popularity in light of humanity&#8217;s evolving understanding of our\u00a0 relationship with the natural world. Supply management is an economic solution. What if, instead of working\u00a0 against the natural evolution of the market, we were to embrace the change?\u00a0\u00a0<\/span><\/p>\n<p><span style=\"font-weight: 400;\">Canadian cow milk consumption has declined steadily for decades, reaching a low of 65.85 litres per capita in\u00a0 2018, a 23.1% decrease in the past 14 years.<\/span><\/p>\n<p>&nbsp;<\/p>\n\t\t\t\t\t\t\t\t<\/div>\n\t\t\t\t<\/div>\n\t\t\t\t<div class=\"elementor-element elementor-element-3b20939 elementor-widget elementor-widget-image\" data-id=\"3b20939\" data-element_type=\"widget\" data-widget_type=\"image.default\">\n\t\t\t\t<div class=\"elementor-widget-container\">\n\t\t\t\t\t\t\t\t\t\t\t\t\t\t\t<img fetchpriority=\"high\" decoding=\"async\" width=\"800\" height=\"460\" src=\"https:\/\/veganoptioncanada.ca\/wp-content\/uploads\/2020\/03\/MAPAQLettreLOV-FR.pdf-SumatraPDF-000270.png\" class=\"attachment-large size-large wp-image-3339\" alt=\"\" srcset=\"https:\/\/veganoptioncanada.ca\/wp-content\/uploads\/2020\/03\/MAPAQLettreLOV-FR.pdf-SumatraPDF-000270.png 905w, https:\/\/veganoptioncanada.ca\/wp-content\/uploads\/2020\/03\/MAPAQLettreLOV-FR.pdf-SumatraPDF-000270-300x172.png 300w, https:\/\/veganoptioncanada.ca\/wp-content\/uploads\/2020\/03\/MAPAQLettreLOV-FR.pdf-SumatraPDF-000270-768x441.png 768w\" sizes=\"(max-width: 800px) 100vw, 800px\" \/>\t\t\t\t\t\t\t\t\t\t\t\t\t\t\t<\/div>\n\t\t\t\t<\/div>\n\t\t\t\t<div class=\"elementor-element elementor-element-b2cd769 elementor-widget elementor-widget-text-editor\" data-id=\"b2cd769\" data-element_type=\"widget\" data-widget_type=\"text-editor.default\">\n\t\t\t\t<div class=\"elementor-widget-container\">\n\t\t\t\t\t\t\t\t\t<p>Source: https:\/\/www.statista.com\/statistics\/438584\/consumption-of-milk-per-capita-canada\/<\/p>\n\t\t\t\t\t\t\t\t<\/div>\n\t\t\t\t<\/div>\n\t\t\t\t<div class=\"elementor-element elementor-element-6dd368d elementor-widget elementor-widget-text-editor\" data-id=\"6dd368d\" data-element_type=\"widget\" data-widget_type=\"text-editor.default\">\n\t\t\t\t<div class=\"elementor-widget-container\">\n\t\t\t\t\t\t\t\t\t<p><span style=\"font-weight: 400;\">If Qu\u00e9bec were to respond to this 23% decrease by decreasing its dairy production by 20%, it could be ahead of\u00a0 the curve. The MAPAQ could offer 20% of the Qu\u00e9bec dairy farms\u2014about 1000 farms&#8211;a tantalizing offer: to\u00a0 transform their business from dairy to plant-based milk production. Thus, these 1000 farms could sell off their\u00a0 herds, taking the land that are now used for growing cattle feed, and grazing cattle, and converting it to organic\u00a0 oat and soy production and processing. There are many benefits to this strategy: <\/span><\/p>\n\t\t\t\t\t\t\t\t<\/div>\n\t\t\t\t<\/div>\n\t\t\t\t<div class=\"elementor-element elementor-element-9b3e551 elementor-widget elementor-widget-text-editor\" data-id=\"9b3e551\" data-element_type=\"widget\" data-widget_type=\"text-editor.default\">\n\t\t\t\t<div class=\"elementor-widget-container\">\n\t\t\t\t\t\t\t\t\t<ol>\n<li><span style=\"font-weight: 400;\">Farmers would be riding the wave of popularity of plant-based milks, and could expect good\u00a0 profits from their new business;\u00a0<\/span><\/li>\n<li><span style=\"font-weight: 400;\">Huge reduction in GHG emissions due to the reduced numbers of cattle;\u00a0<\/span><\/li>\n<li><span style=\"font-weight: 400;\">Reduction in the scope of animal suffering represented by the dairy industry;\u00a0<\/span><\/li>\n<li><span style=\"font-weight: 400;\">Reduced need for veterinarians and antibiotics, reduced danger of antibiotic resistance; <\/span><\/li>\n<li><span style=\"font-weight: 400;\">Reduced possibility of zoonoses;\u00a0<\/span><\/li>\n<li><span style=\"font-weight: 400;\">Reduced use of pesticides, since Monsanto era corn fields would be replaced by organic crops;\u00a0<\/span><\/li>\n<li><span style=\"font-weight: 400;\">Increased yield of human food, since the fields used to grow cow corn would not be used to grow<\/span><\/li>\n<\/ol>\n\t\t\t\t\t\t\t\t<\/div>\n\t\t\t\t<\/div>\n\t\t\t\t<div class=\"elementor-element elementor-element-9c2cab8 elementor-widget elementor-widget-text-editor\" data-id=\"9c2cab8\" data-element_type=\"widget\" data-widget_type=\"text-editor.default\">\n\t\t\t\t<div class=\"elementor-widget-container\">\n\t\t\t\t\t\t\t\t\t<p><span style=\"font-weight: 400;\">It is also possible that with one thousand fewer dairy farms, there would be more money to go around on the\u00a0 remaining farms, and that smaller operators might have more of a chance of survival.\u00a0\u00a0<\/span><\/p>\n<p><span style=\"font-weight: 400;\">The MAPAQ could help Qu\u00e9bec to become a world leader in plant-based milks! If Qu\u00e9bec society continues to\u00a0 embrace plant-based milk and yogurt, the incidence of cancer would also likely drop, since dairy consumption\u00a0 has been implicated in breast cancer.\u00a0<\/span><\/p>\n\t\t\t\t\t\t\t\t<\/div>\n\t\t\t\t<\/div>\n\t\t\t\t<div class=\"elementor-element elementor-element-88c2f0f elementor-widget elementor-widget-heading\" data-id=\"88c2f0f\" data-element_type=\"widget\" data-widget_type=\"heading.default\">\n\t\t\t\t<div class=\"elementor-widget-container\">\n\t\t\t\t\t<h2 class=\"elementor-heading-title elementor-size-default\">Import and Export <\/h2>\t\t\t\t<\/div>\n\t\t\t\t<\/div>\n\t\t\t\t<div class=\"elementor-element elementor-element-d090e23 elementor-widget elementor-widget-text-editor\" data-id=\"d090e23\" data-element_type=\"widget\" data-widget_type=\"text-editor.default\">\n\t\t\t\t<div class=\"elementor-widget-container\">\n\t\t\t\t\t\t\t\t\t<p><span style=\"font-weight: 400;\">If the MAPAQ were to focus on local, organic, plant-based agriculture, we would have less need for imports,\u00a0 and the cost of importing food would go down. We could maintain the same net profits with less recourse to\u00a0 exporting goods. In other words, by eating local, we would spend less, which has the same net result as earning\u00a0 more. Fewer imports and exports would mean less GHG, and more self-sufficiency for Qu\u00e9bec society.\u00a0<\/span><\/p>\n\t\t\t\t\t\t\t\t<\/div>\n\t\t\t\t<\/div>\n\t\t\t\t<div class=\"elementor-element elementor-element-20a064a elementor-widget elementor-widget-heading\" data-id=\"20a064a\" data-element_type=\"widget\" data-widget_type=\"heading.default\">\n\t\t\t\t<div class=\"elementor-widget-container\">\n\t\t\t\t\t<h2 class=\"elementor-heading-title elementor-size-default\">The VOC petition <\/h2>\t\t\t\t<\/div>\n\t\t\t\t<\/div>\n\t\t\t\t<div class=\"elementor-element elementor-element-e8ae157 elementor-widget elementor-widget-text-editor\" data-id=\"e8ae157\" data-element_type=\"widget\" data-widget_type=\"text-editor.default\">\n\t\t\t\t<div class=\"elementor-widget-container\">\n\t\t\t\t\t\t\t\t\t<p><span style=\"font-weight: 400;\">I am not going to repeat the logic of our petition in this space, but I invite you to read it once again.<\/span><span style=\"font-weight: 400;\">4<\/span> <span style=\"font-weight: 400;\">This\u00a0 petition asks for a very small concession\u2014more vegan options in public spaces. We have big ideas for Qu\u00e9bec,\u00a0 but we deliberately kept our \u201cask\u201d very modest, the better to achieve concrete results. Vegan options in public\u00a0 places would help to break the unspoken doctrine of Carnism, the belief that eating meat and dairy is normal,\u00a0 natural, and necessary.<\/span><span style=\"font-weight: 400;\">5<\/span> <span style=\"font-weight: 400;\">It is none of these, and in fact, the continued adherence to Carnism is hurting animals,\u00a0 humans, and the environment. We are seeing that now in the COVID-19 pandemic. COVID-19 is a Zoonoses&#8211; an animal borne illness&#8211; that started because of a meat market, and continues because of globalization. Why not\u00a0 learn from this crises to begin to explore a governmental food policy that is based on LOV&#8211;Local, Organic, and\u00a0 Vegan food?\u00a0<\/span><\/p>\n<p><span style=\"font-weight: 400;\">Representatives of VOC would be pleased to meet with you, Mr. Lamontagne, to discuss how the MAPAQ\u00a0 could show leadership and vision by promoting vegan options in public places, and other policies that would meet the needs of evolving social realities in Qu\u00e9bec and in the world, ideas which are beyond the scope of this\u00a0 letter. We hope to hear back from you soon.\u00a0<\/span><\/p>\n<p><span style=\"font-weight: 400;\">Sincerely, <\/span><\/p>\n\t\t\t\t\t\t\t\t<\/div>\n\t\t\t\t<\/div>\n\t\t\t\t<div class=\"elementor-element elementor-element-9b59030 elementor-widget elementor-widget-text-editor\" data-id=\"9b59030\" data-element_type=\"widget\" data-widget_type=\"text-editor.default\">\n\t\t\t\t<div class=\"elementor-widget-container\">\n\t\t\t\t\t\t\t\t\t<p><strong>Mrs. Cymry Gomery\u00a0<\/strong><\/p>\n<p><strong>Montreal, Qu\u00e9bec\u00a0<\/strong><\/p>\n<p><strong>for Vegan Option Canada<\/strong><\/p>\n\t\t\t\t\t\t\t\t<\/div>\n\t\t\t\t<\/div>\n\t\t\t\t<div class=\"elementor-element elementor-element-cae7780 elementor-widget-divider--view-line elementor-widget elementor-widget-divider\" data-id=\"cae7780\" data-element_type=\"widget\" data-widget_type=\"divider.default\">\n\t\t\t\t<div class=\"elementor-widget-container\">\n\t\t\t\t\t\t\t<div class=\"elementor-divider\">\n\t\t\t<span class=\"elementor-divider-separator\">\n\t\t\t\t\t\t<\/span>\n\t\t<\/div>\n\t\t\t\t\t\t<\/div>\n\t\t\t\t<\/div>\n\t\t\t\t<div class=\"elementor-element elementor-element-d169954 elementor-widget elementor-widget-text-editor\" data-id=\"d169954\" data-element_type=\"widget\" data-widget_type=\"text-editor.default\">\n\t\t\t\t<div class=\"elementor-widget-container\">\n\t\t\t\t\t\t\t\t\t<p><span id=\"note-1\">1.<\/span> Pr\u00e9sent\u00e9e au Salon bleu le 5 d\u00e9cembre 2019 : <a href=\"https:\/\/veganoptioncanada.org\/en\/quebec-petition\/\">https:\/\/veganoptioncanada.org\/petition-quebec\/<\/a><br \/><span id=\"note-2\">2.<\/span> <a href=\"https:\/\/guide-alimentaire.canada.ca\/fr\/\">https:\/\/guide-alimentaire.canada.ca\/fr\/<\/a><br \/><span id=\"note-3\">3.<\/span> <a href=\"https:\/\/www.mapaq.gouv.qc.ca\/fr\/Publications\/PolitiqueBioalimentaire.pdf\">https:\/\/www.mapaq.gouv.qc.ca\/fr\/Publications\/PolitiqueBioalimentaire.pdf<\/a> page 49.<br \/><span id=\"note-4\">4.<\/span> <a href=\"https:\/\/www.assnat.qc.ca\/fr\/exprimez-votre-opinion\/petition\/Petition-7991\/index.html\">https:\/\/www.assnat.qc.ca\/fr\/exprimez-votre-opinion\/petition\/Petition-7991\/index.html<\/a><br \/><span id=\"note-5\">5.<\/span> <a href=\"https:\/\/fr.wikipedia.org\/wiki\/Carnisme\">https:\/\/fr.wikipedia.org\/wiki\/Carnisme<\/a><\/p>\n\t\t\t\t\t\t\t\t<\/div>\n\t\t\t\t<\/div>\n\t\t\t\t\t<\/div>\n\t\t<\/div>\n\t\t\t\t\t<\/div>\n\t\t<\/section>\n\t\t\t\t<\/div>\n\t\t","protected":false},"excerpt":{"rendered":"<p>PDF To Andr\u00e9 Lamontagne,Minister of Agriculture, Fisheries and Food Subject: Vegan Option Canada Petition No. 1268-20191205 1 Dear Mr. Lamontagne,\u00a0 I am writing to follow up on the governmental response that we at VOC received, through our petition sponsor\u00a0 Sol Zanetti. In your letter, (addressed not to us directly but to House Leader Simon Jolin-Barrette), [&hellip;]<\/p>\n","protected":false},"author":11,"featured_media":0,"comment_status":"closed","ping_status":"closed","sticky":false,"template":"","format":"standard","meta":{"footnotes":""},"categories":[44,73],"tags":[],"class_list":["post-3331","post","type-post","status-publish","format-standard","hentry","category-news","category-quebec-petition"],"yoast_head":"<!-- This site is optimized with the Yoast SEO plugin v26.9 - https:\/\/yoast.com\/product\/yoast-seo-wordpress\/ -->\n<title>Petition Quebec: OVC response - Vegan Option Canada<\/title>\n<meta name=\"robots\" content=\"index, follow, max-snippet:-1, max-image-preview:large, max-video-preview:-1\" \/>\n<link rel=\"canonical\" href=\"https:\/\/veganoptioncanada.ca\/en\/news\/petition-quebec-ovc-response\/\" \/>\n<meta property=\"og:locale\" content=\"en_US\" \/>\n<meta property=\"og:type\" content=\"article\" \/>\n<meta property=\"og:title\" content=\"Petition Quebec: OVC response - Vegan Option Canada\" \/>\n<meta property=\"og:description\" content=\"PDF To Andr\u00e9 Lamontagne,Minister of Agriculture, Fisheries and Food Subject: Vegan Option Canada Petition No. 1268-20191205 1 Dear Mr. Lamontagne,\u00a0 I am writing to follow up on the governmental response that we at VOC received, through our petition sponsor\u00a0 Sol Zanetti. In your letter, (addressed not to us directly but to House Leader Simon Jolin-Barrette), [&hellip;]\" \/>\n<meta property=\"og:url\" content=\"https:\/\/veganoptioncanada.ca\/en\/news\/petition-quebec-ovc-response\/\" \/>\n<meta property=\"og:site_name\" content=\"Vegan Option Canada\" \/>\n<meta property=\"article:publisher\" content=\"https:\/\/www.facebook.com\/VOOVCanada\/\" \/>\n<meta property=\"article:published_time\" content=\"2020-03-25T16:37:01+00:00\" \/>\n<meta property=\"article:modified_time\" content=\"2020-09-29T02:28:59+00:00\" \/>\n<meta property=\"og:image\" content=\"https:\/\/veganoptioncanada.org\/wp-content\/uploads\/2020\/03\/MAPAQLettreLOV-FR.pdf-SumatraPDF-000270.png\" \/>\n<meta name=\"author\" content=\"Victor Mass\u00e9\" \/>\n<meta name=\"twitter:card\" content=\"summary_large_image\" \/>\n<meta name=\"twitter:creator\" content=\"@CanadaVegan\" \/>\n<meta name=\"twitter:site\" content=\"@CanadaVegan\" \/>\n<meta name=\"twitter:label1\" content=\"Written by\" \/>\n\t<meta name=\"twitter:data1\" content=\"Victor Mass\u00e9\" \/>\n\t<meta name=\"twitter:label2\" content=\"Est. reading time\" \/>\n\t<meta name=\"twitter:data2\" content=\"6 minutes\" \/>\n<script type=\"application\/ld+json\" class=\"yoast-schema-graph\">{\"@context\":\"https:\/\/schema.org\",\"@graph\":[{\"@type\":\"Article\",\"@id\":\"https:\/\/veganoptioncanada.ca\/en\/news\/petition-quebec-ovc-response\/#article\",\"isPartOf\":{\"@id\":\"https:\/\/veganoptioncanada.ca\/en\/news\/petition-quebec-ovc-response\/\"},\"author\":{\"name\":\"Victor Mass\u00e9\",\"@id\":\"http:\/\/veganoptioncanada.ca\/en\/#\/schema\/person\/be9b744c842207906fabd4fbf8e7f435\"},\"headline\":\"Petition Quebec: OVC response\",\"datePublished\":\"2020-03-25T16:37:01+00:00\",\"dateModified\":\"2020-09-29T02:28:59+00:00\",\"mainEntityOfPage\":{\"@id\":\"https:\/\/veganoptioncanada.ca\/en\/news\/petition-quebec-ovc-response\/\"},\"wordCount\":1188,\"publisher\":{\"@id\":\"http:\/\/veganoptioncanada.ca\/en\/#organization\"},\"image\":{\"@id\":\"https:\/\/veganoptioncanada.ca\/en\/news\/petition-quebec-ovc-response\/#primaryimage\"},\"thumbnailUrl\":\"https:\/\/veganoptioncanada.org\/wp-content\/uploads\/2020\/03\/MAPAQLettreLOV-FR.pdf-SumatraPDF-000270.png\",\"articleSection\":[\"News\",\"Quebec Petition\"],\"inLanguage\":\"en-US\"},{\"@type\":\"WebPage\",\"@id\":\"https:\/\/veganoptioncanada.ca\/en\/news\/petition-quebec-ovc-response\/\",\"url\":\"https:\/\/veganoptioncanada.ca\/en\/news\/petition-quebec-ovc-response\/\",\"name\":\"Petition Quebec: OVC response - Vegan Option Canada\",\"isPartOf\":{\"@id\":\"http:\/\/veganoptioncanada.ca\/en\/#website\"},\"primaryImageOfPage\":{\"@id\":\"https:\/\/veganoptioncanada.ca\/en\/news\/petition-quebec-ovc-response\/#primaryimage\"},\"image\":{\"@id\":\"https:\/\/veganoptioncanada.ca\/en\/news\/petition-quebec-ovc-response\/#primaryimage\"},\"thumbnailUrl\":\"https:\/\/veganoptioncanada.org\/wp-content\/uploads\/2020\/03\/MAPAQLettreLOV-FR.pdf-SumatraPDF-000270.png\",\"datePublished\":\"2020-03-25T16:37:01+00:00\",\"dateModified\":\"2020-09-29T02:28:59+00:00\",\"breadcrumb\":{\"@id\":\"https:\/\/veganoptioncanada.ca\/en\/news\/petition-quebec-ovc-response\/#breadcrumb\"},\"inLanguage\":\"en-US\",\"potentialAction\":[{\"@type\":\"ReadAction\",\"target\":[\"https:\/\/veganoptioncanada.ca\/en\/news\/petition-quebec-ovc-response\/\"]}]},{\"@type\":\"ImageObject\",\"inLanguage\":\"en-US\",\"@id\":\"https:\/\/veganoptioncanada.ca\/en\/news\/petition-quebec-ovc-response\/#primaryimage\",\"url\":\"https:\/\/veganoptioncanada.org\/wp-content\/uploads\/2020\/03\/MAPAQLettreLOV-FR.pdf-SumatraPDF-000270.png\",\"contentUrl\":\"https:\/\/veganoptioncanada.org\/wp-content\/uploads\/2020\/03\/MAPAQLettreLOV-FR.pdf-SumatraPDF-000270.png\"},{\"@type\":\"BreadcrumbList\",\"@id\":\"https:\/\/veganoptioncanada.ca\/en\/news\/petition-quebec-ovc-response\/#breadcrumb\",\"itemListElement\":[{\"@type\":\"ListItem\",\"position\":1,\"name\":\"Home\",\"item\":\"https:\/\/veganoptioncanada.ca\/en\/\"},{\"@type\":\"ListItem\",\"position\":2,\"name\":\"Petition Quebec: OVC response\"}]},{\"@type\":\"WebSite\",\"@id\":\"http:\/\/veganoptioncanada.ca\/en\/#website\",\"url\":\"http:\/\/veganoptioncanada.ca\/en\/\",\"name\":\"Vegan Option Canada - Option V\u00e9gane Canada\",\"description\":\"\",\"publisher\":{\"@id\":\"http:\/\/veganoptioncanada.ca\/en\/#organization\"},\"potentialAction\":[{\"@type\":\"SearchAction\",\"target\":{\"@type\":\"EntryPoint\",\"urlTemplate\":\"http:\/\/veganoptioncanada.ca\/en\/?s={search_term_string}\"},\"query-input\":{\"@type\":\"PropertyValueSpecification\",\"valueRequired\":true,\"valueName\":\"search_term_string\"}}],\"inLanguage\":\"en-US\"},{\"@type\":\"Organization\",\"@id\":\"http:\/\/veganoptioncanada.ca\/en\/#organization\",\"name\":\"Vegan Option Canada\",\"url\":\"http:\/\/veganoptioncanada.ca\/en\/\",\"logo\":{\"@type\":\"ImageObject\",\"inLanguage\":\"en-US\",\"@id\":\"http:\/\/veganoptioncanada.ca\/en\/#\/schema\/logo\/image\/\",\"url\":\"http:\/\/veganoptioncanada.ca\/wp-content\/uploads\/2021\/04\/Logo_OVC_transparent_web.png\",\"contentUrl\":\"http:\/\/veganoptioncanada.ca\/wp-content\/uploads\/2021\/04\/Logo_OVC_transparent_web.png\",\"width\":200,\"height\":200,\"caption\":\"Vegan Option Canada\"},\"image\":{\"@id\":\"http:\/\/veganoptioncanada.ca\/en\/#\/schema\/logo\/image\/\"},\"sameAs\":[\"https:\/\/www.facebook.com\/VOOVCanada\/\",\"https:\/\/x.com\/CanadaVegan\",\"https:\/\/instagram.com\/veganoptioncanada\/\",\"https:\/\/www.youtube.com\/channel\/UCDVCrc0eUMbWkdRwsUQi4Hw\"]},{\"@type\":\"Person\",\"@id\":\"http:\/\/veganoptioncanada.ca\/en\/#\/schema\/person\/be9b744c842207906fabd4fbf8e7f435\",\"name\":\"Victor Mass\u00e9\",\"url\":\"https:\/\/veganoptioncanada.ca\/en\/author\/victor-dhamma\/\"}]}<\/script>\n<!-- \/ Yoast SEO plugin. -->","yoast_head_json":{"title":"Petition Quebec: OVC response - Vegan Option Canada","robots":{"index":"index","follow":"follow","max-snippet":"max-snippet:-1","max-image-preview":"max-image-preview:large","max-video-preview":"max-video-preview:-1"},"canonical":"https:\/\/veganoptioncanada.ca\/en\/news\/petition-quebec-ovc-response\/","og_locale":"en_US","og_type":"article","og_title":"Petition Quebec: OVC response - Vegan Option Canada","og_description":"PDF To Andr\u00e9 Lamontagne,Minister of Agriculture, Fisheries and Food Subject: Vegan Option Canada Petition No. 1268-20191205 1 Dear Mr. Lamontagne,\u00a0 I am writing to follow up on the governmental response that we at VOC received, through our petition sponsor\u00a0 Sol Zanetti. In your letter, (addressed not to us directly but to House Leader Simon Jolin-Barrette), [&hellip;]","og_url":"https:\/\/veganoptioncanada.ca\/en\/news\/petition-quebec-ovc-response\/","og_site_name":"Vegan Option Canada","article_publisher":"https:\/\/www.facebook.com\/VOOVCanada\/","article_published_time":"2020-03-25T16:37:01+00:00","article_modified_time":"2020-09-29T02:28:59+00:00","og_image":[{"url":"https:\/\/veganoptioncanada.org\/wp-content\/uploads\/2020\/03\/MAPAQLettreLOV-FR.pdf-SumatraPDF-000270.png","type":"","width":"","height":""}],"author":"Victor Mass\u00e9","twitter_card":"summary_large_image","twitter_creator":"@CanadaVegan","twitter_site":"@CanadaVegan","twitter_misc":{"Written by":"Victor Mass\u00e9","Est. reading time":"6 minutes"},"schema":{"@context":"https:\/\/schema.org","@graph":[{"@type":"Article","@id":"https:\/\/veganoptioncanada.ca\/en\/news\/petition-quebec-ovc-response\/#article","isPartOf":{"@id":"https:\/\/veganoptioncanada.ca\/en\/news\/petition-quebec-ovc-response\/"},"author":{"name":"Victor Mass\u00e9","@id":"http:\/\/veganoptioncanada.ca\/en\/#\/schema\/person\/be9b744c842207906fabd4fbf8e7f435"},"headline":"Petition Quebec: OVC response","datePublished":"2020-03-25T16:37:01+00:00","dateModified":"2020-09-29T02:28:59+00:00","mainEntityOfPage":{"@id":"https:\/\/veganoptioncanada.ca\/en\/news\/petition-quebec-ovc-response\/"},"wordCount":1188,"publisher":{"@id":"http:\/\/veganoptioncanada.ca\/en\/#organization"},"image":{"@id":"https:\/\/veganoptioncanada.ca\/en\/news\/petition-quebec-ovc-response\/#primaryimage"},"thumbnailUrl":"https:\/\/veganoptioncanada.org\/wp-content\/uploads\/2020\/03\/MAPAQLettreLOV-FR.pdf-SumatraPDF-000270.png","articleSection":["News","Quebec Petition"],"inLanguage":"en-US"},{"@type":"WebPage","@id":"https:\/\/veganoptioncanada.ca\/en\/news\/petition-quebec-ovc-response\/","url":"https:\/\/veganoptioncanada.ca\/en\/news\/petition-quebec-ovc-response\/","name":"Petition Quebec: OVC response - Vegan Option Canada","isPartOf":{"@id":"http:\/\/veganoptioncanada.ca\/en\/#website"},"primaryImageOfPage":{"@id":"https:\/\/veganoptioncanada.ca\/en\/news\/petition-quebec-ovc-response\/#primaryimage"},"image":{"@id":"https:\/\/veganoptioncanada.ca\/en\/news\/petition-quebec-ovc-response\/#primaryimage"},"thumbnailUrl":"https:\/\/veganoptioncanada.org\/wp-content\/uploads\/2020\/03\/MAPAQLettreLOV-FR.pdf-SumatraPDF-000270.png","datePublished":"2020-03-25T16:37:01+00:00","dateModified":"2020-09-29T02:28:59+00:00","breadcrumb":{"@id":"https:\/\/veganoptioncanada.ca\/en\/news\/petition-quebec-ovc-response\/#breadcrumb"},"inLanguage":"en-US","potentialAction":[{"@type":"ReadAction","target":["https:\/\/veganoptioncanada.ca\/en\/news\/petition-quebec-ovc-response\/"]}]},{"@type":"ImageObject","inLanguage":"en-US","@id":"https:\/\/veganoptioncanada.ca\/en\/news\/petition-quebec-ovc-response\/#primaryimage","url":"https:\/\/veganoptioncanada.org\/wp-content\/uploads\/2020\/03\/MAPAQLettreLOV-FR.pdf-SumatraPDF-000270.png","contentUrl":"https:\/\/veganoptioncanada.org\/wp-content\/uploads\/2020\/03\/MAPAQLettreLOV-FR.pdf-SumatraPDF-000270.png"},{"@type":"BreadcrumbList","@id":"https:\/\/veganoptioncanada.ca\/en\/news\/petition-quebec-ovc-response\/#breadcrumb","itemListElement":[{"@type":"ListItem","position":1,"name":"Home","item":"https:\/\/veganoptioncanada.ca\/en\/"},{"@type":"ListItem","position":2,"name":"Petition Quebec: OVC response"}]},{"@type":"WebSite","@id":"http:\/\/veganoptioncanada.ca\/en\/#website","url":"http:\/\/veganoptioncanada.ca\/en\/","name":"Vegan Option Canada - Option V\u00e9gane Canada","description":"","publisher":{"@id":"http:\/\/veganoptioncanada.ca\/en\/#organization"},"potentialAction":[{"@type":"SearchAction","target":{"@type":"EntryPoint","urlTemplate":"http:\/\/veganoptioncanada.ca\/en\/?s={search_term_string}"},"query-input":{"@type":"PropertyValueSpecification","valueRequired":true,"valueName":"search_term_string"}}],"inLanguage":"en-US"},{"@type":"Organization","@id":"http:\/\/veganoptioncanada.ca\/en\/#organization","name":"Vegan Option Canada","url":"http:\/\/veganoptioncanada.ca\/en\/","logo":{"@type":"ImageObject","inLanguage":"en-US","@id":"http:\/\/veganoptioncanada.ca\/en\/#\/schema\/logo\/image\/","url":"http:\/\/veganoptioncanada.ca\/wp-content\/uploads\/2021\/04\/Logo_OVC_transparent_web.png","contentUrl":"http:\/\/veganoptioncanada.ca\/wp-content\/uploads\/2021\/04\/Logo_OVC_transparent_web.png","width":200,"height":200,"caption":"Vegan Option Canada"},"image":{"@id":"http:\/\/veganoptioncanada.ca\/en\/#\/schema\/logo\/image\/"},"sameAs":["https:\/\/www.facebook.com\/VOOVCanada\/","https:\/\/x.com\/CanadaVegan","https:\/\/instagram.com\/veganoptioncanada\/","https:\/\/www.youtube.com\/channel\/UCDVCrc0eUMbWkdRwsUQi4Hw"]},{"@type":"Person","@id":"http:\/\/veganoptioncanada.ca\/en\/#\/schema\/person\/be9b744c842207906fabd4fbf8e7f435","name":"Victor Mass\u00e9","url":"https:\/\/veganoptioncanada.ca\/en\/author\/victor-dhamma\/"}]}},"_links":{"self":[{"href":"https:\/\/veganoptioncanada.ca\/en\/wp-json\/wp\/v2\/posts\/3331","targetHints":{"allow":["GET"]}}],"collection":[{"href":"https:\/\/veganoptioncanada.ca\/en\/wp-json\/wp\/v2\/posts"}],"about":[{"href":"https:\/\/veganoptioncanada.ca\/en\/wp-json\/wp\/v2\/types\/post"}],"author":[{"embeddable":true,"href":"https:\/\/veganoptioncanada.ca\/en\/wp-json\/wp\/v2\/users\/11"}],"replies":[{"embeddable":true,"href":"https:\/\/veganoptioncanada.ca\/en\/wp-json\/wp\/v2\/comments?post=3331"}],"version-history":[{"count":2,"href":"https:\/\/veganoptioncanada.ca\/en\/wp-json\/wp\/v2\/posts\/3331\/revisions"}],"predecessor-version":[{"id":3351,"href":"https:\/\/veganoptioncanada.ca\/en\/wp-json\/wp\/v2\/posts\/3331\/revisions\/3351"}],"wp:attachment":[{"href":"https:\/\/veganoptioncanada.ca\/en\/wp-json\/wp\/v2\/media?parent=3331"}],"wp:term":[{"taxonomy":"category","embeddable":true,"href":"https:\/\/veganoptioncanada.ca\/en\/wp-json\/wp\/v2\/categories?post=3331"},{"taxonomy":"post_tag","embeddable":true,"href":"https:\/\/veganoptioncanada.ca\/en\/wp-json\/wp\/v2\/tags?post=3331"}],"curies":[{"name":"wp","href":"https:\/\/api.w.org\/{rel}","templated":true}]}}