{"id":2909,"date":"2020-09-03T22:39:55","date_gmt":"2020-09-04T03:39:55","guid":{"rendered":"https:\/\/veganoptioncanada.org\/noticias\/carne-e-pandemias-a-ligacao-surpreendente\/"},"modified":"2020-09-04T00:33:47","modified_gmt":"2020-09-04T05:33:47","slug":"carne-e-pandemias-a-ligacao-surpreendente","status":"publish","type":"post","link":"https:\/\/veganoptioncanada.ca\/pt-pt\/noticias\/carne-e-pandemias-a-ligacao-surpreendente\/","title":{"rendered":"Carne e pandemias: a liga\u00e7\u00e3o surpreendente"},"content":{"rendered":"\t\t<div data-elementor-type=\"wp-post\" data-elementor-id=\"2909\" class=\"elementor elementor-2909 elementor-2907\" data-elementor-post-type=\"post\">\n\t\t\t\t\t\t<section class=\"elementor-section elementor-top-section elementor-element elementor-element-8e20f54 elementor-section-boxed elementor-section-height-default elementor-section-height-default\" data-id=\"8e20f54\" data-element_type=\"section\">\n\t\t\t\t\t\t<div class=\"elementor-container elementor-column-gap-default\">\n\t\t\t\t\t<div class=\"elementor-column elementor-col-100 elementor-top-column elementor-element elementor-element-e760a65\" data-id=\"e760a65\" data-element_type=\"column\">\n\t\t\t<div class=\"elementor-widget-wrap elementor-element-populated\">\n\t\t\t\t\t\t<div class=\"elementor-element elementor-element-d88cc36 elementor-widget elementor-widget-image\" data-id=\"d88cc36\" data-element_type=\"widget\" data-widget_type=\"image.default\">\n\t\t\t\t<div class=\"elementor-widget-container\">\n\t\t\t\t\t\t\t\t\t\t\t\t\t\t\t<img fetchpriority=\"high\" decoding=\"async\" width=\"768\" height=\"471\" src=\"https:\/\/veganoptioncanada.ca\/wp-content\/uploads\/2020\/09\/photo_of_a_chicken_from_piqsels-768x471.jpg\" class=\"attachment-medium_large size-medium_large wp-image-2902\" alt=\"\" srcset=\"https:\/\/veganoptioncanada.ca\/wp-content\/uploads\/2020\/09\/photo_of_a_chicken_from_piqsels-768x471.jpg 768w, https:\/\/veganoptioncanada.ca\/wp-content\/uploads\/2020\/09\/photo_of_a_chicken_from_piqsels-300x184.jpg 300w, https:\/\/veganoptioncanada.ca\/wp-content\/uploads\/2020\/09\/photo_of_a_chicken_from_piqsels.jpg 1000w\" sizes=\"(max-width: 768px) 100vw, 768px\" \/>\t\t\t\t\t\t\t\t\t\t\t\t\t\t\t<\/div>\n\t\t\t\t<\/div>\n\t\t\t\t\t<\/div>\n\t\t<\/div>\n\t\t\t\t\t<\/div>\n\t\t<\/section>\n\t\t\t\t<section class=\"elementor-section elementor-top-section elementor-element elementor-element-a2dc01c elementor-section-boxed elementor-section-height-default elementor-section-height-default\" data-id=\"a2dc01c\" data-element_type=\"section\">\n\t\t\t\t\t\t<div class=\"elementor-container elementor-column-gap-default\">\n\t\t\t\t\t<div class=\"elementor-column elementor-col-100 elementor-top-column elementor-element elementor-element-c29ccba\" data-id=\"c29ccba\" data-element_type=\"column\">\n\t\t\t<div class=\"elementor-widget-wrap elementor-element-populated\">\n\t\t\t\t\t\t<div class=\"elementor-element elementor-element-469da24 elementor-widget elementor-widget-heading\" data-id=\"469da24\" data-element_type=\"widget\" data-widget_type=\"heading.default\">\n\t\t\t\t<div class=\"elementor-widget-container\">\n\t\t\t\t\t<h2 class=\"elementor-heading-title elementor-size-default\">A carne \u00e9 uma amea\u00e7a \u00e0 seguran\u00e7a nacional. Se a sociedade n\u00e3o se aperceber disto, n\u00e3o evitaremos futuras pandemias.<\/h2>\t\t\t\t<\/div>\n\t\t\t\t<\/div>\n\t\t\t\t\t<\/div>\n\t\t<\/div>\n\t\t\t\t\t<\/div>\n\t\t<\/section>\n\t\t\t\t<section class=\"elementor-section elementor-top-section elementor-element elementor-element-8c37061 elementor-section-boxed elementor-section-height-default elementor-section-height-default\" data-id=\"8c37061\" data-element_type=\"section\">\n\t\t\t\t\t\t<div class=\"elementor-container elementor-column-gap-default\">\n\t\t\t\t\t<div class=\"elementor-column elementor-col-100 elementor-top-column elementor-element elementor-element-a768ded\" data-id=\"a768ded\" data-element_type=\"column\">\n\t\t\t<div class=\"elementor-widget-wrap elementor-element-populated\">\n\t\t\t\t\t\t<div class=\"elementor-element elementor-element-d204f7f elementor-widget elementor-widget-text-editor\" data-id=\"d204f7f\" data-element_type=\"widget\" data-widget_type=\"text-editor.default\">\n\t\t\t\t<div class=\"elementor-widget-container\">\n\t\t\t\t\t\t\t\t\t<p>Como podem ser prevenidas futuras pandemias? Esta \u00e9 a pergunta que todos fazem, uma vez que a conten\u00e7\u00e3o est\u00e1 lentamente a ser levantada.<\/p>\n<p>A sociedade n\u00e3o agarrar\u00e1 a resposta at\u00e9 ser confrontada com uma verdade inc\u00f3moda. Podemos gostar muito, mas a carne \u00e9 um factor chave na origem das pandemias. Os cientistas disseram-nos que a carne de um mercado chin\u00eas h\u00famido pode ter vazado Covid-19 para os seres humanos. Muitos de n\u00f3s aceitam esta explica\u00e7\u00e3o amplamente divulgada.<\/p>\n<p>Este n\u00e3o \u00e9 um caso isolado. O rastreio da hist\u00f3ria das pandemias revela uma li\u00e7\u00e3o mais sinistra sobre a produ\u00e7\u00e3o de carne em geral. A epidemia de gripe su\u00edna de 2009 matou at\u00e9 575.400 pessoas num ano. A causa da sua origem nos seres humanos? O com\u00e9rcio internacional de carne de porco entre a Am\u00e9rica e a Eur\u00e1sia, de acordo com o Centro Americano de Controlo de Doen\u00e7as.<\/p>\n\t\t\t\t\t\t\t\t<\/div>\n\t\t\t\t<\/div>\n\t\t\t\t\t<\/div>\n\t\t<\/div>\n\t\t\t\t\t<\/div>\n\t\t<\/section>\n\t\t\t\t<section class=\"elementor-section elementor-top-section elementor-element elementor-element-0f60c2f elementor-section-boxed elementor-section-height-default elementor-section-height-default\" data-id=\"0f60c2f\" data-element_type=\"section\">\n\t\t\t\t\t\t<div class=\"elementor-container elementor-column-gap-default\">\n\t\t\t\t\t<div class=\"elementor-column elementor-col-100 elementor-top-column elementor-element elementor-element-32af85d\" data-id=\"32af85d\" data-element_type=\"column\">\n\t\t\t<div class=\"elementor-widget-wrap elementor-element-populated\">\n\t\t\t\t\t\t<div class=\"elementor-element elementor-element-0ae6166 elementor-widget elementor-widget-heading\" data-id=\"0ae6166\" data-element_type=\"widget\" data-widget_type=\"heading.default\">\n\t\t\t\t<div class=\"elementor-widget-container\">\n\t\t\t\t\t<h4 class=\"elementor-heading-title elementor-size-default\">Tend\u00eancias <\/h4>\t\t\t\t<\/div>\n\t\t\t\t<\/div>\n\t\t\t\t\t<\/div>\n\t\t<\/div>\n\t\t\t\t\t<\/div>\n\t\t<\/section>\n\t\t\t\t<section class=\"elementor-section elementor-top-section elementor-element elementor-element-8117b97 elementor-section-boxed elementor-section-height-default elementor-section-height-default\" data-id=\"8117b97\" data-element_type=\"section\">\n\t\t\t\t\t\t<div class=\"elementor-container elementor-column-gap-default\">\n\t\t\t\t\t<div class=\"elementor-column elementor-col-100 elementor-top-column elementor-element elementor-element-50d495b\" data-id=\"50d495b\" data-element_type=\"column\">\n\t\t\t<div class=\"elementor-widget-wrap elementor-element-populated\">\n\t\t\t\t\t\t<div class=\"elementor-element elementor-element-75ab134 elementor-widget elementor-widget-text-editor\" data-id=\"75ab134\" data-element_type=\"widget\" data-widget_type=\"text-editor.default\">\n\t\t\t\t<div class=\"elementor-widget-container\">\n\t\t\t\t\t\t\t\t\t<p>A maioria dos cientistas acredita que o VIH chegou aos seres humanos atrav\u00e9s da pr\u00e1tica de comer chimpanz\u00e9s. E a gripe avi\u00e1ria est\u00e1 fortemente ligada \u00e0 carne preferida do mundo: a galinha. As Na\u00e7\u00f5es Unidas destacaram recentemente este padr\u00e3o: os agentes patog\u00e9nicos que afectam os seres humanos prov\u00eam frequentemente do gado e da carne do mato.<\/p>\n<p>E as pandemias relacionadas com a carne poderiam seguir-se nos pr\u00f3ximos anos. Ou ainda mais cedo. Na semana passada, foi publicada uma pesquisa indicando que uma nova forma de gripe su\u00edna est\u00e1 a circular nos porcos de cria\u00e7\u00e3o. Os investigadores advertem que o v\u00edrus tem &#8220;todas as caracter\u00edsticas essenciais&#8221; de uma poss\u00edvel pandemia.<\/p>\n<p>Esta semana tamb\u00e9m trouxe m\u00e1s not\u00edcias. As autoridades soaram o alarme ap\u00f3s a Mong\u00f3lia Interior ter visto um ressurgimento da peste bub\u00f3nica. Novos casos desta amea\u00e7a medieval t\u00eam sido ligados ao consumo de carne de marmota.<\/p>\n<p>Aqui est\u00e1 uma raz\u00e3o pela qual a carne e as pandemias est\u00e3o ligadas. De acordo com os Centros de Controlo e Preven\u00e7\u00e3o de Doen\u00e7as dos EUA, tr\u00eas em cada quatro novas doen\u00e7as infecciosas nos seres humanos resultam das nossas interac\u00e7\u00f5es com animais. E a cria\u00e7\u00e3o e consumo de animais \u00e9 uma importante e arriscada fonte de interac\u00e7\u00e3o homem-animal.<\/p>\n<p>Os seres humanos comem dezenas de bili\u00f5es de animais todos os anos. De facto, 28 mil milh\u00f5es de animais de cria\u00e7\u00e3o habitam actualmente o planeta. Isto \u00e9 particularmente arriscado porque, em muitas explora\u00e7\u00f5es agr\u00edcolas, os animais est\u00e3o amontoados em grande n\u00famero e a sua semelhan\u00e7a gen\u00e9tica, fomentada por pr\u00e1ticas agr\u00edcolas, reduz as barreiras \u00e0 incuba\u00e7\u00e3o de um v\u00edrus fresco. Proporcionamos aos agentes patog\u00e9nicos muitas oportunidades para actuarem como seus anfitri\u00f5es. Convidamos v\u00edrus para jantar.<\/p>\n\t\t\t\t\t\t\t\t<\/div>\n\t\t\t\t<\/div>\n\t\t\t\t\t<\/div>\n\t\t<\/div>\n\t\t\t\t\t<\/div>\n\t\t<\/section>\n\t\t\t\t<section class=\"elementor-section elementor-top-section elementor-element elementor-element-bd6a493 elementor-section-boxed elementor-section-height-default elementor-section-height-default\" data-id=\"bd6a493\" data-element_type=\"section\">\n\t\t\t\t\t\t<div class=\"elementor-container elementor-column-gap-default\">\n\t\t\t\t\t<div class=\"elementor-column elementor-col-100 elementor-top-column elementor-element elementor-element-ad5f70c\" data-id=\"ad5f70c\" data-element_type=\"column\">\n\t\t\t<div class=\"elementor-widget-wrap elementor-element-populated\">\n\t\t\t\t\t\t<div class=\"elementor-element elementor-element-6ae0bef elementor-widget elementor-widget-heading\" data-id=\"6ae0bef\" data-element_type=\"widget\" data-widget_type=\"heading.default\">\n\t\t\t\t<div class=\"elementor-widget-container\">\n\t\t\t\t\t<h2 class=\"elementor-heading-title elementor-size-default\">Contact<\/h2>\t\t\t\t<\/div>\n\t\t\t\t<\/div>\n\t\t\t\t\t<\/div>\n\t\t<\/div>\n\t\t\t\t\t<\/div>\n\t\t<\/section>\n\t\t\t\t<section class=\"elementor-section elementor-top-section elementor-element elementor-element-4b8b051 elementor-section-boxed elementor-section-height-default elementor-section-height-default\" data-id=\"4b8b051\" data-element_type=\"section\">\n\t\t\t\t\t\t<div class=\"elementor-container elementor-column-gap-default\">\n\t\t\t\t\t<div class=\"elementor-column elementor-col-100 elementor-top-column elementor-element elementor-element-65437e8\" data-id=\"65437e8\" data-element_type=\"column\">\n\t\t\t<div class=\"elementor-widget-wrap elementor-element-populated\">\n\t\t\t\t\t\t<div class=\"elementor-element elementor-element-8bb2454 elementor-widget elementor-widget-text-editor\" data-id=\"8bb2454\" data-element_type=\"widget\" data-widget_type=\"text-editor.default\">\n\t\t\t\t<div class=\"elementor-widget-container\">\n\t\t\t\t\t\t\t\t\t<p>Embora a liga\u00e7\u00e3o entre pandemias e carne esteja bem documentada nas p\u00e1ginas das revistas cient\u00edficas, ela est\u00e1 quase ausente nas ondas de r\u00e1dio e na conversa nacional. De facto, em tr\u00eas aspectos, a linguagem que utilizamos enterra esta descoberta crucial.<\/p>\n<p>Primeiro, referimo-nos aos animais como a causa das pandemias, como se fossem os agentes respons\u00e1veis que poderiam ter sido mais cuidadosos. Utilizamos frequentemente termos depreciativos para criaturas ofensivas. Falamos de &#8220;vermes&#8221; ou &#8220;gripe su\u00edna&#8221;. Isto encoraja a atitude de que os animais s\u00e3o simplesmente impuros e n\u00e3o podemos ser responsabilizados pelo facto de nos darem doen\u00e7as.<\/p>\n<p>Em segundo lugar, utilizamos generalidades e linguagem t\u00e9cnica. Dizem-nos que o &#8220;contacto com animais&#8221; \u00e9 um factor de risco, e que o &#8220;transbordo zoon\u00f3tico&#8221; foi o gatilho da pandemia. Mesmo quando o consumo de carne \u00e9 o tipo de contacto em quest\u00e3o, muitas vezes contornamos a quest\u00e3o de que a sociedade pode ter necessidade de mudar.<\/p>\n<p>Em terceiro lugar, quando a carne \u00e9 directamente reconhecida como uma das causas de pandemias, n\u00f3s no Ocidente culpamos frequentemente os pa\u00edses de Leste. Os nossos supermercados s\u00e3o pintados como seguros, comparados com locais &#8220;curiosos&#8221; descritos como &#8220;mercados h\u00famidos&#8221;.<\/p>\n<p>Anthony Fauci, o principal conselheiro cient\u00edfico do governo dos EUA para o Covid-19, falou dos mercados de carne h\u00famida: &#8220;Fico espantado como, quando temos tantas doen\u00e7as que emanam desta interface invulgar entre o homem e o animal, n\u00e3o podemos simplesmente fech\u00e1-la. N\u00e3o sei o que mais precisa de ser feito para nos fazer compreender isto? porque o que estamos a passar neste momento \u00e9 um resultado directo disso&#8221;.<\/p>\n\t\t\t\t\t\t\t\t<\/div>\n\t\t\t\t<\/div>\n\t\t\t\t\t<\/div>\n\t\t<\/div>\n\t\t\t\t\t<\/div>\n\t\t<\/section>\n\t\t\t\t<section class=\"elementor-section elementor-top-section elementor-element elementor-element-d94a5e6 elementor-section-boxed elementor-section-height-default elementor-section-height-default\" data-id=\"d94a5e6\" data-element_type=\"section\">\n\t\t\t\t\t\t<div class=\"elementor-container elementor-column-gap-default\">\n\t\t\t\t\t<div class=\"elementor-column elementor-col-100 elementor-top-column elementor-element elementor-element-4ff223a\" data-id=\"4ff223a\" data-element_type=\"column\">\n\t\t\t<div class=\"elementor-widget-wrap elementor-element-populated\">\n\t\t\t\t\t\t<div class=\"elementor-element elementor-element-359b228 elementor-widget elementor-widget-heading\" data-id=\"359b228\" data-element_type=\"widget\" data-widget_type=\"heading.default\">\n\t\t\t\t<div class=\"elementor-widget-container\">\n\t\t\t\t\t<h4 class=\"elementor-heading-title elementor-size-default\">Mega-fazendas<\/h4>\t\t\t\t<\/div>\n\t\t\t\t<\/div>\n\t\t\t\t\t<\/div>\n\t\t<\/div>\n\t\t\t\t\t<\/div>\n\t\t<\/section>\n\t\t\t\t<section class=\"elementor-section elementor-top-section elementor-element elementor-element-7e86380 elementor-section-boxed elementor-section-height-default elementor-section-height-default\" data-id=\"7e86380\" data-element_type=\"section\">\n\t\t\t\t\t\t<div class=\"elementor-container elementor-column-gap-default\">\n\t\t\t\t\t<div class=\"elementor-column elementor-col-100 elementor-top-column elementor-element elementor-element-25f294d\" data-id=\"25f294d\" data-element_type=\"column\">\n\t\t\t<div class=\"elementor-widget-wrap elementor-element-populated\">\n\t\t\t\t\t\t<div class=\"elementor-element elementor-element-ac4fa5e elementor-widget elementor-widget-text-editor\" data-id=\"ac4fa5e\" data-element_type=\"widget\" data-widget_type=\"text-editor.default\">\n\t\t\t\t<div class=\"elementor-widget-container\">\n\t\t\t\t\t\t\t\t\t<p>Mas o Ocidente tamb\u00e9m brinca com o fogo. O Ocidente \u00e9 o rei da agricultura industrial, e sabemos que a agricultura industrial \u00e9 tamb\u00e9m uma grande amea\u00e7a. Os Estados Unidos s\u00e3o bem conhecidos pelos seus enormes lotes de alimenta\u00e7\u00e3o.<\/p>\n<p>Muitas pessoas pensam que a Gr\u00e3-Bretanha tem a dec\u00eancia de rejeitar esta forma de criar animais. Mas a agricultura industrial est\u00e1 a aumentar no Reino Unido, como mostra o Bureau of Investigative Journalism.<\/p>\n<p>Existem actualmente cerca de 800 mega-fazendas, definidas como unidades com mais de 1.000 vacas, 2.500 porcos ou 125.000 galinhas. S\u00f3 o condado de Herefordshire alberga mais de 16 milh\u00f5es de animais criados em f\u00e1bricas: isto \u00e9 88 vezes mais do que a sua popula\u00e7\u00e3o humana.<\/p>\n<p>Portanto, se no Ocidente quisermos fechar os mercados h\u00famidos, devemos tamb\u00e9m querer fechar as explora\u00e7\u00f5es fabris. Mas n\u00e3o vemos isto como uma op\u00e7\u00e3o imediata, porque estamos habituados a uma sociedade de carne de massa e porque interesses especiais influenciam a pol\u00edtica e o debate. Mas temos de ser coerentes. N\u00e3o s\u00e3o apenas os mercados de carne h\u00famida que est\u00e3o em risco de causar pandemias. A cria\u00e7\u00e3o de animais ao estilo ocidental tamb\u00e9m o \u00e9.<\/p>\n\t\t\t\t\t\t\t\t<\/div>\n\t\t\t\t<\/div>\n\t\t\t\t\t<\/div>\n\t\t<\/div>\n\t\t\t\t\t<\/div>\n\t\t<\/section>\n\t\t\t\t<section class=\"elementor-section elementor-top-section elementor-element elementor-element-556a7fb elementor-section-boxed elementor-section-height-default elementor-section-height-default\" data-id=\"556a7fb\" data-element_type=\"section\">\n\t\t\t\t\t\t<div class=\"elementor-container elementor-column-gap-default\">\n\t\t\t\t\t<div class=\"elementor-column elementor-col-100 elementor-top-column elementor-element elementor-element-1bd073c\" data-id=\"1bd073c\" data-element_type=\"column\">\n\t\t\t<div class=\"elementor-widget-wrap elementor-element-populated\">\n\t\t\t\t\t\t<div class=\"elementor-element elementor-element-a0bab3d elementor-widget elementor-widget-heading\" data-id=\"a0bab3d\" data-element_type=\"widget\" data-widget_type=\"heading.default\">\n\t\t\t\t<div class=\"elementor-widget-container\">\n\t\t\t\t\t<h4 class=\"elementor-heading-title elementor-size-default\">Devasta\u00e7\u00e3o <\/h4>\t\t\t\t<\/div>\n\t\t\t\t<\/div>\n\t\t\t\t\t<\/div>\n\t\t<\/div>\n\t\t\t\t\t<\/div>\n\t\t<\/section>\n\t\t\t\t<section class=\"elementor-section elementor-top-section elementor-element elementor-element-846a920 elementor-section-boxed elementor-section-height-default elementor-section-height-default\" data-id=\"846a920\" data-element_type=\"section\">\n\t\t\t\t\t\t<div class=\"elementor-container elementor-column-gap-default\">\n\t\t\t\t\t<div class=\"elementor-column elementor-col-100 elementor-top-column elementor-element elementor-element-9cd2947\" data-id=\"9cd2947\" data-element_type=\"column\">\n\t\t\t<div class=\"elementor-widget-wrap elementor-element-populated\">\n\t\t\t\t\t\t<div class=\"elementor-element elementor-element-d6e1ad9 elementor-widget elementor-widget-text-editor\" data-id=\"d6e1ad9\" data-element_type=\"widget\" data-widget_type=\"text-editor.default\">\n\t\t\t\t<div class=\"elementor-widget-container\">\n\t\t\t\t\t\t\t\t\t<p>Os governos devem intervir para maximizar a nossa seguran\u00e7a. O seu papel na protec\u00e7\u00e3o dos cidad\u00e3os estende-se para al\u00e9m do policiamento e do contra-terrorismo \u00e0 seguran\u00e7a alimentar. A carne tornou-se uma quest\u00e3o de seguran\u00e7a nacional.<\/p>\n<p>Mas eles n\u00e3o intervir\u00e3o se n\u00f3s n\u00e3o o fizermos. Eles pensam que n\u00e3o se trata de um &#8220;voto vencedor&#8221;. Pensam que nos viraremos contra eles se eles tornarem os alimentos mais seguros, desistindo da carne. Precisamos de os aliviar da ideia de que somos t\u00e3o teimosos.<\/p>\n<p>Assim, cada um de n\u00f3s refor\u00e7a a bolha protectora \u00e0 volta das nossas fam\u00edlias quando fazemos saber ao mundo que queremos um sistema alimentar seguro. Enfrentamos nova devasta\u00e7\u00e3o cada vez que damos \u00e0 carne o ombro frio.<\/p>\n<p>O mundo foi v\u00edtima do coronav\u00edrus. Custou-nos muito caro, tanto em termos de perda de vidas como do impacto no emprego e na economia. Os governos precisam de acordar e perceber os riscos que est\u00e3o a correr com as nossas vidas. E temos de nos perguntar se, para n\u00f3s, a carne vale o seu pre\u00e7o.<\/p>\n<p>Se acabar com a era das pandemias significa ignorar a carne, que assim seja: as nossas fam\u00edlias estar\u00e3o mais seguras por causa dela.<\/p>\n\t\t\t\t\t\t\t\t<\/div>\n\t\t\t\t<\/div>\n\t\t\t\t\t<\/div>\n\t\t<\/div>\n\t\t\t\t\t<\/div>\n\t\t<\/section>\n\t\t\t\t<section class=\"elementor-section elementor-top-section elementor-element elementor-element-af298dc elementor-section-boxed elementor-section-height-default elementor-section-height-default\" data-id=\"af298dc\" data-element_type=\"section\">\n\t\t\t\t\t\t<div class=\"elementor-container elementor-column-gap-default\">\n\t\t\t\t\t<div class=\"elementor-column elementor-col-100 elementor-top-column elementor-element elementor-element-8975fde\" data-id=\"8975fde\" data-element_type=\"column\">\n\t\t\t<div class=\"elementor-widget-wrap elementor-element-populated\">\n\t\t\t\t\t\t<div class=\"elementor-element elementor-element-b4d9252 elementor-widget elementor-widget-author-box\" data-id=\"b4d9252\" data-element_type=\"widget\" data-widget_type=\"author-box.default\">\n\t\t\t\t<div class=\"elementor-widget-container\">\n\t\t\t\t\t\t\t<div class=\"elementor-author-box\">\n\t\t\t\t\t\t\t<div  class=\"elementor-author-box__avatar\">\n\t\t\t\t\t<img decoding=\"async\" src=\"https:\/\/veganoptioncanada.ca\/wp-content\/uploads\/2020\/09\/william-300x300.jpg\" alt=\"Picture of William Gildea\" loading=\"lazy\">\n\t\t\t\t<\/div>\n\t\t\t\n\t\t\t<div class=\"elementor-author-box__text\">\n\t\t\t\t\t\t\t\t\t<div >\n\t\t\t\t\t\t<h4 class=\"elementor-author-box__name\">\n\t\t\t\t\t\t\tWilliam Gildea\t\t\t\t\t\t<\/h4>\n\t\t\t\t\t<\/div>\n\t\t\t\t\n\t\t\t\t\t\t\t\t\t<div class=\"elementor-author-box__bio\">\n\t\t\t\t\t\t<p>William Gildea \u00e9 um investigador em filosofia na Universidade de Warwick. O seu nome no Twitter \u00e9 @will_gildea.<\/p>\n\t\t\t\t\t<\/div>\n\t\t\t\t\n\t\t\t\t\t\t\t<\/div>\n\t\t<\/div>\n\t\t\t\t\t\t<\/div>\n\t\t\t\t<\/div>\n\t\t\t\t\t<\/div>\n\t\t<\/div>\n\t\t\t\t\t<\/div>\n\t\t<\/section>\n\t\t\t\t<section class=\"elementor-section elementor-top-section elementor-element elementor-element-873d118 elementor-section-boxed elementor-section-height-default elementor-section-height-default\" data-id=\"873d118\" data-element_type=\"section\">\n\t\t\t\t\t\t<div class=\"elementor-container elementor-column-gap-default\">\n\t\t\t\t\t<div class=\"elementor-column elementor-col-100 elementor-top-column elementor-element elementor-element-4923990\" data-id=\"4923990\" data-element_type=\"column\">\n\t\t\t<div class=\"elementor-widget-wrap elementor-element-populated\">\n\t\t\t\t\t\t<div class=\"elementor-element elementor-element-9a08f6a elementor-widget elementor-widget-text-editor\" data-id=\"9a08f6a\" data-element_type=\"widget\" data-widget_type=\"text-editor.default\">\n\t\t\t\t<div class=\"elementor-widget-container\">\n\t\t\t\t\t\t\t\t\t<p>Originalmente publicado <a href=\"https:\/\/theecologist.org\/2020\/jul\/09\/meat-and-pandemics-surprising-link\">aqui<\/a>.<\/p>\n\t\t\t\t\t\t\t\t<\/div>\n\t\t\t\t<\/div>\n\t\t\t\t\t<\/div>\n\t\t<\/div>\n\t\t\t\t\t<\/div>\n\t\t<\/section>\n\t\t\t\t<section class=\"elementor-section elementor-top-section elementor-element elementor-element-5e7e0ed elementor-section-boxed elementor-section-height-default elementor-section-height-default\" data-id=\"5e7e0ed\" data-element_type=\"section\">\n\t\t\t\t\t\t<div class=\"elementor-container elementor-column-gap-default\">\n\t\t\t\t\t<div class=\"elementor-column elementor-col-100 elementor-top-column elementor-element elementor-element-9ad7b85\" data-id=\"9ad7b85\" data-element_type=\"column\">\n\t\t\t<div class=\"elementor-widget-wrap elementor-element-populated\">\n\t\t\t\t\t\t<div class=\"elementor-element elementor-element-3943c9f elementor-share-buttons--view-icon-text elementor-share-buttons--skin-gradient elementor-share-buttons--shape-square elementor-grid-0 elementor-share-buttons--color-official elementor-widget elementor-widget-share-buttons\" data-id=\"3943c9f\" data-element_type=\"widget\" data-widget_type=\"share-buttons.default\">\n\t\t\t\t<div class=\"elementor-widget-container\">\n\t\t\t\t\t\t\t<div class=\"elementor-grid\">\n\t\t\t\t\t\t\t\t<div class=\"elementor-grid-item\">\n\t\t\t\t\t\t<div\n\t\t\t\t\t\t\tclass=\"elementor-share-btn elementor-share-btn_facebook\"\n\t\t\t\t\t\t\trole=\"button\"\n\t\t\t\t\t\t\ttabindex=\"0\"\n\t\t\t\t\t\t\taria-label=\"Share on facebook\"\n\t\t\t\t\t\t>\n\t\t\t\t\t\t\t\t\t\t\t\t\t\t\t<span class=\"elementor-share-btn__icon\">\n\t\t\t\t\t\t\t\t<i class=\"fab fa-facebook\" aria-hidden=\"true\"><\/i>\t\t\t\t\t\t\t<\/span>\n\t\t\t\t\t\t\t\t\t\t\t\t\t\t\t\t\t\t\t\t\t\t<div class=\"elementor-share-btn__text\">\n\t\t\t\t\t\t\t\t\t\t\t\t\t\t\t\t\t\t\t<span class=\"elementor-share-btn__title\">\n\t\t\t\t\t\t\t\t\t\tFacebook\t\t\t\t\t\t\t\t\t<\/span>\n\t\t\t\t\t\t\t\t\t\t\t\t\t\t\t\t\t<\/div>\n\t\t\t\t\t\t\t\t\t\t\t\t\t<\/div>\n\t\t\t\t\t<\/div>\n\t\t\t\t\t\t\t\t\t<div class=\"elementor-grid-item\">\n\t\t\t\t\t\t<div\n\t\t\t\t\t\t\tclass=\"elementor-share-btn elementor-share-btn_twitter\"\n\t\t\t\t\t\t\trole=\"button\"\n\t\t\t\t\t\t\ttabindex=\"0\"\n\t\t\t\t\t\t\taria-label=\"Share on twitter\"\n\t\t\t\t\t\t>\n\t\t\t\t\t\t\t\t\t\t\t\t\t\t\t<span class=\"elementor-share-btn__icon\">\n\t\t\t\t\t\t\t\t<i class=\"fab fa-twitter\" aria-hidden=\"true\"><\/i>\t\t\t\t\t\t\t<\/span>\n\t\t\t\t\t\t\t\t\t\t\t\t\t\t\t\t\t\t\t\t\t\t<div class=\"elementor-share-btn__text\">\n\t\t\t\t\t\t\t\t\t\t\t\t\t\t\t\t\t\t\t<span class=\"elementor-share-btn__title\">\n\t\t\t\t\t\t\t\t\t\tTwitter\t\t\t\t\t\t\t\t\t<\/span>\n\t\t\t\t\t\t\t\t\t\t\t\t\t\t\t\t\t<\/div>\n\t\t\t\t\t\t\t\t\t\t\t\t\t<\/div>\n\t\t\t\t\t<\/div>\n\t\t\t\t\t\t\t\t\t<div class=\"elementor-grid-item\">\n\t\t\t\t\t\t<div\n\t\t\t\t\t\t\tclass=\"elementor-share-btn elementor-share-btn_linkedin\"\n\t\t\t\t\t\t\trole=\"button\"\n\t\t\t\t\t\t\ttabindex=\"0\"\n\t\t\t\t\t\t\taria-label=\"Share on linkedin\"\n\t\t\t\t\t\t>\n\t\t\t\t\t\t\t\t\t\t\t\t\t\t\t<span class=\"elementor-share-btn__icon\">\n\t\t\t\t\t\t\t\t<i class=\"fab fa-linkedin\" aria-hidden=\"true\"><\/i>\t\t\t\t\t\t\t<\/span>\n\t\t\t\t\t\t\t\t\t\t\t\t\t\t\t\t\t\t\t\t\t\t<div class=\"elementor-share-btn__text\">\n\t\t\t\t\t\t\t\t\t\t\t\t\t\t\t\t\t\t\t<span class=\"elementor-share-btn__title\">\n\t\t\t\t\t\t\t\t\t\tLinkedIn\t\t\t\t\t\t\t\t\t<\/span>\n\t\t\t\t\t\t\t\t\t\t\t\t\t\t\t\t\t<\/div>\n\t\t\t\t\t\t\t\t\t\t\t\t\t<\/div>\n\t\t\t\t\t<\/div>\n\t\t\t\t\t\t\t\t\t<div class=\"elementor-grid-item\">\n\t\t\t\t\t\t<div\n\t\t\t\t\t\t\tclass=\"elementor-share-btn elementor-share-btn_email\"\n\t\t\t\t\t\t\trole=\"button\"\n\t\t\t\t\t\t\ttabindex=\"0\"\n\t\t\t\t\t\t\taria-label=\"Share on email\"\n\t\t\t\t\t\t>\n\t\t\t\t\t\t\t\t\t\t\t\t\t\t\t<span class=\"elementor-share-btn__icon\">\n\t\t\t\t\t\t\t\t<i class=\"fas fa-envelope\" aria-hidden=\"true\"><\/i>\t\t\t\t\t\t\t<\/span>\n\t\t\t\t\t\t\t\t\t\t\t\t\t\t\t\t\t\t\t\t\t\t<div class=\"elementor-share-btn__text\">\n\t\t\t\t\t\t\t\t\t\t\t\t\t\t\t\t\t\t\t<span class=\"elementor-share-btn__title\">\n\t\t\t\t\t\t\t\t\t\tEmail\t\t\t\t\t\t\t\t\t<\/span>\n\t\t\t\t\t\t\t\t\t\t\t\t\t\t\t\t\t<\/div>\n\t\t\t\t\t\t\t\t\t\t\t\t\t<\/div>\n\t\t\t\t\t<\/div>\n\t\t\t\t\t\t<\/div>\n\t\t\t\t\t\t<\/div>\n\t\t\t\t<\/div>\n\t\t\t\t\t<\/div>\n\t\t<\/div>\n\t\t\t\t\t<\/div>\n\t\t<\/section>\n\t\t\t\t<\/div>\n\t\t","protected":false},"excerpt":{"rendered":"<p>A carne \u00e9 uma amea\u00e7a \u00e0 seguran\u00e7a nacional. Se a sociedade n\u00e3o se aperceber disto, n\u00e3o evitaremos futuras pandemias. Como podem ser prevenidas futuras pandemias? Esta \u00e9 a pergunta que todos fazem, uma vez que a conten\u00e7\u00e3o est\u00e1 lentamente a ser levantada. A sociedade n\u00e3o agarrar\u00e1 a resposta at\u00e9 ser confrontada com uma verdade inc\u00f3moda. [&hellip;]<\/p>\n","protected":false},"author":2,"featured_media":0,"comment_status":"closed","ping_status":"closed","sticky":false,"template":"","format":"standard","meta":{"footnotes":""},"categories":[45,78],"tags":[],"class_list":["post-2909","post","type-post","status-publish","format-standard","hentry","category-noticias","category-opinion-pt-pt"],"yoast_head":"<!-- This site is optimized with the Yoast SEO plugin v26.9 - https:\/\/yoast.com\/product\/yoast-seo-wordpress\/ -->\n<title>Carne e pandemias: a liga\u00e7\u00e3o surpreendente - Op\u00e7\u00e3o Vegana Canad\u00e1<\/title>\n<meta name=\"robots\" content=\"index, follow, max-snippet:-1, max-image-preview:large, max-video-preview:-1\" \/>\n<link rel=\"canonical\" href=\"https:\/\/veganoptioncanada.ca\/pt-pt\/noticias\/carne-e-pandemias-a-ligacao-surpreendente\/\" \/>\n<meta property=\"og:locale\" content=\"pt_PT\" \/>\n<meta property=\"og:type\" content=\"article\" \/>\n<meta property=\"og:title\" content=\"Carne e pandemias: a liga\u00e7\u00e3o surpreendente - Op\u00e7\u00e3o Vegana Canad\u00e1\" \/>\n<meta property=\"og:description\" content=\"A carne \u00e9 uma amea\u00e7a \u00e0 seguran\u00e7a nacional. Se a sociedade n\u00e3o se aperceber disto, n\u00e3o evitaremos futuras pandemias. Como podem ser prevenidas futuras pandemias? Esta \u00e9 a pergunta que todos fazem, uma vez que a conten\u00e7\u00e3o est\u00e1 lentamente a ser levantada. A sociedade n\u00e3o agarrar\u00e1 a resposta at\u00e9 ser confrontada com uma verdade inc\u00f3moda. [&hellip;]\" \/>\n<meta property=\"og:url\" content=\"https:\/\/veganoptioncanada.ca\/pt-pt\/noticias\/carne-e-pandemias-a-ligacao-surpreendente\/\" \/>\n<meta property=\"og:site_name\" content=\"Op\u00e7\u00e3o Vegana Canad\u00e1\" \/>\n<meta property=\"article:publisher\" content=\"https:\/\/www.facebook.com\/VOOVCanada\/\" \/>\n<meta property=\"article:published_time\" content=\"2020-09-04T03:39:55+00:00\" \/>\n<meta property=\"article:modified_time\" content=\"2020-09-04T05:33:47+00:00\" \/>\n<meta property=\"og:image\" content=\"https:\/\/veganoptioncanada.org\/wp-content\/uploads\/2020\/09\/photo_of_a_chicken_from_piqsels-768x471.jpg\" \/>\n<meta name=\"author\" content=\"Editeur\" \/>\n<meta name=\"twitter:card\" content=\"summary_large_image\" \/>\n<meta name=\"twitter:creator\" content=\"@CanadaVegan\" \/>\n<meta name=\"twitter:site\" content=\"@CanadaVegan\" \/>\n<meta name=\"twitter:label1\" content=\"Escrito por\" \/>\n\t<meta name=\"twitter:data1\" content=\"Editeur\" \/>\n\t<meta name=\"twitter:label2\" content=\"Tempo estimado de leitura\" \/>\n\t<meta name=\"twitter:data2\" content=\"6 minutos\" \/>\n<script type=\"application\/ld+json\" class=\"yoast-schema-graph\">{\"@context\":\"https:\/\/schema.org\",\"@graph\":[{\"@type\":\"Article\",\"@id\":\"https:\/\/veganoptioncanada.ca\/pt-pt\/noticias\/carne-e-pandemias-a-ligacao-surpreendente\/#article\",\"isPartOf\":{\"@id\":\"https:\/\/veganoptioncanada.ca\/pt-pt\/noticias\/carne-e-pandemias-a-ligacao-surpreendente\/\"},\"author\":{\"name\":\"Editeur\",\"@id\":\"http:\/\/veganoptioncanada.ca\/pt-pt\/#\/schema\/person\/9212ba9961ec51f55b60bab6ae51c478\"},\"headline\":\"Carne e pandemias: a liga\u00e7\u00e3o surpreendente\",\"datePublished\":\"2020-09-04T03:39:55+00:00\",\"dateModified\":\"2020-09-04T05:33:47+00:00\",\"mainEntityOfPage\":{\"@id\":\"https:\/\/veganoptioncanada.ca\/pt-pt\/noticias\/carne-e-pandemias-a-ligacao-surpreendente\/\"},\"wordCount\":1227,\"publisher\":{\"@id\":\"http:\/\/veganoptioncanada.ca\/pt-pt\/#organization\"},\"image\":{\"@id\":\"https:\/\/veganoptioncanada.ca\/pt-pt\/noticias\/carne-e-pandemias-a-ligacao-surpreendente\/#primaryimage\"},\"thumbnailUrl\":\"https:\/\/veganoptioncanada.org\/wp-content\/uploads\/2020\/09\/photo_of_a_chicken_from_piqsels-768x471.jpg\",\"articleSection\":[\"Not\u00edcias\",\"Opinion\"],\"inLanguage\":\"pt-PT\"},{\"@type\":\"WebPage\",\"@id\":\"https:\/\/veganoptioncanada.ca\/pt-pt\/noticias\/carne-e-pandemias-a-ligacao-surpreendente\/\",\"url\":\"https:\/\/veganoptioncanada.ca\/pt-pt\/noticias\/carne-e-pandemias-a-ligacao-surpreendente\/\",\"name\":\"Carne e pandemias: a liga\u00e7\u00e3o surpreendente - Op\u00e7\u00e3o Vegana Canad\u00e1\",\"isPartOf\":{\"@id\":\"http:\/\/veganoptioncanada.ca\/pt-pt\/#website\"},\"primaryImageOfPage\":{\"@id\":\"https:\/\/veganoptioncanada.ca\/pt-pt\/noticias\/carne-e-pandemias-a-ligacao-surpreendente\/#primaryimage\"},\"image\":{\"@id\":\"https:\/\/veganoptioncanada.ca\/pt-pt\/noticias\/carne-e-pandemias-a-ligacao-surpreendente\/#primaryimage\"},\"thumbnailUrl\":\"https:\/\/veganoptioncanada.org\/wp-content\/uploads\/2020\/09\/photo_of_a_chicken_from_piqsels-768x471.jpg\",\"datePublished\":\"2020-09-04T03:39:55+00:00\",\"dateModified\":\"2020-09-04T05:33:47+00:00\",\"breadcrumb\":{\"@id\":\"https:\/\/veganoptioncanada.ca\/pt-pt\/noticias\/carne-e-pandemias-a-ligacao-surpreendente\/#breadcrumb\"},\"inLanguage\":\"pt-PT\",\"potentialAction\":[{\"@type\":\"ReadAction\",\"target\":[\"https:\/\/veganoptioncanada.ca\/pt-pt\/noticias\/carne-e-pandemias-a-ligacao-surpreendente\/\"]}]},{\"@type\":\"ImageObject\",\"inLanguage\":\"pt-PT\",\"@id\":\"https:\/\/veganoptioncanada.ca\/pt-pt\/noticias\/carne-e-pandemias-a-ligacao-surpreendente\/#primaryimage\",\"url\":\"https:\/\/veganoptioncanada.org\/wp-content\/uploads\/2020\/09\/photo_of_a_chicken_from_piqsels-768x471.jpg\",\"contentUrl\":\"https:\/\/veganoptioncanada.org\/wp-content\/uploads\/2020\/09\/photo_of_a_chicken_from_piqsels-768x471.jpg\"},{\"@type\":\"BreadcrumbList\",\"@id\":\"https:\/\/veganoptioncanada.ca\/pt-pt\/noticias\/carne-e-pandemias-a-ligacao-surpreendente\/#breadcrumb\",\"itemListElement\":[{\"@type\":\"ListItem\",\"position\":1,\"name\":\"Home\",\"item\":\"https:\/\/veganoptioncanada.ca\/pt-pt\/\"},{\"@type\":\"ListItem\",\"position\":2,\"name\":\"Carne e pandemias: a liga\u00e7\u00e3o surpreendente\"}]},{\"@type\":\"WebSite\",\"@id\":\"http:\/\/veganoptioncanada.ca\/pt-pt\/#website\",\"url\":\"http:\/\/veganoptioncanada.ca\/pt-pt\/\",\"name\":\"Vegan Option Canada - Option V\u00e9gane Canada\",\"description\":\"\",\"publisher\":{\"@id\":\"http:\/\/veganoptioncanada.ca\/pt-pt\/#organization\"},\"potentialAction\":[{\"@type\":\"SearchAction\",\"target\":{\"@type\":\"EntryPoint\",\"urlTemplate\":\"http:\/\/veganoptioncanada.ca\/pt-pt\/?s={search_term_string}\"},\"query-input\":{\"@type\":\"PropertyValueSpecification\",\"valueRequired\":true,\"valueName\":\"search_term_string\"}}],\"inLanguage\":\"pt-PT\"},{\"@type\":\"Organization\",\"@id\":\"http:\/\/veganoptioncanada.ca\/pt-pt\/#organization\",\"name\":\"Vegan Option Canada\",\"url\":\"http:\/\/veganoptioncanada.ca\/pt-pt\/\",\"logo\":{\"@type\":\"ImageObject\",\"inLanguage\":\"pt-PT\",\"@id\":\"http:\/\/veganoptioncanada.ca\/pt-pt\/#\/schema\/logo\/image\/\",\"url\":\"http:\/\/veganoptioncanada.ca\/wp-content\/uploads\/2021\/04\/Logo_OVC_transparent_web.png\",\"contentUrl\":\"http:\/\/veganoptioncanada.ca\/wp-content\/uploads\/2021\/04\/Logo_OVC_transparent_web.png\",\"width\":200,\"height\":200,\"caption\":\"Vegan Option Canada\"},\"image\":{\"@id\":\"http:\/\/veganoptioncanada.ca\/pt-pt\/#\/schema\/logo\/image\/\"},\"sameAs\":[\"https:\/\/www.facebook.com\/VOOVCanada\/\",\"https:\/\/x.com\/CanadaVegan\",\"https:\/\/instagram.com\/veganoptioncanada\/\",\"https:\/\/www.youtube.com\/channel\/UCDVCrc0eUMbWkdRwsUQi4Hw\"]},{\"@type\":\"Person\",\"@id\":\"http:\/\/veganoptioncanada.ca\/pt-pt\/#\/schema\/person\/9212ba9961ec51f55b60bab6ae51c478\",\"name\":\"Editeur\",\"url\":\"https:\/\/veganoptioncanada.ca\/pt-pt\/author\/editeur\/\"}]}<\/script>\n<!-- \/ Yoast SEO plugin. -->","yoast_head_json":{"title":"Carne e pandemias: a liga\u00e7\u00e3o surpreendente - Op\u00e7\u00e3o Vegana Canad\u00e1","robots":{"index":"index","follow":"follow","max-snippet":"max-snippet:-1","max-image-preview":"max-image-preview:large","max-video-preview":"max-video-preview:-1"},"canonical":"https:\/\/veganoptioncanada.ca\/pt-pt\/noticias\/carne-e-pandemias-a-ligacao-surpreendente\/","og_locale":"pt_PT","og_type":"article","og_title":"Carne e pandemias: a liga\u00e7\u00e3o surpreendente - Op\u00e7\u00e3o Vegana Canad\u00e1","og_description":"A carne \u00e9 uma amea\u00e7a \u00e0 seguran\u00e7a nacional. Se a sociedade n\u00e3o se aperceber disto, n\u00e3o evitaremos futuras pandemias. Como podem ser prevenidas futuras pandemias? Esta \u00e9 a pergunta que todos fazem, uma vez que a conten\u00e7\u00e3o est\u00e1 lentamente a ser levantada. A sociedade n\u00e3o agarrar\u00e1 a resposta at\u00e9 ser confrontada com uma verdade inc\u00f3moda. [&hellip;]","og_url":"https:\/\/veganoptioncanada.ca\/pt-pt\/noticias\/carne-e-pandemias-a-ligacao-surpreendente\/","og_site_name":"Op\u00e7\u00e3o Vegana Canad\u00e1","article_publisher":"https:\/\/www.facebook.com\/VOOVCanada\/","article_published_time":"2020-09-04T03:39:55+00:00","article_modified_time":"2020-09-04T05:33:47+00:00","og_image":[{"url":"https:\/\/veganoptioncanada.org\/wp-content\/uploads\/2020\/09\/photo_of_a_chicken_from_piqsels-768x471.jpg","type":"","width":"","height":""}],"author":"Editeur","twitter_card":"summary_large_image","twitter_creator":"@CanadaVegan","twitter_site":"@CanadaVegan","twitter_misc":{"Escrito por":"Editeur","Tempo estimado de leitura":"6 minutos"},"schema":{"@context":"https:\/\/schema.org","@graph":[{"@type":"Article","@id":"https:\/\/veganoptioncanada.ca\/pt-pt\/noticias\/carne-e-pandemias-a-ligacao-surpreendente\/#article","isPartOf":{"@id":"https:\/\/veganoptioncanada.ca\/pt-pt\/noticias\/carne-e-pandemias-a-ligacao-surpreendente\/"},"author":{"name":"Editeur","@id":"http:\/\/veganoptioncanada.ca\/pt-pt\/#\/schema\/person\/9212ba9961ec51f55b60bab6ae51c478"},"headline":"Carne e pandemias: a liga\u00e7\u00e3o surpreendente","datePublished":"2020-09-04T03:39:55+00:00","dateModified":"2020-09-04T05:33:47+00:00","mainEntityOfPage":{"@id":"https:\/\/veganoptioncanada.ca\/pt-pt\/noticias\/carne-e-pandemias-a-ligacao-surpreendente\/"},"wordCount":1227,"publisher":{"@id":"http:\/\/veganoptioncanada.ca\/pt-pt\/#organization"},"image":{"@id":"https:\/\/veganoptioncanada.ca\/pt-pt\/noticias\/carne-e-pandemias-a-ligacao-surpreendente\/#primaryimage"},"thumbnailUrl":"https:\/\/veganoptioncanada.org\/wp-content\/uploads\/2020\/09\/photo_of_a_chicken_from_piqsels-768x471.jpg","articleSection":["Not\u00edcias","Opinion"],"inLanguage":"pt-PT"},{"@type":"WebPage","@id":"https:\/\/veganoptioncanada.ca\/pt-pt\/noticias\/carne-e-pandemias-a-ligacao-surpreendente\/","url":"https:\/\/veganoptioncanada.ca\/pt-pt\/noticias\/carne-e-pandemias-a-ligacao-surpreendente\/","name":"Carne e pandemias: a liga\u00e7\u00e3o surpreendente - Op\u00e7\u00e3o Vegana Canad\u00e1","isPartOf":{"@id":"http:\/\/veganoptioncanada.ca\/pt-pt\/#website"},"primaryImageOfPage":{"@id":"https:\/\/veganoptioncanada.ca\/pt-pt\/noticias\/carne-e-pandemias-a-ligacao-surpreendente\/#primaryimage"},"image":{"@id":"https:\/\/veganoptioncanada.ca\/pt-pt\/noticias\/carne-e-pandemias-a-ligacao-surpreendente\/#primaryimage"},"thumbnailUrl":"https:\/\/veganoptioncanada.org\/wp-content\/uploads\/2020\/09\/photo_of_a_chicken_from_piqsels-768x471.jpg","datePublished":"2020-09-04T03:39:55+00:00","dateModified":"2020-09-04T05:33:47+00:00","breadcrumb":{"@id":"https:\/\/veganoptioncanada.ca\/pt-pt\/noticias\/carne-e-pandemias-a-ligacao-surpreendente\/#breadcrumb"},"inLanguage":"pt-PT","potentialAction":[{"@type":"ReadAction","target":["https:\/\/veganoptioncanada.ca\/pt-pt\/noticias\/carne-e-pandemias-a-ligacao-surpreendente\/"]}]},{"@type":"ImageObject","inLanguage":"pt-PT","@id":"https:\/\/veganoptioncanada.ca\/pt-pt\/noticias\/carne-e-pandemias-a-ligacao-surpreendente\/#primaryimage","url":"https:\/\/veganoptioncanada.org\/wp-content\/uploads\/2020\/09\/photo_of_a_chicken_from_piqsels-768x471.jpg","contentUrl":"https:\/\/veganoptioncanada.org\/wp-content\/uploads\/2020\/09\/photo_of_a_chicken_from_piqsels-768x471.jpg"},{"@type":"BreadcrumbList","@id":"https:\/\/veganoptioncanada.ca\/pt-pt\/noticias\/carne-e-pandemias-a-ligacao-surpreendente\/#breadcrumb","itemListElement":[{"@type":"ListItem","position":1,"name":"Home","item":"https:\/\/veganoptioncanada.ca\/pt-pt\/"},{"@type":"ListItem","position":2,"name":"Carne e pandemias: a liga\u00e7\u00e3o surpreendente"}]},{"@type":"WebSite","@id":"http:\/\/veganoptioncanada.ca\/pt-pt\/#website","url":"http:\/\/veganoptioncanada.ca\/pt-pt\/","name":"Vegan Option Canada - Option V\u00e9gane Canada","description":"","publisher":{"@id":"http:\/\/veganoptioncanada.ca\/pt-pt\/#organization"},"potentialAction":[{"@type":"SearchAction","target":{"@type":"EntryPoint","urlTemplate":"http:\/\/veganoptioncanada.ca\/pt-pt\/?s={search_term_string}"},"query-input":{"@type":"PropertyValueSpecification","valueRequired":true,"valueName":"search_term_string"}}],"inLanguage":"pt-PT"},{"@type":"Organization","@id":"http:\/\/veganoptioncanada.ca\/pt-pt\/#organization","name":"Vegan Option Canada","url":"http:\/\/veganoptioncanada.ca\/pt-pt\/","logo":{"@type":"ImageObject","inLanguage":"pt-PT","@id":"http:\/\/veganoptioncanada.ca\/pt-pt\/#\/schema\/logo\/image\/","url":"http:\/\/veganoptioncanada.ca\/wp-content\/uploads\/2021\/04\/Logo_OVC_transparent_web.png","contentUrl":"http:\/\/veganoptioncanada.ca\/wp-content\/uploads\/2021\/04\/Logo_OVC_transparent_web.png","width":200,"height":200,"caption":"Vegan Option Canada"},"image":{"@id":"http:\/\/veganoptioncanada.ca\/pt-pt\/#\/schema\/logo\/image\/"},"sameAs":["https:\/\/www.facebook.com\/VOOVCanada\/","https:\/\/x.com\/CanadaVegan","https:\/\/instagram.com\/veganoptioncanada\/","https:\/\/www.youtube.com\/channel\/UCDVCrc0eUMbWkdRwsUQi4Hw"]},{"@type":"Person","@id":"http:\/\/veganoptioncanada.ca\/pt-pt\/#\/schema\/person\/9212ba9961ec51f55b60bab6ae51c478","name":"Editeur","url":"https:\/\/veganoptioncanada.ca\/pt-pt\/author\/editeur\/"}]}},"_links":{"self":[{"href":"https:\/\/veganoptioncanada.ca\/pt-pt\/wp-json\/wp\/v2\/posts\/2909","targetHints":{"allow":["GET"]}}],"collection":[{"href":"https:\/\/veganoptioncanada.ca\/pt-pt\/wp-json\/wp\/v2\/posts"}],"about":[{"href":"https:\/\/veganoptioncanada.ca\/pt-pt\/wp-json\/wp\/v2\/types\/post"}],"author":[{"embeddable":true,"href":"https:\/\/veganoptioncanada.ca\/pt-pt\/wp-json\/wp\/v2\/users\/2"}],"replies":[{"embeddable":true,"href":"https:\/\/veganoptioncanada.ca\/pt-pt\/wp-json\/wp\/v2\/comments?post=2909"}],"version-history":[{"count":1,"href":"https:\/\/veganoptioncanada.ca\/pt-pt\/wp-json\/wp\/v2\/posts\/2909\/revisions"}],"predecessor-version":[{"id":2910,"href":"https:\/\/veganoptioncanada.ca\/pt-pt\/wp-json\/wp\/v2\/posts\/2909\/revisions\/2910"}],"wp:attachment":[{"href":"https:\/\/veganoptioncanada.ca\/pt-pt\/wp-json\/wp\/v2\/media?parent=2909"}],"wp:term":[{"taxonomy":"category","embeddable":true,"href":"https:\/\/veganoptioncanada.ca\/pt-pt\/wp-json\/wp\/v2\/categories?post=2909"},{"taxonomy":"post_tag","embeddable":true,"href":"https:\/\/veganoptioncanada.ca\/pt-pt\/wp-json\/wp\/v2\/tags?post=2909"}],"curies":[{"name":"wp","href":"https:\/\/api.w.org\/{rel}","templated":true}]}}