{"id":4398,"date":"2020-09-29T14:40:34","date_gmt":"2020-09-29T19:40:34","guid":{"rendered":"https:\/\/veganoptioncanada.ca\/noticias\/petiton-ovc-qc-resposta-horacio-arruda\/"},"modified":"2025-03-29T22:16:50","modified_gmt":"2025-03-30T03:16:50","slug":"petiton-ovc-qc-resposta-horacio-arruda","status":"publish","type":"post","link":"https:\/\/veganoptioncanada.ca\/pt-pt\/noticias\/petiton-ovc-qc-resposta-horacio-arruda\/","title":{"rendered":"Petiton OVC QC Resposta Horacio Arruda"},"content":{"rendered":"\t\t<div data-elementor-type=\"wp-post\" data-elementor-id=\"4398\" class=\"elementor elementor-4398 elementor-3400\" data-elementor-post-type=\"post\">\n\t\t\t\t\t\t<section class=\"elementor-section elementor-top-section elementor-element elementor-element-1411a14 elementor-section-boxed elementor-section-height-default elementor-section-height-default\" data-id=\"1411a14\" data-element_type=\"section\">\n\t\t\t\t\t\t<div class=\"elementor-container elementor-column-gap-default\">\n\t\t\t\t\t<div class=\"elementor-column elementor-col-100 elementor-top-column elementor-element elementor-element-243e775\" data-id=\"243e775\" data-element_type=\"column\">\n\t\t\t<div class=\"elementor-widget-wrap elementor-element-populated\">\n\t\t\t\t\t\t<div class=\"elementor-element elementor-element-0950a47 elementor-widget elementor-widget-text-editor\" data-id=\"0950a47\" data-element_type=\"widget\" data-widget_type=\"text-editor.default\">\n\t\t\t\t<div class=\"elementor-widget-container\">\n\t\t\t\t\t\t\t\t\t<p style=\"text-align: center;\"><a href=\"https:\/\/drive.google.com\/file\/d\/1La1v6csXnWODP7pxEk78BYVgbQ77pMWY\/view?usp=sharing\">PDF<\/a><\/p>\t\t\t\t\t\t\t\t<\/div>\n\t\t\t\t<\/div>\n\t\t\t\t\t<\/div>\n\t\t<\/div>\n\t\t\t\t\t<\/div>\n\t\t<\/section>\n\t\t\t\t<section class=\"elementor-section elementor-top-section elementor-element elementor-element-86a72f5 elementor-section-boxed elementor-section-height-default elementor-section-height-default\" data-id=\"86a72f5\" data-element_type=\"section\">\n\t\t\t\t\t\t<div class=\"elementor-container elementor-column-gap-default\">\n\t\t\t\t\t<div class=\"elementor-column elementor-col-100 elementor-top-column elementor-element elementor-element-be91566\" data-id=\"be91566\" data-element_type=\"column\">\n\t\t\t<div class=\"elementor-widget-wrap elementor-element-populated\">\n\t\t\t\t\t\t<div class=\"elementor-element elementor-element-b219738 elementor-widget elementor-widget-text-editor\" data-id=\"b219738\" data-element_type=\"widget\" data-widget_type=\"text-editor.default\">\n\t\t\t\t<div class=\"elementor-widget-container\">\n\t\t\t\t\t\t\t\t\t<p>Dire\u00e7\u00e3o-Geral da Sa\u00fade P\u00fablica  <\/p><p>Cidade do Quebeque, 3 de junho de 2020  <\/p>\t\t\t\t\t\t\t\t<\/div>\n\t\t\t\t<\/div>\n\t\t\t\t<div class=\"elementor-element elementor-element-723a861 elementor-widget elementor-widget-text-editor\" data-id=\"723a861\" data-element_type=\"widget\" data-widget_type=\"text-editor.default\">\n\t\t\t\t<div class=\"elementor-widget-container\">\n\t\t\t\t\t\t\t\t\t<p><span style=\"font-size: 1rem;\">Sra. Cymry Gomery  <\/span><\/p><p>Op\u00e7\u00e3o Vegana Canad\u00e1, Cap\u00edtulo Quebec  <\/p><p>CP 55002 Place Montgomery  <\/p><p>Laval (Quebeque) H7N 6G5  <\/p>\t\t\t\t\t\t\t\t<\/div>\n\t\t\t\t<\/div>\n\t\t\t\t<div class=\"elementor-element elementor-element-c9877fe elementor-widget elementor-widget-text-editor\" data-id=\"c9877fe\" data-element_type=\"widget\" data-widget_type=\"text-editor.default\">\n\t\t\t\t<div class=\"elementor-widget-container\">\n\t\t\t\t\t\t\t\t\t<p><span style=\"font-weight: 400;\">Car\u00edssima senhora,  <\/span><\/p><p><span style=\"font-weight: 400;\">Lemos o teu e-mail de 27 de janeiro sobre a cria\u00e7\u00e3o de um projeto de lei para introduzir op\u00e7\u00f5es veganas nas cantinas p\u00fablicas e o teu pedido de reuni\u00e3o com Danielle McCann, Ministra da Sa\u00fade e dos Servi\u00e7os Sociais.  <\/span><\/p><p><span style=\"font-weight: 400;\">N\u00e3o existem dados do Quebeque ou do Canad\u00e1 sobre a percentagem da popula\u00e7\u00e3o que \u00e9 vegetariana ou vegana. Al\u00e9m disso, as orienta\u00e7\u00f5es dos quadros de refer\u00eancia alimentar atualmente em vigor nos estabelecimentos de sa\u00fade e de servi\u00e7os sociais, nas escolas e nos servi\u00e7os educativos de acolhimento de crian\u00e7as incentivam a inclus\u00e3o de uma variedade de alimentos saud\u00e1veis, incluindo os que cont\u00eam prote\u00ednas de origem vegetal.  <\/span><\/p><p><span style=\"font-weight: 400;\">Tendo em conta estes factores, n\u00e3o parece justificado, neste momento, criar um projeto de lei para exigir a introdu\u00e7\u00e3o de uma variedade de op\u00e7\u00f5es veganas nas cantinas p\u00fablicas do Quebeque. Por conseguinte, n\u00e3o responderemos ao teu pedido de reuni\u00e3o.   <\/span><\/p><p><span style=\"font-weight: 400;\">Com os melhores cumprimentos  <\/span><\/p><p><span style=\"font-weight: 400;\">O Diretor Nacional de Sa\u00fade P\u00fablica  <\/span><\/p><p><span style=\"font-weight: 400;\">e vice-ministro adjunto,  <\/span><\/p><p><span style=\"font-weight: 400;\">Horacio Arruda, M\u00e9dico, FRCPC  <\/span><\/p>\t\t\t\t\t\t\t\t<\/div>\n\t\t\t\t<\/div>\n\t\t\t\t<div class=\"elementor-element elementor-element-fcdf367 elementor-widget elementor-widget-text-editor\" data-id=\"fcdf367\" data-element_type=\"widget\" data-widget_type=\"text-editor.default\">\n\t\t\t\t<div class=\"elementor-widget-container\">\n\t\t\t\t\t\t\t\t\t<p><span style=\"font-weight: 400;\">N.\u00ba de refer\u00eancia: 20-MS-00646 <\/span><\/p><p><span style=\"font-weight: 400;\">Edif\u00edcio Catherine-De Longpr\u00e9 1075 chemin Sainte-Foy,  <\/span><\/p><p><span style=\"font-weight: 400;\">12<\/span><span style=\"font-weight: 400;\">e <\/span><span style=\"font-weight: 400;\">floor Qu\u00e9bec (Qu\u00e9bec) G1S 2M1 <\/span> <\/p><p><span style=\"font-weight: 400;\">T<\/span><span style=\"font-weight: 400;\">telefone: 418 266-6700 <\/span> <\/p><p><span style=\"font-weight: 400;\">Fax: 418 266-6707<\/span><\/p><p><span style=\"font-weight: 400;\">  www.msss.gouv.qc.ca  <\/span><\/p>\t\t\t\t\t\t\t\t<\/div>\n\t\t\t\t<\/div>\n\t\t\t\t\t<\/div>\n\t\t<\/div>\n\t\t\t\t\t<\/div>\n\t\t<\/section>\n\t\t\t\t<\/div>\n\t\t","protected":false},"excerpt":{"rendered":"<p>PDF Dire\u00e7\u00e3o-Geral da Sa\u00fade P\u00fablica Cidade do Quebeque, 3 de junho de 2020 Sra. Cymry Gomery Op\u00e7\u00e3o Vegana Canad\u00e1, Cap\u00edtulo Quebec CP 55002 Place Montgomery Laval (Quebeque) H7N 6G5 Car\u00edssima senhora, Lemos o teu e-mail de 27 de janeiro sobre a cria\u00e7\u00e3o de um projeto de lei para introduzir op\u00e7\u00f5es veganas nas cantinas p\u00fablicas e [&hellip;]<\/p>\n","protected":false},"author":2,"featured_media":0,"comment_status":"closed","ping_status":"closed","sticky":false,"template":"","format":"standard","meta":{"footnotes":""},"categories":[45,81],"tags":[],"class_list":["post-4398","post","type-post","status-publish","format-standard","hentry","category-noticias","category-peticao-do-quebeque"],"yoast_head":"<!-- This site is optimized with the Yoast SEO plugin v26.9 - https:\/\/yoast.com\/product\/yoast-seo-wordpress\/ -->\n<title>Petiton OVC QC Resposta Horacio Arruda - Op\u00e7\u00e3o Vegana Canad\u00e1<\/title>\n<meta name=\"robots\" content=\"index, follow, max-snippet:-1, max-image-preview:large, max-video-preview:-1\" \/>\n<link rel=\"canonical\" href=\"https:\/\/veganoptioncanada.ca\/pt-pt\/noticias\/petiton-ovc-qc-resposta-horacio-arruda\/\" \/>\n<meta property=\"og:locale\" content=\"pt_PT\" \/>\n<meta property=\"og:type\" content=\"article\" \/>\n<meta property=\"og:title\" content=\"Petiton OVC QC Resposta Horacio Arruda - Op\u00e7\u00e3o Vegana Canad\u00e1\" \/>\n<meta property=\"og:description\" content=\"PDF Dire\u00e7\u00e3o-Geral da Sa\u00fade P\u00fablica Cidade do Quebeque, 3 de junho de 2020 Sra. Cymry Gomery Op\u00e7\u00e3o Vegana Canad\u00e1, Cap\u00edtulo Quebec CP 55002 Place Montgomery Laval (Quebeque) H7N 6G5 Car\u00edssima senhora, Lemos o teu e-mail de 27 de janeiro sobre a cria\u00e7\u00e3o de um projeto de lei para introduzir op\u00e7\u00f5es veganas nas cantinas p\u00fablicas e [&hellip;]\" \/>\n<meta property=\"og:url\" content=\"https:\/\/veganoptioncanada.ca\/pt-pt\/noticias\/petiton-ovc-qc-resposta-horacio-arruda\/\" \/>\n<meta property=\"og:site_name\" content=\"Op\u00e7\u00e3o Vegana Canad\u00e1\" \/>\n<meta property=\"article:publisher\" content=\"https:\/\/www.facebook.com\/VOOVCanada\/\" \/>\n<meta property=\"article:published_time\" content=\"2020-09-29T19:40:34+00:00\" \/>\n<meta property=\"article:modified_time\" content=\"2025-03-30T03:16:50+00:00\" \/>\n<meta name=\"author\" content=\"Editeur\" \/>\n<meta name=\"twitter:card\" content=\"summary_large_image\" \/>\n<meta name=\"twitter:creator\" content=\"@CanadaVegan\" \/>\n<meta name=\"twitter:site\" content=\"@CanadaVegan\" \/>\n<meta name=\"twitter:label1\" content=\"Escrito por\" \/>\n\t<meta name=\"twitter:data1\" content=\"Editeur\" \/>\n\t<meta name=\"twitter:label2\" content=\"Tempo estimado de leitura\" \/>\n\t<meta name=\"twitter:data2\" content=\"1 minuto\" \/>\n<script type=\"application\/ld+json\" class=\"yoast-schema-graph\">{\"@context\":\"https:\/\/schema.org\",\"@graph\":[{\"@type\":\"Article\",\"@id\":\"https:\/\/veganoptioncanada.ca\/pt-pt\/noticias\/petiton-ovc-qc-resposta-horacio-arruda\/#article\",\"isPartOf\":{\"@id\":\"https:\/\/veganoptioncanada.ca\/pt-pt\/noticias\/petiton-ovc-qc-resposta-horacio-arruda\/\"},\"author\":{\"name\":\"Editeur\",\"@id\":\"http:\/\/veganoptioncanada.ca\/pt-pt\/#\/schema\/person\/9212ba9961ec51f55b60bab6ae51c478\"},\"headline\":\"Petiton OVC QC Resposta Horacio Arruda\",\"datePublished\":\"2020-09-29T19:40:34+00:00\",\"dateModified\":\"2025-03-30T03:16:50+00:00\",\"mainEntityOfPage\":{\"@id\":\"https:\/\/veganoptioncanada.ca\/pt-pt\/noticias\/petiton-ovc-qc-resposta-horacio-arruda\/\"},\"wordCount\":256,\"publisher\":{\"@id\":\"http:\/\/veganoptioncanada.ca\/pt-pt\/#organization\"},\"articleSection\":[\"Not\u00edcias\",\"Peti\u00e7\u00e3o do Quebeque\"],\"inLanguage\":\"pt-PT\"},{\"@type\":\"WebPage\",\"@id\":\"https:\/\/veganoptioncanada.ca\/pt-pt\/noticias\/petiton-ovc-qc-resposta-horacio-arruda\/\",\"url\":\"https:\/\/veganoptioncanada.ca\/pt-pt\/noticias\/petiton-ovc-qc-resposta-horacio-arruda\/\",\"name\":\"Petiton OVC QC Resposta Horacio Arruda - Op\u00e7\u00e3o Vegana Canad\u00e1\",\"isPartOf\":{\"@id\":\"http:\/\/veganoptioncanada.ca\/pt-pt\/#website\"},\"datePublished\":\"2020-09-29T19:40:34+00:00\",\"dateModified\":\"2025-03-30T03:16:50+00:00\",\"breadcrumb\":{\"@id\":\"https:\/\/veganoptioncanada.ca\/pt-pt\/noticias\/petiton-ovc-qc-resposta-horacio-arruda\/#breadcrumb\"},\"inLanguage\":\"pt-PT\",\"potentialAction\":[{\"@type\":\"ReadAction\",\"target\":[\"https:\/\/veganoptioncanada.ca\/pt-pt\/noticias\/petiton-ovc-qc-resposta-horacio-arruda\/\"]}]},{\"@type\":\"BreadcrumbList\",\"@id\":\"https:\/\/veganoptioncanada.ca\/pt-pt\/noticias\/petiton-ovc-qc-resposta-horacio-arruda\/#breadcrumb\",\"itemListElement\":[{\"@type\":\"ListItem\",\"position\":1,\"name\":\"Home\",\"item\":\"https:\/\/veganoptioncanada.ca\/pt-pt\/\"},{\"@type\":\"ListItem\",\"position\":2,\"name\":\"Petiton OVC QC Resposta Horacio Arruda\"}]},{\"@type\":\"WebSite\",\"@id\":\"http:\/\/veganoptioncanada.ca\/pt-pt\/#website\",\"url\":\"http:\/\/veganoptioncanada.ca\/pt-pt\/\",\"name\":\"Vegan Option Canada - Option V\u00e9gane Canada\",\"description\":\"\",\"publisher\":{\"@id\":\"http:\/\/veganoptioncanada.ca\/pt-pt\/#organization\"},\"potentialAction\":[{\"@type\":\"SearchAction\",\"target\":{\"@type\":\"EntryPoint\",\"urlTemplate\":\"http:\/\/veganoptioncanada.ca\/pt-pt\/?s={search_term_string}\"},\"query-input\":{\"@type\":\"PropertyValueSpecification\",\"valueRequired\":true,\"valueName\":\"search_term_string\"}}],\"inLanguage\":\"pt-PT\"},{\"@type\":\"Organization\",\"@id\":\"http:\/\/veganoptioncanada.ca\/pt-pt\/#organization\",\"name\":\"Vegan Option Canada\",\"url\":\"http:\/\/veganoptioncanada.ca\/pt-pt\/\",\"logo\":{\"@type\":\"ImageObject\",\"inLanguage\":\"pt-PT\",\"@id\":\"http:\/\/veganoptioncanada.ca\/pt-pt\/#\/schema\/logo\/image\/\",\"url\":\"http:\/\/veganoptioncanada.ca\/wp-content\/uploads\/2021\/04\/Logo_OVC_transparent_web.png\",\"contentUrl\":\"http:\/\/veganoptioncanada.ca\/wp-content\/uploads\/2021\/04\/Logo_OVC_transparent_web.png\",\"width\":200,\"height\":200,\"caption\":\"Vegan Option Canada\"},\"image\":{\"@id\":\"http:\/\/veganoptioncanada.ca\/pt-pt\/#\/schema\/logo\/image\/\"},\"sameAs\":[\"https:\/\/www.facebook.com\/VOOVCanada\/\",\"https:\/\/x.com\/CanadaVegan\",\"https:\/\/instagram.com\/veganoptioncanada\/\",\"https:\/\/www.youtube.com\/channel\/UCDVCrc0eUMbWkdRwsUQi4Hw\"]},{\"@type\":\"Person\",\"@id\":\"http:\/\/veganoptioncanada.ca\/pt-pt\/#\/schema\/person\/9212ba9961ec51f55b60bab6ae51c478\",\"name\":\"Editeur\",\"url\":\"https:\/\/veganoptioncanada.ca\/pt-pt\/author\/editeur\/\"}]}<\/script>\n<!-- \/ Yoast SEO plugin. -->","yoast_head_json":{"title":"Petiton OVC QC Resposta Horacio Arruda - Op\u00e7\u00e3o Vegana Canad\u00e1","robots":{"index":"index","follow":"follow","max-snippet":"max-snippet:-1","max-image-preview":"max-image-preview:large","max-video-preview":"max-video-preview:-1"},"canonical":"https:\/\/veganoptioncanada.ca\/pt-pt\/noticias\/petiton-ovc-qc-resposta-horacio-arruda\/","og_locale":"pt_PT","og_type":"article","og_title":"Petiton OVC QC Resposta Horacio Arruda - Op\u00e7\u00e3o Vegana Canad\u00e1","og_description":"PDF Dire\u00e7\u00e3o-Geral da Sa\u00fade P\u00fablica Cidade do Quebeque, 3 de junho de 2020 Sra. Cymry Gomery Op\u00e7\u00e3o Vegana Canad\u00e1, Cap\u00edtulo Quebec CP 55002 Place Montgomery Laval (Quebeque) H7N 6G5 Car\u00edssima senhora, Lemos o teu e-mail de 27 de janeiro sobre a cria\u00e7\u00e3o de um projeto de lei para introduzir op\u00e7\u00f5es veganas nas cantinas p\u00fablicas e [&hellip;]","og_url":"https:\/\/veganoptioncanada.ca\/pt-pt\/noticias\/petiton-ovc-qc-resposta-horacio-arruda\/","og_site_name":"Op\u00e7\u00e3o Vegana Canad\u00e1","article_publisher":"https:\/\/www.facebook.com\/VOOVCanada\/","article_published_time":"2020-09-29T19:40:34+00:00","article_modified_time":"2025-03-30T03:16:50+00:00","author":"Editeur","twitter_card":"summary_large_image","twitter_creator":"@CanadaVegan","twitter_site":"@CanadaVegan","twitter_misc":{"Escrito por":"Editeur","Tempo estimado de leitura":"1 minuto"},"schema":{"@context":"https:\/\/schema.org","@graph":[{"@type":"Article","@id":"https:\/\/veganoptioncanada.ca\/pt-pt\/noticias\/petiton-ovc-qc-resposta-horacio-arruda\/#article","isPartOf":{"@id":"https:\/\/veganoptioncanada.ca\/pt-pt\/noticias\/petiton-ovc-qc-resposta-horacio-arruda\/"},"author":{"name":"Editeur","@id":"http:\/\/veganoptioncanada.ca\/pt-pt\/#\/schema\/person\/9212ba9961ec51f55b60bab6ae51c478"},"headline":"Petiton OVC QC Resposta Horacio Arruda","datePublished":"2020-09-29T19:40:34+00:00","dateModified":"2025-03-30T03:16:50+00:00","mainEntityOfPage":{"@id":"https:\/\/veganoptioncanada.ca\/pt-pt\/noticias\/petiton-ovc-qc-resposta-horacio-arruda\/"},"wordCount":256,"publisher":{"@id":"http:\/\/veganoptioncanada.ca\/pt-pt\/#organization"},"articleSection":["Not\u00edcias","Peti\u00e7\u00e3o do Quebeque"],"inLanguage":"pt-PT"},{"@type":"WebPage","@id":"https:\/\/veganoptioncanada.ca\/pt-pt\/noticias\/petiton-ovc-qc-resposta-horacio-arruda\/","url":"https:\/\/veganoptioncanada.ca\/pt-pt\/noticias\/petiton-ovc-qc-resposta-horacio-arruda\/","name":"Petiton OVC QC Resposta Horacio Arruda - Op\u00e7\u00e3o Vegana Canad\u00e1","isPartOf":{"@id":"http:\/\/veganoptioncanada.ca\/pt-pt\/#website"},"datePublished":"2020-09-29T19:40:34+00:00","dateModified":"2025-03-30T03:16:50+00:00","breadcrumb":{"@id":"https:\/\/veganoptioncanada.ca\/pt-pt\/noticias\/petiton-ovc-qc-resposta-horacio-arruda\/#breadcrumb"},"inLanguage":"pt-PT","potentialAction":[{"@type":"ReadAction","target":["https:\/\/veganoptioncanada.ca\/pt-pt\/noticias\/petiton-ovc-qc-resposta-horacio-arruda\/"]}]},{"@type":"BreadcrumbList","@id":"https:\/\/veganoptioncanada.ca\/pt-pt\/noticias\/petiton-ovc-qc-resposta-horacio-arruda\/#breadcrumb","itemListElement":[{"@type":"ListItem","position":1,"name":"Home","item":"https:\/\/veganoptioncanada.ca\/pt-pt\/"},{"@type":"ListItem","position":2,"name":"Petiton OVC QC Resposta Horacio Arruda"}]},{"@type":"WebSite","@id":"http:\/\/veganoptioncanada.ca\/pt-pt\/#website","url":"http:\/\/veganoptioncanada.ca\/pt-pt\/","name":"Vegan Option Canada - Option V\u00e9gane Canada","description":"","publisher":{"@id":"http:\/\/veganoptioncanada.ca\/pt-pt\/#organization"},"potentialAction":[{"@type":"SearchAction","target":{"@type":"EntryPoint","urlTemplate":"http:\/\/veganoptioncanada.ca\/pt-pt\/?s={search_term_string}"},"query-input":{"@type":"PropertyValueSpecification","valueRequired":true,"valueName":"search_term_string"}}],"inLanguage":"pt-PT"},{"@type":"Organization","@id":"http:\/\/veganoptioncanada.ca\/pt-pt\/#organization","name":"Vegan Option Canada","url":"http:\/\/veganoptioncanada.ca\/pt-pt\/","logo":{"@type":"ImageObject","inLanguage":"pt-PT","@id":"http:\/\/veganoptioncanada.ca\/pt-pt\/#\/schema\/logo\/image\/","url":"http:\/\/veganoptioncanada.ca\/wp-content\/uploads\/2021\/04\/Logo_OVC_transparent_web.png","contentUrl":"http:\/\/veganoptioncanada.ca\/wp-content\/uploads\/2021\/04\/Logo_OVC_transparent_web.png","width":200,"height":200,"caption":"Vegan Option Canada"},"image":{"@id":"http:\/\/veganoptioncanada.ca\/pt-pt\/#\/schema\/logo\/image\/"},"sameAs":["https:\/\/www.facebook.com\/VOOVCanada\/","https:\/\/x.com\/CanadaVegan","https:\/\/instagram.com\/veganoptioncanada\/","https:\/\/www.youtube.com\/channel\/UCDVCrc0eUMbWkdRwsUQi4Hw"]},{"@type":"Person","@id":"http:\/\/veganoptioncanada.ca\/pt-pt\/#\/schema\/person\/9212ba9961ec51f55b60bab6ae51c478","name":"Editeur","url":"https:\/\/veganoptioncanada.ca\/pt-pt\/author\/editeur\/"}]}},"_links":{"self":[{"href":"https:\/\/veganoptioncanada.ca\/pt-pt\/wp-json\/wp\/v2\/posts\/4398","targetHints":{"allow":["GET"]}}],"collection":[{"href":"https:\/\/veganoptioncanada.ca\/pt-pt\/wp-json\/wp\/v2\/posts"}],"about":[{"href":"https:\/\/veganoptioncanada.ca\/pt-pt\/wp-json\/wp\/v2\/types\/post"}],"author":[{"embeddable":true,"href":"https:\/\/veganoptioncanada.ca\/pt-pt\/wp-json\/wp\/v2\/users\/2"}],"replies":[{"embeddable":true,"href":"https:\/\/veganoptioncanada.ca\/pt-pt\/wp-json\/wp\/v2\/comments?post=4398"}],"version-history":[{"count":1,"href":"https:\/\/veganoptioncanada.ca\/pt-pt\/wp-json\/wp\/v2\/posts\/4398\/revisions"}],"predecessor-version":[{"id":4399,"href":"https:\/\/veganoptioncanada.ca\/pt-pt\/wp-json\/wp\/v2\/posts\/4398\/revisions\/4399"}],"wp:attachment":[{"href":"https:\/\/veganoptioncanada.ca\/pt-pt\/wp-json\/wp\/v2\/media?parent=4398"}],"wp:term":[{"taxonomy":"category","embeddable":true,"href":"https:\/\/veganoptioncanada.ca\/pt-pt\/wp-json\/wp\/v2\/categories?post=4398"},{"taxonomy":"post_tag","embeddable":true,"href":"https:\/\/veganoptioncanada.ca\/pt-pt\/wp-json\/wp\/v2\/tags?post=4398"}],"curies":[{"name":"wp","href":"https:\/\/api.w.org\/{rel}","templated":true}]}}