{"id":4400,"date":"2020-03-25T11:37:01","date_gmt":"2020-03-25T16:37:01","guid":{"rendered":"https:\/\/veganoptioncanada.ca\/noticias\/peticao-do-quebeque-resposta-do-ovc\/"},"modified":"2025-03-29T22:16:50","modified_gmt":"2025-03-30T03:16:50","slug":"peticao-do-quebeque-resposta-do-ovc","status":"publish","type":"post","link":"https:\/\/veganoptioncanada.ca\/pt-pt\/noticias\/peticao-do-quebeque-resposta-do-ovc\/","title":{"rendered":"Peti\u00e7\u00e3o do Quebeque: resposta do OVC"},"content":{"rendered":"\t\t<div data-elementor-type=\"wp-post\" data-elementor-id=\"4400\" class=\"elementor elementor-4400 elementor-2571\" data-elementor-post-type=\"post\">\n\t\t\t\t\t\t<section class=\"elementor-section elementor-top-section elementor-element elementor-element-3cfb07c elementor-section-boxed elementor-section-height-default elementor-section-height-default\" data-id=\"3cfb07c\" data-element_type=\"section\">\n\t\t\t\t\t\t<div class=\"elementor-container elementor-column-gap-default\">\n\t\t\t\t\t<div class=\"elementor-column elementor-col-100 elementor-top-column elementor-element elementor-element-c1b204\" data-id=\"c1b204\" data-element_type=\"column\">\n\t\t\t<div class=\"elementor-widget-wrap elementor-element-populated\">\n\t\t\t\t\t\t<div class=\"elementor-element elementor-element-b48507f elementor-widget elementor-widget-text-editor\" data-id=\"b48507f\" data-element_type=\"widget\" data-widget_type=\"text-editor.default\">\n\t\t\t\t<div class=\"elementor-widget-container\">\n\t\t\t\t\t\t\t\t\t<p style=\"text-align: center;\"><a href=\"https:\/\/drive.google.com\/file\/d\/1KuehBAR_6HqX0LK_c-ZkP8qL3rkAlZGT\/view?usp=sharing\" target=\"_blank\" rel=\"noopener\">PDF<\/a><\/p>\t\t\t\t\t\t\t\t<\/div>\n\t\t\t\t<\/div>\n\t\t\t\t<div class=\"elementor-element elementor-element-08fa5f0 elementor-widget elementor-widget-text-editor\" data-id=\"08fa5f0\" data-element_type=\"widget\" data-widget_type=\"text-editor.default\">\n\t\t\t\t<div class=\"elementor-widget-container\">\n\t\t\t\t\t\t\t\t\t<p><strong>Para Andr\u00e9 Lamontagne,<\/strong><br><strong>Ministro da Agricultura, Pescas e Alimenta\u00e7\u00e3o<\/strong><\/p><p><strong>Assunto: Peti\u00e7\u00e3o n\u00ba 1268-20191205 da Vegan Option Canada <\/strong><a href=\"#note-1\"><sup>1<\/sup><\/a><\/p>\t\t\t\t\t\t\t\t<\/div>\n\t\t\t\t<\/div>\n\t\t\t\t<div class=\"elementor-element elementor-element-6f1c61ba elementor-widget elementor-widget-text-editor\" data-id=\"6f1c61ba\" data-element_type=\"widget\" data-widget_type=\"text-editor.default\">\n\t\t\t\t<div class=\"elementor-widget-container\">\n\t\t\t\t\t\t\t\t\t<p>Sr. Lamontagne,<\/p><p>Escrevo-te em resposta \u00e0 resposta governamental que a Vegan Option Canada recebeu atrav\u00e9s do nosso patrocinador da peti\u00e7\u00e3o, o deputado Sol Zanetti. Na tua carta (dirigida n\u00e3o a n\u00f3s, mas ao l\u00edder parlamentar Simon Jolin-Barrette), citas o documento <em>Food Policy 2018|2025, Feeding Our World (Pol\u00edtica Alimentar 2018|2025, Alimentar o Nosso Mundo<\/em>), que, segundo o teu ponto de vista, visa aumentar o acesso a alimentos saud\u00e1veis, locais e ambientalmente respons\u00e1veis em locais p\u00fablicos. Dei-me ao trabalho de estudar este documento (108 p\u00e1ginas), mas n\u00e3o encontrei nada que apoiasse o sonho dos nossos peticion\u00e1rios de introduzir op\u00e7\u00f5es veganas em locais p\u00fablicos.  <\/p><p>No entanto, tomo a liberdade de comentar o documento, que \u00e9 um documento vivo e, como tal, aberto a novas ideias.<\/p><p>A primeira coisa que notei foi que o conte\u00fado do documento \u00e9 nitidamente neoliberal (ou seja, d\u00e1 prioridade ao crescimento econ\u00f3mico). Achei estranho que, embora o documento seja datado de 2018, ano em que a Coaliz\u00e3o Avenir Qu\u00e9bec chegou ao poder, ele ainda cont\u00e9m as introdu\u00e7\u00f5es originais do ex-premier do Quebec Philippe Couillard do PLQ e Laurent Lessard, seu antecessor no MAPAQ. <\/p><p>Parece haver muitas incoer\u00eancias neste documento, que se revelam na sua explora\u00e7\u00e3o dos desafios agr\u00edcolas (recolhidos na Cimeira da Alimenta\u00e7\u00e3o de novembro de 2017), cujas solu\u00e7\u00f5es me parecem incompat\u00edveis com o crescimento econ\u00f3mico. Por exemplo, o documento destaca a utiliza\u00e7\u00e3o excessiva de pesticidas, que \u00e9 um problema para a sa\u00fade humana, animal e dos insectos, bem como para a biodiversidade. A solu\u00e7\u00e3o \u00f3bvia \u00e9 a agricultura biol\u00f3gica e em pequena escala, que n\u00e3o necessitaria de pesticidas&#8230; No entanto, o documento sugere que os agricultores devem continuar a utilizar pesticidas, mas menos nocivos. Esta estranha conclus\u00e3o (essencialmente, faz a mesma coisa e espera resultados diferentes) revela a doutrina subjacente do crescimento, que desqualifica solu\u00e7\u00f5es inovadoras como o decrescimento, a desindustrializa\u00e7\u00e3o e a economia circular.    <\/p><p>Em vez de apresentar exemplos de como este documento n\u00e3o tem em conta as realidades actuais, o que ocuparia muitas p\u00e1ginas e seria contraproducente, centrar-me-ei num exemplo de uma pol\u00edtica criativa que analisa as solu\u00e7\u00f5es atrav\u00e9s do prisma das realidades actuais.<\/p>\t\t\t\t\t\t\t\t<\/div>\n\t\t\t\t<\/div>\n\t\t\t\t\t<\/div>\n\t\t<\/div>\n\t\t\t\t\t<\/div>\n\t\t<\/section>\n\t\t\t\t<section class=\"elementor-section elementor-top-section elementor-element elementor-element-6b2b443 elementor-section-boxed elementor-section-height-default elementor-section-height-default\" data-id=\"6b2b443\" data-element_type=\"section\">\n\t\t\t\t\t\t<div class=\"elementor-container elementor-column-gap-default\">\n\t\t\t\t\t<div class=\"elementor-column elementor-col-100 elementor-top-column elementor-element elementor-element-1e47b34\" data-id=\"1e47b34\" data-element_type=\"column\">\n\t\t\t<div class=\"elementor-widget-wrap elementor-element-populated\">\n\t\t\t\t\t\t<div class=\"elementor-element elementor-element-cbcc4c4 elementor-widget elementor-widget-heading\" data-id=\"cbcc4c4\" data-element_type=\"widget\" data-widget_type=\"heading.default\">\n\t\t\t\t<div class=\"elementor-widget-container\">\n\t\t\t\t\t<h2 class=\"elementor-heading-title elementor-size-default\">Uma pol\u00edtica inovadora para o sector leiteiro do Quebeque<\/h2>\t\t\t\t<\/div>\n\t\t\t\t<\/div>\n\t\t\t\t<div class=\"elementor-element elementor-element-5e1e339 elementor-widget elementor-widget-text-editor\" data-id=\"5e1e339\" data-element_type=\"widget\" data-widget_type=\"text-editor.default\">\n\t\t\t\t<div class=\"elementor-widget-container\">\n\t\t\t\t\t\t\t\t\t<p>Como sabes, a ind\u00fastria dos lactic\u00ednios est\u00e1 em decl\u00ednio em todo o lado, \u00e0 medida que os consumidores se voltam para op\u00e7\u00f5es \u00e0 base de plantas, muitas das quais s\u00e3o reconhecidamente mais saud\u00e1veis para o corpo humano e para o clima, uma vez que o gado produz metano, um dos mais potentes gases com efeito de estufa. At\u00e9 mesmo <em>o Guia Alimentar do Canad\u00e1<\/em> finalmente se curvou a esta realidade, dando o passo radical de remover os produtos l\u00e1cteos como um grupo de alimentos na sua \u00faltima vers\u00e3o. <a href=\"#note-2\"><sup>2<\/sup><\/a> <\/p><p>O Quebeque tem mais explora\u00e7\u00f5es leiteiras do que qualquer outra prov\u00edncia canadiana, 5000 no total, e como dizes na <em>Pol\u00edtica Alimentar<\/em>, as explora\u00e7\u00f5es leiteiras e av\u00edcolas representam 40% de todo o rendimento agr\u00edcola do Quebeque. <a href=\"#note-3\"><sup>3<\/sup><\/a> A pol\u00edtica alimentar prop\u00f5e a gest\u00e3o da oferta para ajudar os produtores de leite do Quebeque que, tal como os albertenses do sector petrol\u00edfero, est\u00e3o presos a um produto cuja popularidade est\u00e1 em decl\u00ednio, dada a evolu\u00e7\u00e3o da compreens\u00e3o da humanidade sobre a nossa rela\u00e7\u00e3o com o mundo natural. A gest\u00e3o da oferta \u00e9 uma solu\u00e7\u00e3o econ\u00f3mica. E se, em vez de trabalharmos contra a evolu\u00e7\u00e3o natural do mercado, a v\u00edssemos como uma oportunidade de neg\u00f3cio?  <\/p><p>O consumo de leite de vaca no Canad\u00e1 tem vindo a diminuir constantemente h\u00e1 d\u00e9cadas, atingindo um m\u00ednimo de 65,85 litros per capita em 2018, uma queda de 23,1% nos \u00faltimos 14 anos.<\/p>\t\t\t\t\t\t\t\t<\/div>\n\t\t\t\t<\/div>\n\t\t\t\t<div class=\"elementor-element elementor-element-3b20939 elementor-widget elementor-widget-image\" data-id=\"3b20939\" data-element_type=\"widget\" data-widget_type=\"image.default\">\n\t\t\t\t<div class=\"elementor-widget-container\">\n\t\t\t\t\t\t\t\t\t\t\t\t\t\t\t<img fetchpriority=\"high\" decoding=\"async\" width=\"800\" height=\"460\" src=\"https:\/\/veganoptioncanada.ca\/wp-content\/uploads\/2020\/03\/MAPAQLettreLOV-FR.pdf-SumatraPDF-000270.png\" class=\"attachment-large size-large wp-image-3339\" alt=\"\" srcset=\"https:\/\/veganoptioncanada.ca\/wp-content\/uploads\/2020\/03\/MAPAQLettreLOV-FR.pdf-SumatraPDF-000270.png 905w, https:\/\/veganoptioncanada.ca\/wp-content\/uploads\/2020\/03\/MAPAQLettreLOV-FR.pdf-SumatraPDF-000270-300x172.png 300w, https:\/\/veganoptioncanada.ca\/wp-content\/uploads\/2020\/03\/MAPAQLettreLOV-FR.pdf-SumatraPDF-000270-768x441.png 768w\" sizes=\"(max-width: 800px) 100vw, 800px\" \/>\t\t\t\t\t\t\t\t\t\t\t\t\t\t\t<\/div>\n\t\t\t\t<\/div>\n\t\t\t\t<div class=\"elementor-element elementor-element-b2cd769 elementor-widget elementor-widget-text-editor\" data-id=\"b2cd769\" data-element_type=\"widget\" data-widget_type=\"text-editor.default\">\n\t\t\t\t<div class=\"elementor-widget-container\">\n\t\t\t\t\t\t\t\t\t<p>Fonte: <a href=\"_wp_link_placeholder\" data-wplink-edit=\"true\">https:\/\/www.statista.com\/statistics\/438584\/consumption-of-milk-per-capita-canada\/<\/a><\/p>\t\t\t\t\t\t\t\t<\/div>\n\t\t\t\t<\/div>\n\t\t\t\t<div class=\"elementor-element elementor-element-6dd368d elementor-widget elementor-widget-text-editor\" data-id=\"6dd368d\" data-element_type=\"widget\" data-widget_type=\"text-editor.default\">\n\t\t\t\t<div class=\"elementor-widget-container\">\n\t\t\t\t\t\t\t\t\t<p>Se o Quebec respondesse a esse decl\u00ednio reduzindo sua produ\u00e7\u00e3o de leite, poderia estar \u00e0 frente de seu tempo. O MAPAQ poderia oferecer a 20% das fazendas leiteiras do Quebec &#8211; cerca de 1.000 fazendas &#8211; um acordo tentador: converter sua produ\u00e7\u00e3o leiteira em produ\u00e7\u00e3o de leite vegetal. Essas 1.000 fazendas poderiam vender seus rebanhos, pegar a terra que agora \u00e9 usada para cultivar ra\u00e7\u00e3o e pastar o gado, e convert\u00ea-la em produ\u00e7\u00e3o e processamento de aveia e soja org\u00e2nicas. Esta estrat\u00e9gia tem muitas vantagens:   <\/p>\t\t\t\t\t\t\t\t<\/div>\n\t\t\t\t<\/div>\n\t\t\t\t<div class=\"elementor-element elementor-element-9b3e551 elementor-widget elementor-widget-text-editor\" data-id=\"9b3e551\" data-element_type=\"widget\" data-widget_type=\"text-editor.default\">\n\t\t\t\t<div class=\"elementor-widget-container\">\n\t\t\t\t\t\t\t\t\t<ol><li>Os agricultores beneficiariam da onda de popularidade dos leites \u00e0 base de plantas e poderiam esperar<br>bons lucros da sua nova atividade;<\/li><li>Redu\u00e7\u00e3o consider\u00e1vel das emiss\u00f5es de gases com efeito de estufa gra\u00e7as \u00e0 diminui\u00e7\u00e3o do n\u00famero de cabe\u00e7as de gado ;<\/li><li>Reduzir a escala do sofrimento animal causado pela ind\u00fastria leiteira;<\/li><li>Reduz a necessidade de veterin\u00e1rios e antibi\u00f3ticos, reduzindo o risco de resist\u00eancia aos<br>antibi\u00f3ticos;<\/li><li>Reduzir o risco de zoonoses ;<\/li><li>Redu\u00e7\u00e3o da utiliza\u00e7\u00e3o de pesticidas, uma vez que os campos de milho da &#8220;era Monsanto&#8221; seriam<br>substitu\u00eddos por culturas biol\u00f3gicas;<\/li><li>Aumento dos rendimentos para consumo humano, uma vez que os campos utilizados para cultivar milho para vacas n\u00e3o seriam utilizados para cultivar alimentos para consumo humano direto.<\/li><\/ol>\t\t\t\t\t\t\t\t<\/div>\n\t\t\t\t<\/div>\n\t\t\t\t<div class=\"elementor-element elementor-element-9c2cab8 elementor-widget elementor-widget-text-editor\" data-id=\"9c2cab8\" data-element_type=\"widget\" data-widget_type=\"text-editor.default\">\n\t\t\t\t<div class=\"elementor-widget-container\">\n\t\t\t\t\t\t\t\t\t<p>Tamb\u00e9m \u00e9 poss\u00edvel que, com menos mil explora\u00e7\u00f5es leiteiras, haja mais dinheiro para gastar nas restantes explora\u00e7\u00f5es e os pequenos agricultores tenham mais hip\u00f3teses de sobreviver.<\/p><p>Resumindo: o MAPAQ poderia ajudar o Quebec a se tornar um l\u00edder mundial em leites vegetais! Se a sociedade quebequense continuar a adotar o leite (e o iogurte) vegetal, a incid\u00eancia de c\u00e2ncer tamb\u00e9m dever\u00e1 diminuir, j\u00e1 que o consumo de latic\u00ednios est\u00e1 implicado no c\u00e2ncer de mama. <\/p>\t\t\t\t\t\t\t\t<\/div>\n\t\t\t\t<\/div>\n\t\t\t\t<div class=\"elementor-element elementor-element-88c2f0f elementor-widget elementor-widget-heading\" data-id=\"88c2f0f\" data-element_type=\"widget\" data-widget_type=\"heading.default\">\n\t\t\t\t<div class=\"elementor-widget-container\">\n\t\t\t\t\t<h2 class=\"elementor-heading-title elementor-size-default\">Importa\u00e7\u00e3o e exporta\u00e7\u00e3o<\/h2>\t\t\t\t<\/div>\n\t\t\t\t<\/div>\n\t\t\t\t<div class=\"elementor-element elementor-element-d090e23 elementor-widget elementor-widget-text-editor\" data-id=\"d090e23\" data-element_type=\"widget\" data-widget_type=\"text-editor.default\">\n\t\t\t\t<div class=\"elementor-widget-container\">\n\t\t\t\t\t\t\t\t\t<p>Se o MAPAQ se concentrasse na agricultura local, biol\u00f3gica e baseada em plantas, precisar\u00edamos de importar menos e o custo da importa\u00e7\u00e3o de alimentos diminuiria. Poder\u00edamos manter os mesmos lucros l\u00edquidos se depend\u00eassemos menos da exporta\u00e7\u00e3o de produtos. Por outras palavras, ao comer localmente, gastar\u00edamos menos, o que tem o mesmo resultado l\u00edquido que ganhar mais. Menos importa\u00e7\u00f5es e exporta\u00e7\u00f5es significariam menos gases com efeito de estufa e a autossufici\u00eancia da sociedade quebequense.   <\/p>\t\t\t\t\t\t\t\t<\/div>\n\t\t\t\t<\/div>\n\t\t\t\t<div class=\"elementor-element elementor-element-20a064a elementor-widget elementor-widget-heading\" data-id=\"20a064a\" data-element_type=\"widget\" data-widget_type=\"heading.default\">\n\t\t\t\t<div class=\"elementor-widget-container\">\n\t\t\t\t\t<h2 class=\"elementor-heading-title elementor-size-default\">A peti\u00e7\u00e3o da OVC<\/h2>\t\t\t\t<\/div>\n\t\t\t\t<\/div>\n\t\t\t\t<div class=\"elementor-element elementor-element-e8ae157 elementor-widget elementor-widget-text-editor\" data-id=\"e8ae157\" data-element_type=\"widget\" data-widget_type=\"text-editor.default\">\n\t\t\t\t<div class=\"elementor-widget-container\">\n\t\t\t\t\t\t\t\t\t<p>N\u00e3o vou repetir a l\u00f3gica da nossa peti\u00e7\u00e3o neste espa\u00e7o, mas convido-te a l\u00ea-la mais uma vez. <a href=\"#note-4\">4<\/a> Esta peti\u00e7\u00e3o pede uma concess\u00e3o muito pequena &#8211; mais op\u00e7\u00f5es veganas nos espa\u00e7os p\u00fablicos. Temos grandes ideias para o Qu\u00e9bec, mas mantivemos deliberadamente o nosso objetivo muito modesto, na esperan\u00e7a de alcan\u00e7ar resultados concretos. As op\u00e7\u00f5es veganas em locais p\u00fablicos ajudariam a quebrar a doutrina t\u00e1cita do carnismo, a cren\u00e7a de que comer carne e lactic\u00ednios \u00e9 normal, natural e necess\u00e1rio. <a href=\"#note-5\">5<\/a> N\u00e3o \u00e9 nada disso e, de facto, a ades\u00e3o continuada ao carnismo prejudica os animais, os seres humanos e o ambiente. \u00c9 a isto que assistimos atualmente com a pandemia da COVID-19. A COVID-19 \u00e9 uma zoonose &#8211; uma doen\u00e7a animal &#8211; que come\u00e7ou por causa de um mercado de carne e continua por causa da globaliza\u00e7\u00e3o. Porque n\u00e3o aprender com esta crise e fazer com que o MAPAQ comece a explorar uma pol\u00edtica alimentar que favore\u00e7a os alimentos locais, org\u00e2nicos e \u00e0 base de plantas?     <\/p><p>Os representantes da OVC teriam todo o gosto em reunir-se consigo, Sr. Lamontagne, para discutir como o MAPAQ poderia demonstrar lideran\u00e7a e vis\u00e3o na promo\u00e7\u00e3o de op\u00e7\u00f5es veganas em locais p\u00fablicos, e outras pol\u00edticas que iriam ao encontro das necessidades das realidades sociais em mudan\u00e7a no Qu\u00e9bec e em todo o mundo, ideias que est\u00e3o para al\u00e9m do \u00e2mbito desta carta. Esperamos ter not\u00edcias tuas em breve. <\/p><p>Com os melhores cumprimentos<\/p>\t\t\t\t\t\t\t\t<\/div>\n\t\t\t\t<\/div>\n\t\t\t\t<div class=\"elementor-element elementor-element-9b59030 elementor-widget elementor-widget-text-editor\" data-id=\"9b59030\" data-element_type=\"widget\" data-widget_type=\"text-editor.default\">\n\t\t\t\t<div class=\"elementor-widget-container\">\n\t\t\t\t\t\t\t\t\t<p><strong>Cymry Gomery<\/strong><\/p><p><strong>Montreal, Quebeque<\/strong><\/p><p><strong>Op\u00e7\u00e3o V\u00e9gane Canad\u00e1<\/strong><\/p><p><strong>  Sec\u00e7\u00e3o Quebeque<\/strong><\/p>\t\t\t\t\t\t\t\t<\/div>\n\t\t\t\t<\/div>\n\t\t\t\t<div class=\"elementor-element elementor-element-cae7780 elementor-widget-divider--view-line elementor-widget elementor-widget-divider\" data-id=\"cae7780\" data-element_type=\"widget\" data-widget_type=\"divider.default\">\n\t\t\t\t<div class=\"elementor-widget-container\">\n\t\t\t\t\t\t\t<div class=\"elementor-divider\">\n\t\t\t<span class=\"elementor-divider-separator\">\n\t\t\t\t\t\t<\/span>\n\t\t<\/div>\n\t\t\t\t\t\t<\/div>\n\t\t\t\t<\/div>\n\t\t\t\t<div class=\"elementor-element elementor-element-d169954 elementor-widget elementor-widget-text-editor\" data-id=\"d169954\" data-element_type=\"widget\" data-widget_type=\"text-editor.default\">\n\t\t\t\t<div class=\"elementor-widget-container\">\n\t\t\t\t\t\t\t\t\t<p><span id=\"note-1\">1.<\/span> Apresentado no Salon bleu em 5 de dezembro de 2019: https:\/\/veganoptioncanada.org\/petition-quebec\/<br> 2. <a href=\"https:\/\/guide-alimentaire.canada.ca\/fr\/\">https:\/\/guide-alimentaire.canada.ca\/fr\/<\/a><br> 3. <a href=\"https:\/\/www.mapaq.gouv.qc.ca\/fr\/Publications\/PolitiqueBioalimentaire.pdf\">https:\/\/www.mapaq.gouv.qc.ca\/fr\/Publications\/PolitiqueBioalimentaire.pdf<\/a> p\u00e1gina 49.<br> 4. <a href=\"https:\/\/www.assnat.qc.ca\/fr\/exprimez-votre-opinion\/petition\/Petition-7991\/index.html\">https:\/\/www.assnat.qc.ca\/fr\/exprimez-votre-opinion\/petition\/Petition-7991\/index.html<\/a><br> 5. https:\/\/fr. <a href=\"https:\/\/fr.wikipedia.org\/wiki\/Carnisme\">wikipedia.org\/wiki\/Carnisme<\/a><\/p>\t\t\t\t\t\t\t\t<\/div>\n\t\t\t\t<\/div>\n\t\t\t\t\t<\/div>\n\t\t<\/div>\n\t\t\t\t\t<\/div>\n\t\t<\/section>\n\t\t\t\t<\/div>\n\t\t","protected":false},"excerpt":{"rendered":"<p>PDF Para Andr\u00e9 Lamontagne,Ministro da Agricultura, Pescas e Alimenta\u00e7\u00e3o Assunto: Peti\u00e7\u00e3o n\u00ba 1268-20191205 da Vegan Option Canada 1 Sr. Lamontagne, Escrevo-te em resposta \u00e0 resposta governamental que a Vegan Option Canada recebeu atrav\u00e9s do nosso patrocinador da peti\u00e7\u00e3o, o deputado Sol Zanetti. Na tua carta (dirigida n\u00e3o a n\u00f3s, mas ao l\u00edder parlamentar Simon Jolin-Barrette), [&hellip;]<\/p>\n","protected":false},"author":11,"featured_media":0,"comment_status":"closed","ping_status":"closed","sticky":false,"template":"","format":"standard","meta":{"footnotes":""},"categories":[45,81],"tags":[],"class_list":["post-4400","post","type-post","status-publish","format-standard","hentry","category-noticias","category-peticao-do-quebeque"],"yoast_head":"<!-- This site is optimized with the Yoast SEO plugin v26.9 - https:\/\/yoast.com\/product\/yoast-seo-wordpress\/ -->\n<title>Peti\u00e7\u00e3o do Quebeque: resposta do OVC - Op\u00e7\u00e3o Vegana Canad\u00e1<\/title>\n<meta name=\"robots\" content=\"index, follow, max-snippet:-1, max-image-preview:large, max-video-preview:-1\" \/>\n<link rel=\"canonical\" href=\"https:\/\/veganoptioncanada.ca\/pt-pt\/noticias\/peticao-do-quebeque-resposta-do-ovc\/\" \/>\n<meta property=\"og:locale\" content=\"pt_PT\" \/>\n<meta property=\"og:type\" content=\"article\" \/>\n<meta property=\"og:title\" content=\"Peti\u00e7\u00e3o do Quebeque: resposta do OVC - Op\u00e7\u00e3o Vegana Canad\u00e1\" \/>\n<meta property=\"og:description\" content=\"PDF Para Andr\u00e9 Lamontagne,Ministro da Agricultura, Pescas e Alimenta\u00e7\u00e3o Assunto: Peti\u00e7\u00e3o n\u00ba 1268-20191205 da Vegan Option Canada 1 Sr. Lamontagne, Escrevo-te em resposta \u00e0 resposta governamental que a Vegan Option Canada recebeu atrav\u00e9s do nosso patrocinador da peti\u00e7\u00e3o, o deputado Sol Zanetti. Na tua carta (dirigida n\u00e3o a n\u00f3s, mas ao l\u00edder parlamentar Simon Jolin-Barrette), [&hellip;]\" \/>\n<meta property=\"og:url\" content=\"https:\/\/veganoptioncanada.ca\/pt-pt\/noticias\/peticao-do-quebeque-resposta-do-ovc\/\" \/>\n<meta property=\"og:site_name\" content=\"Op\u00e7\u00e3o Vegana Canad\u00e1\" \/>\n<meta property=\"article:publisher\" content=\"https:\/\/www.facebook.com\/VOOVCanada\/\" \/>\n<meta property=\"article:published_time\" content=\"2020-03-25T16:37:01+00:00\" \/>\n<meta property=\"article:modified_time\" content=\"2025-03-30T03:16:50+00:00\" \/>\n<meta property=\"og:image\" content=\"https:\/\/veganoptioncanada.ca\/wp-content\/uploads\/2020\/03\/MAPAQLettreLOV-FR.pdf-SumatraPDF-000270.png\" \/>\n<meta name=\"author\" content=\"Victor Mass\u00e9\" \/>\n<meta name=\"twitter:card\" content=\"summary_large_image\" \/>\n<meta name=\"twitter:creator\" content=\"@CanadaVegan\" \/>\n<meta name=\"twitter:site\" content=\"@CanadaVegan\" \/>\n<meta name=\"twitter:label1\" content=\"Escrito por\" \/>\n\t<meta name=\"twitter:data1\" content=\"Victor Mass\u00e9\" \/>\n\t<meta name=\"twitter:label2\" content=\"Tempo estimado de leitura\" \/>\n\t<meta name=\"twitter:data2\" content=\"7 minutos\" \/>\n<script type=\"application\/ld+json\" class=\"yoast-schema-graph\">{\"@context\":\"https:\/\/schema.org\",\"@graph\":[{\"@type\":\"Article\",\"@id\":\"https:\/\/veganoptioncanada.ca\/pt-pt\/noticias\/peticao-do-quebeque-resposta-do-ovc\/#article\",\"isPartOf\":{\"@id\":\"https:\/\/veganoptioncanada.ca\/pt-pt\/noticias\/peticao-do-quebeque-resposta-do-ovc\/\"},\"author\":{\"name\":\"Victor Mass\u00e9\",\"@id\":\"http:\/\/veganoptioncanada.ca\/pt-pt\/#\/schema\/person\/be9b744c842207906fabd4fbf8e7f435\"},\"headline\":\"Peti\u00e7\u00e3o do Quebeque: resposta do OVC\",\"datePublished\":\"2020-03-25T16:37:01+00:00\",\"dateModified\":\"2025-03-30T03:16:50+00:00\",\"mainEntityOfPage\":{\"@id\":\"https:\/\/veganoptioncanada.ca\/pt-pt\/noticias\/peticao-do-quebeque-resposta-do-ovc\/\"},\"wordCount\":1400,\"publisher\":{\"@id\":\"http:\/\/veganoptioncanada.ca\/pt-pt\/#organization\"},\"image\":{\"@id\":\"https:\/\/veganoptioncanada.ca\/pt-pt\/noticias\/peticao-do-quebeque-resposta-do-ovc\/#primaryimage\"},\"thumbnailUrl\":\"https:\/\/veganoptioncanada.ca\/wp-content\/uploads\/2020\/03\/MAPAQLettreLOV-FR.pdf-SumatraPDF-000270.png\",\"articleSection\":[\"Not\u00edcias\",\"Peti\u00e7\u00e3o do Quebeque\"],\"inLanguage\":\"pt-PT\"},{\"@type\":\"WebPage\",\"@id\":\"https:\/\/veganoptioncanada.ca\/pt-pt\/noticias\/peticao-do-quebeque-resposta-do-ovc\/\",\"url\":\"https:\/\/veganoptioncanada.ca\/pt-pt\/noticias\/peticao-do-quebeque-resposta-do-ovc\/\",\"name\":\"Peti\u00e7\u00e3o do Quebeque: resposta do OVC - Op\u00e7\u00e3o Vegana Canad\u00e1\",\"isPartOf\":{\"@id\":\"http:\/\/veganoptioncanada.ca\/pt-pt\/#website\"},\"primaryImageOfPage\":{\"@id\":\"https:\/\/veganoptioncanada.ca\/pt-pt\/noticias\/peticao-do-quebeque-resposta-do-ovc\/#primaryimage\"},\"image\":{\"@id\":\"https:\/\/veganoptioncanada.ca\/pt-pt\/noticias\/peticao-do-quebeque-resposta-do-ovc\/#primaryimage\"},\"thumbnailUrl\":\"https:\/\/veganoptioncanada.ca\/wp-content\/uploads\/2020\/03\/MAPAQLettreLOV-FR.pdf-SumatraPDF-000270.png\",\"datePublished\":\"2020-03-25T16:37:01+00:00\",\"dateModified\":\"2025-03-30T03:16:50+00:00\",\"breadcrumb\":{\"@id\":\"https:\/\/veganoptioncanada.ca\/pt-pt\/noticias\/peticao-do-quebeque-resposta-do-ovc\/#breadcrumb\"},\"inLanguage\":\"pt-PT\",\"potentialAction\":[{\"@type\":\"ReadAction\",\"target\":[\"https:\/\/veganoptioncanada.ca\/pt-pt\/noticias\/peticao-do-quebeque-resposta-do-ovc\/\"]}]},{\"@type\":\"ImageObject\",\"inLanguage\":\"pt-PT\",\"@id\":\"https:\/\/veganoptioncanada.ca\/pt-pt\/noticias\/peticao-do-quebeque-resposta-do-ovc\/#primaryimage\",\"url\":\"https:\/\/veganoptioncanada.ca\/wp-content\/uploads\/2020\/03\/MAPAQLettreLOV-FR.pdf-SumatraPDF-000270.png\",\"contentUrl\":\"https:\/\/veganoptioncanada.ca\/wp-content\/uploads\/2020\/03\/MAPAQLettreLOV-FR.pdf-SumatraPDF-000270.png\"},{\"@type\":\"BreadcrumbList\",\"@id\":\"https:\/\/veganoptioncanada.ca\/pt-pt\/noticias\/peticao-do-quebeque-resposta-do-ovc\/#breadcrumb\",\"itemListElement\":[{\"@type\":\"ListItem\",\"position\":1,\"name\":\"Home\",\"item\":\"https:\/\/veganoptioncanada.ca\/pt-pt\/\"},{\"@type\":\"ListItem\",\"position\":2,\"name\":\"Peti\u00e7\u00e3o do Quebeque: resposta do OVC\"}]},{\"@type\":\"WebSite\",\"@id\":\"http:\/\/veganoptioncanada.ca\/pt-pt\/#website\",\"url\":\"http:\/\/veganoptioncanada.ca\/pt-pt\/\",\"name\":\"Vegan Option Canada - Option V\u00e9gane Canada\",\"description\":\"\",\"publisher\":{\"@id\":\"http:\/\/veganoptioncanada.ca\/pt-pt\/#organization\"},\"potentialAction\":[{\"@type\":\"SearchAction\",\"target\":{\"@type\":\"EntryPoint\",\"urlTemplate\":\"http:\/\/veganoptioncanada.ca\/pt-pt\/?s={search_term_string}\"},\"query-input\":{\"@type\":\"PropertyValueSpecification\",\"valueRequired\":true,\"valueName\":\"search_term_string\"}}],\"inLanguage\":\"pt-PT\"},{\"@type\":\"Organization\",\"@id\":\"http:\/\/veganoptioncanada.ca\/pt-pt\/#organization\",\"name\":\"Vegan Option Canada\",\"url\":\"http:\/\/veganoptioncanada.ca\/pt-pt\/\",\"logo\":{\"@type\":\"ImageObject\",\"inLanguage\":\"pt-PT\",\"@id\":\"http:\/\/veganoptioncanada.ca\/pt-pt\/#\/schema\/logo\/image\/\",\"url\":\"http:\/\/veganoptioncanada.ca\/wp-content\/uploads\/2021\/04\/Logo_OVC_transparent_web.png\",\"contentUrl\":\"http:\/\/veganoptioncanada.ca\/wp-content\/uploads\/2021\/04\/Logo_OVC_transparent_web.png\",\"width\":200,\"height\":200,\"caption\":\"Vegan Option Canada\"},\"image\":{\"@id\":\"http:\/\/veganoptioncanada.ca\/pt-pt\/#\/schema\/logo\/image\/\"},\"sameAs\":[\"https:\/\/www.facebook.com\/VOOVCanada\/\",\"https:\/\/x.com\/CanadaVegan\",\"https:\/\/instagram.com\/veganoptioncanada\/\",\"https:\/\/www.youtube.com\/channel\/UCDVCrc0eUMbWkdRwsUQi4Hw\"]},{\"@type\":\"Person\",\"@id\":\"http:\/\/veganoptioncanada.ca\/pt-pt\/#\/schema\/person\/be9b744c842207906fabd4fbf8e7f435\",\"name\":\"Victor Mass\u00e9\",\"url\":\"https:\/\/veganoptioncanada.ca\/pt-pt\/author\/victor-dhamma\/\"}]}<\/script>\n<!-- \/ Yoast SEO plugin. -->","yoast_head_json":{"title":"Peti\u00e7\u00e3o do Quebeque: resposta do OVC - Op\u00e7\u00e3o Vegana Canad\u00e1","robots":{"index":"index","follow":"follow","max-snippet":"max-snippet:-1","max-image-preview":"max-image-preview:large","max-video-preview":"max-video-preview:-1"},"canonical":"https:\/\/veganoptioncanada.ca\/pt-pt\/noticias\/peticao-do-quebeque-resposta-do-ovc\/","og_locale":"pt_PT","og_type":"article","og_title":"Peti\u00e7\u00e3o do Quebeque: resposta do OVC - Op\u00e7\u00e3o Vegana Canad\u00e1","og_description":"PDF Para Andr\u00e9 Lamontagne,Ministro da Agricultura, Pescas e Alimenta\u00e7\u00e3o Assunto: Peti\u00e7\u00e3o n\u00ba 1268-20191205 da Vegan Option Canada 1 Sr. Lamontagne, Escrevo-te em resposta \u00e0 resposta governamental que a Vegan Option Canada recebeu atrav\u00e9s do nosso patrocinador da peti\u00e7\u00e3o, o deputado Sol Zanetti. Na tua carta (dirigida n\u00e3o a n\u00f3s, mas ao l\u00edder parlamentar Simon Jolin-Barrette), [&hellip;]","og_url":"https:\/\/veganoptioncanada.ca\/pt-pt\/noticias\/peticao-do-quebeque-resposta-do-ovc\/","og_site_name":"Op\u00e7\u00e3o Vegana Canad\u00e1","article_publisher":"https:\/\/www.facebook.com\/VOOVCanada\/","article_published_time":"2020-03-25T16:37:01+00:00","article_modified_time":"2025-03-30T03:16:50+00:00","og_image":[{"url":"https:\/\/veganoptioncanada.ca\/wp-content\/uploads\/2020\/03\/MAPAQLettreLOV-FR.pdf-SumatraPDF-000270.png","type":"","width":"","height":""}],"author":"Victor Mass\u00e9","twitter_card":"summary_large_image","twitter_creator":"@CanadaVegan","twitter_site":"@CanadaVegan","twitter_misc":{"Escrito por":"Victor Mass\u00e9","Tempo estimado de leitura":"7 minutos"},"schema":{"@context":"https:\/\/schema.org","@graph":[{"@type":"Article","@id":"https:\/\/veganoptioncanada.ca\/pt-pt\/noticias\/peticao-do-quebeque-resposta-do-ovc\/#article","isPartOf":{"@id":"https:\/\/veganoptioncanada.ca\/pt-pt\/noticias\/peticao-do-quebeque-resposta-do-ovc\/"},"author":{"name":"Victor Mass\u00e9","@id":"http:\/\/veganoptioncanada.ca\/pt-pt\/#\/schema\/person\/be9b744c842207906fabd4fbf8e7f435"},"headline":"Peti\u00e7\u00e3o do Quebeque: resposta do OVC","datePublished":"2020-03-25T16:37:01+00:00","dateModified":"2025-03-30T03:16:50+00:00","mainEntityOfPage":{"@id":"https:\/\/veganoptioncanada.ca\/pt-pt\/noticias\/peticao-do-quebeque-resposta-do-ovc\/"},"wordCount":1400,"publisher":{"@id":"http:\/\/veganoptioncanada.ca\/pt-pt\/#organization"},"image":{"@id":"https:\/\/veganoptioncanada.ca\/pt-pt\/noticias\/peticao-do-quebeque-resposta-do-ovc\/#primaryimage"},"thumbnailUrl":"https:\/\/veganoptioncanada.ca\/wp-content\/uploads\/2020\/03\/MAPAQLettreLOV-FR.pdf-SumatraPDF-000270.png","articleSection":["Not\u00edcias","Peti\u00e7\u00e3o do Quebeque"],"inLanguage":"pt-PT"},{"@type":"WebPage","@id":"https:\/\/veganoptioncanada.ca\/pt-pt\/noticias\/peticao-do-quebeque-resposta-do-ovc\/","url":"https:\/\/veganoptioncanada.ca\/pt-pt\/noticias\/peticao-do-quebeque-resposta-do-ovc\/","name":"Peti\u00e7\u00e3o do Quebeque: resposta do OVC - Op\u00e7\u00e3o Vegana Canad\u00e1","isPartOf":{"@id":"http:\/\/veganoptioncanada.ca\/pt-pt\/#website"},"primaryImageOfPage":{"@id":"https:\/\/veganoptioncanada.ca\/pt-pt\/noticias\/peticao-do-quebeque-resposta-do-ovc\/#primaryimage"},"image":{"@id":"https:\/\/veganoptioncanada.ca\/pt-pt\/noticias\/peticao-do-quebeque-resposta-do-ovc\/#primaryimage"},"thumbnailUrl":"https:\/\/veganoptioncanada.ca\/wp-content\/uploads\/2020\/03\/MAPAQLettreLOV-FR.pdf-SumatraPDF-000270.png","datePublished":"2020-03-25T16:37:01+00:00","dateModified":"2025-03-30T03:16:50+00:00","breadcrumb":{"@id":"https:\/\/veganoptioncanada.ca\/pt-pt\/noticias\/peticao-do-quebeque-resposta-do-ovc\/#breadcrumb"},"inLanguage":"pt-PT","potentialAction":[{"@type":"ReadAction","target":["https:\/\/veganoptioncanada.ca\/pt-pt\/noticias\/peticao-do-quebeque-resposta-do-ovc\/"]}]},{"@type":"ImageObject","inLanguage":"pt-PT","@id":"https:\/\/veganoptioncanada.ca\/pt-pt\/noticias\/peticao-do-quebeque-resposta-do-ovc\/#primaryimage","url":"https:\/\/veganoptioncanada.ca\/wp-content\/uploads\/2020\/03\/MAPAQLettreLOV-FR.pdf-SumatraPDF-000270.png","contentUrl":"https:\/\/veganoptioncanada.ca\/wp-content\/uploads\/2020\/03\/MAPAQLettreLOV-FR.pdf-SumatraPDF-000270.png"},{"@type":"BreadcrumbList","@id":"https:\/\/veganoptioncanada.ca\/pt-pt\/noticias\/peticao-do-quebeque-resposta-do-ovc\/#breadcrumb","itemListElement":[{"@type":"ListItem","position":1,"name":"Home","item":"https:\/\/veganoptioncanada.ca\/pt-pt\/"},{"@type":"ListItem","position":2,"name":"Peti\u00e7\u00e3o do Quebeque: resposta do OVC"}]},{"@type":"WebSite","@id":"http:\/\/veganoptioncanada.ca\/pt-pt\/#website","url":"http:\/\/veganoptioncanada.ca\/pt-pt\/","name":"Vegan Option Canada - Option V\u00e9gane Canada","description":"","publisher":{"@id":"http:\/\/veganoptioncanada.ca\/pt-pt\/#organization"},"potentialAction":[{"@type":"SearchAction","target":{"@type":"EntryPoint","urlTemplate":"http:\/\/veganoptioncanada.ca\/pt-pt\/?s={search_term_string}"},"query-input":{"@type":"PropertyValueSpecification","valueRequired":true,"valueName":"search_term_string"}}],"inLanguage":"pt-PT"},{"@type":"Organization","@id":"http:\/\/veganoptioncanada.ca\/pt-pt\/#organization","name":"Vegan Option Canada","url":"http:\/\/veganoptioncanada.ca\/pt-pt\/","logo":{"@type":"ImageObject","inLanguage":"pt-PT","@id":"http:\/\/veganoptioncanada.ca\/pt-pt\/#\/schema\/logo\/image\/","url":"http:\/\/veganoptioncanada.ca\/wp-content\/uploads\/2021\/04\/Logo_OVC_transparent_web.png","contentUrl":"http:\/\/veganoptioncanada.ca\/wp-content\/uploads\/2021\/04\/Logo_OVC_transparent_web.png","width":200,"height":200,"caption":"Vegan Option Canada"},"image":{"@id":"http:\/\/veganoptioncanada.ca\/pt-pt\/#\/schema\/logo\/image\/"},"sameAs":["https:\/\/www.facebook.com\/VOOVCanada\/","https:\/\/x.com\/CanadaVegan","https:\/\/instagram.com\/veganoptioncanada\/","https:\/\/www.youtube.com\/channel\/UCDVCrc0eUMbWkdRwsUQi4Hw"]},{"@type":"Person","@id":"http:\/\/veganoptioncanada.ca\/pt-pt\/#\/schema\/person\/be9b744c842207906fabd4fbf8e7f435","name":"Victor Mass\u00e9","url":"https:\/\/veganoptioncanada.ca\/pt-pt\/author\/victor-dhamma\/"}]}},"_links":{"self":[{"href":"https:\/\/veganoptioncanada.ca\/pt-pt\/wp-json\/wp\/v2\/posts\/4400","targetHints":{"allow":["GET"]}}],"collection":[{"href":"https:\/\/veganoptioncanada.ca\/pt-pt\/wp-json\/wp\/v2\/posts"}],"about":[{"href":"https:\/\/veganoptioncanada.ca\/pt-pt\/wp-json\/wp\/v2\/types\/post"}],"author":[{"embeddable":true,"href":"https:\/\/veganoptioncanada.ca\/pt-pt\/wp-json\/wp\/v2\/users\/11"}],"replies":[{"embeddable":true,"href":"https:\/\/veganoptioncanada.ca\/pt-pt\/wp-json\/wp\/v2\/comments?post=4400"}],"version-history":[{"count":1,"href":"https:\/\/veganoptioncanada.ca\/pt-pt\/wp-json\/wp\/v2\/posts\/4400\/revisions"}],"predecessor-version":[{"id":4401,"href":"https:\/\/veganoptioncanada.ca\/pt-pt\/wp-json\/wp\/v2\/posts\/4400\/revisions\/4401"}],"wp:attachment":[{"href":"https:\/\/veganoptioncanada.ca\/pt-pt\/wp-json\/wp\/v2\/media?parent=4400"}],"wp:term":[{"taxonomy":"category","embeddable":true,"href":"https:\/\/veganoptioncanada.ca\/pt-pt\/wp-json\/wp\/v2\/categories?post=4400"},{"taxonomy":"post_tag","embeddable":true,"href":"https:\/\/veganoptioncanada.ca\/pt-pt\/wp-json\/wp\/v2\/tags?post=4400"}],"curies":[{"name":"wp","href":"https:\/\/api.w.org\/{rel}","templated":true}]}}