{"id":4402,"date":"2020-03-25T10:33:39","date_gmt":"2020-03-25T15:33:39","guid":{"rendered":"https:\/\/veganoptioncanada.ca\/noticias\/peticao-do-quebeque-resposta-do-mapaq\/"},"modified":"2025-03-29T22:16:57","modified_gmt":"2025-03-30T03:16:57","slug":"peticao-do-quebeque-resposta-do-mapaq","status":"publish","type":"post","link":"https:\/\/veganoptioncanada.ca\/pt-pt\/peticao-do-quebeque\/peticao-do-quebeque-resposta-do-mapaq\/","title":{"rendered":"Peti\u00e7\u00e3o do Quebeque: resposta do MAPAQ"},"content":{"rendered":"\t\t<div data-elementor-type=\"wp-post\" data-elementor-id=\"4402\" class=\"elementor elementor-4402 elementor-2567\" data-elementor-post-type=\"post\">\n\t\t\t\t\t\t<section class=\"elementor-section elementor-top-section elementor-element elementor-element-61945ea8 elementor-section-boxed elementor-section-height-default elementor-section-height-default\" data-id=\"61945ea8\" data-element_type=\"section\">\n\t\t\t\t\t\t<div class=\"elementor-container elementor-column-gap-default\">\n\t\t\t\t\t<div class=\"elementor-column elementor-col-100 elementor-top-column elementor-element elementor-element-183920c2\" data-id=\"183920c2\" data-element_type=\"column\">\n\t\t\t<div class=\"elementor-widget-wrap elementor-element-populated\">\n\t\t\t\t\t\t<div class=\"elementor-element elementor-element-7700a2c elementor-widget elementor-widget-text-editor\" data-id=\"7700a2c\" data-element_type=\"widget\" data-widget_type=\"text-editor.default\">\n\t\t\t\t<div class=\"elementor-widget-container\">\n\t\t\t\t\t\t\t\t\t<p style=\"text-align: center;\"><a href=\"https:\/\/drive.google.com\/file\/d\/1UPEDHLQkbBl71hYVni9-wHIWkfPSlMp1\/view?usp=sharing\" target=\"_blank\" rel=\"noopener\">PDF<\/a><\/p>\t\t\t\t\t\t\t\t<\/div>\n\t\t\t\t<\/div>\n\t\t\t\t<div class=\"elementor-element elementor-element-c3b6e49 elementor-widget elementor-widget-text-editor\" data-id=\"c3b6e49\" data-element_type=\"widget\" data-widget_type=\"text-editor.default\">\n\t\t\t\t<div class=\"elementor-widget-container\">\n\t\t\t\t\t\t\t\t\t<p><strong>Governo do Quebeque<\/strong><br><strong>O Ministro da Agricultura, da Pesca e da Alimenta\u00e7\u00e3o<\/strong><br><strong>e Alimenta\u00e7\u00e3o, Ministro respons\u00e1vel pela regi\u00e3o Centro-du-Qu\u00e9bec<\/strong><br><strong>Regi\u00e3o Centro-du-Qu\u00e9bec e MNA de Johnson<\/strong><\/p><p><strong>Simon Jolin-Barette<\/strong><br><strong>L\u00edder da Casa do Governo<\/strong><br><strong>Edif\u00edcio Pamphile-Le May<\/strong><br><strong>1035, rue des Parlementaires<\/strong><br><strong>1\u00ba andar, Suite 1.39<\/strong><br><strong>Cidade do Quebeque, Quebeque G1A 1A4<\/strong><\/p>\t\t\t\t\t\t\t\t<\/div>\n\t\t\t\t<\/div>\n\t\t\t\t<div class=\"elementor-element elementor-element-6048e797 elementor-widget elementor-widget-text-editor\" data-id=\"6048e797\" data-element_type=\"widget\" data-widget_type=\"text-editor.default\">\n\t\t\t\t<div class=\"elementor-widget-container\">\n\t\t\t\t\t\t\t\t\t<p>Caro colega,<\/p><p>Li a peti\u00e7\u00e3o apresentada pelo deputado Jean-Lesage \u00e0 Assembleia Nacional em dezembro passado, relativa \u00e0 introdu\u00e7\u00e3o de uma variedade de op\u00e7\u00f5es veganas nas cantinas p\u00fablicas.<\/p><p>A Pol\u00edtica Bioalimentar 2018-2025 &#8211; <em>Alimentar o nosso Mundo<\/em> coloca as expectativas dos consumidores e a sua sa\u00fade no centro das suas prioridades. De \u00e2mbito governamental, a Pol\u00edtica \u00e9 o resultado de um processo de co-constru\u00e7\u00e3o levado a cabo com os principais parceiros do sector bioalimentar, representantes da sociedade civil e todos os minist\u00e9rios envolvidos. O seu principal objetivo \u00e9 aumentar a presen\u00e7a e a promo\u00e7\u00e3o de alimentos saud\u00e1veis, locais e eco-respons\u00e1veis nas institui\u00e7\u00f5es p\u00fablicas. Contribui tamb\u00e9m para responder \u00e0s diferentes expectativas da sociedade quebequense em rela\u00e7\u00e3o \u00e0 alimenta\u00e7\u00e3o oferecida nos estabelecimentos p\u00fablicos.   <\/p><p>Em 2016, o Quebeque tamb\u00e9m adoptou a Pol\u00edtica governamental de preven\u00e7\u00e3o em sa\u00fade, que reflecte o compromisso de quinze minist\u00e9rios e ag\u00eancias para melhorar a sa\u00fade e a qualidade de vida da popula\u00e7\u00e3o.<\/p><p>Estas pol\u00edticas ajudam os organismos p\u00fablicos a contribuir para a cria\u00e7\u00e3o de um ambiente que encoraje uma alimenta\u00e7\u00e3o saud\u00e1vel. Apoiam tamb\u00e9m os esfor\u00e7os do governo e dos parceiros do sector para melhorar a oferta e o acesso a alimentos variados e nutritivos. <\/p><p>Por \u00faltimo, gostaria de vos assegurar que o Minist\u00e9rio da Agricultura, das Pescas e da Alimenta\u00e7\u00e3o leva a peito as necessidades e expectativas dos seus cidad\u00e3os e que a oferta de alimentos variados e nutritivos nos estabelecimentos p\u00fablicos \u00e9 uma das minhas preocupa\u00e7\u00f5es. Nos pr\u00f3ximos meses, terei o prazer de revelar uma iniciativa que se centrar\u00e1 na compra de alimentos saud\u00e1veis, locais e eco-respons\u00e1veis nas institui\u00e7\u00f5es p\u00fablicas. <\/p><p>Com os melhores cumprimentos<\/p><p>O Ministro,<\/p><p><strong>Andr\u00e9 Lamontagne<\/strong><\/p>\t\t\t\t\t\t\t\t<\/div>\n\t\t\t\t<\/div>\n\t\t\t\t\t<\/div>\n\t\t<\/div>\n\t\t\t\t\t<\/div>\n\t\t<\/section>\n\t\t\t\t<\/div>\n\t\t","protected":false},"excerpt":{"rendered":"<p>PDF Governo do QuebequeO Ministro da Agricultura, da Pesca e da Alimenta\u00e7\u00e3oe Alimenta\u00e7\u00e3o, Ministro respons\u00e1vel pela regi\u00e3o Centro-du-Qu\u00e9becRegi\u00e3o Centro-du-Qu\u00e9bec e MNA de Johnson Simon Jolin-BaretteL\u00edder da Casa do GovernoEdif\u00edcio Pamphile-Le May1035, rue des Parlementaires1\u00ba andar, Suite 1.39Cidade do Quebeque, Quebeque G1A 1A4 Caro colega, Li a peti\u00e7\u00e3o apresentada pelo deputado Jean-Lesage \u00e0 Assembleia Nacional em [&hellip;]<\/p>\n","protected":false},"author":11,"featured_media":0,"comment_status":"closed","ping_status":"closed","sticky":false,"template":"","format":"standard","meta":{"footnotes":""},"categories":[45,81],"tags":[],"class_list":["post-4402","post","type-post","status-publish","format-standard","hentry","category-noticias","category-peticao-do-quebeque"],"yoast_head":"<!-- This site is optimized with the Yoast SEO plugin v26.9 - https:\/\/yoast.com\/product\/yoast-seo-wordpress\/ -->\n<title>Peti\u00e7\u00e3o do Quebeque: resposta do MAPAQ - Op\u00e7\u00e3o Vegana Canad\u00e1<\/title>\n<meta name=\"robots\" content=\"index, follow, max-snippet:-1, max-image-preview:large, max-video-preview:-1\" \/>\n<link rel=\"canonical\" href=\"https:\/\/veganoptioncanada.ca\/pt-pt\/peticao-do-quebeque\/peticao-do-quebeque-resposta-do-mapaq\/\" \/>\n<meta property=\"og:locale\" content=\"pt_PT\" \/>\n<meta property=\"og:type\" content=\"article\" \/>\n<meta property=\"og:title\" content=\"Peti\u00e7\u00e3o do Quebeque: resposta do MAPAQ - Op\u00e7\u00e3o Vegana Canad\u00e1\" \/>\n<meta property=\"og:description\" content=\"PDF Governo do QuebequeO Ministro da Agricultura, da Pesca e da Alimenta\u00e7\u00e3oe Alimenta\u00e7\u00e3o, Ministro respons\u00e1vel pela regi\u00e3o Centro-du-Qu\u00e9becRegi\u00e3o Centro-du-Qu\u00e9bec e MNA de Johnson Simon Jolin-BaretteL\u00edder da Casa do GovernoEdif\u00edcio Pamphile-Le May1035, rue des Parlementaires1\u00ba andar, Suite 1.39Cidade do Quebeque, Quebeque G1A 1A4 Caro colega, Li a peti\u00e7\u00e3o apresentada pelo deputado Jean-Lesage \u00e0 Assembleia Nacional em [&hellip;]\" \/>\n<meta property=\"og:url\" content=\"https:\/\/veganoptioncanada.ca\/pt-pt\/peticao-do-quebeque\/peticao-do-quebeque-resposta-do-mapaq\/\" \/>\n<meta property=\"og:site_name\" content=\"Op\u00e7\u00e3o Vegana Canad\u00e1\" \/>\n<meta property=\"article:publisher\" content=\"https:\/\/www.facebook.com\/VOOVCanada\/\" \/>\n<meta property=\"article:published_time\" content=\"2020-03-25T15:33:39+00:00\" \/>\n<meta property=\"article:modified_time\" content=\"2025-03-30T03:16:57+00:00\" \/>\n<meta name=\"author\" content=\"Victor Mass\u00e9\" \/>\n<meta name=\"twitter:card\" content=\"summary_large_image\" \/>\n<meta name=\"twitter:creator\" content=\"@CanadaVegan\" \/>\n<meta name=\"twitter:site\" content=\"@CanadaVegan\" \/>\n<meta name=\"twitter:label1\" content=\"Escrito por\" \/>\n\t<meta name=\"twitter:data1\" content=\"Victor Mass\u00e9\" \/>\n\t<meta name=\"twitter:label2\" content=\"Tempo estimado de leitura\" \/>\n\t<meta name=\"twitter:data2\" content=\"2 minutos\" \/>\n<script type=\"application\/ld+json\" class=\"yoast-schema-graph\">{\"@context\":\"https:\/\/schema.org\",\"@graph\":[{\"@type\":\"Article\",\"@id\":\"https:\/\/veganoptioncanada.ca\/pt-pt\/peticao-do-quebeque\/peticao-do-quebeque-resposta-do-mapaq\/#article\",\"isPartOf\":{\"@id\":\"https:\/\/veganoptioncanada.ca\/pt-pt\/peticao-do-quebeque\/peticao-do-quebeque-resposta-do-mapaq\/\"},\"author\":{\"name\":\"Victor Mass\u00e9\",\"@id\":\"http:\/\/veganoptioncanada.ca\/pt-pt\/#\/schema\/person\/be9b744c842207906fabd4fbf8e7f435\"},\"headline\":\"Peti\u00e7\u00e3o do Quebeque: resposta do MAPAQ\",\"datePublished\":\"2020-03-25T15:33:39+00:00\",\"dateModified\":\"2025-03-30T03:16:57+00:00\",\"mainEntityOfPage\":{\"@id\":\"https:\/\/veganoptioncanada.ca\/pt-pt\/peticao-do-quebeque\/peticao-do-quebeque-resposta-do-mapaq\/\"},\"wordCount\":371,\"publisher\":{\"@id\":\"http:\/\/veganoptioncanada.ca\/pt-pt\/#organization\"},\"articleSection\":[\"Not\u00edcias\",\"Peti\u00e7\u00e3o do Quebeque\"],\"inLanguage\":\"pt-PT\"},{\"@type\":\"WebPage\",\"@id\":\"https:\/\/veganoptioncanada.ca\/pt-pt\/peticao-do-quebeque\/peticao-do-quebeque-resposta-do-mapaq\/\",\"url\":\"https:\/\/veganoptioncanada.ca\/pt-pt\/peticao-do-quebeque\/peticao-do-quebeque-resposta-do-mapaq\/\",\"name\":\"Peti\u00e7\u00e3o do Quebeque: resposta do MAPAQ - Op\u00e7\u00e3o Vegana Canad\u00e1\",\"isPartOf\":{\"@id\":\"http:\/\/veganoptioncanada.ca\/pt-pt\/#website\"},\"datePublished\":\"2020-03-25T15:33:39+00:00\",\"dateModified\":\"2025-03-30T03:16:57+00:00\",\"breadcrumb\":{\"@id\":\"https:\/\/veganoptioncanada.ca\/pt-pt\/peticao-do-quebeque\/peticao-do-quebeque-resposta-do-mapaq\/#breadcrumb\"},\"inLanguage\":\"pt-PT\",\"potentialAction\":[{\"@type\":\"ReadAction\",\"target\":[\"https:\/\/veganoptioncanada.ca\/pt-pt\/peticao-do-quebeque\/peticao-do-quebeque-resposta-do-mapaq\/\"]}]},{\"@type\":\"BreadcrumbList\",\"@id\":\"https:\/\/veganoptioncanada.ca\/pt-pt\/peticao-do-quebeque\/peticao-do-quebeque-resposta-do-mapaq\/#breadcrumb\",\"itemListElement\":[{\"@type\":\"ListItem\",\"position\":1,\"name\":\"Home\",\"item\":\"https:\/\/veganoptioncanada.ca\/pt-pt\/\"},{\"@type\":\"ListItem\",\"position\":2,\"name\":\"Peti\u00e7\u00e3o do Quebeque: resposta do MAPAQ\"}]},{\"@type\":\"WebSite\",\"@id\":\"http:\/\/veganoptioncanada.ca\/pt-pt\/#website\",\"url\":\"http:\/\/veganoptioncanada.ca\/pt-pt\/\",\"name\":\"Vegan Option Canada - Option V\u00e9gane Canada\",\"description\":\"\",\"publisher\":{\"@id\":\"http:\/\/veganoptioncanada.ca\/pt-pt\/#organization\"},\"potentialAction\":[{\"@type\":\"SearchAction\",\"target\":{\"@type\":\"EntryPoint\",\"urlTemplate\":\"http:\/\/veganoptioncanada.ca\/pt-pt\/?s={search_term_string}\"},\"query-input\":{\"@type\":\"PropertyValueSpecification\",\"valueRequired\":true,\"valueName\":\"search_term_string\"}}],\"inLanguage\":\"pt-PT\"},{\"@type\":\"Organization\",\"@id\":\"http:\/\/veganoptioncanada.ca\/pt-pt\/#organization\",\"name\":\"Vegan Option Canada\",\"url\":\"http:\/\/veganoptioncanada.ca\/pt-pt\/\",\"logo\":{\"@type\":\"ImageObject\",\"inLanguage\":\"pt-PT\",\"@id\":\"http:\/\/veganoptioncanada.ca\/pt-pt\/#\/schema\/logo\/image\/\",\"url\":\"http:\/\/veganoptioncanada.ca\/wp-content\/uploads\/2021\/04\/Logo_OVC_transparent_web.png\",\"contentUrl\":\"http:\/\/veganoptioncanada.ca\/wp-content\/uploads\/2021\/04\/Logo_OVC_transparent_web.png\",\"width\":200,\"height\":200,\"caption\":\"Vegan Option Canada\"},\"image\":{\"@id\":\"http:\/\/veganoptioncanada.ca\/pt-pt\/#\/schema\/logo\/image\/\"},\"sameAs\":[\"https:\/\/www.facebook.com\/VOOVCanada\/\",\"https:\/\/x.com\/CanadaVegan\",\"https:\/\/instagram.com\/veganoptioncanada\/\",\"https:\/\/www.youtube.com\/channel\/UCDVCrc0eUMbWkdRwsUQi4Hw\"]},{\"@type\":\"Person\",\"@id\":\"http:\/\/veganoptioncanada.ca\/pt-pt\/#\/schema\/person\/be9b744c842207906fabd4fbf8e7f435\",\"name\":\"Victor Mass\u00e9\",\"url\":\"https:\/\/veganoptioncanada.ca\/pt-pt\/author\/victor-dhamma\/\"}]}<\/script>\n<!-- \/ Yoast SEO plugin. -->","yoast_head_json":{"title":"Peti\u00e7\u00e3o do Quebeque: resposta do MAPAQ - Op\u00e7\u00e3o Vegana Canad\u00e1","robots":{"index":"index","follow":"follow","max-snippet":"max-snippet:-1","max-image-preview":"max-image-preview:large","max-video-preview":"max-video-preview:-1"},"canonical":"https:\/\/veganoptioncanada.ca\/pt-pt\/peticao-do-quebeque\/peticao-do-quebeque-resposta-do-mapaq\/","og_locale":"pt_PT","og_type":"article","og_title":"Peti\u00e7\u00e3o do Quebeque: resposta do MAPAQ - Op\u00e7\u00e3o Vegana Canad\u00e1","og_description":"PDF Governo do QuebequeO Ministro da Agricultura, da Pesca e da Alimenta\u00e7\u00e3oe Alimenta\u00e7\u00e3o, Ministro respons\u00e1vel pela regi\u00e3o Centro-du-Qu\u00e9becRegi\u00e3o Centro-du-Qu\u00e9bec e MNA de Johnson Simon Jolin-BaretteL\u00edder da Casa do GovernoEdif\u00edcio Pamphile-Le May1035, rue des Parlementaires1\u00ba andar, Suite 1.39Cidade do Quebeque, Quebeque G1A 1A4 Caro colega, Li a peti\u00e7\u00e3o apresentada pelo deputado Jean-Lesage \u00e0 Assembleia Nacional em [&hellip;]","og_url":"https:\/\/veganoptioncanada.ca\/pt-pt\/peticao-do-quebeque\/peticao-do-quebeque-resposta-do-mapaq\/","og_site_name":"Op\u00e7\u00e3o Vegana Canad\u00e1","article_publisher":"https:\/\/www.facebook.com\/VOOVCanada\/","article_published_time":"2020-03-25T15:33:39+00:00","article_modified_time":"2025-03-30T03:16:57+00:00","author":"Victor Mass\u00e9","twitter_card":"summary_large_image","twitter_creator":"@CanadaVegan","twitter_site":"@CanadaVegan","twitter_misc":{"Escrito por":"Victor Mass\u00e9","Tempo estimado de leitura":"2 minutos"},"schema":{"@context":"https:\/\/schema.org","@graph":[{"@type":"Article","@id":"https:\/\/veganoptioncanada.ca\/pt-pt\/peticao-do-quebeque\/peticao-do-quebeque-resposta-do-mapaq\/#article","isPartOf":{"@id":"https:\/\/veganoptioncanada.ca\/pt-pt\/peticao-do-quebeque\/peticao-do-quebeque-resposta-do-mapaq\/"},"author":{"name":"Victor Mass\u00e9","@id":"http:\/\/veganoptioncanada.ca\/pt-pt\/#\/schema\/person\/be9b744c842207906fabd4fbf8e7f435"},"headline":"Peti\u00e7\u00e3o do Quebeque: resposta do MAPAQ","datePublished":"2020-03-25T15:33:39+00:00","dateModified":"2025-03-30T03:16:57+00:00","mainEntityOfPage":{"@id":"https:\/\/veganoptioncanada.ca\/pt-pt\/peticao-do-quebeque\/peticao-do-quebeque-resposta-do-mapaq\/"},"wordCount":371,"publisher":{"@id":"http:\/\/veganoptioncanada.ca\/pt-pt\/#organization"},"articleSection":["Not\u00edcias","Peti\u00e7\u00e3o do Quebeque"],"inLanguage":"pt-PT"},{"@type":"WebPage","@id":"https:\/\/veganoptioncanada.ca\/pt-pt\/peticao-do-quebeque\/peticao-do-quebeque-resposta-do-mapaq\/","url":"https:\/\/veganoptioncanada.ca\/pt-pt\/peticao-do-quebeque\/peticao-do-quebeque-resposta-do-mapaq\/","name":"Peti\u00e7\u00e3o do Quebeque: resposta do MAPAQ - Op\u00e7\u00e3o Vegana Canad\u00e1","isPartOf":{"@id":"http:\/\/veganoptioncanada.ca\/pt-pt\/#website"},"datePublished":"2020-03-25T15:33:39+00:00","dateModified":"2025-03-30T03:16:57+00:00","breadcrumb":{"@id":"https:\/\/veganoptioncanada.ca\/pt-pt\/peticao-do-quebeque\/peticao-do-quebeque-resposta-do-mapaq\/#breadcrumb"},"inLanguage":"pt-PT","potentialAction":[{"@type":"ReadAction","target":["https:\/\/veganoptioncanada.ca\/pt-pt\/peticao-do-quebeque\/peticao-do-quebeque-resposta-do-mapaq\/"]}]},{"@type":"BreadcrumbList","@id":"https:\/\/veganoptioncanada.ca\/pt-pt\/peticao-do-quebeque\/peticao-do-quebeque-resposta-do-mapaq\/#breadcrumb","itemListElement":[{"@type":"ListItem","position":1,"name":"Home","item":"https:\/\/veganoptioncanada.ca\/pt-pt\/"},{"@type":"ListItem","position":2,"name":"Peti\u00e7\u00e3o do Quebeque: resposta do MAPAQ"}]},{"@type":"WebSite","@id":"http:\/\/veganoptioncanada.ca\/pt-pt\/#website","url":"http:\/\/veganoptioncanada.ca\/pt-pt\/","name":"Vegan Option Canada - Option V\u00e9gane Canada","description":"","publisher":{"@id":"http:\/\/veganoptioncanada.ca\/pt-pt\/#organization"},"potentialAction":[{"@type":"SearchAction","target":{"@type":"EntryPoint","urlTemplate":"http:\/\/veganoptioncanada.ca\/pt-pt\/?s={search_term_string}"},"query-input":{"@type":"PropertyValueSpecification","valueRequired":true,"valueName":"search_term_string"}}],"inLanguage":"pt-PT"},{"@type":"Organization","@id":"http:\/\/veganoptioncanada.ca\/pt-pt\/#organization","name":"Vegan Option Canada","url":"http:\/\/veganoptioncanada.ca\/pt-pt\/","logo":{"@type":"ImageObject","inLanguage":"pt-PT","@id":"http:\/\/veganoptioncanada.ca\/pt-pt\/#\/schema\/logo\/image\/","url":"http:\/\/veganoptioncanada.ca\/wp-content\/uploads\/2021\/04\/Logo_OVC_transparent_web.png","contentUrl":"http:\/\/veganoptioncanada.ca\/wp-content\/uploads\/2021\/04\/Logo_OVC_transparent_web.png","width":200,"height":200,"caption":"Vegan Option Canada"},"image":{"@id":"http:\/\/veganoptioncanada.ca\/pt-pt\/#\/schema\/logo\/image\/"},"sameAs":["https:\/\/www.facebook.com\/VOOVCanada\/","https:\/\/x.com\/CanadaVegan","https:\/\/instagram.com\/veganoptioncanada\/","https:\/\/www.youtube.com\/channel\/UCDVCrc0eUMbWkdRwsUQi4Hw"]},{"@type":"Person","@id":"http:\/\/veganoptioncanada.ca\/pt-pt\/#\/schema\/person\/be9b744c842207906fabd4fbf8e7f435","name":"Victor Mass\u00e9","url":"https:\/\/veganoptioncanada.ca\/pt-pt\/author\/victor-dhamma\/"}]}},"_links":{"self":[{"href":"https:\/\/veganoptioncanada.ca\/pt-pt\/wp-json\/wp\/v2\/posts\/4402","targetHints":{"allow":["GET"]}}],"collection":[{"href":"https:\/\/veganoptioncanada.ca\/pt-pt\/wp-json\/wp\/v2\/posts"}],"about":[{"href":"https:\/\/veganoptioncanada.ca\/pt-pt\/wp-json\/wp\/v2\/types\/post"}],"author":[{"embeddable":true,"href":"https:\/\/veganoptioncanada.ca\/pt-pt\/wp-json\/wp\/v2\/users\/11"}],"replies":[{"embeddable":true,"href":"https:\/\/veganoptioncanada.ca\/pt-pt\/wp-json\/wp\/v2\/comments?post=4402"}],"version-history":[{"count":1,"href":"https:\/\/veganoptioncanada.ca\/pt-pt\/wp-json\/wp\/v2\/posts\/4402\/revisions"}],"predecessor-version":[{"id":4403,"href":"https:\/\/veganoptioncanada.ca\/pt-pt\/wp-json\/wp\/v2\/posts\/4402\/revisions\/4403"}],"wp:attachment":[{"href":"https:\/\/veganoptioncanada.ca\/pt-pt\/wp-json\/wp\/v2\/media?parent=4402"}],"wp:term":[{"taxonomy":"category","embeddable":true,"href":"https:\/\/veganoptioncanada.ca\/pt-pt\/wp-json\/wp\/v2\/categories?post=4402"},{"taxonomy":"post_tag","embeddable":true,"href":"https:\/\/veganoptioncanada.ca\/pt-pt\/wp-json\/wp\/v2\/tags?post=4402"}],"curies":[{"name":"wp","href":"https:\/\/api.w.org\/{rel}","templated":true}]}}