{"id":4404,"date":"2019-05-22T09:20:41","date_gmt":"2019-05-22T14:20:41","guid":{"rendered":"https:\/\/veganoptioncanada.ca\/noticias\/conferencia-da-alianca-internacional-dos-direitos-veganos-2019\/"},"modified":"2025-03-29T22:16:56","modified_gmt":"2025-03-30T03:16:56","slug":"conferencia-da-alianca-internacional-dos-direitos-veganos-2019","status":"publish","type":"post","link":"https:\/\/veganoptioncanada.ca\/pt-pt\/noticias\/conferencia-da-alianca-internacional-dos-direitos-veganos-2019\/","title":{"rendered":"Confer\u00eancia da Alian\u00e7a Internacional dos Direitos Veganos 2019"},"content":{"rendered":"\t\t<div data-elementor-type=\"wp-post\" data-elementor-id=\"4404\" class=\"elementor elementor-4404 elementor-2025\" data-elementor-post-type=\"post\">\n\t\t\t\t\t\t<section class=\"elementor-section elementor-top-section elementor-element elementor-element-57b2900 elementor-section-boxed elementor-section-height-default elementor-section-height-default\" data-id=\"57b2900\" data-element_type=\"section\">\n\t\t\t\t\t\t<div class=\"elementor-container elementor-column-gap-default\">\n\t\t\t\t\t<div class=\"elementor-column elementor-col-100 elementor-top-column elementor-element elementor-element-bdf7866\" data-id=\"bdf7866\" data-element_type=\"column\">\n\t\t\t<div class=\"elementor-widget-wrap elementor-element-populated\">\n\t\t\t\t\t\t<section class=\"elementor-section elementor-inner-section elementor-element elementor-element-f53d803 elementor-section-boxed elementor-section-height-default elementor-section-height-default\" data-id=\"f53d803\" data-element_type=\"section\">\n\t\t\t\t\t\t<div class=\"elementor-container elementor-column-gap-default\">\n\t\t\t\t\t<div class=\"elementor-column elementor-col-50 elementor-inner-column elementor-element elementor-element-4a6e639\" data-id=\"4a6e639\" data-element_type=\"column\">\n\t\t\t<div class=\"elementor-widget-wrap elementor-element-populated\">\n\t\t\t\t\t\t<div class=\"elementor-element elementor-element-36bfa00 elementor-widget elementor-widget-image\" data-id=\"36bfa00\" data-element_type=\"widget\" data-widget_type=\"image.default\">\n\t\t\t\t<div class=\"elementor-widget-container\">\n\t\t\t\t\t\t\t\t\t\t\t\t\t\t\t\t<a href=\"https:\/\/www.theivra.com\/\">\n\t\t\t\t\t\t\t<img decoding=\"async\" width=\"300\" height=\"133\" src=\"https:\/\/veganoptioncanada.ca\/wp-content\/uploads\/2019\/05\/IVRABack-300x133.jpg\" class=\"attachment-medium size-medium wp-image-2030\" alt=\"\" srcset=\"https:\/\/veganoptioncanada.ca\/wp-content\/uploads\/2019\/05\/IVRABack-300x133.jpg 300w, https:\/\/veganoptioncanada.ca\/wp-content\/uploads\/2019\/05\/IVRABack-768x341.jpg 768w, https:\/\/veganoptioncanada.ca\/wp-content\/uploads\/2019\/05\/IVRABack-1024x455.jpg 1024w, https:\/\/veganoptioncanada.ca\/wp-content\/uploads\/2019\/05\/IVRABack.jpg 1900w\" sizes=\"(max-width: 300px) 100vw, 300px\" \/>\t\t\t\t\t\t\t\t<\/a>\n\t\t\t\t\t\t\t\t\t\t\t\t\t\t\t<\/div>\n\t\t\t\t<\/div>\n\t\t\t\t\t<\/div>\n\t\t<\/div>\n\t\t\t\t<div class=\"elementor-column elementor-col-50 elementor-inner-column elementor-element elementor-element-915e1d5\" data-id=\"915e1d5\" data-element_type=\"column\">\n\t\t\t<div class=\"elementor-widget-wrap elementor-element-populated\">\n\t\t\t\t\t\t<div class=\"elementor-element elementor-element-8f4bfa9 elementor-widget elementor-widget-text-editor\" data-id=\"8f4bfa9\" data-element_type=\"widget\" data-widget_type=\"text-editor.default\">\n\t\t\t\t<div class=\"elementor-widget-container\">\n\t\t\t\t\t\t\t\t\t<p>A<a href=\"https:\/\/www.theivra.com\/\">Alian\u00e7a Internacional dos Direitos Veganos<\/a> \u00e9 uma rede de indiv\u00edduos sem fins lucrativos e de base que \u00e9 a principal autoridade em veganismo e na lei.<\/p>\t\t\t\t\t\t\t\t<\/div>\n\t\t\t\t<\/div>\n\t\t\t\t\t<\/div>\n\t\t<\/div>\n\t\t\t\t\t<\/div>\n\t\t<\/section>\n\t\t\t\t<div class=\"elementor-element elementor-element-da5d832 elementor-widget elementor-widget-text-editor\" data-id=\"da5d832\" data-element_type=\"widget\" data-widget_type=\"text-editor.default\">\n\t\t\t\t<div class=\"elementor-widget-container\">\n\t\t\t\t\t\t\t\t\t<p>A miss\u00e3o principal da allience \u00e9 contribuir para o desmantelamento do preconceito especista. Procura faz\u00ea-lo estabelecendo e promovendo a base para a prote\u00e7\u00e3o legal dos veganos e fazendo campanha para mudan\u00e7as na lei, na pol\u00edtica social e na pr\u00e1tica. <\/p>\t\t\t\t\t\t\t\t<\/div>\n\t\t\t\t<\/div>\n\t\t\t\t<section class=\"elementor-section elementor-inner-section elementor-element elementor-element-ca0feaa elementor-section-boxed elementor-section-height-default elementor-section-height-default\" data-id=\"ca0feaa\" data-element_type=\"section\">\n\t\t\t\t\t\t<div class=\"elementor-container elementor-column-gap-default\">\n\t\t\t\t\t<div class=\"elementor-column elementor-col-50 elementor-inner-column elementor-element elementor-element-96a446a\" data-id=\"96a446a\" data-element_type=\"column\">\n\t\t\t<div class=\"elementor-widget-wrap elementor-element-populated\">\n\t\t\t\t\t\t<div class=\"elementor-element elementor-element-cf7f103 elementor-widget elementor-widget-text-editor\" data-id=\"cf7f103\" data-element_type=\"widget\" data-widget_type=\"text-editor.default\">\n\t\t\t\t<div class=\"elementor-widget-container\">\n\t\t\t\t\t\t\t\t\t<p>Em 31 de maio e 1 de junho, a Alian\u00e7a organiza em Mil\u00e3o uma confer\u00eancia sobre este tema.<\/p><p><a href=\"https:\/\/www.theivra.com\/conference-2019.html\">Altera o equil\u00edbrio: o potencial e os limites da utiliza\u00e7\u00e3o da lei para apoiar o crescimento do veganismo.<\/a><\/p>\t\t\t\t\t\t\t\t<\/div>\n\t\t\t\t<\/div>\n\t\t\t\t\t<\/div>\n\t\t<\/div>\n\t\t\t\t<div class=\"elementor-column elementor-col-50 elementor-inner-column elementor-element elementor-element-69d46e6\" data-id=\"69d46e6\" data-element_type=\"column\">\n\t\t\t<div class=\"elementor-widget-wrap elementor-element-populated\">\n\t\t\t\t\t\t<div class=\"elementor-element elementor-element-052b3ff elementor-widget elementor-widget-image\" data-id=\"052b3ff\" data-element_type=\"widget\" data-widget_type=\"image.default\">\n\t\t\t\t<div class=\"elementor-widget-container\">\n\t\t\t\t\t\t\t\t\t\t\t\t\t\t\t\t<a href=\"https:\/\/www.theivra.com\/conference-2019.html\">\n\t\t\t\t\t\t\t<img decoding=\"async\" width=\"300\" height=\"131\" src=\"https:\/\/veganoptioncanada.ca\/wp-content\/uploads\/2019\/05\/conference-2019-300x131.jpg\" class=\"attachment-medium size-medium wp-image-2033\" alt=\"\" srcset=\"https:\/\/veganoptioncanada.ca\/wp-content\/uploads\/2019\/05\/conference-2019-300x131.jpg 300w, https:\/\/veganoptioncanada.ca\/wp-content\/uploads\/2019\/05\/conference-2019-768x336.jpg 768w, https:\/\/veganoptioncanada.ca\/wp-content\/uploads\/2019\/05\/conference-2019-1024x448.jpg 1024w\" sizes=\"(max-width: 300px) 100vw, 300px\" \/>\t\t\t\t\t\t\t\t<\/a>\n\t\t\t\t\t\t\t\t\t\t\t\t\t\t\t<\/div>\n\t\t\t\t<\/div>\n\t\t\t\t\t<\/div>\n\t\t<\/div>\n\t\t\t\t\t<\/div>\n\t\t<\/section>\n\t\t\t\t<section class=\"elementor-section elementor-inner-section elementor-element elementor-element-96e6473 elementor-section-boxed elementor-section-height-default elementor-section-height-default\" data-id=\"96e6473\" data-element_type=\"section\">\n\t\t\t\t\t\t<div class=\"elementor-container elementor-column-gap-default\">\n\t\t\t\t\t<div class=\"elementor-column elementor-col-50 elementor-inner-column elementor-element elementor-element-e0e3c5e\" data-id=\"e0e3c5e\" data-element_type=\"column\">\n\t\t\t<div class=\"elementor-widget-wrap elementor-element-populated\">\n\t\t\t\t\t\t<div class=\"elementor-element elementor-element-10ec4a1 elementor-widget elementor-widget-image\" data-id=\"10ec4a1\" data-element_type=\"widget\" data-widget_type=\"image.default\">\n\t\t\t\t<div class=\"elementor-widget-container\">\n\t\t\t\t\t\t\t\t\t\t\t\t\t\t\t<img decoding=\"async\" width=\"300\" height=\"157\" src=\"https:\/\/veganoptioncanada.ca\/wp-content\/uploads\/2019\/05\/TalkIvra-1-300x157.png\" class=\"attachment-medium size-medium wp-image-2047\" alt=\"\" srcset=\"https:\/\/veganoptioncanada.ca\/wp-content\/uploads\/2019\/05\/TalkIvra-1-300x157.png 300w, https:\/\/veganoptioncanada.ca\/wp-content\/uploads\/2019\/05\/TalkIvra-1.png 681w\" sizes=\"(max-width: 300px) 100vw, 300px\" \/>\t\t\t\t\t\t\t\t\t\t\t\t\t\t\t<\/div>\n\t\t\t\t<\/div>\n\t\t\t\t\t<\/div>\n\t\t<\/div>\n\t\t\t\t<div class=\"elementor-column elementor-col-50 elementor-inner-column elementor-element elementor-element-fae44d1\" data-id=\"fae44d1\" data-element_type=\"column\">\n\t\t\t<div class=\"elementor-widget-wrap elementor-element-populated\">\n\t\t\t\t\t\t<div class=\"elementor-element elementor-element-c56af3d elementor-widget elementor-widget-text-editor\" data-id=\"c56af3d\" data-element_type=\"widget\" data-widget_type=\"text-editor.default\">\n\t\t\t\t<div class=\"elementor-widget-container\">\n\t\t\t\t\t\t\t\t\t<p><span style=\"font-weight: 400;\">A Option V\u00e9gane Canada estar\u00e1 presente no evento em Mil\u00e3o e dar\u00e1 uma palestra intitulada <em>&#8220;OVC, de uma peti\u00e7\u00e3o sobre op\u00e7\u00f5es alimentares vegan obrigat\u00f3rias a uma organiza\u00e7\u00e3o pan-canadiana que luta pelos direitos dos veganos&#8221;.<\/em><\/span><\/p>\t\t\t\t\t\t\t\t<\/div>\n\t\t\t\t<\/div>\n\t\t\t\t\t<\/div>\n\t\t<\/div>\n\t\t\t\t\t<\/div>\n\t\t<\/section>\n\t\t\t\t\t<\/div>\n\t\t<\/div>\n\t\t\t\t\t<\/div>\n\t\t<\/section>\n\t\t\t\t<\/div>\n\t\t","protected":false},"excerpt":{"rendered":"<p>AAlian\u00e7a Internacional dos Direitos Veganos \u00e9 uma rede de indiv\u00edduos sem fins lucrativos e de base que \u00e9 a principal autoridade em veganismo e na lei. A miss\u00e3o principal da allience \u00e9 contribuir para o desmantelamento do preconceito especista. Procura faz\u00ea-lo estabelecendo e promovendo a base para a prote\u00e7\u00e3o legal dos veganos e fazendo campanha [&hellip;]<\/p>\n","protected":false},"author":2,"featured_media":2049,"comment_status":"closed","ping_status":"closed","sticky":false,"template":"","format":"standard","meta":{"footnotes":""},"categories":[45],"tags":[],"class_list":["post-4404","post","type-post","status-publish","format-standard","has-post-thumbnail","hentry","category-noticias"],"yoast_head":"<!-- This site is optimized with the Yoast SEO plugin v26.9 - https:\/\/yoast.com\/product\/yoast-seo-wordpress\/ -->\n<title>Confer\u00eancia da Alian\u00e7a Internacional dos Direitos Veganos 2019 - Op\u00e7\u00e3o Vegana Canad\u00e1<\/title>\n<meta name=\"robots\" content=\"index, follow, max-snippet:-1, max-image-preview:large, max-video-preview:-1\" \/>\n<link rel=\"canonical\" href=\"https:\/\/veganoptioncanada.ca\/pt-pt\/noticias\/conferencia-da-alianca-internacional-dos-direitos-veganos-2019\/\" \/>\n<meta property=\"og:locale\" content=\"pt_PT\" \/>\n<meta property=\"og:type\" content=\"article\" \/>\n<meta property=\"og:title\" content=\"Confer\u00eancia da Alian\u00e7a Internacional dos Direitos Veganos 2019 - Op\u00e7\u00e3o Vegana Canad\u00e1\" \/>\n<meta property=\"og:description\" content=\"AAlian\u00e7a Internacional dos Direitos Veganos \u00e9 uma rede de indiv\u00edduos sem fins lucrativos e de base que \u00e9 a principal autoridade em veganismo e na lei. A miss\u00e3o principal da allience \u00e9 contribuir para o desmantelamento do preconceito especista. Procura faz\u00ea-lo estabelecendo e promovendo a base para a prote\u00e7\u00e3o legal dos veganos e fazendo campanha [&hellip;]\" \/>\n<meta property=\"og:url\" content=\"https:\/\/veganoptioncanada.ca\/pt-pt\/noticias\/conferencia-da-alianca-internacional-dos-direitos-veganos-2019\/\" \/>\n<meta property=\"og:site_name\" content=\"Op\u00e7\u00e3o Vegana Canad\u00e1\" \/>\n<meta property=\"article:publisher\" content=\"https:\/\/www.facebook.com\/VOOVCanada\/\" \/>\n<meta property=\"article:published_time\" content=\"2019-05-22T14:20:41+00:00\" \/>\n<meta property=\"article:modified_time\" content=\"2025-03-30T03:16:56+00:00\" \/>\n<meta property=\"og:image\" content=\"https:\/\/veganoptioncanada.ca\/wp-content\/uploads\/2019\/05\/TalkIvra-1.png\" \/>\n\t<meta property=\"og:image:width\" content=\"681\" \/>\n\t<meta property=\"og:image:height\" content=\"357\" \/>\n\t<meta property=\"og:image:type\" content=\"image\/png\" \/>\n<meta name=\"author\" content=\"Editeur\" \/>\n<meta name=\"twitter:card\" content=\"summary_large_image\" \/>\n<meta name=\"twitter:creator\" content=\"@CanadaVegan\" \/>\n<meta name=\"twitter:site\" content=\"@CanadaVegan\" \/>\n<meta name=\"twitter:label1\" content=\"Escrito por\" \/>\n\t<meta name=\"twitter:data1\" content=\"Editeur\" \/>\n\t<meta name=\"twitter:label2\" content=\"Tempo estimado de leitura\" \/>\n\t<meta name=\"twitter:data2\" content=\"1 minuto\" \/>\n<script type=\"application\/ld+json\" class=\"yoast-schema-graph\">{\"@context\":\"https:\/\/schema.org\",\"@graph\":[{\"@type\":\"Article\",\"@id\":\"https:\/\/veganoptioncanada.ca\/pt-pt\/noticias\/conferencia-da-alianca-internacional-dos-direitos-veganos-2019\/#article\",\"isPartOf\":{\"@id\":\"https:\/\/veganoptioncanada.ca\/pt-pt\/noticias\/conferencia-da-alianca-internacional-dos-direitos-veganos-2019\/\"},\"author\":{\"name\":\"Editeur\",\"@id\":\"http:\/\/veganoptioncanada.ca\/pt-pt\/#\/schema\/person\/9212ba9961ec51f55b60bab6ae51c478\"},\"headline\":\"Confer\u00eancia da Alian\u00e7a Internacional dos Direitos Veganos 2019\",\"datePublished\":\"2019-05-22T14:20:41+00:00\",\"dateModified\":\"2025-03-30T03:16:56+00:00\",\"mainEntityOfPage\":{\"@id\":\"https:\/\/veganoptioncanada.ca\/pt-pt\/noticias\/conferencia-da-alianca-internacional-dos-direitos-veganos-2019\/\"},\"wordCount\":158,\"publisher\":{\"@id\":\"http:\/\/veganoptioncanada.ca\/pt-pt\/#organization\"},\"image\":{\"@id\":\"https:\/\/veganoptioncanada.ca\/pt-pt\/noticias\/conferencia-da-alianca-internacional-dos-direitos-veganos-2019\/#primaryimage\"},\"thumbnailUrl\":\"https:\/\/veganoptioncanada.ca\/wp-content\/uploads\/2019\/05\/TalkIvra-1.png\",\"articleSection\":[\"Not\u00edcias\"],\"inLanguage\":\"pt-PT\"},{\"@type\":\"WebPage\",\"@id\":\"https:\/\/veganoptioncanada.ca\/pt-pt\/noticias\/conferencia-da-alianca-internacional-dos-direitos-veganos-2019\/\",\"url\":\"https:\/\/veganoptioncanada.ca\/pt-pt\/noticias\/conferencia-da-alianca-internacional-dos-direitos-veganos-2019\/\",\"name\":\"Confer\u00eancia da Alian\u00e7a Internacional dos Direitos Veganos 2019 - Op\u00e7\u00e3o Vegana Canad\u00e1\",\"isPartOf\":{\"@id\":\"http:\/\/veganoptioncanada.ca\/pt-pt\/#website\"},\"primaryImageOfPage\":{\"@id\":\"https:\/\/veganoptioncanada.ca\/pt-pt\/noticias\/conferencia-da-alianca-internacional-dos-direitos-veganos-2019\/#primaryimage\"},\"image\":{\"@id\":\"https:\/\/veganoptioncanada.ca\/pt-pt\/noticias\/conferencia-da-alianca-internacional-dos-direitos-veganos-2019\/#primaryimage\"},\"thumbnailUrl\":\"https:\/\/veganoptioncanada.ca\/wp-content\/uploads\/2019\/05\/TalkIvra-1.png\",\"datePublished\":\"2019-05-22T14:20:41+00:00\",\"dateModified\":\"2025-03-30T03:16:56+00:00\",\"breadcrumb\":{\"@id\":\"https:\/\/veganoptioncanada.ca\/pt-pt\/noticias\/conferencia-da-alianca-internacional-dos-direitos-veganos-2019\/#breadcrumb\"},\"inLanguage\":\"pt-PT\",\"potentialAction\":[{\"@type\":\"ReadAction\",\"target\":[\"https:\/\/veganoptioncanada.ca\/pt-pt\/noticias\/conferencia-da-alianca-internacional-dos-direitos-veganos-2019\/\"]}]},{\"@type\":\"ImageObject\",\"inLanguage\":\"pt-PT\",\"@id\":\"https:\/\/veganoptioncanada.ca\/pt-pt\/noticias\/conferencia-da-alianca-internacional-dos-direitos-veganos-2019\/#primaryimage\",\"url\":\"https:\/\/veganoptioncanada.ca\/wp-content\/uploads\/2019\/05\/TalkIvra-1.png\",\"contentUrl\":\"https:\/\/veganoptioncanada.ca\/wp-content\/uploads\/2019\/05\/TalkIvra-1.png\",\"width\":681,\"height\":357},{\"@type\":\"BreadcrumbList\",\"@id\":\"https:\/\/veganoptioncanada.ca\/pt-pt\/noticias\/conferencia-da-alianca-internacional-dos-direitos-veganos-2019\/#breadcrumb\",\"itemListElement\":[{\"@type\":\"ListItem\",\"position\":1,\"name\":\"Home\",\"item\":\"https:\/\/veganoptioncanada.ca\/pt-pt\/\"},{\"@type\":\"ListItem\",\"position\":2,\"name\":\"Confer\u00eancia da Alian\u00e7a Internacional dos Direitos Veganos 2019\"}]},{\"@type\":\"WebSite\",\"@id\":\"http:\/\/veganoptioncanada.ca\/pt-pt\/#website\",\"url\":\"http:\/\/veganoptioncanada.ca\/pt-pt\/\",\"name\":\"Vegan Option Canada - Option V\u00e9gane Canada\",\"description\":\"\",\"publisher\":{\"@id\":\"http:\/\/veganoptioncanada.ca\/pt-pt\/#organization\"},\"potentialAction\":[{\"@type\":\"SearchAction\",\"target\":{\"@type\":\"EntryPoint\",\"urlTemplate\":\"http:\/\/veganoptioncanada.ca\/pt-pt\/?s={search_term_string}\"},\"query-input\":{\"@type\":\"PropertyValueSpecification\",\"valueRequired\":true,\"valueName\":\"search_term_string\"}}],\"inLanguage\":\"pt-PT\"},{\"@type\":\"Organization\",\"@id\":\"http:\/\/veganoptioncanada.ca\/pt-pt\/#organization\",\"name\":\"Vegan Option Canada\",\"url\":\"http:\/\/veganoptioncanada.ca\/pt-pt\/\",\"logo\":{\"@type\":\"ImageObject\",\"inLanguage\":\"pt-PT\",\"@id\":\"http:\/\/veganoptioncanada.ca\/pt-pt\/#\/schema\/logo\/image\/\",\"url\":\"http:\/\/veganoptioncanada.ca\/wp-content\/uploads\/2021\/04\/Logo_OVC_transparent_web.png\",\"contentUrl\":\"http:\/\/veganoptioncanada.ca\/wp-content\/uploads\/2021\/04\/Logo_OVC_transparent_web.png\",\"width\":200,\"height\":200,\"caption\":\"Vegan Option Canada\"},\"image\":{\"@id\":\"http:\/\/veganoptioncanada.ca\/pt-pt\/#\/schema\/logo\/image\/\"},\"sameAs\":[\"https:\/\/www.facebook.com\/VOOVCanada\/\",\"https:\/\/x.com\/CanadaVegan\",\"https:\/\/instagram.com\/veganoptioncanada\/\",\"https:\/\/www.youtube.com\/channel\/UCDVCrc0eUMbWkdRwsUQi4Hw\"]},{\"@type\":\"Person\",\"@id\":\"http:\/\/veganoptioncanada.ca\/pt-pt\/#\/schema\/person\/9212ba9961ec51f55b60bab6ae51c478\",\"name\":\"Editeur\",\"url\":\"https:\/\/veganoptioncanada.ca\/pt-pt\/author\/editeur\/\"}]}<\/script>\n<!-- \/ Yoast SEO plugin. -->","yoast_head_json":{"title":"Confer\u00eancia da Alian\u00e7a Internacional dos Direitos Veganos 2019 - Op\u00e7\u00e3o Vegana Canad\u00e1","robots":{"index":"index","follow":"follow","max-snippet":"max-snippet:-1","max-image-preview":"max-image-preview:large","max-video-preview":"max-video-preview:-1"},"canonical":"https:\/\/veganoptioncanada.ca\/pt-pt\/noticias\/conferencia-da-alianca-internacional-dos-direitos-veganos-2019\/","og_locale":"pt_PT","og_type":"article","og_title":"Confer\u00eancia da Alian\u00e7a Internacional dos Direitos Veganos 2019 - Op\u00e7\u00e3o Vegana Canad\u00e1","og_description":"AAlian\u00e7a Internacional dos Direitos Veganos \u00e9 uma rede de indiv\u00edduos sem fins lucrativos e de base que \u00e9 a principal autoridade em veganismo e na lei. A miss\u00e3o principal da allience \u00e9 contribuir para o desmantelamento do preconceito especista. Procura faz\u00ea-lo estabelecendo e promovendo a base para a prote\u00e7\u00e3o legal dos veganos e fazendo campanha [&hellip;]","og_url":"https:\/\/veganoptioncanada.ca\/pt-pt\/noticias\/conferencia-da-alianca-internacional-dos-direitos-veganos-2019\/","og_site_name":"Op\u00e7\u00e3o Vegana Canad\u00e1","article_publisher":"https:\/\/www.facebook.com\/VOOVCanada\/","article_published_time":"2019-05-22T14:20:41+00:00","article_modified_time":"2025-03-30T03:16:56+00:00","og_image":[{"width":681,"height":357,"url":"https:\/\/veganoptioncanada.ca\/wp-content\/uploads\/2019\/05\/TalkIvra-1.png","type":"image\/png"}],"author":"Editeur","twitter_card":"summary_large_image","twitter_creator":"@CanadaVegan","twitter_site":"@CanadaVegan","twitter_misc":{"Escrito por":"Editeur","Tempo estimado de leitura":"1 minuto"},"schema":{"@context":"https:\/\/schema.org","@graph":[{"@type":"Article","@id":"https:\/\/veganoptioncanada.ca\/pt-pt\/noticias\/conferencia-da-alianca-internacional-dos-direitos-veganos-2019\/#article","isPartOf":{"@id":"https:\/\/veganoptioncanada.ca\/pt-pt\/noticias\/conferencia-da-alianca-internacional-dos-direitos-veganos-2019\/"},"author":{"name":"Editeur","@id":"http:\/\/veganoptioncanada.ca\/pt-pt\/#\/schema\/person\/9212ba9961ec51f55b60bab6ae51c478"},"headline":"Confer\u00eancia da Alian\u00e7a Internacional dos Direitos Veganos 2019","datePublished":"2019-05-22T14:20:41+00:00","dateModified":"2025-03-30T03:16:56+00:00","mainEntityOfPage":{"@id":"https:\/\/veganoptioncanada.ca\/pt-pt\/noticias\/conferencia-da-alianca-internacional-dos-direitos-veganos-2019\/"},"wordCount":158,"publisher":{"@id":"http:\/\/veganoptioncanada.ca\/pt-pt\/#organization"},"image":{"@id":"https:\/\/veganoptioncanada.ca\/pt-pt\/noticias\/conferencia-da-alianca-internacional-dos-direitos-veganos-2019\/#primaryimage"},"thumbnailUrl":"https:\/\/veganoptioncanada.ca\/wp-content\/uploads\/2019\/05\/TalkIvra-1.png","articleSection":["Not\u00edcias"],"inLanguage":"pt-PT"},{"@type":"WebPage","@id":"https:\/\/veganoptioncanada.ca\/pt-pt\/noticias\/conferencia-da-alianca-internacional-dos-direitos-veganos-2019\/","url":"https:\/\/veganoptioncanada.ca\/pt-pt\/noticias\/conferencia-da-alianca-internacional-dos-direitos-veganos-2019\/","name":"Confer\u00eancia da Alian\u00e7a Internacional dos Direitos Veganos 2019 - Op\u00e7\u00e3o Vegana Canad\u00e1","isPartOf":{"@id":"http:\/\/veganoptioncanada.ca\/pt-pt\/#website"},"primaryImageOfPage":{"@id":"https:\/\/veganoptioncanada.ca\/pt-pt\/noticias\/conferencia-da-alianca-internacional-dos-direitos-veganos-2019\/#primaryimage"},"image":{"@id":"https:\/\/veganoptioncanada.ca\/pt-pt\/noticias\/conferencia-da-alianca-internacional-dos-direitos-veganos-2019\/#primaryimage"},"thumbnailUrl":"https:\/\/veganoptioncanada.ca\/wp-content\/uploads\/2019\/05\/TalkIvra-1.png","datePublished":"2019-05-22T14:20:41+00:00","dateModified":"2025-03-30T03:16:56+00:00","breadcrumb":{"@id":"https:\/\/veganoptioncanada.ca\/pt-pt\/noticias\/conferencia-da-alianca-internacional-dos-direitos-veganos-2019\/#breadcrumb"},"inLanguage":"pt-PT","potentialAction":[{"@type":"ReadAction","target":["https:\/\/veganoptioncanada.ca\/pt-pt\/noticias\/conferencia-da-alianca-internacional-dos-direitos-veganos-2019\/"]}]},{"@type":"ImageObject","inLanguage":"pt-PT","@id":"https:\/\/veganoptioncanada.ca\/pt-pt\/noticias\/conferencia-da-alianca-internacional-dos-direitos-veganos-2019\/#primaryimage","url":"https:\/\/veganoptioncanada.ca\/wp-content\/uploads\/2019\/05\/TalkIvra-1.png","contentUrl":"https:\/\/veganoptioncanada.ca\/wp-content\/uploads\/2019\/05\/TalkIvra-1.png","width":681,"height":357},{"@type":"BreadcrumbList","@id":"https:\/\/veganoptioncanada.ca\/pt-pt\/noticias\/conferencia-da-alianca-internacional-dos-direitos-veganos-2019\/#breadcrumb","itemListElement":[{"@type":"ListItem","position":1,"name":"Home","item":"https:\/\/veganoptioncanada.ca\/pt-pt\/"},{"@type":"ListItem","position":2,"name":"Confer\u00eancia da Alian\u00e7a Internacional dos Direitos Veganos 2019"}]},{"@type":"WebSite","@id":"http:\/\/veganoptioncanada.ca\/pt-pt\/#website","url":"http:\/\/veganoptioncanada.ca\/pt-pt\/","name":"Vegan Option Canada - Option V\u00e9gane Canada","description":"","publisher":{"@id":"http:\/\/veganoptioncanada.ca\/pt-pt\/#organization"},"potentialAction":[{"@type":"SearchAction","target":{"@type":"EntryPoint","urlTemplate":"http:\/\/veganoptioncanada.ca\/pt-pt\/?s={search_term_string}"},"query-input":{"@type":"PropertyValueSpecification","valueRequired":true,"valueName":"search_term_string"}}],"inLanguage":"pt-PT"},{"@type":"Organization","@id":"http:\/\/veganoptioncanada.ca\/pt-pt\/#organization","name":"Vegan Option Canada","url":"http:\/\/veganoptioncanada.ca\/pt-pt\/","logo":{"@type":"ImageObject","inLanguage":"pt-PT","@id":"http:\/\/veganoptioncanada.ca\/pt-pt\/#\/schema\/logo\/image\/","url":"http:\/\/veganoptioncanada.ca\/wp-content\/uploads\/2021\/04\/Logo_OVC_transparent_web.png","contentUrl":"http:\/\/veganoptioncanada.ca\/wp-content\/uploads\/2021\/04\/Logo_OVC_transparent_web.png","width":200,"height":200,"caption":"Vegan Option Canada"},"image":{"@id":"http:\/\/veganoptioncanada.ca\/pt-pt\/#\/schema\/logo\/image\/"},"sameAs":["https:\/\/www.facebook.com\/VOOVCanada\/","https:\/\/x.com\/CanadaVegan","https:\/\/instagram.com\/veganoptioncanada\/","https:\/\/www.youtube.com\/channel\/UCDVCrc0eUMbWkdRwsUQi4Hw"]},{"@type":"Person","@id":"http:\/\/veganoptioncanada.ca\/pt-pt\/#\/schema\/person\/9212ba9961ec51f55b60bab6ae51c478","name":"Editeur","url":"https:\/\/veganoptioncanada.ca\/pt-pt\/author\/editeur\/"}]}},"_links":{"self":[{"href":"https:\/\/veganoptioncanada.ca\/pt-pt\/wp-json\/wp\/v2\/posts\/4404","targetHints":{"allow":["GET"]}}],"collection":[{"href":"https:\/\/veganoptioncanada.ca\/pt-pt\/wp-json\/wp\/v2\/posts"}],"about":[{"href":"https:\/\/veganoptioncanada.ca\/pt-pt\/wp-json\/wp\/v2\/types\/post"}],"author":[{"embeddable":true,"href":"https:\/\/veganoptioncanada.ca\/pt-pt\/wp-json\/wp\/v2\/users\/2"}],"replies":[{"embeddable":true,"href":"https:\/\/veganoptioncanada.ca\/pt-pt\/wp-json\/wp\/v2\/comments?post=4404"}],"version-history":[{"count":1,"href":"https:\/\/veganoptioncanada.ca\/pt-pt\/wp-json\/wp\/v2\/posts\/4404\/revisions"}],"predecessor-version":[{"id":4406,"href":"https:\/\/veganoptioncanada.ca\/pt-pt\/wp-json\/wp\/v2\/posts\/4404\/revisions\/4406"}],"wp:featuredmedia":[{"embeddable":true,"href":"https:\/\/veganoptioncanada.ca\/pt-pt\/wp-json\/wp\/v2\/media\/2049"}],"wp:attachment":[{"href":"https:\/\/veganoptioncanada.ca\/pt-pt\/wp-json\/wp\/v2\/media?parent=4404"}],"wp:term":[{"taxonomy":"category","embeddable":true,"href":"https:\/\/veganoptioncanada.ca\/pt-pt\/wp-json\/wp\/v2\/categories?post=4404"},{"taxonomy":"post_tag","embeddable":true,"href":"https:\/\/veganoptioncanada.ca\/pt-pt\/wp-json\/wp\/v2\/tags?post=4404"}],"curies":[{"name":"wp","href":"https:\/\/api.w.org\/{rel}","templated":true}]}}