{"id":4407,"date":"2019-05-17T08:31:00","date_gmt":"2019-05-17T13:31:00","guid":{"rendered":"https:\/\/veganoptioncanada.ca\/noticias\/campanha-oficial-do-veganismo-etico-e-dos-direitos-humanos-no-quebeque\/"},"modified":"2025-03-29T22:16:56","modified_gmt":"2025-03-30T03:16:56","slug":"campanha-oficial-do-veganismo-etico-e-dos-direitos-humanos-no-quebeque","status":"publish","type":"post","link":"https:\/\/veganoptioncanada.ca\/pt-pt\/noticias\/campanha-oficial-do-veganismo-etico-e-dos-direitos-humanos-no-quebeque\/","title":{"rendered":"Campanha oficial do veganismo \u00e9tico e dos direitos humanos no Quebeque"},"content":{"rendered":"\t\t<div data-elementor-type=\"wp-post\" data-elementor-id=\"4407\" class=\"elementor elementor-4407 elementor-1993\" data-elementor-post-type=\"post\">\n\t\t\t\t\t\t<section class=\"elementor-section elementor-top-section elementor-element elementor-element-b01fcac elementor-section-boxed elementor-section-height-default elementor-section-height-default\" data-id=\"b01fcac\" data-element_type=\"section\">\n\t\t\t\t\t\t<div class=\"elementor-container elementor-column-gap-default\">\n\t\t\t\t\t<div class=\"elementor-column elementor-col-100 elementor-top-column elementor-element elementor-element-931f2da\" data-id=\"931f2da\" data-element_type=\"column\">\n\t\t\t<div class=\"elementor-widget-wrap elementor-element-populated\">\n\t\t\t\t\t\t<section class=\"elementor-section elementor-inner-section elementor-element elementor-element-67e7354 elementor-section-boxed elementor-section-height-default elementor-section-height-default\" data-id=\"67e7354\" data-element_type=\"section\">\n\t\t\t\t\t\t<div class=\"elementor-container elementor-column-gap-default\">\n\t\t\t\t\t<div class=\"elementor-column elementor-col-50 elementor-inner-column elementor-element elementor-element-044e01c\" data-id=\"044e01c\" data-element_type=\"column\">\n\t\t\t<div class=\"elementor-widget-wrap elementor-element-populated\">\n\t\t\t\t\t\t<div class=\"elementor-element elementor-element-97bef60 elementor-widget elementor-widget-image\" data-id=\"97bef60\" data-element_type=\"widget\" data-widget_type=\"image.default\">\n\t\t\t\t<div class=\"elementor-widget-container\">\n\t\t\t\t\t\t\t\t\t\t\t\t\t\t\t<img fetchpriority=\"high\" decoding=\"async\" width=\"300\" height=\"225\" src=\"https:\/\/veganoptioncanada.ca\/wp-content\/uploads\/2019\/05\/hammer-802301_640-300x225.jpg\" class=\"attachment-medium size-medium wp-image-1997\" alt=\"\" srcset=\"https:\/\/veganoptioncanada.ca\/wp-content\/uploads\/2019\/05\/hammer-802301_640-300x225.jpg 300w, https:\/\/veganoptioncanada.ca\/wp-content\/uploads\/2019\/05\/hammer-802301_640.jpg 640w\" sizes=\"(max-width: 300px) 100vw, 300px\" \/>\t\t\t\t\t\t\t\t\t\t\t\t\t\t\t<\/div>\n\t\t\t\t<\/div>\n\t\t\t\t\t<\/div>\n\t\t<\/div>\n\t\t\t\t<div class=\"elementor-column elementor-col-50 elementor-inner-column elementor-element elementor-element-c112654\" data-id=\"c112654\" data-element_type=\"column\">\n\t\t\t<div class=\"elementor-widget-wrap elementor-element-populated\">\n\t\t\t\t\t\t<div class=\"elementor-element elementor-element-6a8caff elementor-widget elementor-widget-text-editor\" data-id=\"6a8caff\" data-element_type=\"widget\" data-widget_type=\"text-editor.default\">\n\t\t\t\t<div class=\"elementor-widget-container\">\n\t\t\t\t\t\t\t\t\t<p dir=\"ltr\" style=\"line-height: 1.38; margin-top: 0pt; margin-bottom: 0pt;\"><span style=\"font-size: 11pt; font-family: Arial; color: #000000; background-color: transparent; font-weight: 400; font-style: normal; font-variant: normal; text-decoration: none; vertical-align: baseline; white-space: pre-wrap;\">A escolha de alimentos \u00e0 base de plantas \u00e9 um direito humano individual <\/span><span style=\"font-size: 11pt; font-family: Arial; color: #000000; background-color: transparent; font-weight: bold; font-style: normal; font-variant: normal; text-decoration: none; vertical-align: baseline; white-space: pre-wrap;\">direito humano individual<\/span><span style=\"font-size: 11pt; font-family: Arial; color: #000000; background-color: transparent; font-weight: 400; font-style: normal; font-variant: normal; text-decoration: none; vertical-align: baseline; white-space: pre-wrap;\">A sec\u00e7\u00e3o 2A da <a href=\"https:\/\/www.canada.ca\/fr\/patrimoine-canadien\/services\/comment-droits-proteges\/guide-charte-canadienne-droits-libertes.html\">Carta Canadiana dos Direitos e Liberdades<\/a> confere a todos os cidad\u00e3os canadianos o direito <\/span><span style=\"font-size: 11pt; font-family: Arial; color: #000000; background-color: transparent; font-weight: bold; font-style: normal; font-variant: normal; text-decoration: none; vertical-align: baseline; white-space: pre-wrap;\">liberdade de consci\u00eancia<\/span><span style=\"font-size: 11pt; font-family: Arial; color: #000000; background-color: transparent; font-weight: 400; font-style: normal; font-variant: normal; text-decoration: none; vertical-align: baseline; white-space: pre-wrap;\">. Le  <\/span><span style=\"font-size: 11pt; font-family: Arial; color: #000000; background-color: transparent; font-weight: bold; font-style: normal; font-variant: normal; text-decoration: none; vertical-align: baseline; white-space: pre-wrap;\">veganismo \u00e9tico<\/span><span style=\"font-size: 11pt; font-family: Arial; color: #000000; background-color: transparent; font-weight: 400; font-style: normal; font-variant: normal; text-decoration: none; vertical-align: baseline; white-space: pre-wrap;\">  pode ser visto como um exemplo de um sistema de cren\u00e7as ou ideologia secular. Consequentemente, as institui\u00e7\u00f5es p\u00fablicas, como hospitais, escolas e institui\u00e7\u00f5es governamentais, n\u00e3o est\u00e3o autorizadas a fazer  <\/span><span style=\"font-size: 11pt; font-family: Arial; color: #000000; background-color: transparent; font-weight: bold; font-style: normal; font-variant: normal; text-decoration: none; vertical-align: baseline; white-space: pre-wrap;\">discrimina\u00e7\u00e3o<\/span><span style=\"font-size: 11pt; font-family: Arial; color: #000000; background-color: transparent; font-weight: 400; font-style: normal; font-variant: normal; text-decoration: none; vertical-align: baseline; white-space: pre-wrap;\"> contra as pessoas cuja consci\u00eancia as obriga a escolher alimentos \u00e0 base de plantas. <\/span> <\/p>\t\t\t\t\t\t\t\t<\/div>\n\t\t\t\t<\/div>\n\t\t\t\t\t<\/div>\n\t\t<\/div>\n\t\t\t\t\t<\/div>\n\t\t<\/section>\n\t\t\t\t<section class=\"elementor-section elementor-inner-section elementor-element elementor-element-466ac8f elementor-section-boxed elementor-section-height-default elementor-section-height-default\" data-id=\"466ac8f\" data-element_type=\"section\">\n\t\t\t\t\t\t<div class=\"elementor-container elementor-column-gap-default\">\n\t\t\t\t\t<div class=\"elementor-column elementor-col-50 elementor-inner-column elementor-element elementor-element-6482426\" data-id=\"6482426\" data-element_type=\"column\">\n\t\t\t<div class=\"elementor-widget-wrap elementor-element-populated\">\n\t\t\t\t\t\t<div class=\"elementor-element elementor-element-7d434cc elementor-widget elementor-widget-text-editor\" data-id=\"7d434cc\" data-element_type=\"widget\" data-widget_type=\"text-editor.default\">\n\t\t\t\t<div class=\"elementor-widget-container\">\n\t\t\t\t\t\t\t\t\t<p>No dia 1 de setembro de 2019, lan\u00e7amos uma peti\u00e7\u00e3o oficial na prov\u00edncia do Quebeque. A peti\u00e7\u00e3o estar\u00e1 em linha e aberta para assinatura at\u00e9 1 de dezembro de 2019.  <\/p>\t\t\t\t\t\t\t\t<\/div>\n\t\t\t\t<\/div>\n\t\t\t\t\t<\/div>\n\t\t<\/div>\n\t\t\t\t<div class=\"elementor-column elementor-col-50 elementor-inner-column elementor-element elementor-element-f34525a\" data-id=\"f34525a\" data-element_type=\"column\">\n\t\t\t<div class=\"elementor-widget-wrap elementor-element-populated\">\n\t\t\t\t\t\t<div class=\"elementor-element elementor-element-60a06d1 elementor-widget elementor-widget-image\" data-id=\"60a06d1\" data-element_type=\"widget\" data-widget_type=\"image.default\">\n\t\t\t\t<div class=\"elementor-widget-container\">\n\t\t\t\t\t\t\t\t\t\t\t\t\t\t\t<img decoding=\"async\" width=\"300\" height=\"150\" src=\"https:\/\/veganoptioncanada.ca\/wp-content\/uploads\/2019\/05\/QC-City-300x150.jpeg\" class=\"attachment-medium size-medium wp-image-2009\" alt=\"\" srcset=\"https:\/\/veganoptioncanada.ca\/wp-content\/uploads\/2019\/05\/QC-City-300x150.jpeg 300w, https:\/\/veganoptioncanada.ca\/wp-content\/uploads\/2019\/05\/QC-City.jpeg 630w\" sizes=\"(max-width: 300px) 100vw, 300px\" \/>\t\t\t\t\t\t\t\t\t\t\t\t\t\t\t<\/div>\n\t\t\t\t<\/div>\n\t\t\t\t\t<\/div>\n\t\t<\/div>\n\t\t\t\t\t<\/div>\n\t\t<\/section>\n\t\t\t\t<section class=\"elementor-section elementor-inner-section elementor-element elementor-element-4e6f621 elementor-section-boxed elementor-section-height-default elementor-section-height-default\" data-id=\"4e6f621\" data-element_type=\"section\">\n\t\t\t\t\t\t<div class=\"elementor-container elementor-column-gap-default\">\n\t\t\t\t\t<div class=\"elementor-column elementor-col-50 elementor-inner-column elementor-element elementor-element-8b2d1bf\" data-id=\"8b2d1bf\" data-element_type=\"column\">\n\t\t\t<div class=\"elementor-widget-wrap elementor-element-populated\">\n\t\t\t\t\t\t<div class=\"elementor-element elementor-element-8e89638 elementor-widget elementor-widget-image\" data-id=\"8e89638\" data-element_type=\"widget\" data-widget_type=\"image.default\">\n\t\t\t\t<div class=\"elementor-widget-container\">\n\t\t\t\t\t\t\t\t\t\t\t\t\t\t\t<img decoding=\"async\" width=\"300\" height=\"200\" src=\"https:\/\/veganoptioncanada.ca\/wp-content\/uploads\/2019\/05\/giraffes-627031_640-300x200.jpg\" class=\"attachment-medium size-medium wp-image-2003\" alt=\"\" srcset=\"https:\/\/veganoptioncanada.ca\/wp-content\/uploads\/2019\/05\/giraffes-627031_640-300x200.jpg 300w, https:\/\/veganoptioncanada.ca\/wp-content\/uploads\/2019\/05\/giraffes-627031_640.jpg 640w\" sizes=\"(max-width: 300px) 100vw, 300px\" \/>\t\t\t\t\t\t\t\t\t\t\t\t\t\t\t<\/div>\n\t\t\t\t<\/div>\n\t\t\t\t\t<\/div>\n\t\t<\/div>\n\t\t\t\t<div class=\"elementor-column elementor-col-50 elementor-inner-column elementor-element elementor-element-65b91f4\" data-id=\"65b91f4\" data-element_type=\"column\">\n\t\t\t<div class=\"elementor-widget-wrap elementor-element-populated\">\n\t\t\t\t\t\t<div class=\"elementor-element elementor-element-3c494da elementor-widget elementor-widget-text-editor\" data-id=\"3c494da\" data-element_type=\"widget\" data-widget_type=\"text-editor.default\">\n\t\t\t\t<div class=\"elementor-widget-container\">\n\t\t\t\t\t\t\t\t\t<p><span style=\"font-variant-numeric: normal; font-variant-east-asian: normal; background-color: transparent; font-size: 11pt; font-family: Arial; color: #000000; vertical-align: baseline; white-space: pre-wrap;\">Precisamos muito da tua ajuda antes e durante os tr\u00eas meses da campanha para chegar ao maior n\u00famero poss\u00edvel de pessoas. Se quiseres fazer parte da equipa por detr\u00e1s desta importante campanha, <a href=\"https:\/\/mailchi.mp\/cd520800385d\/option-vgane-quebec\">junta-te \u00e0 equipa<\/a>.  <\/span><\/p>\t\t\t\t\t\t\t\t<\/div>\n\t\t\t\t<\/div>\n\t\t\t\t\t<\/div>\n\t\t<\/div>\n\t\t\t\t\t<\/div>\n\t\t<\/section>\n\t\t\t\t<section class=\"elementor-section elementor-inner-section elementor-element elementor-element-2d594a0 elementor-section-boxed elementor-section-height-default elementor-section-height-default\" data-id=\"2d594a0\" data-element_type=\"section\">\n\t\t\t\t\t\t<div class=\"elementor-container elementor-column-gap-default\">\n\t\t\t\t\t<div class=\"elementor-column elementor-col-50 elementor-inner-column elementor-element elementor-element-1faca0d\" data-id=\"1faca0d\" data-element_type=\"column\">\n\t\t\t<div class=\"elementor-widget-wrap elementor-element-populated\">\n\t\t\t\t\t\t<div class=\"elementor-element elementor-element-87a4df3 elementor-widget elementor-widget-text-editor\" data-id=\"87a4df3\" data-element_type=\"widget\" data-widget_type=\"text-editor.default\">\n\t\t\t\t<div class=\"elementor-widget-container\">\n\t\t\t\t\t\t\t\t\t<p><span style=\"font-variant-numeric: normal; font-variant-east-asian: normal; background-color: transparent; font-size: 11pt; font-family: Arial; color: #000000; vertical-align: baseline; white-space: pre-wrap;\">Estamos tamb\u00e9m \u00e0 procura de um ou mais <\/span><a style=\"background-color: #ffffff;\" href=\"https:\/\/veganoptioncanada.org\/postes-disponibles\/benevole-pour-coordonner-le-volet-quebecois-doptions-veganes-quebec\/\"><span style=\"font-size: 11pt; font-family: Arial; color: #1155cc; background-color: transparent; font-variant-numeric: normal; font-variant-east-asian: normal; text-decoration-line: underline; text-decoration-skip-ink: none; vertical-align: baseline; white-space: pre-wrap;\">Volunt\u00e1rio para coordenar e dirigir a sec\u00e7\u00e3o do Quebeque de Options V\u00e9ganes Qu\u00e9bec.<\/span><\/a><span style=\"font-variant-numeric: normal; font-variant-east-asian: normal; background-color: transparent; font-size: 11pt; font-family: Arial; color: #000000; vertical-align: baseline; white-space: pre-wrap;\"> e lidera este esfor\u00e7o.<\/span><\/p>\t\t\t\t\t\t\t\t<\/div>\n\t\t\t\t<\/div>\n\t\t\t\t\t<\/div>\n\t\t<\/div>\n\t\t\t\t<div class=\"elementor-column elementor-col-50 elementor-inner-column elementor-element elementor-element-49f180f\" data-id=\"49f180f\" data-element_type=\"column\">\n\t\t\t<div class=\"elementor-widget-wrap elementor-element-populated\">\n\t\t\t\t\t\t<div class=\"elementor-element elementor-element-50a1d60 elementor-widget elementor-widget-image\" data-id=\"50a1d60\" data-element_type=\"widget\" data-widget_type=\"image.default\">\n\t\t\t\t<div class=\"elementor-widget-container\">\n\t\t\t\t\t\t\t\t\t\t\t\t\t\t\t<img loading=\"lazy\" decoding=\"async\" width=\"150\" height=\"150\" src=\"https:\/\/veganoptioncanada.ca\/wp-content\/uploads\/2019\/05\/fauna-3175678_640-150x150.jpg\" class=\"attachment-thumbnail size-thumbnail wp-image-2006\" alt=\"\" \/>\t\t\t\t\t\t\t\t\t\t\t\t\t\t\t<\/div>\n\t\t\t\t<\/div>\n\t\t\t\t\t<\/div>\n\t\t<\/div>\n\t\t\t\t\t<\/div>\n\t\t<\/section>\n\t\t\t\t\t<\/div>\n\t\t<\/div>\n\t\t\t\t\t<\/div>\n\t\t<\/section>\n\t\t\t\t<\/div>\n\t\t","protected":false},"excerpt":{"rendered":"<p>A escolha de alimentos \u00e0 base de plantas \u00e9 um direito humano individual direito humano individualA sec\u00e7\u00e3o 2A da Carta Canadiana dos Direitos e Liberdades confere a todos os cidad\u00e3os canadianos o direito liberdade de consci\u00eancia. Le veganismo \u00e9tico pode ser visto como um exemplo de um sistema de cren\u00e7as ou ideologia secular. Consequentemente, as [&hellip;]<\/p>\n","protected":false},"author":2,"featured_media":2018,"comment_status":"closed","ping_status":"closed","sticky":false,"template":"","format":"standard","meta":{"footnotes":""},"categories":[82,45],"tags":[],"class_list":["post-4407","post","type-post","status-publish","format-standard","has-post-thumbnail","hentry","category-campanhas","category-noticias"],"yoast_head":"<!-- This site is optimized with the Yoast SEO plugin v26.9 - https:\/\/yoast.com\/product\/yoast-seo-wordpress\/ -->\n<title>Campanha oficial do veganismo \u00e9tico e dos direitos humanos no Quebeque - Op\u00e7\u00e3o Vegana Canad\u00e1<\/title>\n<meta name=\"robots\" content=\"index, follow, max-snippet:-1, max-image-preview:large, max-video-preview:-1\" \/>\n<link rel=\"canonical\" href=\"https:\/\/veganoptioncanada.ca\/pt-pt\/noticias\/campanha-oficial-do-veganismo-etico-e-dos-direitos-humanos-no-quebeque\/\" \/>\n<meta property=\"og:locale\" content=\"pt_PT\" \/>\n<meta property=\"og:type\" content=\"article\" \/>\n<meta property=\"og:title\" content=\"Campanha oficial do veganismo \u00e9tico e dos direitos humanos no Quebeque - Op\u00e7\u00e3o Vegana Canad\u00e1\" \/>\n<meta property=\"og:description\" content=\"A escolha de alimentos \u00e0 base de plantas \u00e9 um direito humano individual direito humano individualA sec\u00e7\u00e3o 2A da Carta Canadiana dos Direitos e Liberdades confere a todos os cidad\u00e3os canadianos o direito liberdade de consci\u00eancia. Le veganismo \u00e9tico pode ser visto como um exemplo de um sistema de cren\u00e7as ou ideologia secular. Consequentemente, as [&hellip;]\" \/>\n<meta property=\"og:url\" content=\"https:\/\/veganoptioncanada.ca\/pt-pt\/noticias\/campanha-oficial-do-veganismo-etico-e-dos-direitos-humanos-no-quebeque\/\" \/>\n<meta property=\"og:site_name\" content=\"Op\u00e7\u00e3o Vegana Canad\u00e1\" \/>\n<meta property=\"article:publisher\" content=\"https:\/\/www.facebook.com\/VOOVCanada\/\" \/>\n<meta property=\"article:published_time\" content=\"2019-05-17T13:31:00+00:00\" \/>\n<meta property=\"article:modified_time\" content=\"2025-03-30T03:16:56+00:00\" \/>\n<meta property=\"og:image\" content=\"https:\/\/veganoptioncanada.ca\/wp-content\/uploads\/2019\/05\/germ-2871773_640.jpg\" \/>\n\t<meta property=\"og:image:width\" content=\"640\" \/>\n\t<meta property=\"og:image:height\" content=\"489\" \/>\n\t<meta property=\"og:image:type\" content=\"image\/jpeg\" \/>\n<meta name=\"author\" content=\"Editeur\" \/>\n<meta name=\"twitter:card\" content=\"summary_large_image\" \/>\n<meta name=\"twitter:creator\" content=\"@CanadaVegan\" \/>\n<meta name=\"twitter:site\" content=\"@CanadaVegan\" \/>\n<meta name=\"twitter:label1\" content=\"Escrito por\" \/>\n\t<meta name=\"twitter:data1\" content=\"Editeur\" \/>\n\t<meta name=\"twitter:label2\" content=\"Tempo estimado de leitura\" \/>\n\t<meta name=\"twitter:data2\" content=\"1 minuto\" \/>\n<script type=\"application\/ld+json\" class=\"yoast-schema-graph\">{\"@context\":\"https:\/\/schema.org\",\"@graph\":[{\"@type\":\"Article\",\"@id\":\"https:\/\/veganoptioncanada.ca\/pt-pt\/noticias\/campanha-oficial-do-veganismo-etico-e-dos-direitos-humanos-no-quebeque\/#article\",\"isPartOf\":{\"@id\":\"https:\/\/veganoptioncanada.ca\/pt-pt\/noticias\/campanha-oficial-do-veganismo-etico-e-dos-direitos-humanos-no-quebeque\/\"},\"author\":{\"name\":\"Editeur\",\"@id\":\"http:\/\/veganoptioncanada.ca\/pt-pt\/#\/schema\/person\/9212ba9961ec51f55b60bab6ae51c478\"},\"headline\":\"Campanha oficial do veganismo \u00e9tico e dos direitos humanos no Quebeque\",\"datePublished\":\"2019-05-17T13:31:00+00:00\",\"dateModified\":\"2025-03-30T03:16:56+00:00\",\"mainEntityOfPage\":{\"@id\":\"https:\/\/veganoptioncanada.ca\/pt-pt\/noticias\/campanha-oficial-do-veganismo-etico-e-dos-direitos-humanos-no-quebeque\/\"},\"wordCount\":200,\"publisher\":{\"@id\":\"http:\/\/veganoptioncanada.ca\/pt-pt\/#organization\"},\"image\":{\"@id\":\"https:\/\/veganoptioncanada.ca\/pt-pt\/noticias\/campanha-oficial-do-veganismo-etico-e-dos-direitos-humanos-no-quebeque\/#primaryimage\"},\"thumbnailUrl\":\"https:\/\/veganoptioncanada.ca\/wp-content\/uploads\/2019\/05\/germ-2871773_640.jpg\",\"articleSection\":[\"Campanhas\",\"Not\u00edcias\"],\"inLanguage\":\"pt-PT\"},{\"@type\":\"WebPage\",\"@id\":\"https:\/\/veganoptioncanada.ca\/pt-pt\/noticias\/campanha-oficial-do-veganismo-etico-e-dos-direitos-humanos-no-quebeque\/\",\"url\":\"https:\/\/veganoptioncanada.ca\/pt-pt\/noticias\/campanha-oficial-do-veganismo-etico-e-dos-direitos-humanos-no-quebeque\/\",\"name\":\"Campanha oficial do veganismo \u00e9tico e dos direitos humanos no Quebeque - Op\u00e7\u00e3o Vegana Canad\u00e1\",\"isPartOf\":{\"@id\":\"http:\/\/veganoptioncanada.ca\/pt-pt\/#website\"},\"primaryImageOfPage\":{\"@id\":\"https:\/\/veganoptioncanada.ca\/pt-pt\/noticias\/campanha-oficial-do-veganismo-etico-e-dos-direitos-humanos-no-quebeque\/#primaryimage\"},\"image\":{\"@id\":\"https:\/\/veganoptioncanada.ca\/pt-pt\/noticias\/campanha-oficial-do-veganismo-etico-e-dos-direitos-humanos-no-quebeque\/#primaryimage\"},\"thumbnailUrl\":\"https:\/\/veganoptioncanada.ca\/wp-content\/uploads\/2019\/05\/germ-2871773_640.jpg\",\"datePublished\":\"2019-05-17T13:31:00+00:00\",\"dateModified\":\"2025-03-30T03:16:56+00:00\",\"breadcrumb\":{\"@id\":\"https:\/\/veganoptioncanada.ca\/pt-pt\/noticias\/campanha-oficial-do-veganismo-etico-e-dos-direitos-humanos-no-quebeque\/#breadcrumb\"},\"inLanguage\":\"pt-PT\",\"potentialAction\":[{\"@type\":\"ReadAction\",\"target\":[\"https:\/\/veganoptioncanada.ca\/pt-pt\/noticias\/campanha-oficial-do-veganismo-etico-e-dos-direitos-humanos-no-quebeque\/\"]}]},{\"@type\":\"ImageObject\",\"inLanguage\":\"pt-PT\",\"@id\":\"https:\/\/veganoptioncanada.ca\/pt-pt\/noticias\/campanha-oficial-do-veganismo-etico-e-dos-direitos-humanos-no-quebeque\/#primaryimage\",\"url\":\"https:\/\/veganoptioncanada.ca\/wp-content\/uploads\/2019\/05\/germ-2871773_640.jpg\",\"contentUrl\":\"https:\/\/veganoptioncanada.ca\/wp-content\/uploads\/2019\/05\/germ-2871773_640.jpg\",\"width\":640,\"height\":489},{\"@type\":\"BreadcrumbList\",\"@id\":\"https:\/\/veganoptioncanada.ca\/pt-pt\/noticias\/campanha-oficial-do-veganismo-etico-e-dos-direitos-humanos-no-quebeque\/#breadcrumb\",\"itemListElement\":[{\"@type\":\"ListItem\",\"position\":1,\"name\":\"Home\",\"item\":\"https:\/\/veganoptioncanada.ca\/pt-pt\/\"},{\"@type\":\"ListItem\",\"position\":2,\"name\":\"Campanha oficial do veganismo \u00e9tico e dos direitos humanos no Quebeque\"}]},{\"@type\":\"WebSite\",\"@id\":\"http:\/\/veganoptioncanada.ca\/pt-pt\/#website\",\"url\":\"http:\/\/veganoptioncanada.ca\/pt-pt\/\",\"name\":\"Vegan Option Canada - Option V\u00e9gane Canada\",\"description\":\"\",\"publisher\":{\"@id\":\"http:\/\/veganoptioncanada.ca\/pt-pt\/#organization\"},\"potentialAction\":[{\"@type\":\"SearchAction\",\"target\":{\"@type\":\"EntryPoint\",\"urlTemplate\":\"http:\/\/veganoptioncanada.ca\/pt-pt\/?s={search_term_string}\"},\"query-input\":{\"@type\":\"PropertyValueSpecification\",\"valueRequired\":true,\"valueName\":\"search_term_string\"}}],\"inLanguage\":\"pt-PT\"},{\"@type\":\"Organization\",\"@id\":\"http:\/\/veganoptioncanada.ca\/pt-pt\/#organization\",\"name\":\"Vegan Option Canada\",\"url\":\"http:\/\/veganoptioncanada.ca\/pt-pt\/\",\"logo\":{\"@type\":\"ImageObject\",\"inLanguage\":\"pt-PT\",\"@id\":\"http:\/\/veganoptioncanada.ca\/pt-pt\/#\/schema\/logo\/image\/\",\"url\":\"http:\/\/veganoptioncanada.ca\/wp-content\/uploads\/2021\/04\/Logo_OVC_transparent_web.png\",\"contentUrl\":\"http:\/\/veganoptioncanada.ca\/wp-content\/uploads\/2021\/04\/Logo_OVC_transparent_web.png\",\"width\":200,\"height\":200,\"caption\":\"Vegan Option Canada\"},\"image\":{\"@id\":\"http:\/\/veganoptioncanada.ca\/pt-pt\/#\/schema\/logo\/image\/\"},\"sameAs\":[\"https:\/\/www.facebook.com\/VOOVCanada\/\",\"https:\/\/x.com\/CanadaVegan\",\"https:\/\/instagram.com\/veganoptioncanada\/\",\"https:\/\/www.youtube.com\/channel\/UCDVCrc0eUMbWkdRwsUQi4Hw\"]},{\"@type\":\"Person\",\"@id\":\"http:\/\/veganoptioncanada.ca\/pt-pt\/#\/schema\/person\/9212ba9961ec51f55b60bab6ae51c478\",\"name\":\"Editeur\",\"url\":\"https:\/\/veganoptioncanada.ca\/pt-pt\/author\/editeur\/\"}]}<\/script>\n<!-- \/ Yoast SEO plugin. -->","yoast_head_json":{"title":"Campanha oficial do veganismo \u00e9tico e dos direitos humanos no Quebeque - Op\u00e7\u00e3o Vegana Canad\u00e1","robots":{"index":"index","follow":"follow","max-snippet":"max-snippet:-1","max-image-preview":"max-image-preview:large","max-video-preview":"max-video-preview:-1"},"canonical":"https:\/\/veganoptioncanada.ca\/pt-pt\/noticias\/campanha-oficial-do-veganismo-etico-e-dos-direitos-humanos-no-quebeque\/","og_locale":"pt_PT","og_type":"article","og_title":"Campanha oficial do veganismo \u00e9tico e dos direitos humanos no Quebeque - Op\u00e7\u00e3o Vegana Canad\u00e1","og_description":"A escolha de alimentos \u00e0 base de plantas \u00e9 um direito humano individual direito humano individualA sec\u00e7\u00e3o 2A da Carta Canadiana dos Direitos e Liberdades confere a todos os cidad\u00e3os canadianos o direito liberdade de consci\u00eancia. Le veganismo \u00e9tico pode ser visto como um exemplo de um sistema de cren\u00e7as ou ideologia secular. Consequentemente, as [&hellip;]","og_url":"https:\/\/veganoptioncanada.ca\/pt-pt\/noticias\/campanha-oficial-do-veganismo-etico-e-dos-direitos-humanos-no-quebeque\/","og_site_name":"Op\u00e7\u00e3o Vegana Canad\u00e1","article_publisher":"https:\/\/www.facebook.com\/VOOVCanada\/","article_published_time":"2019-05-17T13:31:00+00:00","article_modified_time":"2025-03-30T03:16:56+00:00","og_image":[{"width":640,"height":489,"url":"https:\/\/veganoptioncanada.ca\/wp-content\/uploads\/2019\/05\/germ-2871773_640.jpg","type":"image\/jpeg"}],"author":"Editeur","twitter_card":"summary_large_image","twitter_creator":"@CanadaVegan","twitter_site":"@CanadaVegan","twitter_misc":{"Escrito por":"Editeur","Tempo estimado de leitura":"1 minuto"},"schema":{"@context":"https:\/\/schema.org","@graph":[{"@type":"Article","@id":"https:\/\/veganoptioncanada.ca\/pt-pt\/noticias\/campanha-oficial-do-veganismo-etico-e-dos-direitos-humanos-no-quebeque\/#article","isPartOf":{"@id":"https:\/\/veganoptioncanada.ca\/pt-pt\/noticias\/campanha-oficial-do-veganismo-etico-e-dos-direitos-humanos-no-quebeque\/"},"author":{"name":"Editeur","@id":"http:\/\/veganoptioncanada.ca\/pt-pt\/#\/schema\/person\/9212ba9961ec51f55b60bab6ae51c478"},"headline":"Campanha oficial do veganismo \u00e9tico e dos direitos humanos no Quebeque","datePublished":"2019-05-17T13:31:00+00:00","dateModified":"2025-03-30T03:16:56+00:00","mainEntityOfPage":{"@id":"https:\/\/veganoptioncanada.ca\/pt-pt\/noticias\/campanha-oficial-do-veganismo-etico-e-dos-direitos-humanos-no-quebeque\/"},"wordCount":200,"publisher":{"@id":"http:\/\/veganoptioncanada.ca\/pt-pt\/#organization"},"image":{"@id":"https:\/\/veganoptioncanada.ca\/pt-pt\/noticias\/campanha-oficial-do-veganismo-etico-e-dos-direitos-humanos-no-quebeque\/#primaryimage"},"thumbnailUrl":"https:\/\/veganoptioncanada.ca\/wp-content\/uploads\/2019\/05\/germ-2871773_640.jpg","articleSection":["Campanhas","Not\u00edcias"],"inLanguage":"pt-PT"},{"@type":"WebPage","@id":"https:\/\/veganoptioncanada.ca\/pt-pt\/noticias\/campanha-oficial-do-veganismo-etico-e-dos-direitos-humanos-no-quebeque\/","url":"https:\/\/veganoptioncanada.ca\/pt-pt\/noticias\/campanha-oficial-do-veganismo-etico-e-dos-direitos-humanos-no-quebeque\/","name":"Campanha oficial do veganismo \u00e9tico e dos direitos humanos no Quebeque - Op\u00e7\u00e3o Vegana Canad\u00e1","isPartOf":{"@id":"http:\/\/veganoptioncanada.ca\/pt-pt\/#website"},"primaryImageOfPage":{"@id":"https:\/\/veganoptioncanada.ca\/pt-pt\/noticias\/campanha-oficial-do-veganismo-etico-e-dos-direitos-humanos-no-quebeque\/#primaryimage"},"image":{"@id":"https:\/\/veganoptioncanada.ca\/pt-pt\/noticias\/campanha-oficial-do-veganismo-etico-e-dos-direitos-humanos-no-quebeque\/#primaryimage"},"thumbnailUrl":"https:\/\/veganoptioncanada.ca\/wp-content\/uploads\/2019\/05\/germ-2871773_640.jpg","datePublished":"2019-05-17T13:31:00+00:00","dateModified":"2025-03-30T03:16:56+00:00","breadcrumb":{"@id":"https:\/\/veganoptioncanada.ca\/pt-pt\/noticias\/campanha-oficial-do-veganismo-etico-e-dos-direitos-humanos-no-quebeque\/#breadcrumb"},"inLanguage":"pt-PT","potentialAction":[{"@type":"ReadAction","target":["https:\/\/veganoptioncanada.ca\/pt-pt\/noticias\/campanha-oficial-do-veganismo-etico-e-dos-direitos-humanos-no-quebeque\/"]}]},{"@type":"ImageObject","inLanguage":"pt-PT","@id":"https:\/\/veganoptioncanada.ca\/pt-pt\/noticias\/campanha-oficial-do-veganismo-etico-e-dos-direitos-humanos-no-quebeque\/#primaryimage","url":"https:\/\/veganoptioncanada.ca\/wp-content\/uploads\/2019\/05\/germ-2871773_640.jpg","contentUrl":"https:\/\/veganoptioncanada.ca\/wp-content\/uploads\/2019\/05\/germ-2871773_640.jpg","width":640,"height":489},{"@type":"BreadcrumbList","@id":"https:\/\/veganoptioncanada.ca\/pt-pt\/noticias\/campanha-oficial-do-veganismo-etico-e-dos-direitos-humanos-no-quebeque\/#breadcrumb","itemListElement":[{"@type":"ListItem","position":1,"name":"Home","item":"https:\/\/veganoptioncanada.ca\/pt-pt\/"},{"@type":"ListItem","position":2,"name":"Campanha oficial do veganismo \u00e9tico e dos direitos humanos no Quebeque"}]},{"@type":"WebSite","@id":"http:\/\/veganoptioncanada.ca\/pt-pt\/#website","url":"http:\/\/veganoptioncanada.ca\/pt-pt\/","name":"Vegan Option Canada - Option V\u00e9gane Canada","description":"","publisher":{"@id":"http:\/\/veganoptioncanada.ca\/pt-pt\/#organization"},"potentialAction":[{"@type":"SearchAction","target":{"@type":"EntryPoint","urlTemplate":"http:\/\/veganoptioncanada.ca\/pt-pt\/?s={search_term_string}"},"query-input":{"@type":"PropertyValueSpecification","valueRequired":true,"valueName":"search_term_string"}}],"inLanguage":"pt-PT"},{"@type":"Organization","@id":"http:\/\/veganoptioncanada.ca\/pt-pt\/#organization","name":"Vegan Option Canada","url":"http:\/\/veganoptioncanada.ca\/pt-pt\/","logo":{"@type":"ImageObject","inLanguage":"pt-PT","@id":"http:\/\/veganoptioncanada.ca\/pt-pt\/#\/schema\/logo\/image\/","url":"http:\/\/veganoptioncanada.ca\/wp-content\/uploads\/2021\/04\/Logo_OVC_transparent_web.png","contentUrl":"http:\/\/veganoptioncanada.ca\/wp-content\/uploads\/2021\/04\/Logo_OVC_transparent_web.png","width":200,"height":200,"caption":"Vegan Option Canada"},"image":{"@id":"http:\/\/veganoptioncanada.ca\/pt-pt\/#\/schema\/logo\/image\/"},"sameAs":["https:\/\/www.facebook.com\/VOOVCanada\/","https:\/\/x.com\/CanadaVegan","https:\/\/instagram.com\/veganoptioncanada\/","https:\/\/www.youtube.com\/channel\/UCDVCrc0eUMbWkdRwsUQi4Hw"]},{"@type":"Person","@id":"http:\/\/veganoptioncanada.ca\/pt-pt\/#\/schema\/person\/9212ba9961ec51f55b60bab6ae51c478","name":"Editeur","url":"https:\/\/veganoptioncanada.ca\/pt-pt\/author\/editeur\/"}]}},"_links":{"self":[{"href":"https:\/\/veganoptioncanada.ca\/pt-pt\/wp-json\/wp\/v2\/posts\/4407","targetHints":{"allow":["GET"]}}],"collection":[{"href":"https:\/\/veganoptioncanada.ca\/pt-pt\/wp-json\/wp\/v2\/posts"}],"about":[{"href":"https:\/\/veganoptioncanada.ca\/pt-pt\/wp-json\/wp\/v2\/types\/post"}],"author":[{"embeddable":true,"href":"https:\/\/veganoptioncanada.ca\/pt-pt\/wp-json\/wp\/v2\/users\/2"}],"replies":[{"embeddable":true,"href":"https:\/\/veganoptioncanada.ca\/pt-pt\/wp-json\/wp\/v2\/comments?post=4407"}],"version-history":[{"count":1,"href":"https:\/\/veganoptioncanada.ca\/pt-pt\/wp-json\/wp\/v2\/posts\/4407\/revisions"}],"predecessor-version":[{"id":4409,"href":"https:\/\/veganoptioncanada.ca\/pt-pt\/wp-json\/wp\/v2\/posts\/4407\/revisions\/4409"}],"wp:featuredmedia":[{"embeddable":true,"href":"https:\/\/veganoptioncanada.ca\/pt-pt\/wp-json\/wp\/v2\/media\/2018"}],"wp:attachment":[{"href":"https:\/\/veganoptioncanada.ca\/pt-pt\/wp-json\/wp\/v2\/media?parent=4407"}],"wp:term":[{"taxonomy":"category","embeddable":true,"href":"https:\/\/veganoptioncanada.ca\/pt-pt\/wp-json\/wp\/v2\/categories?post=4407"},{"taxonomy":"post_tag","embeddable":true,"href":"https:\/\/veganoptioncanada.ca\/pt-pt\/wp-json\/wp\/v2\/tags?post=4407"}],"curies":[{"name":"wp","href":"https:\/\/api.w.org\/{rel}","templated":true}]}}