{"id":4410,"date":"2020-03-25T12:22:21","date_gmt":"2020-03-25T17:22:21","guid":{"rendered":"https:\/\/veganoptioncanada.ca\/noticias\/peticao-actualizada-a-resposta-do-ministro-mapaq\/"},"modified":"2025-03-29T22:16:57","modified_gmt":"2025-03-30T03:16:57","slug":"peticao-actualizada-a-resposta-do-ministro-mapaq","status":"publish","type":"post","link":"https:\/\/veganoptioncanada.ca\/pt-pt\/peticao-do-quebeque\/peticao-actualizada-a-resposta-do-ministro-mapaq\/","title":{"rendered":"Peti\u00e7\u00e3o actualizada: A resposta do Ministro (MAPAQ)"},"content":{"rendered":"\t\t<div data-elementor-type=\"wp-post\" data-elementor-id=\"4410\" class=\"elementor elementor-4410 elementor-2367\" data-elementor-post-type=\"post\">\n\t\t\t\t\t\t<section class=\"elementor-section elementor-top-section elementor-element elementor-element-321cb779 elementor-section-boxed elementor-section-height-default elementor-section-height-default\" data-id=\"321cb779\" data-element_type=\"section\">\n\t\t\t\t\t\t<div class=\"elementor-container elementor-column-gap-default\">\n\t\t\t\t\t<div class=\"elementor-column elementor-col-100 elementor-top-column elementor-element elementor-element-73dc7246\" data-id=\"73dc7246\" data-element_type=\"column\">\n\t\t\t<div class=\"elementor-widget-wrap elementor-element-populated\">\n\t\t\t\t\t\t<div class=\"elementor-element elementor-element-a5c0d89 elementor-widget elementor-widget-heading\" data-id=\"a5c0d89\" data-element_type=\"widget\" data-widget_type=\"heading.default\">\n\t\t\t\t<div class=\"elementor-widget-container\">\n\t\t\t\t\t<h2 class=\"elementor-heading-title elementor-size-default\">25 de mar\u00e7o de 2020<\/h2>\t\t\t\t<\/div>\n\t\t\t\t<\/div>\n\t\t\t\t<div class=\"elementor-element elementor-element-2788f23 elementor-widget elementor-widget-text-editor\" data-id=\"2788f23\" data-element_type=\"widget\" data-widget_type=\"text-editor.default\">\n\t\t\t\t<div class=\"elementor-widget-container\">\n\t\t\t\t\t\t\t\t\t<p>Provavelmente sabes que a Option V\u00e9gane Canada criou uma peti\u00e7\u00e3o no Quebeque, que foi depois <a href=\"https:\/\/veganoptioncanada.org\/actualites\/notre-petition-est-maintenant-depose-a-lassemblee-nationale\/\" target=\"_blank\" rel=\"noopener noreferrer\">apresentada \u00e0 Assembleia Nacional pelo nosso patrocinador, Sol Zanetti<\/a>, em 10 de mar\u00e7o de 2020.<\/p><p>Temos o prazer de anunciar que Option Vegan Canada, Quebec Chapter, recebeu recentemente um e-mail de Jessica Ruel-Th\u00e9riault, Adida Pol\u00edtica de Sol Zanetti, informando-nos que Andr\u00e9 Lamontagne, Ministro da Agricultura, Pesca e Alimenta\u00e7\u00e3o (MAPAQ), emitiu <a href=\"https:\/\/veganoptioncanada.org\/petitionquebec\/petition-quebec-reponse-mapaq\/\" rel=\"noopener noreferrer\">uma resposta \u00e0 nossa peti\u00e7\u00e3o<\/a>. Essa \u00e9 a boa not\u00edcia&#8230; a not\u00edcia n\u00e3o t\u00e3o boa \u00e9 que o Sr. Lamontagne ainda n\u00e3o disse se pretende apoiar o nosso pedido de um projeto de lei. No entanto, prometeu que o seu governo ir\u00e1 apresentar &#8220;uma iniciativa que se centrar\u00e1, em particular, na compra de alimentos saud\u00e1veis, locais e eco-respons\u00e1veis nas institui\u00e7\u00f5es p\u00fablicas&#8221;.  <\/p><p>Respondemos \u00e0 sua carta com uma s\u00e9rie de propostas concretas, <a href=\"https:\/\/veganoptioncanada.org\/actualites\/petition-quebec-reponse-ovc\/\">que s\u00e3o apresentadas a seguir<\/a>.<\/p>\t\t\t\t\t\t\t\t<\/div>\n\t\t\t\t<\/div>\n\t\t\t\t\t<\/div>\n\t\t<\/div>\n\t\t\t\t\t<\/div>\n\t\t<\/section>\n\t\t\t\t<section class=\"elementor-section elementor-top-section elementor-element elementor-element-cc5bfc1 elementor-section-boxed elementor-section-height-default elementor-section-height-default\" data-id=\"cc5bfc1\" data-element_type=\"section\">\n\t\t\t\t\t\t<div class=\"elementor-container elementor-column-gap-default\">\n\t\t\t\t\t<div class=\"elementor-column elementor-col-100 elementor-top-column elementor-element elementor-element-5c3abc6\" data-id=\"5c3abc6\" data-element_type=\"column\">\n\t\t\t<div class=\"elementor-widget-wrap elementor-element-populated\">\n\t\t\t\t\t\t<div class=\"elementor-element elementor-element-5564358 elementor-widget elementor-widget-image\" data-id=\"5564358\" data-element_type=\"widget\" data-widget_type=\"image.default\">\n\t\t\t\t<div class=\"elementor-widget-container\">\n\t\t\t\t\t\t\t\t\t\t\t\t\t\t\t<img fetchpriority=\"high\" decoding=\"async\" width=\"513\" height=\"514\" src=\"https:\/\/veganoptioncanada.ca\/wp-content\/uploads\/2020\/03\/Canadian-Food-Guide.png\" class=\"attachment-large size-large wp-image-3334\" alt=\"\" srcset=\"https:\/\/veganoptioncanada.ca\/wp-content\/uploads\/2020\/03\/Canadian-Food-Guide.png 513w, https:\/\/veganoptioncanada.ca\/wp-content\/uploads\/2020\/03\/Canadian-Food-Guide-300x300.png 300w, https:\/\/veganoptioncanada.ca\/wp-content\/uploads\/2020\/03\/Canadian-Food-Guide-150x150.png 150w\" sizes=\"(max-width: 513px) 100vw, 513px\" \/>\t\t\t\t\t\t\t\t\t\t\t\t\t\t\t<\/div>\n\t\t\t\t<\/div>\n\t\t\t\t<div class=\"elementor-element elementor-element-a48e77b elementor-widget elementor-widget-text-editor\" data-id=\"a48e77b\" data-element_type=\"widget\" data-widget_type=\"text-editor.default\">\n\t\t\t\t<div class=\"elementor-widget-container\">\n\t\t\t\t\t\t\t\t\t<p style=\"text-align: center;\">Do novo <a href=\"https:\/\/guide-alimentaire.canada.ca\/fr\/\" target=\"_blank\" rel=\"noopener noreferrer\">guia alimentar do Canad\u00e1<\/a><\/p>\t\t\t\t\t\t\t\t<\/div>\n\t\t\t\t<\/div>\n\t\t\t\t\t<\/div>\n\t\t<\/div>\n\t\t\t\t\t<\/div>\n\t\t<\/section>\n\t\t\t\t<\/div>\n\t\t","protected":false},"excerpt":{"rendered":"<p>25 de mar\u00e7o de 2020 Provavelmente sabes que a Option V\u00e9gane Canada criou uma peti\u00e7\u00e3o no Quebeque, que foi depois apresentada \u00e0 Assembleia Nacional pelo nosso patrocinador, Sol Zanetti, em 10 de mar\u00e7o de 2020. Temos o prazer de anunciar que Option Vegan Canada, Quebec Chapter, recebeu recentemente um e-mail de Jessica Ruel-Th\u00e9riault, Adida Pol\u00edtica [&hellip;]<\/p>\n","protected":false},"author":9,"featured_media":2380,"comment_status":"closed","ping_status":"closed","sticky":false,"template":"","format":"standard","meta":{"footnotes":""},"categories":[45,81],"tags":[84,83],"class_list":["post-4410","post","type-post","status-publish","format-standard","has-post-thumbnail","hentry","category-noticias","category-peticao-do-quebeque","tag-mapaq-pt-pt","tag-peticao-do-quebeque"],"yoast_head":"<!-- This site is optimized with the Yoast SEO plugin v26.9 - https:\/\/yoast.com\/product\/yoast-seo-wordpress\/ -->\n<title>Peti\u00e7\u00e3o actualizada: A resposta do Ministro (MAPAQ) - Op\u00e7\u00e3o Vegana Canad\u00e1<\/title>\n<meta name=\"description\" content=\"Convidamos-te a ler a resposta do MAPAQ e a nossa pr\u00f3pria contrarresposta.\" \/>\n<meta name=\"robots\" content=\"index, follow, max-snippet:-1, max-image-preview:large, max-video-preview:-1\" \/>\n<link rel=\"canonical\" href=\"https:\/\/veganoptioncanada.ca\/pt-pt\/peticao-do-quebeque\/peticao-actualizada-a-resposta-do-ministro-mapaq\/\" \/>\n<meta property=\"og:locale\" content=\"pt_PT\" \/>\n<meta property=\"og:type\" content=\"article\" \/>\n<meta property=\"og:title\" content=\"Peti\u00e7\u00e3o actualizada: A resposta do Ministro (MAPAQ) - Op\u00e7\u00e3o Vegana Canad\u00e1\" \/>\n<meta property=\"og:description\" content=\"Convidamos-te a ler a resposta do MAPAQ e a nossa pr\u00f3pria contrarresposta.\" \/>\n<meta property=\"og:url\" content=\"https:\/\/veganoptioncanada.ca\/pt-pt\/peticao-do-quebeque\/peticao-actualizada-a-resposta-do-ministro-mapaq\/\" \/>\n<meta property=\"og:site_name\" content=\"Op\u00e7\u00e3o Vegana Canad\u00e1\" \/>\n<meta property=\"article:publisher\" content=\"https:\/\/www.facebook.com\/VOOVCanada\/\" \/>\n<meta property=\"article:published_time\" content=\"2020-03-25T17:22:21+00:00\" \/>\n<meta property=\"article:modified_time\" content=\"2025-03-30T03:16:57+00:00\" \/>\n<meta property=\"og:image\" content=\"https:\/\/veganoptioncanada.ca\/wp-content\/uploads\/2020\/03\/Screen-Shot-2020-03-25-at-12.16.46-PM.png\" \/>\n\t<meta property=\"og:image:width\" content=\"513\" \/>\n\t<meta property=\"og:image:height\" content=\"514\" \/>\n\t<meta property=\"og:image:type\" content=\"image\/png\" \/>\n<meta name=\"author\" content=\"Cym Gomery\" \/>\n<meta name=\"twitter:card\" content=\"summary_large_image\" \/>\n<meta name=\"twitter:creator\" content=\"@CanadaVegan\" \/>\n<meta name=\"twitter:site\" content=\"@CanadaVegan\" \/>\n<meta name=\"twitter:label1\" content=\"Escrito por\" \/>\n\t<meta name=\"twitter:data1\" content=\"Cym Gomery\" \/>\n\t<meta name=\"twitter:label2\" content=\"Tempo estimado de leitura\" \/>\n\t<meta name=\"twitter:data2\" content=\"1 minuto\" \/>\n<script type=\"application\/ld+json\" class=\"yoast-schema-graph\">{\"@context\":\"https:\/\/schema.org\",\"@graph\":[{\"@type\":\"Article\",\"@id\":\"https:\/\/veganoptioncanada.ca\/pt-pt\/peticao-do-quebeque\/peticao-actualizada-a-resposta-do-ministro-mapaq\/#article\",\"isPartOf\":{\"@id\":\"https:\/\/veganoptioncanada.ca\/pt-pt\/peticao-do-quebeque\/peticao-actualizada-a-resposta-do-ministro-mapaq\/\"},\"author\":{\"name\":\"Cym Gomery\",\"@id\":\"http:\/\/veganoptioncanada.ca\/pt-pt\/#\/schema\/person\/0506a0d1aae8b04adf5c3d98828f365e\"},\"headline\":\"Peti\u00e7\u00e3o actualizada: A resposta do Ministro (MAPAQ)\",\"datePublished\":\"2020-03-25T17:22:21+00:00\",\"dateModified\":\"2025-03-30T03:16:57+00:00\",\"mainEntityOfPage\":{\"@id\":\"https:\/\/veganoptioncanada.ca\/pt-pt\/peticao-do-quebeque\/peticao-actualizada-a-resposta-do-ministro-mapaq\/\"},\"wordCount\":170,\"publisher\":{\"@id\":\"http:\/\/veganoptioncanada.ca\/pt-pt\/#organization\"},\"image\":{\"@id\":\"https:\/\/veganoptioncanada.ca\/pt-pt\/peticao-do-quebeque\/peticao-actualizada-a-resposta-do-ministro-mapaq\/#primaryimage\"},\"thumbnailUrl\":\"https:\/\/veganoptioncanada.ca\/wp-content\/uploads\/2020\/03\/Screen-Shot-2020-03-25-at-12.16.46-PM.png\",\"keywords\":[\"MAPAQ\",\"Peti\u00e7\u00e3o do Quebeque\"],\"articleSection\":[\"Not\u00edcias\",\"Peti\u00e7\u00e3o do Quebeque\"],\"inLanguage\":\"pt-PT\"},{\"@type\":\"WebPage\",\"@id\":\"https:\/\/veganoptioncanada.ca\/pt-pt\/peticao-do-quebeque\/peticao-actualizada-a-resposta-do-ministro-mapaq\/\",\"url\":\"https:\/\/veganoptioncanada.ca\/pt-pt\/peticao-do-quebeque\/peticao-actualizada-a-resposta-do-ministro-mapaq\/\",\"name\":\"Peti\u00e7\u00e3o actualizada: A resposta do Ministro (MAPAQ) - Op\u00e7\u00e3o Vegana Canad\u00e1\",\"isPartOf\":{\"@id\":\"http:\/\/veganoptioncanada.ca\/pt-pt\/#website\"},\"primaryImageOfPage\":{\"@id\":\"https:\/\/veganoptioncanada.ca\/pt-pt\/peticao-do-quebeque\/peticao-actualizada-a-resposta-do-ministro-mapaq\/#primaryimage\"},\"image\":{\"@id\":\"https:\/\/veganoptioncanada.ca\/pt-pt\/peticao-do-quebeque\/peticao-actualizada-a-resposta-do-ministro-mapaq\/#primaryimage\"},\"thumbnailUrl\":\"https:\/\/veganoptioncanada.ca\/wp-content\/uploads\/2020\/03\/Screen-Shot-2020-03-25-at-12.16.46-PM.png\",\"datePublished\":\"2020-03-25T17:22:21+00:00\",\"dateModified\":\"2025-03-30T03:16:57+00:00\",\"description\":\"Convidamos-te a ler a resposta do MAPAQ e a nossa pr\u00f3pria contrarresposta.\",\"breadcrumb\":{\"@id\":\"https:\/\/veganoptioncanada.ca\/pt-pt\/peticao-do-quebeque\/peticao-actualizada-a-resposta-do-ministro-mapaq\/#breadcrumb\"},\"inLanguage\":\"pt-PT\",\"potentialAction\":[{\"@type\":\"ReadAction\",\"target\":[\"https:\/\/veganoptioncanada.ca\/pt-pt\/peticao-do-quebeque\/peticao-actualizada-a-resposta-do-ministro-mapaq\/\"]}]},{\"@type\":\"ImageObject\",\"inLanguage\":\"pt-PT\",\"@id\":\"https:\/\/veganoptioncanada.ca\/pt-pt\/peticao-do-quebeque\/peticao-actualizada-a-resposta-do-ministro-mapaq\/#primaryimage\",\"url\":\"https:\/\/veganoptioncanada.ca\/wp-content\/uploads\/2020\/03\/Screen-Shot-2020-03-25-at-12.16.46-PM.png\",\"contentUrl\":\"https:\/\/veganoptioncanada.ca\/wp-content\/uploads\/2020\/03\/Screen-Shot-2020-03-25-at-12.16.46-PM.png\",\"width\":513,\"height\":514,\"caption\":\"Le guide recommande de manger le l\u00e9gumes et fruits en abondance... Les produits laiti\u00e8rs ne sont plus consid\u00e9r\u00e9s comme n\u00e9cessaires\"},{\"@type\":\"BreadcrumbList\",\"@id\":\"https:\/\/veganoptioncanada.ca\/pt-pt\/peticao-do-quebeque\/peticao-actualizada-a-resposta-do-ministro-mapaq\/#breadcrumb\",\"itemListElement\":[{\"@type\":\"ListItem\",\"position\":1,\"name\":\"Home\",\"item\":\"https:\/\/veganoptioncanada.ca\/pt-pt\/\"},{\"@type\":\"ListItem\",\"position\":2,\"name\":\"Peti\u00e7\u00e3o actualizada: A resposta do Ministro (MAPAQ)\"}]},{\"@type\":\"WebSite\",\"@id\":\"http:\/\/veganoptioncanada.ca\/pt-pt\/#website\",\"url\":\"http:\/\/veganoptioncanada.ca\/pt-pt\/\",\"name\":\"Vegan Option Canada - Option V\u00e9gane Canada\",\"description\":\"\",\"publisher\":{\"@id\":\"http:\/\/veganoptioncanada.ca\/pt-pt\/#organization\"},\"potentialAction\":[{\"@type\":\"SearchAction\",\"target\":{\"@type\":\"EntryPoint\",\"urlTemplate\":\"http:\/\/veganoptioncanada.ca\/pt-pt\/?s={search_term_string}\"},\"query-input\":{\"@type\":\"PropertyValueSpecification\",\"valueRequired\":true,\"valueName\":\"search_term_string\"}}],\"inLanguage\":\"pt-PT\"},{\"@type\":\"Organization\",\"@id\":\"http:\/\/veganoptioncanada.ca\/pt-pt\/#organization\",\"name\":\"Vegan Option Canada\",\"url\":\"http:\/\/veganoptioncanada.ca\/pt-pt\/\",\"logo\":{\"@type\":\"ImageObject\",\"inLanguage\":\"pt-PT\",\"@id\":\"http:\/\/veganoptioncanada.ca\/pt-pt\/#\/schema\/logo\/image\/\",\"url\":\"http:\/\/veganoptioncanada.ca\/wp-content\/uploads\/2021\/04\/Logo_OVC_transparent_web.png\",\"contentUrl\":\"http:\/\/veganoptioncanada.ca\/wp-content\/uploads\/2021\/04\/Logo_OVC_transparent_web.png\",\"width\":200,\"height\":200,\"caption\":\"Vegan Option Canada\"},\"image\":{\"@id\":\"http:\/\/veganoptioncanada.ca\/pt-pt\/#\/schema\/logo\/image\/\"},\"sameAs\":[\"https:\/\/www.facebook.com\/VOOVCanada\/\",\"https:\/\/x.com\/CanadaVegan\",\"https:\/\/instagram.com\/veganoptioncanada\/\",\"https:\/\/www.youtube.com\/channel\/UCDVCrc0eUMbWkdRwsUQi4Hw\"]},{\"@type\":\"Person\",\"@id\":\"http:\/\/veganoptioncanada.ca\/pt-pt\/#\/schema\/person\/0506a0d1aae8b04adf5c3d98828f365e\",\"name\":\"Cym Gomery\",\"url\":\"https:\/\/veganoptioncanada.ca\/pt-pt\/author\/kim\/\"}]}<\/script>\n<!-- \/ Yoast SEO plugin. -->","yoast_head_json":{"title":"Peti\u00e7\u00e3o actualizada: A resposta do Ministro (MAPAQ) - Op\u00e7\u00e3o Vegana Canad\u00e1","description":"Convidamos-te a ler a resposta do MAPAQ e a nossa pr\u00f3pria contrarresposta.","robots":{"index":"index","follow":"follow","max-snippet":"max-snippet:-1","max-image-preview":"max-image-preview:large","max-video-preview":"max-video-preview:-1"},"canonical":"https:\/\/veganoptioncanada.ca\/pt-pt\/peticao-do-quebeque\/peticao-actualizada-a-resposta-do-ministro-mapaq\/","og_locale":"pt_PT","og_type":"article","og_title":"Peti\u00e7\u00e3o actualizada: A resposta do Ministro (MAPAQ) - Op\u00e7\u00e3o Vegana Canad\u00e1","og_description":"Convidamos-te a ler a resposta do MAPAQ e a nossa pr\u00f3pria contrarresposta.","og_url":"https:\/\/veganoptioncanada.ca\/pt-pt\/peticao-do-quebeque\/peticao-actualizada-a-resposta-do-ministro-mapaq\/","og_site_name":"Op\u00e7\u00e3o Vegana Canad\u00e1","article_publisher":"https:\/\/www.facebook.com\/VOOVCanada\/","article_published_time":"2020-03-25T17:22:21+00:00","article_modified_time":"2025-03-30T03:16:57+00:00","og_image":[{"width":513,"height":514,"url":"https:\/\/veganoptioncanada.ca\/wp-content\/uploads\/2020\/03\/Screen-Shot-2020-03-25-at-12.16.46-PM.png","type":"image\/png"}],"author":"Cym Gomery","twitter_card":"summary_large_image","twitter_creator":"@CanadaVegan","twitter_site":"@CanadaVegan","twitter_misc":{"Escrito por":"Cym Gomery","Tempo estimado de leitura":"1 minuto"},"schema":{"@context":"https:\/\/schema.org","@graph":[{"@type":"Article","@id":"https:\/\/veganoptioncanada.ca\/pt-pt\/peticao-do-quebeque\/peticao-actualizada-a-resposta-do-ministro-mapaq\/#article","isPartOf":{"@id":"https:\/\/veganoptioncanada.ca\/pt-pt\/peticao-do-quebeque\/peticao-actualizada-a-resposta-do-ministro-mapaq\/"},"author":{"name":"Cym Gomery","@id":"http:\/\/veganoptioncanada.ca\/pt-pt\/#\/schema\/person\/0506a0d1aae8b04adf5c3d98828f365e"},"headline":"Peti\u00e7\u00e3o actualizada: A resposta do Ministro (MAPAQ)","datePublished":"2020-03-25T17:22:21+00:00","dateModified":"2025-03-30T03:16:57+00:00","mainEntityOfPage":{"@id":"https:\/\/veganoptioncanada.ca\/pt-pt\/peticao-do-quebeque\/peticao-actualizada-a-resposta-do-ministro-mapaq\/"},"wordCount":170,"publisher":{"@id":"http:\/\/veganoptioncanada.ca\/pt-pt\/#organization"},"image":{"@id":"https:\/\/veganoptioncanada.ca\/pt-pt\/peticao-do-quebeque\/peticao-actualizada-a-resposta-do-ministro-mapaq\/#primaryimage"},"thumbnailUrl":"https:\/\/veganoptioncanada.ca\/wp-content\/uploads\/2020\/03\/Screen-Shot-2020-03-25-at-12.16.46-PM.png","keywords":["MAPAQ","Peti\u00e7\u00e3o do Quebeque"],"articleSection":["Not\u00edcias","Peti\u00e7\u00e3o do Quebeque"],"inLanguage":"pt-PT"},{"@type":"WebPage","@id":"https:\/\/veganoptioncanada.ca\/pt-pt\/peticao-do-quebeque\/peticao-actualizada-a-resposta-do-ministro-mapaq\/","url":"https:\/\/veganoptioncanada.ca\/pt-pt\/peticao-do-quebeque\/peticao-actualizada-a-resposta-do-ministro-mapaq\/","name":"Peti\u00e7\u00e3o actualizada: A resposta do Ministro (MAPAQ) - Op\u00e7\u00e3o Vegana Canad\u00e1","isPartOf":{"@id":"http:\/\/veganoptioncanada.ca\/pt-pt\/#website"},"primaryImageOfPage":{"@id":"https:\/\/veganoptioncanada.ca\/pt-pt\/peticao-do-quebeque\/peticao-actualizada-a-resposta-do-ministro-mapaq\/#primaryimage"},"image":{"@id":"https:\/\/veganoptioncanada.ca\/pt-pt\/peticao-do-quebeque\/peticao-actualizada-a-resposta-do-ministro-mapaq\/#primaryimage"},"thumbnailUrl":"https:\/\/veganoptioncanada.ca\/wp-content\/uploads\/2020\/03\/Screen-Shot-2020-03-25-at-12.16.46-PM.png","datePublished":"2020-03-25T17:22:21+00:00","dateModified":"2025-03-30T03:16:57+00:00","description":"Convidamos-te a ler a resposta do MAPAQ e a nossa pr\u00f3pria contrarresposta.","breadcrumb":{"@id":"https:\/\/veganoptioncanada.ca\/pt-pt\/peticao-do-quebeque\/peticao-actualizada-a-resposta-do-ministro-mapaq\/#breadcrumb"},"inLanguage":"pt-PT","potentialAction":[{"@type":"ReadAction","target":["https:\/\/veganoptioncanada.ca\/pt-pt\/peticao-do-quebeque\/peticao-actualizada-a-resposta-do-ministro-mapaq\/"]}]},{"@type":"ImageObject","inLanguage":"pt-PT","@id":"https:\/\/veganoptioncanada.ca\/pt-pt\/peticao-do-quebeque\/peticao-actualizada-a-resposta-do-ministro-mapaq\/#primaryimage","url":"https:\/\/veganoptioncanada.ca\/wp-content\/uploads\/2020\/03\/Screen-Shot-2020-03-25-at-12.16.46-PM.png","contentUrl":"https:\/\/veganoptioncanada.ca\/wp-content\/uploads\/2020\/03\/Screen-Shot-2020-03-25-at-12.16.46-PM.png","width":513,"height":514,"caption":"Le guide recommande de manger le l\u00e9gumes et fruits en abondance... Les produits laiti\u00e8rs ne sont plus consid\u00e9r\u00e9s comme n\u00e9cessaires"},{"@type":"BreadcrumbList","@id":"https:\/\/veganoptioncanada.ca\/pt-pt\/peticao-do-quebeque\/peticao-actualizada-a-resposta-do-ministro-mapaq\/#breadcrumb","itemListElement":[{"@type":"ListItem","position":1,"name":"Home","item":"https:\/\/veganoptioncanada.ca\/pt-pt\/"},{"@type":"ListItem","position":2,"name":"Peti\u00e7\u00e3o actualizada: A resposta do Ministro (MAPAQ)"}]},{"@type":"WebSite","@id":"http:\/\/veganoptioncanada.ca\/pt-pt\/#website","url":"http:\/\/veganoptioncanada.ca\/pt-pt\/","name":"Vegan Option Canada - Option V\u00e9gane Canada","description":"","publisher":{"@id":"http:\/\/veganoptioncanada.ca\/pt-pt\/#organization"},"potentialAction":[{"@type":"SearchAction","target":{"@type":"EntryPoint","urlTemplate":"http:\/\/veganoptioncanada.ca\/pt-pt\/?s={search_term_string}"},"query-input":{"@type":"PropertyValueSpecification","valueRequired":true,"valueName":"search_term_string"}}],"inLanguage":"pt-PT"},{"@type":"Organization","@id":"http:\/\/veganoptioncanada.ca\/pt-pt\/#organization","name":"Vegan Option Canada","url":"http:\/\/veganoptioncanada.ca\/pt-pt\/","logo":{"@type":"ImageObject","inLanguage":"pt-PT","@id":"http:\/\/veganoptioncanada.ca\/pt-pt\/#\/schema\/logo\/image\/","url":"http:\/\/veganoptioncanada.ca\/wp-content\/uploads\/2021\/04\/Logo_OVC_transparent_web.png","contentUrl":"http:\/\/veganoptioncanada.ca\/wp-content\/uploads\/2021\/04\/Logo_OVC_transparent_web.png","width":200,"height":200,"caption":"Vegan Option Canada"},"image":{"@id":"http:\/\/veganoptioncanada.ca\/pt-pt\/#\/schema\/logo\/image\/"},"sameAs":["https:\/\/www.facebook.com\/VOOVCanada\/","https:\/\/x.com\/CanadaVegan","https:\/\/instagram.com\/veganoptioncanada\/","https:\/\/www.youtube.com\/channel\/UCDVCrc0eUMbWkdRwsUQi4Hw"]},{"@type":"Person","@id":"http:\/\/veganoptioncanada.ca\/pt-pt\/#\/schema\/person\/0506a0d1aae8b04adf5c3d98828f365e","name":"Cym Gomery","url":"https:\/\/veganoptioncanada.ca\/pt-pt\/author\/kim\/"}]}},"_links":{"self":[{"href":"https:\/\/veganoptioncanada.ca\/pt-pt\/wp-json\/wp\/v2\/posts\/4410","targetHints":{"allow":["GET"]}}],"collection":[{"href":"https:\/\/veganoptioncanada.ca\/pt-pt\/wp-json\/wp\/v2\/posts"}],"about":[{"href":"https:\/\/veganoptioncanada.ca\/pt-pt\/wp-json\/wp\/v2\/types\/post"}],"author":[{"embeddable":true,"href":"https:\/\/veganoptioncanada.ca\/pt-pt\/wp-json\/wp\/v2\/users\/9"}],"replies":[{"embeddable":true,"href":"https:\/\/veganoptioncanada.ca\/pt-pt\/wp-json\/wp\/v2\/comments?post=4410"}],"version-history":[{"count":1,"href":"https:\/\/veganoptioncanada.ca\/pt-pt\/wp-json\/wp\/v2\/posts\/4410\/revisions"}],"predecessor-version":[{"id":4412,"href":"https:\/\/veganoptioncanada.ca\/pt-pt\/wp-json\/wp\/v2\/posts\/4410\/revisions\/4412"}],"wp:featuredmedia":[{"embeddable":true,"href":"https:\/\/veganoptioncanada.ca\/pt-pt\/wp-json\/wp\/v2\/media\/2380"}],"wp:attachment":[{"href":"https:\/\/veganoptioncanada.ca\/pt-pt\/wp-json\/wp\/v2\/media?parent=4410"}],"wp:term":[{"taxonomy":"category","embeddable":true,"href":"https:\/\/veganoptioncanada.ca\/pt-pt\/wp-json\/wp\/v2\/categories?post=4410"},{"taxonomy":"post_tag","embeddable":true,"href":"https:\/\/veganoptioncanada.ca\/pt-pt\/wp-json\/wp\/v2\/tags?post=4410"}],"curies":[{"name":"wp","href":"https:\/\/api.w.org\/{rel}","templated":true}]}}