{"id":4411,"date":"2019-04-23T10:11:49","date_gmt":"2019-04-23T15:11:49","guid":{"rendered":"https:\/\/veganoptioncanada.ca\/noticias\/voluntario-para-coordenar-a-seccao-do-quebeque-de-options-veganes-quebec\/"},"modified":"2019-04-23T10:11:49","modified_gmt":"2019-04-23T15:11:49","slug":"voluntario-para-coordenar-a-seccao-do-quebeque-de-options-veganes-quebec","status":"publish","type":"post","link":"https:\/\/veganoptioncanada.ca\/pt-pt\/vagas-disponiveis\/voluntario-para-coordenar-a-seccao-do-quebeque-de-options-veganes-quebec\/","title":{"rendered":"Volunt\u00e1rio para coordenar a sec\u00e7\u00e3o do Quebeque de Options V\u00e9ganes Qu\u00e9bec"},"content":{"rendered":"<p><strong>A Option V\u00e9gane Canada<\/strong> \u00e9 uma organiza\u00e7\u00e3o pan-canadiana sem fins lucrativos e de ativismo pol\u00edtico, registada como cidad\u00e3, que procura proporcionar o acesso a op\u00e7\u00f5es veganas numa variedade de \u00e1reas, incluindo a alimenta\u00e7\u00e3o. Mais especificamente, o nosso movimento procura alterar as leis canadianas para tornar obrigat\u00f3rias as op\u00e7\u00f5es veganas em todos os servi\u00e7os p\u00fablicos de alimenta\u00e7\u00e3o sob jurisdi\u00e7\u00e3o federal, provincial ou municipal. Isto inclui, mas n\u00e3o se limita a, todos os hospitais, universidades, centros de idosos, escolas, etc. <\/p>\n<p>Os seus princ\u00edpios fundadores s\u00e3o a horizontalidade, a descentraliza\u00e7\u00e3o do poder e a abordagem pragm\u00e1tico-compaix\u00e3o, que abra\u00e7a os valores da compaix\u00e3o, da resist\u00eancia n\u00e3o violenta e da racionalidade.<\/p>\n<p>Valores e prioridades: aliviar o sofrimento no mundo<\/p>\n<p>Objectivos: Melhorar a condi\u00e7\u00e3o dos animais e dos seres humanos, proteger o ambiente e a sa\u00fade humana.<\/p>\n<h1>Descreve:<\/h1>\n<p>Est\u00e1s interessado em fazer parte de um grupo horizontal, descentralizado, inovador e din\u00e2mico?<\/p>\n<p>Interessas-te pela alimenta\u00e7\u00e3o vegana, pelo ambiente, pela condi\u00e7\u00e3o animal, pelos direitos humanos ou tens talento para a escrita, o design gr\u00e1fico, a comunica\u00e7\u00e3o, o direito ou simplesmente a energia?<\/p>\n<p>\u00c9s a pessoa certa para nos ajudar a criar uma nova paisagem pol\u00edtica e social no Canad\u00e1!<\/p>\n<p>Atrevemo-nos a reivindicar o nosso direito a comer, vestir e viver de acordo com as nossas convic\u00e7\u00f5es mais profundas.<\/p>\n<h2>Descri\u00e7\u00e3o das tarefas<\/h2>\n<ul>\n<li>O objetivo do coordenador \u00e9 fazer avan\u00e7ar o projeto Op\u00e7\u00e3o V\u00e9gane Qu\u00e9bec. \u00c9 a for\u00e7a motriz do movimento no Quebeque.\n<ol>\n<li>Comunica as prioridades futuras \u00e0 equipa de CQ.<\/li>\n<li>Inicia uma peti\u00e7\u00e3o oficial da prov\u00edncia a partir da nossa <a href=\"https:\/\/veganoptioncanada.org\/petition-quebec\/\">peti\u00e7\u00e3o web<\/a>.\n<ol>\n<li>Encontrar um patrocinador no governo provincial<\/li>\n<li>Junta-te ao OVC CoCom<\/li>\n<li>Desenvolver a estrat\u00e9gia provincial<\/li>\n<\/ol>\n<\/li>\n<li>Interage com outros coordenadores a n\u00edvel municipal, provincial e nacional.<\/li>\n<\/ol>\n<\/li>\n<\/ul>\n<h2>Benef\u00edcios<\/h2>\n<ul>\n<li>Satisfa\u00e7\u00e3o por fazer parte de uma causa importante<\/li>\n<li>Expande a tua rede de contactos pessoais e profissionais<\/li>\n<li>Desenvolver as tuas capacidades de lideran\u00e7a, comunica\u00e7\u00e3o e gest\u00e3o de projectos<\/li>\n<li>Possibilidade de forma\u00e7\u00e3o em comunica\u00e7\u00e3o com Alex Bez (apenas em ingl\u00eas).<\/li>\n<\/ul>\n","protected":false},"excerpt":{"rendered":"<p>A Option V\u00e9gane Canada \u00e9 uma organiza\u00e7\u00e3o pan-canadiana sem fins lucrativos e de ativismo pol\u00edtico, registada como cidad\u00e3, que procura proporcionar o acesso a op\u00e7\u00f5es veganas numa variedade de \u00e1reas, incluindo a alimenta\u00e7\u00e3o. Mais especificamente, o nosso movimento procura alterar as leis canadianas para tornar obrigat\u00f3rias as op\u00e7\u00f5es veganas em todos os servi\u00e7os p\u00fablicos de [&hellip;]<\/p>\n","protected":false},"author":1,"featured_media":0,"comment_status":"closed","ping_status":"closed","sticky":false,"template":"","format":"standard","meta":{"footnotes":""},"categories":[85],"tags":[],"class_list":["post-4411","post","type-post","status-publish","format-standard","hentry","category-vagas-disponiveis"],"yoast_head":"<!-- This site is optimized with the Yoast SEO plugin v26.9 - https:\/\/yoast.com\/product\/yoast-seo-wordpress\/ -->\n<title>Volunt\u00e1rio para coordenar a sec\u00e7\u00e3o do Quebeque de Options V\u00e9ganes Qu\u00e9bec - Op\u00e7\u00e3o Vegana Canad\u00e1<\/title>\n<meta name=\"robots\" content=\"index, follow, max-snippet:-1, max-image-preview:large, max-video-preview:-1\" \/>\n<link rel=\"canonical\" href=\"https:\/\/veganoptioncanada.ca\/pt-pt\/vagas-disponiveis\/voluntario-para-coordenar-a-seccao-do-quebeque-de-options-veganes-quebec\/\" \/>\n<meta property=\"og:locale\" content=\"pt_PT\" \/>\n<meta property=\"og:type\" content=\"article\" \/>\n<meta property=\"og:title\" content=\"Volunt\u00e1rio para coordenar a sec\u00e7\u00e3o do Quebeque de Options V\u00e9ganes Qu\u00e9bec - Op\u00e7\u00e3o Vegana Canad\u00e1\" \/>\n<meta property=\"og:description\" content=\"A Option V\u00e9gane Canada \u00e9 uma organiza\u00e7\u00e3o pan-canadiana sem fins lucrativos e de ativismo pol\u00edtico, registada como cidad\u00e3, que procura proporcionar o acesso a op\u00e7\u00f5es veganas numa variedade de \u00e1reas, incluindo a alimenta\u00e7\u00e3o. Mais especificamente, o nosso movimento procura alterar as leis canadianas para tornar obrigat\u00f3rias as op\u00e7\u00f5es veganas em todos os servi\u00e7os p\u00fablicos de [&hellip;]\" \/>\n<meta property=\"og:url\" content=\"https:\/\/veganoptioncanada.ca\/pt-pt\/vagas-disponiveis\/voluntario-para-coordenar-a-seccao-do-quebeque-de-options-veganes-quebec\/\" \/>\n<meta property=\"og:site_name\" content=\"Op\u00e7\u00e3o Vegana Canad\u00e1\" \/>\n<meta property=\"article:publisher\" content=\"https:\/\/www.facebook.com\/VOOVCanada\/\" \/>\n<meta property=\"article:published_time\" content=\"2019-04-23T15:11:49+00:00\" \/>\n<meta name=\"author\" content=\"OVC\" \/>\n<meta name=\"twitter:card\" content=\"summary_large_image\" \/>\n<meta name=\"twitter:creator\" content=\"@CanadaVegan\" \/>\n<meta name=\"twitter:site\" content=\"@CanadaVegan\" \/>\n<meta name=\"twitter:label1\" content=\"Escrito por\" \/>\n\t<meta name=\"twitter:data1\" content=\"OVC\" \/>\n\t<meta name=\"twitter:label2\" content=\"Tempo estimado de leitura\" \/>\n\t<meta name=\"twitter:data2\" content=\"2 minutos\" \/>\n<script type=\"application\/ld+json\" class=\"yoast-schema-graph\">{\"@context\":\"https:\/\/schema.org\",\"@graph\":[{\"@type\":\"Article\",\"@id\":\"https:\/\/veganoptioncanada.ca\/pt-pt\/vagas-disponiveis\/voluntario-para-coordenar-a-seccao-do-quebeque-de-options-veganes-quebec\/#article\",\"isPartOf\":{\"@id\":\"https:\/\/veganoptioncanada.ca\/pt-pt\/vagas-disponiveis\/voluntario-para-coordenar-a-seccao-do-quebeque-de-options-veganes-quebec\/\"},\"author\":{\"name\":\"OVC\",\"@id\":\"http:\/\/veganoptioncanada.ca\/pt-pt\/#\/schema\/person\/12f6b19e087f2d8727cb6d97d2dfdb0a\"},\"headline\":\"Volunt\u00e1rio para coordenar a sec\u00e7\u00e3o do Quebeque de Options V\u00e9ganes Qu\u00e9bec\",\"datePublished\":\"2019-04-23T15:11:49+00:00\",\"mainEntityOfPage\":{\"@id\":\"https:\/\/veganoptioncanada.ca\/pt-pt\/vagas-disponiveis\/voluntario-para-coordenar-a-seccao-do-quebeque-de-options-veganes-quebec\/\"},\"wordCount\":378,\"publisher\":{\"@id\":\"http:\/\/veganoptioncanada.ca\/pt-pt\/#organization\"},\"articleSection\":[\"Vagas dispon\u00edveis\"],\"inLanguage\":\"pt-PT\"},{\"@type\":\"WebPage\",\"@id\":\"https:\/\/veganoptioncanada.ca\/pt-pt\/vagas-disponiveis\/voluntario-para-coordenar-a-seccao-do-quebeque-de-options-veganes-quebec\/\",\"url\":\"https:\/\/veganoptioncanada.ca\/pt-pt\/vagas-disponiveis\/voluntario-para-coordenar-a-seccao-do-quebeque-de-options-veganes-quebec\/\",\"name\":\"Volunt\u00e1rio para coordenar a sec\u00e7\u00e3o do Quebeque de Options V\u00e9ganes Qu\u00e9bec - Op\u00e7\u00e3o Vegana Canad\u00e1\",\"isPartOf\":{\"@id\":\"http:\/\/veganoptioncanada.ca\/pt-pt\/#website\"},\"datePublished\":\"2019-04-23T15:11:49+00:00\",\"breadcrumb\":{\"@id\":\"https:\/\/veganoptioncanada.ca\/pt-pt\/vagas-disponiveis\/voluntario-para-coordenar-a-seccao-do-quebeque-de-options-veganes-quebec\/#breadcrumb\"},\"inLanguage\":\"pt-PT\",\"potentialAction\":[{\"@type\":\"ReadAction\",\"target\":[\"https:\/\/veganoptioncanada.ca\/pt-pt\/vagas-disponiveis\/voluntario-para-coordenar-a-seccao-do-quebeque-de-options-veganes-quebec\/\"]}]},{\"@type\":\"BreadcrumbList\",\"@id\":\"https:\/\/veganoptioncanada.ca\/pt-pt\/vagas-disponiveis\/voluntario-para-coordenar-a-seccao-do-quebeque-de-options-veganes-quebec\/#breadcrumb\",\"itemListElement\":[{\"@type\":\"ListItem\",\"position\":1,\"name\":\"Home\",\"item\":\"https:\/\/veganoptioncanada.ca\/pt-pt\/\"},{\"@type\":\"ListItem\",\"position\":2,\"name\":\"Volunt\u00e1rio para coordenar a sec\u00e7\u00e3o do Quebeque de Options V\u00e9ganes Qu\u00e9bec\"}]},{\"@type\":\"WebSite\",\"@id\":\"http:\/\/veganoptioncanada.ca\/pt-pt\/#website\",\"url\":\"http:\/\/veganoptioncanada.ca\/pt-pt\/\",\"name\":\"Vegan Option Canada - Option V\u00e9gane Canada\",\"description\":\"\",\"publisher\":{\"@id\":\"http:\/\/veganoptioncanada.ca\/pt-pt\/#organization\"},\"potentialAction\":[{\"@type\":\"SearchAction\",\"target\":{\"@type\":\"EntryPoint\",\"urlTemplate\":\"http:\/\/veganoptioncanada.ca\/pt-pt\/?s={search_term_string}\"},\"query-input\":{\"@type\":\"PropertyValueSpecification\",\"valueRequired\":true,\"valueName\":\"search_term_string\"}}],\"inLanguage\":\"pt-PT\"},{\"@type\":\"Organization\",\"@id\":\"http:\/\/veganoptioncanada.ca\/pt-pt\/#organization\",\"name\":\"Vegan Option Canada\",\"url\":\"http:\/\/veganoptioncanada.ca\/pt-pt\/\",\"logo\":{\"@type\":\"ImageObject\",\"inLanguage\":\"pt-PT\",\"@id\":\"http:\/\/veganoptioncanada.ca\/pt-pt\/#\/schema\/logo\/image\/\",\"url\":\"http:\/\/veganoptioncanada.ca\/wp-content\/uploads\/2021\/04\/Logo_OVC_transparent_web.png\",\"contentUrl\":\"http:\/\/veganoptioncanada.ca\/wp-content\/uploads\/2021\/04\/Logo_OVC_transparent_web.png\",\"width\":200,\"height\":200,\"caption\":\"Vegan Option Canada\"},\"image\":{\"@id\":\"http:\/\/veganoptioncanada.ca\/pt-pt\/#\/schema\/logo\/image\/\"},\"sameAs\":[\"https:\/\/www.facebook.com\/VOOVCanada\/\",\"https:\/\/x.com\/CanadaVegan\",\"https:\/\/instagram.com\/veganoptioncanada\/\",\"https:\/\/www.youtube.com\/channel\/UCDVCrc0eUMbWkdRwsUQi4Hw\"]},{\"@type\":\"Person\",\"@id\":\"http:\/\/veganoptioncanada.ca\/pt-pt\/#\/schema\/person\/12f6b19e087f2d8727cb6d97d2dfdb0a\",\"name\":\"OVC\",\"url\":\"https:\/\/veganoptioncanada.ca\/pt-pt\/author\/adminov\/\"}]}<\/script>\n<!-- \/ Yoast SEO plugin. -->","yoast_head_json":{"title":"Volunt\u00e1rio para coordenar a sec\u00e7\u00e3o do Quebeque de Options V\u00e9ganes Qu\u00e9bec - Op\u00e7\u00e3o Vegana Canad\u00e1","robots":{"index":"index","follow":"follow","max-snippet":"max-snippet:-1","max-image-preview":"max-image-preview:large","max-video-preview":"max-video-preview:-1"},"canonical":"https:\/\/veganoptioncanada.ca\/pt-pt\/vagas-disponiveis\/voluntario-para-coordenar-a-seccao-do-quebeque-de-options-veganes-quebec\/","og_locale":"pt_PT","og_type":"article","og_title":"Volunt\u00e1rio para coordenar a sec\u00e7\u00e3o do Quebeque de Options V\u00e9ganes Qu\u00e9bec - Op\u00e7\u00e3o Vegana Canad\u00e1","og_description":"A Option V\u00e9gane Canada \u00e9 uma organiza\u00e7\u00e3o pan-canadiana sem fins lucrativos e de ativismo pol\u00edtico, registada como cidad\u00e3, que procura proporcionar o acesso a op\u00e7\u00f5es veganas numa variedade de \u00e1reas, incluindo a alimenta\u00e7\u00e3o. Mais especificamente, o nosso movimento procura alterar as leis canadianas para tornar obrigat\u00f3rias as op\u00e7\u00f5es veganas em todos os servi\u00e7os p\u00fablicos de [&hellip;]","og_url":"https:\/\/veganoptioncanada.ca\/pt-pt\/vagas-disponiveis\/voluntario-para-coordenar-a-seccao-do-quebeque-de-options-veganes-quebec\/","og_site_name":"Op\u00e7\u00e3o Vegana Canad\u00e1","article_publisher":"https:\/\/www.facebook.com\/VOOVCanada\/","article_published_time":"2019-04-23T15:11:49+00:00","author":"OVC","twitter_card":"summary_large_image","twitter_creator":"@CanadaVegan","twitter_site":"@CanadaVegan","twitter_misc":{"Escrito por":"OVC","Tempo estimado de leitura":"2 minutos"},"schema":{"@context":"https:\/\/schema.org","@graph":[{"@type":"Article","@id":"https:\/\/veganoptioncanada.ca\/pt-pt\/vagas-disponiveis\/voluntario-para-coordenar-a-seccao-do-quebeque-de-options-veganes-quebec\/#article","isPartOf":{"@id":"https:\/\/veganoptioncanada.ca\/pt-pt\/vagas-disponiveis\/voluntario-para-coordenar-a-seccao-do-quebeque-de-options-veganes-quebec\/"},"author":{"name":"OVC","@id":"http:\/\/veganoptioncanada.ca\/pt-pt\/#\/schema\/person\/12f6b19e087f2d8727cb6d97d2dfdb0a"},"headline":"Volunt\u00e1rio para coordenar a sec\u00e7\u00e3o do Quebeque de Options V\u00e9ganes Qu\u00e9bec","datePublished":"2019-04-23T15:11:49+00:00","mainEntityOfPage":{"@id":"https:\/\/veganoptioncanada.ca\/pt-pt\/vagas-disponiveis\/voluntario-para-coordenar-a-seccao-do-quebeque-de-options-veganes-quebec\/"},"wordCount":378,"publisher":{"@id":"http:\/\/veganoptioncanada.ca\/pt-pt\/#organization"},"articleSection":["Vagas dispon\u00edveis"],"inLanguage":"pt-PT"},{"@type":"WebPage","@id":"https:\/\/veganoptioncanada.ca\/pt-pt\/vagas-disponiveis\/voluntario-para-coordenar-a-seccao-do-quebeque-de-options-veganes-quebec\/","url":"https:\/\/veganoptioncanada.ca\/pt-pt\/vagas-disponiveis\/voluntario-para-coordenar-a-seccao-do-quebeque-de-options-veganes-quebec\/","name":"Volunt\u00e1rio para coordenar a sec\u00e7\u00e3o do Quebeque de Options V\u00e9ganes Qu\u00e9bec - Op\u00e7\u00e3o Vegana Canad\u00e1","isPartOf":{"@id":"http:\/\/veganoptioncanada.ca\/pt-pt\/#website"},"datePublished":"2019-04-23T15:11:49+00:00","breadcrumb":{"@id":"https:\/\/veganoptioncanada.ca\/pt-pt\/vagas-disponiveis\/voluntario-para-coordenar-a-seccao-do-quebeque-de-options-veganes-quebec\/#breadcrumb"},"inLanguage":"pt-PT","potentialAction":[{"@type":"ReadAction","target":["https:\/\/veganoptioncanada.ca\/pt-pt\/vagas-disponiveis\/voluntario-para-coordenar-a-seccao-do-quebeque-de-options-veganes-quebec\/"]}]},{"@type":"BreadcrumbList","@id":"https:\/\/veganoptioncanada.ca\/pt-pt\/vagas-disponiveis\/voluntario-para-coordenar-a-seccao-do-quebeque-de-options-veganes-quebec\/#breadcrumb","itemListElement":[{"@type":"ListItem","position":1,"name":"Home","item":"https:\/\/veganoptioncanada.ca\/pt-pt\/"},{"@type":"ListItem","position":2,"name":"Volunt\u00e1rio para coordenar a sec\u00e7\u00e3o do Quebeque de Options V\u00e9ganes Qu\u00e9bec"}]},{"@type":"WebSite","@id":"http:\/\/veganoptioncanada.ca\/pt-pt\/#website","url":"http:\/\/veganoptioncanada.ca\/pt-pt\/","name":"Vegan Option Canada - Option V\u00e9gane Canada","description":"","publisher":{"@id":"http:\/\/veganoptioncanada.ca\/pt-pt\/#organization"},"potentialAction":[{"@type":"SearchAction","target":{"@type":"EntryPoint","urlTemplate":"http:\/\/veganoptioncanada.ca\/pt-pt\/?s={search_term_string}"},"query-input":{"@type":"PropertyValueSpecification","valueRequired":true,"valueName":"search_term_string"}}],"inLanguage":"pt-PT"},{"@type":"Organization","@id":"http:\/\/veganoptioncanada.ca\/pt-pt\/#organization","name":"Vegan Option Canada","url":"http:\/\/veganoptioncanada.ca\/pt-pt\/","logo":{"@type":"ImageObject","inLanguage":"pt-PT","@id":"http:\/\/veganoptioncanada.ca\/pt-pt\/#\/schema\/logo\/image\/","url":"http:\/\/veganoptioncanada.ca\/wp-content\/uploads\/2021\/04\/Logo_OVC_transparent_web.png","contentUrl":"http:\/\/veganoptioncanada.ca\/wp-content\/uploads\/2021\/04\/Logo_OVC_transparent_web.png","width":200,"height":200,"caption":"Vegan Option Canada"},"image":{"@id":"http:\/\/veganoptioncanada.ca\/pt-pt\/#\/schema\/logo\/image\/"},"sameAs":["https:\/\/www.facebook.com\/VOOVCanada\/","https:\/\/x.com\/CanadaVegan","https:\/\/instagram.com\/veganoptioncanada\/","https:\/\/www.youtube.com\/channel\/UCDVCrc0eUMbWkdRwsUQi4Hw"]},{"@type":"Person","@id":"http:\/\/veganoptioncanada.ca\/pt-pt\/#\/schema\/person\/12f6b19e087f2d8727cb6d97d2dfdb0a","name":"OVC","url":"https:\/\/veganoptioncanada.ca\/pt-pt\/author\/adminov\/"}]}},"_links":{"self":[{"href":"https:\/\/veganoptioncanada.ca\/pt-pt\/wp-json\/wp\/v2\/posts\/4411","targetHints":{"allow":["GET"]}}],"collection":[{"href":"https:\/\/veganoptioncanada.ca\/pt-pt\/wp-json\/wp\/v2\/posts"}],"about":[{"href":"https:\/\/veganoptioncanada.ca\/pt-pt\/wp-json\/wp\/v2\/types\/post"}],"author":[{"embeddable":true,"href":"https:\/\/veganoptioncanada.ca\/pt-pt\/wp-json\/wp\/v2\/users\/1"}],"replies":[{"embeddable":true,"href":"https:\/\/veganoptioncanada.ca\/pt-pt\/wp-json\/wp\/v2\/comments?post=4411"}],"version-history":[{"count":0,"href":"https:\/\/veganoptioncanada.ca\/pt-pt\/wp-json\/wp\/v2\/posts\/4411\/revisions"}],"wp:attachment":[{"href":"https:\/\/veganoptioncanada.ca\/pt-pt\/wp-json\/wp\/v2\/media?parent=4411"}],"wp:term":[{"taxonomy":"category","embeddable":true,"href":"https:\/\/veganoptioncanada.ca\/pt-pt\/wp-json\/wp\/v2\/categories?post=4411"},{"taxonomy":"post_tag","embeddable":true,"href":"https:\/\/veganoptioncanada.ca\/pt-pt\/wp-json\/wp\/v2\/tags?post=4411"}],"curies":[{"name":"wp","href":"https:\/\/api.w.org\/{rel}","templated":true}]}}