{"id":4414,"date":"2019-12-19T15:15:03","date_gmt":"2019-12-19T20:15:03","guid":{"rendered":"https:\/\/veganoptioncanada.ca\/noticias\/a-nossa-peticao-ja-foi-apresentada-a-assembleia-nacional\/"},"modified":"2025-03-29T22:16:57","modified_gmt":"2025-03-30T03:16:57","slug":"a-nossa-peticao-ja-foi-apresentada-a-assembleia-nacional","status":"publish","type":"post","link":"https:\/\/veganoptioncanada.ca\/pt-pt\/noticias\/a-nossa-peticao-ja-foi-apresentada-a-assembleia-nacional\/","title":{"rendered":"A nossa peti\u00e7\u00e3o j\u00e1 foi apresentada \u00e0 Assembleia Nacional!"},"content":{"rendered":"\t\t<div data-elementor-type=\"wp-post\" data-elementor-id=\"4414\" class=\"elementor elementor-4414 elementor-2303\" data-elementor-post-type=\"post\">\n\t\t\t\t\t\t<section class=\"elementor-section elementor-top-section elementor-element elementor-element-256a1d99 elementor-section-boxed elementor-section-height-default elementor-section-height-default\" data-id=\"256a1d99\" data-element_type=\"section\">\n\t\t\t\t\t\t<div class=\"elementor-container elementor-column-gap-default\">\n\t\t\t\t\t<div class=\"elementor-column elementor-col-100 elementor-top-column elementor-element elementor-element-c6ed856\" data-id=\"c6ed856\" data-element_type=\"column\">\n\t\t\t<div class=\"elementor-widget-wrap elementor-element-populated\">\n\t\t\t\t\t\t<div class=\"elementor-element elementor-element-f5dc0e4 elementor-widget elementor-widget-text-editor\" data-id=\"f5dc0e4\" data-element_type=\"widget\" data-widget_type=\"text-editor.default\">\n\t\t\t\t<div class=\"elementor-widget-container\">\n\t\t\t\t\t\t\t\t\t<p>Em 19 de dezembro de 2019, fic\u00e1mos a saber que <a href=\"https:\/\/veganoptioncanada.org\/petition-quebec\/\" target=\"_blank\" rel=\"noopener noreferrer\">a nossa peti\u00e7\u00e3o<\/a> a favor das op\u00e7\u00f5es veganas foi apresentada na Assembleia Nacional! Podes assistir \u00e0 apresenta\u00e7\u00e3o da peti\u00e7\u00e3o, pelo nosso patrocinador, Jean-Lesage MNA Sol Zanetti: <\/p>\t\t\t\t\t\t\t\t<\/div>\n\t\t\t\t<\/div>\n\t\t\t\t<div class=\"elementor-element elementor-element-6a396a42 elementor-widget elementor-widget-text-editor\" data-id=\"6a396a42\" data-element_type=\"widget\" data-widget_type=\"text-editor.default\">\n\t\t\t\t<div class=\"elementor-widget-container\">\n\t\t\t\t\t\t\t\t\t<div style=\"width: 800px;\" class=\"wp-video\"><video class=\"wp-video-shortcode\" id=\"video-4414-1\" width=\"800\" height=\"450\" preload=\"metadata\" controls=\"controls\"><source type=\"video\/mp4\" src=\"https:\/\/veganoptioncanada.org\/wp-content\/uploads\/2019\/12\/20191205_JLesage_Petition.mp4?_=1\" \/><a href=\"https:\/\/veganoptioncanada.org\/wp-content\/uploads\/2019\/12\/20191205_JLesage_Petition.mp4\">https:\/\/veganoptioncanada.org\/wp-content\/uploads\/2019\/12\/20191205_JLesage_Petition.mp4<\/a><\/video><\/div>\t\t\t\t\t\t\t\t<\/div>\n\t\t\t\t<\/div>\n\t\t\t\t\t<\/div>\n\t\t<\/div>\n\t\t\t\t\t<\/div>\n\t\t<\/section>\n\t\t\t\t<section class=\"elementor-section elementor-top-section elementor-element elementor-element-eb9b7e3 elementor-section-boxed elementor-section-height-default elementor-section-height-default\" data-id=\"eb9b7e3\" data-element_type=\"section\">\n\t\t\t\t\t\t<div class=\"elementor-container elementor-column-gap-default\">\n\t\t\t\t\t<div class=\"elementor-column elementor-col-100 elementor-top-column elementor-element elementor-element-615d8c3\" data-id=\"615d8c3\" data-element_type=\"column\">\n\t\t\t<div class=\"elementor-widget-wrap elementor-element-populated\">\n\t\t\t\t\t\t<div class=\"elementor-element elementor-element-b2a5e07 elementor-widget elementor-widget-text-editor\" data-id=\"b2a5e07\" data-element_type=\"widget\" data-widget_type=\"text-editor.default\">\n\t\t\t\t<div class=\"elementor-widget-container\">\n\t\t\t\t\t\t\t\t\t<p>Obrigado a todas as 1298 pessoas que <a href=\"https:\/\/www.assnat.qc.ca\/fr\/exprimez-votre-opinion\/petition\/Petition-7991\/index.html\" target=\"_blank\" rel=\"noopener noreferrer\">assinaram a peti\u00e7\u00e3o<\/a>: foi gra\u00e7as a ti que atingimos este marco! Gostar\u00edamos tamb\u00e9m de agradecer a alguns dos nossos parceiros, como a Associa\u00e7\u00e3o Vegetariana de Montreal, que nos ajudaram a partilhar a peti\u00e7\u00e3o dentro do prazo de tr\u00eas meses previsto para a partilhar. <\/p><p>O gabinete do senhor deputado Zanetti informou-nos de que ir\u00e1 falar com o respons\u00e1vel pelos trabalhos parlamentares do Quebeque Solid\u00e1rio na Assembleia Nacional e que nos manter\u00e1 informados das suas reflex\u00f5es e dos passos a dar para garantir o \u00eaxito de um eventual projeto de lei. <\/p>\t\t\t\t\t\t\t\t<\/div>\n\t\t\t\t<\/div>\n\t\t\t\t\t<\/div>\n\t\t<\/div>\n\t\t\t\t\t<\/div>\n\t\t<\/section>\n\t\t\t\t<\/div>\n\t\t","protected":false},"excerpt":{"rendered":"<p>Em 19 de dezembro de 2019, fic\u00e1mos a saber que a nossa peti\u00e7\u00e3o a favor das op\u00e7\u00f5es veganas foi apresentada na Assembleia Nacional! Podes assistir \u00e0 apresenta\u00e7\u00e3o da peti\u00e7\u00e3o, pelo nosso patrocinador, Jean-Lesage MNA Sol Zanetti: Obrigado a todas as 1298 pessoas que assinaram a peti\u00e7\u00e3o: foi gra\u00e7as a ti que atingimos este marco! Gostar\u00edamos [&hellip;]<\/p>\n","protected":false},"author":9,"featured_media":0,"comment_status":"closed","ping_status":"closed","sticky":false,"template":"","format":"standard","meta":{"footnotes":""},"categories":[45,81],"tags":[83],"class_list":["post-4414","post","type-post","status-publish","format-standard","hentry","category-noticias","category-peticao-do-quebeque","tag-peticao-do-quebeque"],"yoast_head":"<!-- This site is optimized with the Yoast SEO plugin v26.9 - https:\/\/yoast.com\/product\/yoast-seo-wordpress\/ -->\n<title>A nossa peti\u00e7\u00e3o j\u00e1 foi apresentada \u00e0 Assembleia Nacional! - Op\u00e7\u00e3o Vegana Canad\u00e1<\/title>\n<meta name=\"robots\" content=\"index, follow, max-snippet:-1, max-image-preview:large, max-video-preview:-1\" \/>\n<link rel=\"canonical\" href=\"https:\/\/veganoptioncanada.ca\/pt-pt\/noticias\/a-nossa-peticao-ja-foi-apresentada-a-assembleia-nacional\/\" \/>\n<meta property=\"og:locale\" content=\"pt_PT\" \/>\n<meta property=\"og:type\" content=\"article\" \/>\n<meta property=\"og:title\" content=\"A nossa peti\u00e7\u00e3o j\u00e1 foi apresentada \u00e0 Assembleia Nacional! - Op\u00e7\u00e3o Vegana Canad\u00e1\" \/>\n<meta property=\"og:description\" content=\"Em 19 de dezembro de 2019, fic\u00e1mos a saber que a nossa peti\u00e7\u00e3o a favor das op\u00e7\u00f5es veganas foi apresentada na Assembleia Nacional! Podes assistir \u00e0 apresenta\u00e7\u00e3o da peti\u00e7\u00e3o, pelo nosso patrocinador, Jean-Lesage MNA Sol Zanetti: Obrigado a todas as 1298 pessoas que assinaram a peti\u00e7\u00e3o: foi gra\u00e7as a ti que atingimos este marco! Gostar\u00edamos [&hellip;]\" \/>\n<meta property=\"og:url\" content=\"https:\/\/veganoptioncanada.ca\/pt-pt\/noticias\/a-nossa-peticao-ja-foi-apresentada-a-assembleia-nacional\/\" \/>\n<meta property=\"og:site_name\" content=\"Op\u00e7\u00e3o Vegana Canad\u00e1\" \/>\n<meta property=\"article:publisher\" content=\"https:\/\/www.facebook.com\/VOOVCanada\/\" \/>\n<meta property=\"article:published_time\" content=\"2019-12-19T20:15:03+00:00\" \/>\n<meta property=\"article:modified_time\" content=\"2025-03-30T03:16:57+00:00\" \/>\n<meta name=\"author\" content=\"Cym Gomery\" \/>\n<meta name=\"twitter:card\" content=\"summary_large_image\" \/>\n<meta name=\"twitter:creator\" content=\"@CanadaVegan\" \/>\n<meta name=\"twitter:site\" content=\"@CanadaVegan\" \/>\n<meta name=\"twitter:label1\" content=\"Escrito por\" \/>\n\t<meta name=\"twitter:data1\" content=\"Cym Gomery\" \/>\n\t<meta name=\"twitter:label2\" content=\"Tempo estimado de leitura\" \/>\n\t<meta name=\"twitter:data2\" content=\"1 minuto\" \/>\n<script type=\"application\/ld+json\" class=\"yoast-schema-graph\">{\"@context\":\"https:\/\/schema.org\",\"@graph\":[{\"@type\":\"Article\",\"@id\":\"https:\/\/veganoptioncanada.ca\/pt-pt\/noticias\/a-nossa-peticao-ja-foi-apresentada-a-assembleia-nacional\/#article\",\"isPartOf\":{\"@id\":\"https:\/\/veganoptioncanada.ca\/pt-pt\/noticias\/a-nossa-peticao-ja-foi-apresentada-a-assembleia-nacional\/\"},\"author\":{\"name\":\"Cym Gomery\",\"@id\":\"http:\/\/veganoptioncanada.ca\/pt-pt\/#\/schema\/person\/0506a0d1aae8b04adf5c3d98828f365e\"},\"headline\":\"A nossa peti\u00e7\u00e3o j\u00e1 foi apresentada \u00e0 Assembleia Nacional!\",\"datePublished\":\"2019-12-19T20:15:03+00:00\",\"dateModified\":\"2025-03-30T03:16:57+00:00\",\"mainEntityOfPage\":{\"@id\":\"https:\/\/veganoptioncanada.ca\/pt-pt\/noticias\/a-nossa-peticao-ja-foi-apresentada-a-assembleia-nacional\/\"},\"wordCount\":165,\"publisher\":{\"@id\":\"http:\/\/veganoptioncanada.ca\/pt-pt\/#organization\"},\"keywords\":[\"Peti\u00e7\u00e3o do Quebeque\"],\"articleSection\":[\"Not\u00edcias\",\"Peti\u00e7\u00e3o do Quebeque\"],\"inLanguage\":\"pt-PT\"},{\"@type\":\"WebPage\",\"@id\":\"https:\/\/veganoptioncanada.ca\/pt-pt\/noticias\/a-nossa-peticao-ja-foi-apresentada-a-assembleia-nacional\/\",\"url\":\"https:\/\/veganoptioncanada.ca\/pt-pt\/noticias\/a-nossa-peticao-ja-foi-apresentada-a-assembleia-nacional\/\",\"name\":\"A nossa peti\u00e7\u00e3o j\u00e1 foi apresentada \u00e0 Assembleia Nacional! - Op\u00e7\u00e3o Vegana Canad\u00e1\",\"isPartOf\":{\"@id\":\"http:\/\/veganoptioncanada.ca\/pt-pt\/#website\"},\"datePublished\":\"2019-12-19T20:15:03+00:00\",\"dateModified\":\"2025-03-30T03:16:57+00:00\",\"breadcrumb\":{\"@id\":\"https:\/\/veganoptioncanada.ca\/pt-pt\/noticias\/a-nossa-peticao-ja-foi-apresentada-a-assembleia-nacional\/#breadcrumb\"},\"inLanguage\":\"pt-PT\",\"potentialAction\":[{\"@type\":\"ReadAction\",\"target\":[\"https:\/\/veganoptioncanada.ca\/pt-pt\/noticias\/a-nossa-peticao-ja-foi-apresentada-a-assembleia-nacional\/\"]}]},{\"@type\":\"BreadcrumbList\",\"@id\":\"https:\/\/veganoptioncanada.ca\/pt-pt\/noticias\/a-nossa-peticao-ja-foi-apresentada-a-assembleia-nacional\/#breadcrumb\",\"itemListElement\":[{\"@type\":\"ListItem\",\"position\":1,\"name\":\"Home\",\"item\":\"https:\/\/veganoptioncanada.ca\/pt-pt\/\"},{\"@type\":\"ListItem\",\"position\":2,\"name\":\"A nossa peti\u00e7\u00e3o j\u00e1 foi apresentada \u00e0 Assembleia Nacional!\"}]},{\"@type\":\"WebSite\",\"@id\":\"http:\/\/veganoptioncanada.ca\/pt-pt\/#website\",\"url\":\"http:\/\/veganoptioncanada.ca\/pt-pt\/\",\"name\":\"Vegan Option Canada - Option V\u00e9gane Canada\",\"description\":\"\",\"publisher\":{\"@id\":\"http:\/\/veganoptioncanada.ca\/pt-pt\/#organization\"},\"potentialAction\":[{\"@type\":\"SearchAction\",\"target\":{\"@type\":\"EntryPoint\",\"urlTemplate\":\"http:\/\/veganoptioncanada.ca\/pt-pt\/?s={search_term_string}\"},\"query-input\":{\"@type\":\"PropertyValueSpecification\",\"valueRequired\":true,\"valueName\":\"search_term_string\"}}],\"inLanguage\":\"pt-PT\"},{\"@type\":\"Organization\",\"@id\":\"http:\/\/veganoptioncanada.ca\/pt-pt\/#organization\",\"name\":\"Vegan Option Canada\",\"url\":\"http:\/\/veganoptioncanada.ca\/pt-pt\/\",\"logo\":{\"@type\":\"ImageObject\",\"inLanguage\":\"pt-PT\",\"@id\":\"http:\/\/veganoptioncanada.ca\/pt-pt\/#\/schema\/logo\/image\/\",\"url\":\"http:\/\/veganoptioncanada.ca\/wp-content\/uploads\/2021\/04\/Logo_OVC_transparent_web.png\",\"contentUrl\":\"http:\/\/veganoptioncanada.ca\/wp-content\/uploads\/2021\/04\/Logo_OVC_transparent_web.png\",\"width\":200,\"height\":200,\"caption\":\"Vegan Option Canada\"},\"image\":{\"@id\":\"http:\/\/veganoptioncanada.ca\/pt-pt\/#\/schema\/logo\/image\/\"},\"sameAs\":[\"https:\/\/www.facebook.com\/VOOVCanada\/\",\"https:\/\/x.com\/CanadaVegan\",\"https:\/\/instagram.com\/veganoptioncanada\/\",\"https:\/\/www.youtube.com\/channel\/UCDVCrc0eUMbWkdRwsUQi4Hw\"]},{\"@type\":\"Person\",\"@id\":\"http:\/\/veganoptioncanada.ca\/pt-pt\/#\/schema\/person\/0506a0d1aae8b04adf5c3d98828f365e\",\"name\":\"Cym Gomery\",\"url\":\"https:\/\/veganoptioncanada.ca\/pt-pt\/author\/kim\/\"}]}<\/script>\n<!-- \/ Yoast SEO plugin. -->","yoast_head_json":{"title":"A nossa peti\u00e7\u00e3o j\u00e1 foi apresentada \u00e0 Assembleia Nacional! - Op\u00e7\u00e3o Vegana Canad\u00e1","robots":{"index":"index","follow":"follow","max-snippet":"max-snippet:-1","max-image-preview":"max-image-preview:large","max-video-preview":"max-video-preview:-1"},"canonical":"https:\/\/veganoptioncanada.ca\/pt-pt\/noticias\/a-nossa-peticao-ja-foi-apresentada-a-assembleia-nacional\/","og_locale":"pt_PT","og_type":"article","og_title":"A nossa peti\u00e7\u00e3o j\u00e1 foi apresentada \u00e0 Assembleia Nacional! - Op\u00e7\u00e3o Vegana Canad\u00e1","og_description":"Em 19 de dezembro de 2019, fic\u00e1mos a saber que a nossa peti\u00e7\u00e3o a favor das op\u00e7\u00f5es veganas foi apresentada na Assembleia Nacional! Podes assistir \u00e0 apresenta\u00e7\u00e3o da peti\u00e7\u00e3o, pelo nosso patrocinador, Jean-Lesage MNA Sol Zanetti: Obrigado a todas as 1298 pessoas que assinaram a peti\u00e7\u00e3o: foi gra\u00e7as a ti que atingimos este marco! Gostar\u00edamos [&hellip;]","og_url":"https:\/\/veganoptioncanada.ca\/pt-pt\/noticias\/a-nossa-peticao-ja-foi-apresentada-a-assembleia-nacional\/","og_site_name":"Op\u00e7\u00e3o Vegana Canad\u00e1","article_publisher":"https:\/\/www.facebook.com\/VOOVCanada\/","article_published_time":"2019-12-19T20:15:03+00:00","article_modified_time":"2025-03-30T03:16:57+00:00","author":"Cym Gomery","twitter_card":"summary_large_image","twitter_creator":"@CanadaVegan","twitter_site":"@CanadaVegan","twitter_misc":{"Escrito por":"Cym Gomery","Tempo estimado de leitura":"1 minuto"},"schema":{"@context":"https:\/\/schema.org","@graph":[{"@type":"Article","@id":"https:\/\/veganoptioncanada.ca\/pt-pt\/noticias\/a-nossa-peticao-ja-foi-apresentada-a-assembleia-nacional\/#article","isPartOf":{"@id":"https:\/\/veganoptioncanada.ca\/pt-pt\/noticias\/a-nossa-peticao-ja-foi-apresentada-a-assembleia-nacional\/"},"author":{"name":"Cym Gomery","@id":"http:\/\/veganoptioncanada.ca\/pt-pt\/#\/schema\/person\/0506a0d1aae8b04adf5c3d98828f365e"},"headline":"A nossa peti\u00e7\u00e3o j\u00e1 foi apresentada \u00e0 Assembleia Nacional!","datePublished":"2019-12-19T20:15:03+00:00","dateModified":"2025-03-30T03:16:57+00:00","mainEntityOfPage":{"@id":"https:\/\/veganoptioncanada.ca\/pt-pt\/noticias\/a-nossa-peticao-ja-foi-apresentada-a-assembleia-nacional\/"},"wordCount":165,"publisher":{"@id":"http:\/\/veganoptioncanada.ca\/pt-pt\/#organization"},"keywords":["Peti\u00e7\u00e3o do Quebeque"],"articleSection":["Not\u00edcias","Peti\u00e7\u00e3o do Quebeque"],"inLanguage":"pt-PT"},{"@type":"WebPage","@id":"https:\/\/veganoptioncanada.ca\/pt-pt\/noticias\/a-nossa-peticao-ja-foi-apresentada-a-assembleia-nacional\/","url":"https:\/\/veganoptioncanada.ca\/pt-pt\/noticias\/a-nossa-peticao-ja-foi-apresentada-a-assembleia-nacional\/","name":"A nossa peti\u00e7\u00e3o j\u00e1 foi apresentada \u00e0 Assembleia Nacional! - Op\u00e7\u00e3o Vegana Canad\u00e1","isPartOf":{"@id":"http:\/\/veganoptioncanada.ca\/pt-pt\/#website"},"datePublished":"2019-12-19T20:15:03+00:00","dateModified":"2025-03-30T03:16:57+00:00","breadcrumb":{"@id":"https:\/\/veganoptioncanada.ca\/pt-pt\/noticias\/a-nossa-peticao-ja-foi-apresentada-a-assembleia-nacional\/#breadcrumb"},"inLanguage":"pt-PT","potentialAction":[{"@type":"ReadAction","target":["https:\/\/veganoptioncanada.ca\/pt-pt\/noticias\/a-nossa-peticao-ja-foi-apresentada-a-assembleia-nacional\/"]}]},{"@type":"BreadcrumbList","@id":"https:\/\/veganoptioncanada.ca\/pt-pt\/noticias\/a-nossa-peticao-ja-foi-apresentada-a-assembleia-nacional\/#breadcrumb","itemListElement":[{"@type":"ListItem","position":1,"name":"Home","item":"https:\/\/veganoptioncanada.ca\/pt-pt\/"},{"@type":"ListItem","position":2,"name":"A nossa peti\u00e7\u00e3o j\u00e1 foi apresentada \u00e0 Assembleia Nacional!"}]},{"@type":"WebSite","@id":"http:\/\/veganoptioncanada.ca\/pt-pt\/#website","url":"http:\/\/veganoptioncanada.ca\/pt-pt\/","name":"Vegan Option Canada - Option V\u00e9gane Canada","description":"","publisher":{"@id":"http:\/\/veganoptioncanada.ca\/pt-pt\/#organization"},"potentialAction":[{"@type":"SearchAction","target":{"@type":"EntryPoint","urlTemplate":"http:\/\/veganoptioncanada.ca\/pt-pt\/?s={search_term_string}"},"query-input":{"@type":"PropertyValueSpecification","valueRequired":true,"valueName":"search_term_string"}}],"inLanguage":"pt-PT"},{"@type":"Organization","@id":"http:\/\/veganoptioncanada.ca\/pt-pt\/#organization","name":"Vegan Option Canada","url":"http:\/\/veganoptioncanada.ca\/pt-pt\/","logo":{"@type":"ImageObject","inLanguage":"pt-PT","@id":"http:\/\/veganoptioncanada.ca\/pt-pt\/#\/schema\/logo\/image\/","url":"http:\/\/veganoptioncanada.ca\/wp-content\/uploads\/2021\/04\/Logo_OVC_transparent_web.png","contentUrl":"http:\/\/veganoptioncanada.ca\/wp-content\/uploads\/2021\/04\/Logo_OVC_transparent_web.png","width":200,"height":200,"caption":"Vegan Option Canada"},"image":{"@id":"http:\/\/veganoptioncanada.ca\/pt-pt\/#\/schema\/logo\/image\/"},"sameAs":["https:\/\/www.facebook.com\/VOOVCanada\/","https:\/\/x.com\/CanadaVegan","https:\/\/instagram.com\/veganoptioncanada\/","https:\/\/www.youtube.com\/channel\/UCDVCrc0eUMbWkdRwsUQi4Hw"]},{"@type":"Person","@id":"http:\/\/veganoptioncanada.ca\/pt-pt\/#\/schema\/person\/0506a0d1aae8b04adf5c3d98828f365e","name":"Cym Gomery","url":"https:\/\/veganoptioncanada.ca\/pt-pt\/author\/kim\/"}]}},"_links":{"self":[{"href":"https:\/\/veganoptioncanada.ca\/pt-pt\/wp-json\/wp\/v2\/posts\/4414","targetHints":{"allow":["GET"]}}],"collection":[{"href":"https:\/\/veganoptioncanada.ca\/pt-pt\/wp-json\/wp\/v2\/posts"}],"about":[{"href":"https:\/\/veganoptioncanada.ca\/pt-pt\/wp-json\/wp\/v2\/types\/post"}],"author":[{"embeddable":true,"href":"https:\/\/veganoptioncanada.ca\/pt-pt\/wp-json\/wp\/v2\/users\/9"}],"replies":[{"embeddable":true,"href":"https:\/\/veganoptioncanada.ca\/pt-pt\/wp-json\/wp\/v2\/comments?post=4414"}],"version-history":[{"count":1,"href":"https:\/\/veganoptioncanada.ca\/pt-pt\/wp-json\/wp\/v2\/posts\/4414\/revisions"}],"predecessor-version":[{"id":4416,"href":"https:\/\/veganoptioncanada.ca\/pt-pt\/wp-json\/wp\/v2\/posts\/4414\/revisions\/4416"}],"wp:attachment":[{"href":"https:\/\/veganoptioncanada.ca\/pt-pt\/wp-json\/wp\/v2\/media?parent=4414"}],"wp:term":[{"taxonomy":"category","embeddable":true,"href":"https:\/\/veganoptioncanada.ca\/pt-pt\/wp-json\/wp\/v2\/categories?post=4414"},{"taxonomy":"post_tag","embeddable":true,"href":"https:\/\/veganoptioncanada.ca\/pt-pt\/wp-json\/wp\/v2\/tags?post=4414"}],"curies":[{"name":"wp","href":"https:\/\/api.w.org\/{rel}","templated":true}]}}