{"id":4415,"date":"2018-10-14T20:42:07","date_gmt":"2018-10-15T01:42:07","guid":{"rendered":"https:\/\/veganoptioncanada.ca\/noticias\/coreto-no-durham-veg-fest-2018\/"},"modified":"2025-03-29T22:16:56","modified_gmt":"2025-03-30T03:16:56","slug":"coreto-no-durham-veg-fest-2018","status":"publish","type":"post","link":"https:\/\/veganoptioncanada.ca\/pt-pt\/noticias\/coreto-no-durham-veg-fest-2018\/","title":{"rendered":"Coreto no Durham Veg Fest 2018"},"content":{"rendered":"\t\t<div data-elementor-type=\"wp-post\" data-elementor-id=\"4415\" class=\"elementor elementor-4415 elementor-500 elementor-bc-flex-widget\" data-elementor-post-type=\"post\">\n\t\t\t\t\t\t<section class=\"elementor-section elementor-top-section elementor-element elementor-element-5b1fdb62 elementor-section-boxed elementor-section-height-default elementor-section-height-default\" data-id=\"5b1fdb62\" data-element_type=\"section\">\n\t\t\t\t\t\t<div class=\"elementor-container elementor-column-gap-default\">\n\t\t\t\t\t<div class=\"elementor-column elementor-col-100 elementor-top-column elementor-element elementor-element-31470ff1\" data-id=\"31470ff1\" data-element_type=\"column\">\n\t\t\t<div class=\"elementor-widget-wrap elementor-element-populated\">\n\t\t\t\t\t\t<div class=\"elementor-element elementor-element-67df9d1f elementor-widget elementor-widget-text-editor\" data-id=\"67df9d1f\" data-element_type=\"widget\" data-widget_type=\"text-editor.default\">\n\t\t\t\t<div class=\"elementor-widget-container\">\n\t\t\t\t\t\t\t\t\t<p><span style=\"font-weight: 400;\">Foi de surpresa, armados com os seus bonitos bot\u00f5es e t-shirts de com\u00e9rcio justo, que o coletivo Vegan Option Canada conquistou Durham, na cidade de Witby. Assim que chegaram ao Centro, o coletivo OVC instalou-se no seu modesto quiosque, confortavelmente instalado numa zona de grande aflu\u00eancia de pessoas, no meio do corredor. Os visitantes eram curiosos e muito interessados.    <\/span><\/p><p><img fetchpriority=\"high\" decoding=\"async\" class=\"alignnone size-medium wp-image-503\" src=\"https:\/\/veganoptioncanada.org\/wp-content\/uploads\/2018\/10\/IMG_20181012_162224-1-225x300.jpg\" alt=\"\" width=\"225\" height=\"300\"> <img decoding=\"async\" class=\"alignnone size-medium wp-image-504\" src=\"https:\/\/veganoptioncanada.org\/wp-content\/uploads\/2018\/10\/IMG_20181013_095931-1-225x300.jpg\" alt=\"\" width=\"225\" height=\"300\"><\/p><p><span style=\"font-weight: 400;\">Para dizer a verdade, o coletivo n\u00e3o tinha grandes expectativas quanto ao n\u00famero de pessoas que o visitariam. Por isso, ficaram ainda mais surpreendidos quando se aperceberam de que n\u00e3o s\u00f3 havia v\u00e1rios interessados, como um fluxo constante de pessoas \u00e0 volta do quiosque. Mal tiveram tempo para se encherem de doces veganos (e sim, os veganos tamb\u00e9m n\u00e3o s\u00e3o razo\u00e1veis!) antes de o quiosque estar novamente cheio. A OVC teve a oportunidade de conhecer outras organiza\u00e7\u00f5es, como a Associa\u00e7\u00e3o Vegetariana de Toronto, e de estabelecer contactos com indiv\u00edduos que se destacaram pela sua motiva\u00e7\u00e3o pessoal para alterar as leis canadianas.   <\/span><\/p><p><span style=\"font-weight: 400;\">Todos os visitantes, com algumas excep\u00e7\u00f5es, compreenderam e apoiaram o mandato pol\u00edtico do OVC ao assinarem a peti\u00e7\u00e3o. Apenas uma minoria manifestou a sua discord\u00e2ncia. No total, o OVC conseguiu vender 2 t-shirts e v\u00e1rios crach\u00e1s. No entanto, o maior sucesso do coletivo foi a recetividade dos visitantes e as hist\u00f3rias partilhadas por alguns deles, que justificaram a legitimidade e a relev\u00e2ncia deste movimento que exige liberdade de consci\u00eancia e de escolha para os vegetarianos e veganos no Canad\u00e1.     <\/span><\/p>\t\t\t\t\t\t\t\t<\/div>\n\t\t\t\t<\/div>\n\t\t\t\t\t<\/div>\n\t\t<\/div>\n\t\t\t\t\t<\/div>\n\t\t<\/section>\n\t\t\t\t<\/div>\n\t\t","protected":false},"excerpt":{"rendered":"<p>Foi de surpresa, armados com os seus bonitos bot\u00f5es e t-shirts de com\u00e9rcio justo, que o coletivo Vegan Option Canada conquistou Durham, na cidade de Witby. Assim que chegaram ao Centro, o coletivo OVC instalou-se no seu modesto quiosque, confortavelmente instalado numa zona de grande aflu\u00eancia de pessoas, no meio do corredor. Os visitantes eram [&hellip;]<\/p>\n","protected":false},"author":1,"featured_media":709,"comment_status":"closed","ping_status":"closed","sticky":false,"template":"","format":"standard","meta":{"footnotes":""},"categories":[45],"tags":[87],"class_list":["post-4415","post","type-post","status-publish","format-standard","has-post-thumbnail","hentry","category-noticias","tag-evento"],"yoast_head":"<!-- This site is optimized with the Yoast SEO plugin v26.9 - https:\/\/yoast.com\/product\/yoast-seo-wordpress\/ -->\n<title>Coreto no Durham Veg Fest 2018 - Op\u00e7\u00e3o Vegana Canad\u00e1<\/title>\n<meta name=\"robots\" content=\"index, follow, max-snippet:-1, max-image-preview:large, max-video-preview:-1\" \/>\n<link rel=\"canonical\" href=\"https:\/\/veganoptioncanada.ca\/pt-pt\/noticias\/coreto-no-durham-veg-fest-2018\/\" \/>\n<meta property=\"og:locale\" content=\"pt_PT\" \/>\n<meta property=\"og:type\" content=\"article\" \/>\n<meta property=\"og:title\" content=\"Coreto no Durham Veg Fest 2018 - Op\u00e7\u00e3o Vegana Canad\u00e1\" \/>\n<meta property=\"og:description\" content=\"Foi de surpresa, armados com os seus bonitos bot\u00f5es e t-shirts de com\u00e9rcio justo, que o coletivo Vegan Option Canada conquistou Durham, na cidade de Witby. Assim que chegaram ao Centro, o coletivo OVC instalou-se no seu modesto quiosque, confortavelmente instalado numa zona de grande aflu\u00eancia de pessoas, no meio do corredor. Os visitantes eram [&hellip;]\" \/>\n<meta property=\"og:url\" content=\"https:\/\/veganoptioncanada.ca\/pt-pt\/noticias\/coreto-no-durham-veg-fest-2018\/\" \/>\n<meta property=\"og:site_name\" content=\"Op\u00e7\u00e3o Vegana Canad\u00e1\" \/>\n<meta property=\"article:publisher\" content=\"https:\/\/www.facebook.com\/VOOVCanada\/\" \/>\n<meta property=\"article:published_time\" content=\"2018-10-15T01:42:07+00:00\" \/>\n<meta property=\"article:modified_time\" content=\"2025-03-30T03:16:56+00:00\" \/>\n<meta property=\"og:image\" content=\"https:\/\/veganoptioncanada.ca\/wp-content\/uploads\/2018\/10\/aly_dur-1-1024x768.jpg\" \/>\n\t<meta property=\"og:image:width\" content=\"1024\" \/>\n\t<meta property=\"og:image:height\" content=\"768\" \/>\n\t<meta property=\"og:image:type\" content=\"image\/jpeg\" \/>\n<meta name=\"author\" content=\"OVC\" \/>\n<meta name=\"twitter:card\" content=\"summary_large_image\" \/>\n<meta name=\"twitter:creator\" content=\"@CanadaVegan\" \/>\n<meta name=\"twitter:site\" content=\"@CanadaVegan\" \/>\n<meta name=\"twitter:label1\" content=\"Escrito por\" \/>\n\t<meta name=\"twitter:data1\" content=\"OVC\" \/>\n\t<meta name=\"twitter:label2\" content=\"Tempo estimado de leitura\" \/>\n\t<meta name=\"twitter:data2\" content=\"1 minuto\" \/>\n<script type=\"application\/ld+json\" class=\"yoast-schema-graph\">{\"@context\":\"https:\/\/schema.org\",\"@graph\":[{\"@type\":\"Article\",\"@id\":\"https:\/\/veganoptioncanada.ca\/pt-pt\/noticias\/coreto-no-durham-veg-fest-2018\/#article\",\"isPartOf\":{\"@id\":\"https:\/\/veganoptioncanada.ca\/pt-pt\/noticias\/coreto-no-durham-veg-fest-2018\/\"},\"author\":{\"name\":\"OVC\",\"@id\":\"http:\/\/veganoptioncanada.ca\/pt-pt\/#\/schema\/person\/12f6b19e087f2d8727cb6d97d2dfdb0a\"},\"headline\":\"Coreto no Durham Veg Fest 2018\",\"datePublished\":\"2018-10-15T01:42:07+00:00\",\"dateModified\":\"2025-03-30T03:16:56+00:00\",\"mainEntityOfPage\":{\"@id\":\"https:\/\/veganoptioncanada.ca\/pt-pt\/noticias\/coreto-no-durham-veg-fest-2018\/\"},\"wordCount\":266,\"publisher\":{\"@id\":\"http:\/\/veganoptioncanada.ca\/pt-pt\/#organization\"},\"image\":{\"@id\":\"https:\/\/veganoptioncanada.ca\/pt-pt\/noticias\/coreto-no-durham-veg-fest-2018\/#primaryimage\"},\"thumbnailUrl\":\"https:\/\/veganoptioncanada.ca\/wp-content\/uploads\/2018\/10\/aly_dur-1.jpg\",\"keywords\":[\"Evento\"],\"articleSection\":[\"Not\u00edcias\"],\"inLanguage\":\"pt-PT\"},{\"@type\":\"WebPage\",\"@id\":\"https:\/\/veganoptioncanada.ca\/pt-pt\/noticias\/coreto-no-durham-veg-fest-2018\/\",\"url\":\"https:\/\/veganoptioncanada.ca\/pt-pt\/noticias\/coreto-no-durham-veg-fest-2018\/\",\"name\":\"Coreto no Durham Veg Fest 2018 - Op\u00e7\u00e3o Vegana Canad\u00e1\",\"isPartOf\":{\"@id\":\"http:\/\/veganoptioncanada.ca\/pt-pt\/#website\"},\"primaryImageOfPage\":{\"@id\":\"https:\/\/veganoptioncanada.ca\/pt-pt\/noticias\/coreto-no-durham-veg-fest-2018\/#primaryimage\"},\"image\":{\"@id\":\"https:\/\/veganoptioncanada.ca\/pt-pt\/noticias\/coreto-no-durham-veg-fest-2018\/#primaryimage\"},\"thumbnailUrl\":\"https:\/\/veganoptioncanada.ca\/wp-content\/uploads\/2018\/10\/aly_dur-1.jpg\",\"datePublished\":\"2018-10-15T01:42:07+00:00\",\"dateModified\":\"2025-03-30T03:16:56+00:00\",\"breadcrumb\":{\"@id\":\"https:\/\/veganoptioncanada.ca\/pt-pt\/noticias\/coreto-no-durham-veg-fest-2018\/#breadcrumb\"},\"inLanguage\":\"pt-PT\",\"potentialAction\":[{\"@type\":\"ReadAction\",\"target\":[\"https:\/\/veganoptioncanada.ca\/pt-pt\/noticias\/coreto-no-durham-veg-fest-2018\/\"]}]},{\"@type\":\"ImageObject\",\"inLanguage\":\"pt-PT\",\"@id\":\"https:\/\/veganoptioncanada.ca\/pt-pt\/noticias\/coreto-no-durham-veg-fest-2018\/#primaryimage\",\"url\":\"https:\/\/veganoptioncanada.ca\/wp-content\/uploads\/2018\/10\/aly_dur-1.jpg\",\"contentUrl\":\"https:\/\/veganoptioncanada.ca\/wp-content\/uploads\/2018\/10\/aly_dur-1.jpg\",\"width\":4032,\"height\":3024},{\"@type\":\"BreadcrumbList\",\"@id\":\"https:\/\/veganoptioncanada.ca\/pt-pt\/noticias\/coreto-no-durham-veg-fest-2018\/#breadcrumb\",\"itemListElement\":[{\"@type\":\"ListItem\",\"position\":1,\"name\":\"Home\",\"item\":\"https:\/\/veganoptioncanada.ca\/pt-pt\/\"},{\"@type\":\"ListItem\",\"position\":2,\"name\":\"Coreto no Durham Veg Fest 2018\"}]},{\"@type\":\"WebSite\",\"@id\":\"http:\/\/veganoptioncanada.ca\/pt-pt\/#website\",\"url\":\"http:\/\/veganoptioncanada.ca\/pt-pt\/\",\"name\":\"Vegan Option Canada - Option V\u00e9gane Canada\",\"description\":\"\",\"publisher\":{\"@id\":\"http:\/\/veganoptioncanada.ca\/pt-pt\/#organization\"},\"potentialAction\":[{\"@type\":\"SearchAction\",\"target\":{\"@type\":\"EntryPoint\",\"urlTemplate\":\"http:\/\/veganoptioncanada.ca\/pt-pt\/?s={search_term_string}\"},\"query-input\":{\"@type\":\"PropertyValueSpecification\",\"valueRequired\":true,\"valueName\":\"search_term_string\"}}],\"inLanguage\":\"pt-PT\"},{\"@type\":\"Organization\",\"@id\":\"http:\/\/veganoptioncanada.ca\/pt-pt\/#organization\",\"name\":\"Vegan Option Canada\",\"url\":\"http:\/\/veganoptioncanada.ca\/pt-pt\/\",\"logo\":{\"@type\":\"ImageObject\",\"inLanguage\":\"pt-PT\",\"@id\":\"http:\/\/veganoptioncanada.ca\/pt-pt\/#\/schema\/logo\/image\/\",\"url\":\"http:\/\/veganoptioncanada.ca\/wp-content\/uploads\/2021\/04\/Logo_OVC_transparent_web.png\",\"contentUrl\":\"http:\/\/veganoptioncanada.ca\/wp-content\/uploads\/2021\/04\/Logo_OVC_transparent_web.png\",\"width\":200,\"height\":200,\"caption\":\"Vegan Option Canada\"},\"image\":{\"@id\":\"http:\/\/veganoptioncanada.ca\/pt-pt\/#\/schema\/logo\/image\/\"},\"sameAs\":[\"https:\/\/www.facebook.com\/VOOVCanada\/\",\"https:\/\/x.com\/CanadaVegan\",\"https:\/\/instagram.com\/veganoptioncanada\/\",\"https:\/\/www.youtube.com\/channel\/UCDVCrc0eUMbWkdRwsUQi4Hw\"]},{\"@type\":\"Person\",\"@id\":\"http:\/\/veganoptioncanada.ca\/pt-pt\/#\/schema\/person\/12f6b19e087f2d8727cb6d97d2dfdb0a\",\"name\":\"OVC\",\"url\":\"https:\/\/veganoptioncanada.ca\/pt-pt\/author\/adminov\/\"}]}<\/script>\n<!-- \/ Yoast SEO plugin. -->","yoast_head_json":{"title":"Coreto no Durham Veg Fest 2018 - Op\u00e7\u00e3o Vegana Canad\u00e1","robots":{"index":"index","follow":"follow","max-snippet":"max-snippet:-1","max-image-preview":"max-image-preview:large","max-video-preview":"max-video-preview:-1"},"canonical":"https:\/\/veganoptioncanada.ca\/pt-pt\/noticias\/coreto-no-durham-veg-fest-2018\/","og_locale":"pt_PT","og_type":"article","og_title":"Coreto no Durham Veg Fest 2018 - Op\u00e7\u00e3o Vegana Canad\u00e1","og_description":"Foi de surpresa, armados com os seus bonitos bot\u00f5es e t-shirts de com\u00e9rcio justo, que o coletivo Vegan Option Canada conquistou Durham, na cidade de Witby. Assim que chegaram ao Centro, o coletivo OVC instalou-se no seu modesto quiosque, confortavelmente instalado numa zona de grande aflu\u00eancia de pessoas, no meio do corredor. Os visitantes eram [&hellip;]","og_url":"https:\/\/veganoptioncanada.ca\/pt-pt\/noticias\/coreto-no-durham-veg-fest-2018\/","og_site_name":"Op\u00e7\u00e3o Vegana Canad\u00e1","article_publisher":"https:\/\/www.facebook.com\/VOOVCanada\/","article_published_time":"2018-10-15T01:42:07+00:00","article_modified_time":"2025-03-30T03:16:56+00:00","og_image":[{"width":1024,"height":768,"url":"https:\/\/veganoptioncanada.ca\/wp-content\/uploads\/2018\/10\/aly_dur-1-1024x768.jpg","type":"image\/jpeg"}],"author":"OVC","twitter_card":"summary_large_image","twitter_creator":"@CanadaVegan","twitter_site":"@CanadaVegan","twitter_misc":{"Escrito por":"OVC","Tempo estimado de leitura":"1 minuto"},"schema":{"@context":"https:\/\/schema.org","@graph":[{"@type":"Article","@id":"https:\/\/veganoptioncanada.ca\/pt-pt\/noticias\/coreto-no-durham-veg-fest-2018\/#article","isPartOf":{"@id":"https:\/\/veganoptioncanada.ca\/pt-pt\/noticias\/coreto-no-durham-veg-fest-2018\/"},"author":{"name":"OVC","@id":"http:\/\/veganoptioncanada.ca\/pt-pt\/#\/schema\/person\/12f6b19e087f2d8727cb6d97d2dfdb0a"},"headline":"Coreto no Durham Veg Fest 2018","datePublished":"2018-10-15T01:42:07+00:00","dateModified":"2025-03-30T03:16:56+00:00","mainEntityOfPage":{"@id":"https:\/\/veganoptioncanada.ca\/pt-pt\/noticias\/coreto-no-durham-veg-fest-2018\/"},"wordCount":266,"publisher":{"@id":"http:\/\/veganoptioncanada.ca\/pt-pt\/#organization"},"image":{"@id":"https:\/\/veganoptioncanada.ca\/pt-pt\/noticias\/coreto-no-durham-veg-fest-2018\/#primaryimage"},"thumbnailUrl":"https:\/\/veganoptioncanada.ca\/wp-content\/uploads\/2018\/10\/aly_dur-1.jpg","keywords":["Evento"],"articleSection":["Not\u00edcias"],"inLanguage":"pt-PT"},{"@type":"WebPage","@id":"https:\/\/veganoptioncanada.ca\/pt-pt\/noticias\/coreto-no-durham-veg-fest-2018\/","url":"https:\/\/veganoptioncanada.ca\/pt-pt\/noticias\/coreto-no-durham-veg-fest-2018\/","name":"Coreto no Durham Veg Fest 2018 - Op\u00e7\u00e3o Vegana Canad\u00e1","isPartOf":{"@id":"http:\/\/veganoptioncanada.ca\/pt-pt\/#website"},"primaryImageOfPage":{"@id":"https:\/\/veganoptioncanada.ca\/pt-pt\/noticias\/coreto-no-durham-veg-fest-2018\/#primaryimage"},"image":{"@id":"https:\/\/veganoptioncanada.ca\/pt-pt\/noticias\/coreto-no-durham-veg-fest-2018\/#primaryimage"},"thumbnailUrl":"https:\/\/veganoptioncanada.ca\/wp-content\/uploads\/2018\/10\/aly_dur-1.jpg","datePublished":"2018-10-15T01:42:07+00:00","dateModified":"2025-03-30T03:16:56+00:00","breadcrumb":{"@id":"https:\/\/veganoptioncanada.ca\/pt-pt\/noticias\/coreto-no-durham-veg-fest-2018\/#breadcrumb"},"inLanguage":"pt-PT","potentialAction":[{"@type":"ReadAction","target":["https:\/\/veganoptioncanada.ca\/pt-pt\/noticias\/coreto-no-durham-veg-fest-2018\/"]}]},{"@type":"ImageObject","inLanguage":"pt-PT","@id":"https:\/\/veganoptioncanada.ca\/pt-pt\/noticias\/coreto-no-durham-veg-fest-2018\/#primaryimage","url":"https:\/\/veganoptioncanada.ca\/wp-content\/uploads\/2018\/10\/aly_dur-1.jpg","contentUrl":"https:\/\/veganoptioncanada.ca\/wp-content\/uploads\/2018\/10\/aly_dur-1.jpg","width":4032,"height":3024},{"@type":"BreadcrumbList","@id":"https:\/\/veganoptioncanada.ca\/pt-pt\/noticias\/coreto-no-durham-veg-fest-2018\/#breadcrumb","itemListElement":[{"@type":"ListItem","position":1,"name":"Home","item":"https:\/\/veganoptioncanada.ca\/pt-pt\/"},{"@type":"ListItem","position":2,"name":"Coreto no Durham Veg Fest 2018"}]},{"@type":"WebSite","@id":"http:\/\/veganoptioncanada.ca\/pt-pt\/#website","url":"http:\/\/veganoptioncanada.ca\/pt-pt\/","name":"Vegan Option Canada - Option V\u00e9gane Canada","description":"","publisher":{"@id":"http:\/\/veganoptioncanada.ca\/pt-pt\/#organization"},"potentialAction":[{"@type":"SearchAction","target":{"@type":"EntryPoint","urlTemplate":"http:\/\/veganoptioncanada.ca\/pt-pt\/?s={search_term_string}"},"query-input":{"@type":"PropertyValueSpecification","valueRequired":true,"valueName":"search_term_string"}}],"inLanguage":"pt-PT"},{"@type":"Organization","@id":"http:\/\/veganoptioncanada.ca\/pt-pt\/#organization","name":"Vegan Option Canada","url":"http:\/\/veganoptioncanada.ca\/pt-pt\/","logo":{"@type":"ImageObject","inLanguage":"pt-PT","@id":"http:\/\/veganoptioncanada.ca\/pt-pt\/#\/schema\/logo\/image\/","url":"http:\/\/veganoptioncanada.ca\/wp-content\/uploads\/2021\/04\/Logo_OVC_transparent_web.png","contentUrl":"http:\/\/veganoptioncanada.ca\/wp-content\/uploads\/2021\/04\/Logo_OVC_transparent_web.png","width":200,"height":200,"caption":"Vegan Option Canada"},"image":{"@id":"http:\/\/veganoptioncanada.ca\/pt-pt\/#\/schema\/logo\/image\/"},"sameAs":["https:\/\/www.facebook.com\/VOOVCanada\/","https:\/\/x.com\/CanadaVegan","https:\/\/instagram.com\/veganoptioncanada\/","https:\/\/www.youtube.com\/channel\/UCDVCrc0eUMbWkdRwsUQi4Hw"]},{"@type":"Person","@id":"http:\/\/veganoptioncanada.ca\/pt-pt\/#\/schema\/person\/12f6b19e087f2d8727cb6d97d2dfdb0a","name":"OVC","url":"https:\/\/veganoptioncanada.ca\/pt-pt\/author\/adminov\/"}]}},"_links":{"self":[{"href":"https:\/\/veganoptioncanada.ca\/pt-pt\/wp-json\/wp\/v2\/posts\/4415","targetHints":{"allow":["GET"]}}],"collection":[{"href":"https:\/\/veganoptioncanada.ca\/pt-pt\/wp-json\/wp\/v2\/posts"}],"about":[{"href":"https:\/\/veganoptioncanada.ca\/pt-pt\/wp-json\/wp\/v2\/types\/post"}],"author":[{"embeddable":true,"href":"https:\/\/veganoptioncanada.ca\/pt-pt\/wp-json\/wp\/v2\/users\/1"}],"replies":[{"embeddable":true,"href":"https:\/\/veganoptioncanada.ca\/pt-pt\/wp-json\/wp\/v2\/comments?post=4415"}],"version-history":[{"count":1,"href":"https:\/\/veganoptioncanada.ca\/pt-pt\/wp-json\/wp\/v2\/posts\/4415\/revisions"}],"predecessor-version":[{"id":4417,"href":"https:\/\/veganoptioncanada.ca\/pt-pt\/wp-json\/wp\/v2\/posts\/4415\/revisions\/4417"}],"wp:featuredmedia":[{"embeddable":true,"href":"https:\/\/veganoptioncanada.ca\/pt-pt\/wp-json\/wp\/v2\/media\/709"}],"wp:attachment":[{"href":"https:\/\/veganoptioncanada.ca\/pt-pt\/wp-json\/wp\/v2\/media?parent=4415"}],"wp:term":[{"taxonomy":"category","embeddable":true,"href":"https:\/\/veganoptioncanada.ca\/pt-pt\/wp-json\/wp\/v2\/categories?post=4415"},{"taxonomy":"post_tag","embeddable":true,"href":"https:\/\/veganoptioncanada.ca\/pt-pt\/wp-json\/wp\/v2\/tags?post=4415"}],"curies":[{"name":"wp","href":"https:\/\/api.w.org\/{rel}","templated":true}]}}