{"id":4418,"date":"2019-05-30T05:26:55","date_gmt":"2019-05-30T10:26:55","guid":{"rendered":"https:\/\/veganoptioncanada.ca\/noticias\/painel-sobre-alteracoes-climaticas-no-veg-fest-em-ottawa\/"},"modified":"2025-03-29T22:16:57","modified_gmt":"2025-03-30T03:16:57","slug":"painel-sobre-alteracoes-climaticas-no-veg-fest-em-ottawa","status":"publish","type":"post","link":"https:\/\/veganoptioncanada.ca\/pt-pt\/noticias\/painel-sobre-alteracoes-climaticas-no-veg-fest-em-ottawa\/","title":{"rendered":"Painel sobre altera\u00e7\u00f5es clim\u00e1ticas no Veg Fest em Ottawa"},"content":{"rendered":"\t\t<div data-elementor-type=\"wp-post\" data-elementor-id=\"4418\" class=\"elementor elementor-4418 elementor-2080\" data-elementor-post-type=\"post\">\n\t\t\t\t\t\t<section class=\"elementor-section elementor-top-section elementor-element elementor-element-f144637 elementor-section-boxed elementor-section-height-default elementor-section-height-default\" data-id=\"f144637\" data-element_type=\"section\">\n\t\t\t\t\t\t<div class=\"elementor-container elementor-column-gap-default\">\n\t\t\t\t\t<div class=\"elementor-column elementor-col-100 elementor-top-column elementor-element elementor-element-2b3eee8\" data-id=\"2b3eee8\" data-element_type=\"column\">\n\t\t\t<div class=\"elementor-widget-wrap elementor-element-populated\">\n\t\t\t\t\t\t<section class=\"elementor-section elementor-inner-section elementor-element elementor-element-5c560b0 elementor-section-boxed elementor-section-height-default elementor-section-height-default\" data-id=\"5c560b0\" data-element_type=\"section\">\n\t\t\t\t\t\t<div class=\"elementor-container elementor-column-gap-default\">\n\t\t\t\t\t<div class=\"elementor-column elementor-col-50 elementor-inner-column elementor-element elementor-element-c45192d\" data-id=\"c45192d\" data-element_type=\"column\">\n\t\t\t<div class=\"elementor-widget-wrap elementor-element-populated\">\n\t\t\t\t\t\t<div class=\"elementor-element elementor-element-b199f49 elementor-widget elementor-widget-image\" data-id=\"b199f49\" data-element_type=\"widget\" data-widget_type=\"image.default\">\n\t\t\t\t<div class=\"elementor-widget-container\">\n\t\t\t\t\t\t\t\t\t\t\t\t\t\t\t<img fetchpriority=\"high\" decoding=\"async\" width=\"200\" height=\"300\" src=\"https:\/\/veganoptioncanada.ca\/wp-content\/uploads\/2019\/05\/waterfall-1031380_640-200x300.jpg\" class=\"attachment-medium size-medium wp-image-2084\" alt=\"\" srcset=\"https:\/\/veganoptioncanada.ca\/wp-content\/uploads\/2019\/05\/waterfall-1031380_640-200x300.jpg 200w, https:\/\/veganoptioncanada.ca\/wp-content\/uploads\/2019\/05\/waterfall-1031380_640.jpg 426w\" sizes=\"(max-width: 200px) 100vw, 200px\" \/>\t\t\t\t\t\t\t\t\t\t\t\t\t\t\t<\/div>\n\t\t\t\t<\/div>\n\t\t\t\t\t<\/div>\n\t\t<\/div>\n\t\t\t\t<div class=\"elementor-column elementor-col-50 elementor-inner-column elementor-element elementor-element-3f76521\" data-id=\"3f76521\" data-element_type=\"column\">\n\t\t\t<div class=\"elementor-widget-wrap elementor-element-populated\">\n\t\t\t\t\t\t<div class=\"elementor-element elementor-element-c8ad36a elementor-widget elementor-widget-text-editor\" data-id=\"c8ad36a\" data-element_type=\"widget\" data-widget_type=\"text-editor.default\">\n\t\t\t\t<div class=\"elementor-widget-container\">\n\t\t\t\t\t\t\t\t\t<p><span style=\"font-weight: 400;\">As altera\u00e7\u00f5es clim\u00e1ticas representam uma enorme amea\u00e7a para a seguran\u00e7a alimentar, a disponibilidade de \u00e1gua e a biodiversidade em todo o mundo (<\/span><a href=\"https:\/\/report.ipcc.ch\/sr15\/pdf\/sr15_spm_final.pdf\"><span style=\"font-weight: 400;\">IPCC<\/span><\/a><span style=\"font-weight: 400;\">). \u00c9 tamb\u00e9m uma das principais causas das maiores cat\u00e1strofes ambientais do nosso s\u00e9culo. A produ\u00e7\u00e3o e o consumo de produtos de origem animal contribuem maci\u00e7amente para as altera\u00e7\u00f5es clim\u00e1ticas, ao passo que a ado\u00e7\u00e3o de uma dieta baseada em vegetais ajuda a reduzir as emiss\u00f5es de gases com efeito de estufa.  <\/span><\/p>\t\t\t\t\t\t\t\t<\/div>\n\t\t\t\t<\/div>\n\t\t\t\t\t<\/div>\n\t\t<\/div>\n\t\t\t\t\t<\/div>\n\t\t<\/section>\n\t\t\t\t<section class=\"elementor-section elementor-inner-section elementor-element elementor-element-13753b5 elementor-section-boxed elementor-section-height-default elementor-section-height-default\" data-id=\"13753b5\" data-element_type=\"section\">\n\t\t\t\t\t\t<div class=\"elementor-container elementor-column-gap-default\">\n\t\t\t\t\t<div class=\"elementor-column elementor-col-50 elementor-inner-column elementor-element elementor-element-917011c\" data-id=\"917011c\" data-element_type=\"column\">\n\t\t\t<div class=\"elementor-widget-wrap elementor-element-populated\">\n\t\t\t\t\t\t<div class=\"elementor-element elementor-element-b8edb4b elementor-widget elementor-widget-text-editor\" data-id=\"b8edb4b\" data-element_type=\"widget\" data-widget_type=\"text-editor.default\">\n\t\t\t\t<div class=\"elementor-widget-container\">\n\t\t\t\t\t\t\t\t\t<p><span style=\"font-weight: 400;\">Finalmente! A   <\/span><a href=\"https:\/\/www.facebook.com\/events\/427570374749596\/\"><span style=\"font-weight: 400;\">confer\u00eancia<\/span><\/a><span style=\"font-weight: 400;\">  sobre o papel da agricultura animal nas altera\u00e7\u00f5es clim\u00e1ticas e na extin\u00e7\u00e3o de esp\u00e9cies. Marca a data na tua agenda. 2 de junho, das 14h30 \u00e0s 16h, no    <\/span><a href=\"https:\/\/www.google.com\/maps\/dir\/45.5392002,9.2430083\/ra+center+ottawa\/\"><span style=\"font-weight: 400;\">Centro RA<\/span><\/a><span style=\"font-weight: 400;\"> em Ottawa (entrada livre). <\/span> <\/p>\t\t\t\t\t\t\t\t<\/div>\n\t\t\t\t<\/div>\n\t\t\t\t\t<\/div>\n\t\t<\/div>\n\t\t\t\t<div class=\"elementor-column elementor-col-50 elementor-inner-column elementor-element elementor-element-3932857\" data-id=\"3932857\" data-element_type=\"column\">\n\t\t\t<div class=\"elementor-widget-wrap elementor-element-populated\">\n\t\t\t\t\t\t<div class=\"elementor-element elementor-element-ef41d64 elementor-widget elementor-widget-image\" data-id=\"ef41d64\" data-element_type=\"widget\" data-widget_type=\"image.default\">\n\t\t\t\t<div class=\"elementor-widget-container\">\n\t\t\t\t\t\t\t\t\t\t\t\t\t\t\t<img decoding=\"async\" width=\"640\" height=\"426\" src=\"https:\/\/veganoptioncanada.ca\/wp-content\/uploads\/2019\/05\/vietnam-3371459_640.jpg\" class=\"attachment-large size-large wp-image-2081\" alt=\"\" srcset=\"https:\/\/veganoptioncanada.ca\/wp-content\/uploads\/2019\/05\/vietnam-3371459_640.jpg 640w, https:\/\/veganoptioncanada.ca\/wp-content\/uploads\/2019\/05\/vietnam-3371459_640-300x200.jpg 300w\" sizes=\"(max-width: 640px) 100vw, 640px\" \/>\t\t\t\t\t\t\t\t\t\t\t\t\t\t\t<\/div>\n\t\t\t\t<\/div>\n\t\t\t\t\t<\/div>\n\t\t<\/div>\n\t\t\t\t\t<\/div>\n\t\t<\/section>\n\t\t\t\t<div class=\"elementor-element elementor-element-5c05168 elementor-widget elementor-widget-text-editor\" data-id=\"5c05168\" data-element_type=\"widget\" data-widget_type=\"text-editor.default\">\n\t\t\t\t<div class=\"elementor-widget-container\">\n\t\t\t\t\t\t\t\t\t<p><span style=\"font-weight: 400;\">Vais ouvir o cientista John Stone, professor da Universidade de Carleton e ge\u00f3logo ambiental, que falar\u00e1 sobre a ci\u00eancia das altera\u00e7\u00f5es clim\u00e1ticas e da agricultura animal. Karolina Krym, rec\u00e9m-licenciada em ci\u00eancias ambientais pela Universidade de Ottawa, falar\u00e1 sobre a perda de biodiversidade. Annie Bernatchez, conselheira da Option V\u00e9g\u00e9tale Canada, estudante de doutoramento e cientista social especializada em ativismo, e Ikram Abdul, um jovem ativista dos direitos dos animais, falar\u00e3o sobre o que podemos fazer para salvar o planeta e as boas not\u00edcias sobre o veganismo. A moderadora Pamela Tourigny, co-fundadora do festival e conhecida porta-voz da comunidade vegana, conduzir\u00e1 o debate antes de responder \u00e0s perguntas do p\u00fablico.   <\/span><\/p>\t\t\t\t\t\t\t\t<\/div>\n\t\t\t\t<\/div>\n\t\t\t\t<section class=\"elementor-section elementor-inner-section elementor-element elementor-element-fdb55cb elementor-section-boxed elementor-section-height-default elementor-section-height-default\" data-id=\"fdb55cb\" data-element_type=\"section\">\n\t\t\t\t\t\t<div class=\"elementor-container elementor-column-gap-default\">\n\t\t\t\t\t<div class=\"elementor-column elementor-col-50 elementor-inner-column elementor-element elementor-element-a38a5b6\" data-id=\"a38a5b6\" data-element_type=\"column\">\n\t\t\t<div class=\"elementor-widget-wrap elementor-element-populated\">\n\t\t\t\t\t\t<div class=\"elementor-element elementor-element-374cdb3 elementor-widget elementor-widget-image\" data-id=\"374cdb3\" data-element_type=\"widget\" data-widget_type=\"image.default\">\n\t\t\t\t<div class=\"elementor-widget-container\">\n\t\t\t\t\t\t\t\t\t\t\t\t\t\t\t\t<a href=\"https:\/\/vegfestottawa.ca\/\">\n\t\t\t\t\t\t\t<img decoding=\"async\" width=\"150\" height=\"150\" src=\"https:\/\/veganoptioncanada.ca\/wp-content\/uploads\/2019\/05\/ottawa-vegfest-logo-150x150.jpg\" class=\"attachment-thumbnail size-thumbnail wp-image-2090\" alt=\"\" \/>\t\t\t\t\t\t\t\t<\/a>\n\t\t\t\t\t\t\t\t\t\t\t\t\t\t\t<\/div>\n\t\t\t\t<\/div>\n\t\t\t\t\t<\/div>\n\t\t<\/div>\n\t\t\t\t<div class=\"elementor-column elementor-col-50 elementor-inner-column elementor-element elementor-element-0c4cf6a\" data-id=\"0c4cf6a\" data-element_type=\"column\">\n\t\t\t<div class=\"elementor-widget-wrap elementor-element-populated\">\n\t\t\t\t\t\t<div class=\"elementor-element elementor-element-1b9d406 elementor-widget elementor-widget-text-editor\" data-id=\"1b9d406\" data-element_type=\"widget\" data-widget_type=\"text-editor.default\">\n\t\t\t\t<div class=\"elementor-widget-container\">\n\t\t\t\t\t\t\t\t\t<p><span style=\"font-weight: 400;\">Vem ver o<a href=\"https:\/\/vegfestottawa.ca\/\"> VegFest Ottawa<\/a> enquanto estiveres l\u00e1 tamb\u00e9m.<\/span><\/p><p>S\u00e1bado, 1 de junho de 2019: das 10h00 \u00e0s 19h00.<br>Domingo, 2 de junho de 2019: das 10h00 \u00e0s 17h00<\/p><p>RA Centre, 2451 Riverside Drive<\/p>\t\t\t\t\t\t\t\t<\/div>\n\t\t\t\t<\/div>\n\t\t\t\t\t<\/div>\n\t\t<\/div>\n\t\t\t\t\t<\/div>\n\t\t<\/section>\n\t\t\t\t\t<\/div>\n\t\t<\/div>\n\t\t\t\t\t<\/div>\n\t\t<\/section>\n\t\t\t\t<\/div>\n\t\t","protected":false},"excerpt":{"rendered":"<p>As altera\u00e7\u00f5es clim\u00e1ticas representam uma enorme amea\u00e7a para a seguran\u00e7a alimentar, a disponibilidade de \u00e1gua e a biodiversidade em todo o mundo (IPCC). \u00c9 tamb\u00e9m uma das principais causas das maiores cat\u00e1strofes ambientais do nosso s\u00e9culo. A produ\u00e7\u00e3o e o consumo de produtos de origem animal contribuem maci\u00e7amente para as altera\u00e7\u00f5es clim\u00e1ticas, ao passo que [&hellip;]<\/p>\n","protected":false},"author":2,"featured_media":2089,"comment_status":"closed","ping_status":"closed","sticky":false,"template":"","format":"standard","meta":{"footnotes":""},"categories":[45],"tags":[],"class_list":["post-4418","post","type-post","status-publish","format-standard","has-post-thumbnail","hentry","category-noticias"],"yoast_head":"<!-- This site is optimized with the Yoast SEO plugin v26.9 - https:\/\/yoast.com\/product\/yoast-seo-wordpress\/ -->\n<title>Painel sobre altera\u00e7\u00f5es clim\u00e1ticas no Veg Fest em Ottawa - Op\u00e7\u00e3o Vegana Canad\u00e1<\/title>\n<meta name=\"robots\" content=\"index, follow, max-snippet:-1, max-image-preview:large, max-video-preview:-1\" \/>\n<link rel=\"canonical\" href=\"https:\/\/veganoptioncanada.ca\/pt-pt\/noticias\/painel-sobre-alteracoes-climaticas-no-veg-fest-em-ottawa\/\" \/>\n<meta property=\"og:locale\" content=\"pt_PT\" \/>\n<meta property=\"og:type\" content=\"article\" \/>\n<meta property=\"og:title\" content=\"Painel sobre altera\u00e7\u00f5es clim\u00e1ticas no Veg Fest em Ottawa - Op\u00e7\u00e3o Vegana Canad\u00e1\" \/>\n<meta property=\"og:description\" content=\"As altera\u00e7\u00f5es clim\u00e1ticas representam uma enorme amea\u00e7a para a seguran\u00e7a alimentar, a disponibilidade de \u00e1gua e a biodiversidade em todo o mundo (IPCC). \u00c9 tamb\u00e9m uma das principais causas das maiores cat\u00e1strofes ambientais do nosso s\u00e9culo. A produ\u00e7\u00e3o e o consumo de produtos de origem animal contribuem maci\u00e7amente para as altera\u00e7\u00f5es clim\u00e1ticas, ao passo que [&hellip;]\" \/>\n<meta property=\"og:url\" content=\"https:\/\/veganoptioncanada.ca\/pt-pt\/noticias\/painel-sobre-alteracoes-climaticas-no-veg-fest-em-ottawa\/\" \/>\n<meta property=\"og:site_name\" content=\"Op\u00e7\u00e3o Vegana Canad\u00e1\" \/>\n<meta property=\"article:publisher\" content=\"https:\/\/www.facebook.com\/VOOVCanada\/\" \/>\n<meta property=\"article:published_time\" content=\"2019-05-30T10:26:55+00:00\" \/>\n<meta property=\"article:modified_time\" content=\"2025-03-30T03:16:57+00:00\" \/>\n<meta property=\"og:image\" content=\"https:\/\/veganoptioncanada.ca\/wp-content\/uploads\/2019\/05\/PanelOnClimateChange.jpg\" \/>\n\t<meta property=\"og:image:width\" content=\"603\" \/>\n\t<meta property=\"og:image:height\" content=\"313\" \/>\n\t<meta property=\"og:image:type\" content=\"image\/jpeg\" \/>\n<meta name=\"author\" content=\"Editeur\" \/>\n<meta name=\"twitter:card\" content=\"summary_large_image\" \/>\n<meta name=\"twitter:creator\" content=\"@CanadaVegan\" \/>\n<meta name=\"twitter:site\" content=\"@CanadaVegan\" \/>\n<meta name=\"twitter:label1\" content=\"Escrito por\" \/>\n\t<meta name=\"twitter:data1\" content=\"Editeur\" \/>\n\t<meta name=\"twitter:label2\" content=\"Tempo estimado de leitura\" \/>\n\t<meta name=\"twitter:data2\" content=\"1 minuto\" \/>\n<script type=\"application\/ld+json\" class=\"yoast-schema-graph\">{\"@context\":\"https:\/\/schema.org\",\"@graph\":[{\"@type\":\"Article\",\"@id\":\"https:\/\/veganoptioncanada.ca\/pt-pt\/noticias\/painel-sobre-alteracoes-climaticas-no-veg-fest-em-ottawa\/#article\",\"isPartOf\":{\"@id\":\"https:\/\/veganoptioncanada.ca\/pt-pt\/noticias\/painel-sobre-alteracoes-climaticas-no-veg-fest-em-ottawa\/\"},\"author\":{\"name\":\"Editeur\",\"@id\":\"http:\/\/veganoptioncanada.ca\/pt-pt\/#\/schema\/person\/9212ba9961ec51f55b60bab6ae51c478\"},\"headline\":\"Painel sobre altera\u00e7\u00f5es clim\u00e1ticas no Veg Fest em Ottawa\",\"datePublished\":\"2019-05-30T10:26:55+00:00\",\"dateModified\":\"2025-03-30T03:16:57+00:00\",\"mainEntityOfPage\":{\"@id\":\"https:\/\/veganoptioncanada.ca\/pt-pt\/noticias\/painel-sobre-alteracoes-climaticas-no-veg-fest-em-ottawa\/\"},\"wordCount\":288,\"publisher\":{\"@id\":\"http:\/\/veganoptioncanada.ca\/pt-pt\/#organization\"},\"image\":{\"@id\":\"https:\/\/veganoptioncanada.ca\/pt-pt\/noticias\/painel-sobre-alteracoes-climaticas-no-veg-fest-em-ottawa\/#primaryimage\"},\"thumbnailUrl\":\"https:\/\/veganoptioncanada.ca\/wp-content\/uploads\/2019\/05\/PanelOnClimateChange.jpg\",\"articleSection\":[\"Not\u00edcias\"],\"inLanguage\":\"pt-PT\"},{\"@type\":\"WebPage\",\"@id\":\"https:\/\/veganoptioncanada.ca\/pt-pt\/noticias\/painel-sobre-alteracoes-climaticas-no-veg-fest-em-ottawa\/\",\"url\":\"https:\/\/veganoptioncanada.ca\/pt-pt\/noticias\/painel-sobre-alteracoes-climaticas-no-veg-fest-em-ottawa\/\",\"name\":\"Painel sobre altera\u00e7\u00f5es clim\u00e1ticas no Veg Fest em Ottawa - Op\u00e7\u00e3o Vegana Canad\u00e1\",\"isPartOf\":{\"@id\":\"http:\/\/veganoptioncanada.ca\/pt-pt\/#website\"},\"primaryImageOfPage\":{\"@id\":\"https:\/\/veganoptioncanada.ca\/pt-pt\/noticias\/painel-sobre-alteracoes-climaticas-no-veg-fest-em-ottawa\/#primaryimage\"},\"image\":{\"@id\":\"https:\/\/veganoptioncanada.ca\/pt-pt\/noticias\/painel-sobre-alteracoes-climaticas-no-veg-fest-em-ottawa\/#primaryimage\"},\"thumbnailUrl\":\"https:\/\/veganoptioncanada.ca\/wp-content\/uploads\/2019\/05\/PanelOnClimateChange.jpg\",\"datePublished\":\"2019-05-30T10:26:55+00:00\",\"dateModified\":\"2025-03-30T03:16:57+00:00\",\"breadcrumb\":{\"@id\":\"https:\/\/veganoptioncanada.ca\/pt-pt\/noticias\/painel-sobre-alteracoes-climaticas-no-veg-fest-em-ottawa\/#breadcrumb\"},\"inLanguage\":\"pt-PT\",\"potentialAction\":[{\"@type\":\"ReadAction\",\"target\":[\"https:\/\/veganoptioncanada.ca\/pt-pt\/noticias\/painel-sobre-alteracoes-climaticas-no-veg-fest-em-ottawa\/\"]}]},{\"@type\":\"ImageObject\",\"inLanguage\":\"pt-PT\",\"@id\":\"https:\/\/veganoptioncanada.ca\/pt-pt\/noticias\/painel-sobre-alteracoes-climaticas-no-veg-fest-em-ottawa\/#primaryimage\",\"url\":\"https:\/\/veganoptioncanada.ca\/wp-content\/uploads\/2019\/05\/PanelOnClimateChange.jpg\",\"contentUrl\":\"https:\/\/veganoptioncanada.ca\/wp-content\/uploads\/2019\/05\/PanelOnClimateChange.jpg\",\"width\":603,\"height\":313},{\"@type\":\"BreadcrumbList\",\"@id\":\"https:\/\/veganoptioncanada.ca\/pt-pt\/noticias\/painel-sobre-alteracoes-climaticas-no-veg-fest-em-ottawa\/#breadcrumb\",\"itemListElement\":[{\"@type\":\"ListItem\",\"position\":1,\"name\":\"Home\",\"item\":\"https:\/\/veganoptioncanada.ca\/pt-pt\/\"},{\"@type\":\"ListItem\",\"position\":2,\"name\":\"Painel sobre altera\u00e7\u00f5es clim\u00e1ticas no Veg Fest em Ottawa\"}]},{\"@type\":\"WebSite\",\"@id\":\"http:\/\/veganoptioncanada.ca\/pt-pt\/#website\",\"url\":\"http:\/\/veganoptioncanada.ca\/pt-pt\/\",\"name\":\"Vegan Option Canada - Option V\u00e9gane Canada\",\"description\":\"\",\"publisher\":{\"@id\":\"http:\/\/veganoptioncanada.ca\/pt-pt\/#organization\"},\"potentialAction\":[{\"@type\":\"SearchAction\",\"target\":{\"@type\":\"EntryPoint\",\"urlTemplate\":\"http:\/\/veganoptioncanada.ca\/pt-pt\/?s={search_term_string}\"},\"query-input\":{\"@type\":\"PropertyValueSpecification\",\"valueRequired\":true,\"valueName\":\"search_term_string\"}}],\"inLanguage\":\"pt-PT\"},{\"@type\":\"Organization\",\"@id\":\"http:\/\/veganoptioncanada.ca\/pt-pt\/#organization\",\"name\":\"Vegan Option Canada\",\"url\":\"http:\/\/veganoptioncanada.ca\/pt-pt\/\",\"logo\":{\"@type\":\"ImageObject\",\"inLanguage\":\"pt-PT\",\"@id\":\"http:\/\/veganoptioncanada.ca\/pt-pt\/#\/schema\/logo\/image\/\",\"url\":\"http:\/\/veganoptioncanada.ca\/wp-content\/uploads\/2021\/04\/Logo_OVC_transparent_web.png\",\"contentUrl\":\"http:\/\/veganoptioncanada.ca\/wp-content\/uploads\/2021\/04\/Logo_OVC_transparent_web.png\",\"width\":200,\"height\":200,\"caption\":\"Vegan Option Canada\"},\"image\":{\"@id\":\"http:\/\/veganoptioncanada.ca\/pt-pt\/#\/schema\/logo\/image\/\"},\"sameAs\":[\"https:\/\/www.facebook.com\/VOOVCanada\/\",\"https:\/\/x.com\/CanadaVegan\",\"https:\/\/instagram.com\/veganoptioncanada\/\",\"https:\/\/www.youtube.com\/channel\/UCDVCrc0eUMbWkdRwsUQi4Hw\"]},{\"@type\":\"Person\",\"@id\":\"http:\/\/veganoptioncanada.ca\/pt-pt\/#\/schema\/person\/9212ba9961ec51f55b60bab6ae51c478\",\"name\":\"Editeur\",\"url\":\"https:\/\/veganoptioncanada.ca\/pt-pt\/author\/editeur\/\"}]}<\/script>\n<!-- \/ Yoast SEO plugin. -->","yoast_head_json":{"title":"Painel sobre altera\u00e7\u00f5es clim\u00e1ticas no Veg Fest em Ottawa - Op\u00e7\u00e3o Vegana Canad\u00e1","robots":{"index":"index","follow":"follow","max-snippet":"max-snippet:-1","max-image-preview":"max-image-preview:large","max-video-preview":"max-video-preview:-1"},"canonical":"https:\/\/veganoptioncanada.ca\/pt-pt\/noticias\/painel-sobre-alteracoes-climaticas-no-veg-fest-em-ottawa\/","og_locale":"pt_PT","og_type":"article","og_title":"Painel sobre altera\u00e7\u00f5es clim\u00e1ticas no Veg Fest em Ottawa - Op\u00e7\u00e3o Vegana Canad\u00e1","og_description":"As altera\u00e7\u00f5es clim\u00e1ticas representam uma enorme amea\u00e7a para a seguran\u00e7a alimentar, a disponibilidade de \u00e1gua e a biodiversidade em todo o mundo (IPCC). \u00c9 tamb\u00e9m uma das principais causas das maiores cat\u00e1strofes ambientais do nosso s\u00e9culo. A produ\u00e7\u00e3o e o consumo de produtos de origem animal contribuem maci\u00e7amente para as altera\u00e7\u00f5es clim\u00e1ticas, ao passo que [&hellip;]","og_url":"https:\/\/veganoptioncanada.ca\/pt-pt\/noticias\/painel-sobre-alteracoes-climaticas-no-veg-fest-em-ottawa\/","og_site_name":"Op\u00e7\u00e3o Vegana Canad\u00e1","article_publisher":"https:\/\/www.facebook.com\/VOOVCanada\/","article_published_time":"2019-05-30T10:26:55+00:00","article_modified_time":"2025-03-30T03:16:57+00:00","og_image":[{"width":603,"height":313,"url":"https:\/\/veganoptioncanada.ca\/wp-content\/uploads\/2019\/05\/PanelOnClimateChange.jpg","type":"image\/jpeg"}],"author":"Editeur","twitter_card":"summary_large_image","twitter_creator":"@CanadaVegan","twitter_site":"@CanadaVegan","twitter_misc":{"Escrito por":"Editeur","Tempo estimado de leitura":"1 minuto"},"schema":{"@context":"https:\/\/schema.org","@graph":[{"@type":"Article","@id":"https:\/\/veganoptioncanada.ca\/pt-pt\/noticias\/painel-sobre-alteracoes-climaticas-no-veg-fest-em-ottawa\/#article","isPartOf":{"@id":"https:\/\/veganoptioncanada.ca\/pt-pt\/noticias\/painel-sobre-alteracoes-climaticas-no-veg-fest-em-ottawa\/"},"author":{"name":"Editeur","@id":"http:\/\/veganoptioncanada.ca\/pt-pt\/#\/schema\/person\/9212ba9961ec51f55b60bab6ae51c478"},"headline":"Painel sobre altera\u00e7\u00f5es clim\u00e1ticas no Veg Fest em Ottawa","datePublished":"2019-05-30T10:26:55+00:00","dateModified":"2025-03-30T03:16:57+00:00","mainEntityOfPage":{"@id":"https:\/\/veganoptioncanada.ca\/pt-pt\/noticias\/painel-sobre-alteracoes-climaticas-no-veg-fest-em-ottawa\/"},"wordCount":288,"publisher":{"@id":"http:\/\/veganoptioncanada.ca\/pt-pt\/#organization"},"image":{"@id":"https:\/\/veganoptioncanada.ca\/pt-pt\/noticias\/painel-sobre-alteracoes-climaticas-no-veg-fest-em-ottawa\/#primaryimage"},"thumbnailUrl":"https:\/\/veganoptioncanada.ca\/wp-content\/uploads\/2019\/05\/PanelOnClimateChange.jpg","articleSection":["Not\u00edcias"],"inLanguage":"pt-PT"},{"@type":"WebPage","@id":"https:\/\/veganoptioncanada.ca\/pt-pt\/noticias\/painel-sobre-alteracoes-climaticas-no-veg-fest-em-ottawa\/","url":"https:\/\/veganoptioncanada.ca\/pt-pt\/noticias\/painel-sobre-alteracoes-climaticas-no-veg-fest-em-ottawa\/","name":"Painel sobre altera\u00e7\u00f5es clim\u00e1ticas no Veg Fest em Ottawa - Op\u00e7\u00e3o Vegana Canad\u00e1","isPartOf":{"@id":"http:\/\/veganoptioncanada.ca\/pt-pt\/#website"},"primaryImageOfPage":{"@id":"https:\/\/veganoptioncanada.ca\/pt-pt\/noticias\/painel-sobre-alteracoes-climaticas-no-veg-fest-em-ottawa\/#primaryimage"},"image":{"@id":"https:\/\/veganoptioncanada.ca\/pt-pt\/noticias\/painel-sobre-alteracoes-climaticas-no-veg-fest-em-ottawa\/#primaryimage"},"thumbnailUrl":"https:\/\/veganoptioncanada.ca\/wp-content\/uploads\/2019\/05\/PanelOnClimateChange.jpg","datePublished":"2019-05-30T10:26:55+00:00","dateModified":"2025-03-30T03:16:57+00:00","breadcrumb":{"@id":"https:\/\/veganoptioncanada.ca\/pt-pt\/noticias\/painel-sobre-alteracoes-climaticas-no-veg-fest-em-ottawa\/#breadcrumb"},"inLanguage":"pt-PT","potentialAction":[{"@type":"ReadAction","target":["https:\/\/veganoptioncanada.ca\/pt-pt\/noticias\/painel-sobre-alteracoes-climaticas-no-veg-fest-em-ottawa\/"]}]},{"@type":"ImageObject","inLanguage":"pt-PT","@id":"https:\/\/veganoptioncanada.ca\/pt-pt\/noticias\/painel-sobre-alteracoes-climaticas-no-veg-fest-em-ottawa\/#primaryimage","url":"https:\/\/veganoptioncanada.ca\/wp-content\/uploads\/2019\/05\/PanelOnClimateChange.jpg","contentUrl":"https:\/\/veganoptioncanada.ca\/wp-content\/uploads\/2019\/05\/PanelOnClimateChange.jpg","width":603,"height":313},{"@type":"BreadcrumbList","@id":"https:\/\/veganoptioncanada.ca\/pt-pt\/noticias\/painel-sobre-alteracoes-climaticas-no-veg-fest-em-ottawa\/#breadcrumb","itemListElement":[{"@type":"ListItem","position":1,"name":"Home","item":"https:\/\/veganoptioncanada.ca\/pt-pt\/"},{"@type":"ListItem","position":2,"name":"Painel sobre altera\u00e7\u00f5es clim\u00e1ticas no Veg Fest em Ottawa"}]},{"@type":"WebSite","@id":"http:\/\/veganoptioncanada.ca\/pt-pt\/#website","url":"http:\/\/veganoptioncanada.ca\/pt-pt\/","name":"Vegan Option Canada - Option V\u00e9gane Canada","description":"","publisher":{"@id":"http:\/\/veganoptioncanada.ca\/pt-pt\/#organization"},"potentialAction":[{"@type":"SearchAction","target":{"@type":"EntryPoint","urlTemplate":"http:\/\/veganoptioncanada.ca\/pt-pt\/?s={search_term_string}"},"query-input":{"@type":"PropertyValueSpecification","valueRequired":true,"valueName":"search_term_string"}}],"inLanguage":"pt-PT"},{"@type":"Organization","@id":"http:\/\/veganoptioncanada.ca\/pt-pt\/#organization","name":"Vegan Option Canada","url":"http:\/\/veganoptioncanada.ca\/pt-pt\/","logo":{"@type":"ImageObject","inLanguage":"pt-PT","@id":"http:\/\/veganoptioncanada.ca\/pt-pt\/#\/schema\/logo\/image\/","url":"http:\/\/veganoptioncanada.ca\/wp-content\/uploads\/2021\/04\/Logo_OVC_transparent_web.png","contentUrl":"http:\/\/veganoptioncanada.ca\/wp-content\/uploads\/2021\/04\/Logo_OVC_transparent_web.png","width":200,"height":200,"caption":"Vegan Option Canada"},"image":{"@id":"http:\/\/veganoptioncanada.ca\/pt-pt\/#\/schema\/logo\/image\/"},"sameAs":["https:\/\/www.facebook.com\/VOOVCanada\/","https:\/\/x.com\/CanadaVegan","https:\/\/instagram.com\/veganoptioncanada\/","https:\/\/www.youtube.com\/channel\/UCDVCrc0eUMbWkdRwsUQi4Hw"]},{"@type":"Person","@id":"http:\/\/veganoptioncanada.ca\/pt-pt\/#\/schema\/person\/9212ba9961ec51f55b60bab6ae51c478","name":"Editeur","url":"https:\/\/veganoptioncanada.ca\/pt-pt\/author\/editeur\/"}]}},"_links":{"self":[{"href":"https:\/\/veganoptioncanada.ca\/pt-pt\/wp-json\/wp\/v2\/posts\/4418","targetHints":{"allow":["GET"]}}],"collection":[{"href":"https:\/\/veganoptioncanada.ca\/pt-pt\/wp-json\/wp\/v2\/posts"}],"about":[{"href":"https:\/\/veganoptioncanada.ca\/pt-pt\/wp-json\/wp\/v2\/types\/post"}],"author":[{"embeddable":true,"href":"https:\/\/veganoptioncanada.ca\/pt-pt\/wp-json\/wp\/v2\/users\/2"}],"replies":[{"embeddable":true,"href":"https:\/\/veganoptioncanada.ca\/pt-pt\/wp-json\/wp\/v2\/comments?post=4418"}],"version-history":[{"count":1,"href":"https:\/\/veganoptioncanada.ca\/pt-pt\/wp-json\/wp\/v2\/posts\/4418\/revisions"}],"predecessor-version":[{"id":4419,"href":"https:\/\/veganoptioncanada.ca\/pt-pt\/wp-json\/wp\/v2\/posts\/4418\/revisions\/4419"}],"wp:featuredmedia":[{"embeddable":true,"href":"https:\/\/veganoptioncanada.ca\/pt-pt\/wp-json\/wp\/v2\/media\/2089"}],"wp:attachment":[{"href":"https:\/\/veganoptioncanada.ca\/pt-pt\/wp-json\/wp\/v2\/media?parent=4418"}],"wp:term":[{"taxonomy":"category","embeddable":true,"href":"https:\/\/veganoptioncanada.ca\/pt-pt\/wp-json\/wp\/v2\/categories?post=4418"},{"taxonomy":"post_tag","embeddable":true,"href":"https:\/\/veganoptioncanada.ca\/pt-pt\/wp-json\/wp\/v2\/tags?post=4418"}],"curies":[{"name":"wp","href":"https:\/\/api.w.org\/{rel}","templated":true}]}}