{"id":4420,"date":"2018-08-25T21:49:19","date_gmt":"2018-08-26T02:49:19","guid":{"rendered":"https:\/\/veganoptioncanada.ca\/noticias\/quiosque-no-festival-vegan-de-montreal-de-2018\/"},"modified":"2018-08-25T21:49:19","modified_gmt":"2018-08-26T02:49:19","slug":"quiosque-no-festival-vegan-de-montreal-de-2018","status":"publish","type":"post","link":"https:\/\/veganoptioncanada.ca\/pt-pt\/noticias\/quiosque-no-festival-vegan-de-montreal-de-2018\/","title":{"rendered":"Quiosque no Festival Vegan de Montreal de 2018"},"content":{"rendered":"<p><span style=\"font-weight: 400;\">Que evento extraordin\u00e1rio \u00e9 o <a href=\"http:\/\/festivalveganedemontreal.com\/2018\/\">MONTREAL VEGAN FESTIVAL 2018<\/a>!<\/span><\/p>\n<p><span style=\"font-weight: 400;\">&#8220;Ol\u00e1, j\u00e1 ouviste falar da Option V\u00e9gane Canada? Somos um movimento de defesa pol\u00edtica que pretende sensibilizar para o facto de o acesso a refei\u00e7\u00f5es veganas ser um direito humano! Estamos a pedir aos nossos pol\u00edticos que implementem uma op\u00e7\u00e3o obrigat\u00f3ria de refei\u00e7\u00e3o vegana em todos os refeit\u00f3rios p\u00fablicos sob jurisdi\u00e7\u00e3o federal, provincial e municipal. Isto inclui todos os hospitais p\u00fablicos, universidades p\u00fablicas, CHSLDs, escolas p\u00fablicas e muitos outros. O nosso primeiro projeto \u00e9 esta peti\u00e7\u00e3o federal, que apresentaremos na C\u00e2mara dos Comuns em janeiro de 2019. Estamos aqui para recolher assinaturas para a nossa peti\u00e7\u00e3o&#8221;.<\/span><\/p>\n<p><img fetchpriority=\"high\" decoding=\"async\" class=\"alignnone size-medium wp-image-551\" src=\"https:\/\/veganoptioncanada.org\/wp-content\/uploads\/2018\/08\/FeeAlyssa-300x225.jpg\" alt=\"\" width=\"300\" height=\"225\"> <img decoding=\"async\" class=\"alignnone size-medium wp-image-552\" src=\"https:\/\/veganoptioncanada.org\/wp-content\/uploads\/2018\/08\/VOC_INAction2-300x225.jpg\" alt=\"\" width=\"300\" height=\"225\"><\/p>\n<p><img decoding=\"async\" class=\"size-medium wp-image-553 alignright\" src=\"https:\/\/veganoptioncanada.org\/wp-content\/uploads\/2018\/08\/VOC-57Cal-300x200.jpg\" alt=\"\" width=\"300\" height=\"200\" srcset=\"https:\/\/veganoptioncanada.ca\/wp-content\/uploads\/2018\/08\/VOC-57Cal-300x200.jpg 300w, https:\/\/veganoptioncanada.ca\/wp-content\/uploads\/2018\/08\/VOC-57Cal-768x512.jpg 768w, https:\/\/veganoptioncanada.ca\/wp-content\/uploads\/2018\/08\/VOC-57Cal-1024x683.jpg 1024w, https:\/\/veganoptioncanada.ca\/wp-content\/uploads\/2018\/08\/VOC-57Cal-830x553.jpg 830w, https:\/\/veganoptioncanada.ca\/wp-content\/uploads\/2018\/08\/VOC-57Cal-230x153.jpg 230w, https:\/\/veganoptioncanada.ca\/wp-content\/uploads\/2018\/08\/VOC-57Cal-350x233.jpg 350w, https:\/\/veganoptioncanada.ca\/wp-content\/uploads\/2018\/08\/VOC-57Cal-480x320.jpg 480w, https:\/\/veganoptioncanada.ca\/wp-content\/uploads\/2018\/08\/VOC-57Cal.jpg 1920w\" sizes=\"(max-width: 300px) 100vw, 300px\" \/><\/p>\n<p><span style=\"font-weight: 400;\">Os membros da Option V\u00e9gane Canada repetiram estas palavras centenas, se n\u00e3o milhares, de vezes durante os dois dias do festival. Foi estimulante falar e interagir com tantas pessoas que concordavam que o movimento OVC n\u00e3o s\u00f3 era leg\u00edtimo como indispens\u00e1vel. Foi \u00f3timo conhecer e falar com novas associa\u00e7\u00f5es aliadas.    <\/span><\/p>\n<p><span style=\"font-weight: 400;\">Al\u00e9m disso, foi uma oportunidade preciosa para agradecer pessoalmente a algumas das empresas que nos ajudaram desde o in\u00edcio, como <a href=\"http:\/\/www.57cals.com\/\">a 57Cal<\/a>, que, sozinha, enviou oito folhas de peti\u00e7\u00e3o, o equivalente a 1600 assinaturas! Parab\u00e9ns! <\/span><\/p>\n<p><span style=\"font-weight: 400;\">Acima de tudo, n\u00e3o temos palavras para expressar a nossa gratid\u00e3o a todos os que vieram e ouviram. Obrigado pelas mais de 400 assinaturas. Obrigado pela tua abertura, pela tua escuta e pelo teu apoio.  <\/span><\/p>\n<p><span style=\"font-weight: 400;\">Gostar\u00edamos de agradecer especialmente aos 30 futuros membros do VOC que querem participar e contribuir para o crescimento e a expans\u00e3o do nosso movimento atrav\u00e9s e para al\u00e9m das fronteiras do Canad\u00e1. Esperamos ver-te em futuras reuni\u00f5es. <\/span><\/p>\n<p><img loading=\"lazy\" decoding=\"async\" class=\"size-medium wp-image-554 alignleft\" src=\"https:\/\/veganoptioncanada.org\/wp-content\/uploads\/2018\/08\/VOC_Mario-300x200.jpg\" alt=\"\" width=\"300\" height=\"200\" srcset=\"https:\/\/veganoptioncanada.ca\/wp-content\/uploads\/2018\/08\/VOC_Mario-300x200.jpg 300w, https:\/\/veganoptioncanada.ca\/wp-content\/uploads\/2018\/08\/VOC_Mario-768x512.jpg 768w, https:\/\/veganoptioncanada.ca\/wp-content\/uploads\/2018\/08\/VOC_Mario-1024x683.jpg 1024w, https:\/\/veganoptioncanada.ca\/wp-content\/uploads\/2018\/08\/VOC_Mario-830x553.jpg 830w, https:\/\/veganoptioncanada.ca\/wp-content\/uploads\/2018\/08\/VOC_Mario-230x153.jpg 230w, https:\/\/veganoptioncanada.ca\/wp-content\/uploads\/2018\/08\/VOC_Mario-350x233.jpg 350w, https:\/\/veganoptioncanada.ca\/wp-content\/uploads\/2018\/08\/VOC_Mario-480x320.jpg 480w, https:\/\/veganoptioncanada.ca\/wp-content\/uploads\/2018\/08\/VOC_Mario.jpg 1920w\" sizes=\"(max-width: 300px) 100vw, 300px\" \/><\/p>\n<p><span style=\"font-weight: 400;\">Um grande obrigado a todos os organizadores e volunt\u00e1rios do MONTREAL VEGAN FESTIVAL 2018 que, ao longo das \u00faltimas semanas, trabalharamcerca de 20 a 50 horas extraordin\u00e1rias gratuitamente<\/span>. Agradece tamb\u00e9m a <a href=\"https:\/\/www.lacuisinedejeanphilippe.com\/\">Jean Philippe CYR<\/a>, porta-voz do festival, que emprestou a sua voz pro bono. <\/p>\n","protected":false},"excerpt":{"rendered":"<p>Que evento extraordin\u00e1rio \u00e9 o MONTREAL VEGAN FESTIVAL 2018! &#8220;Ol\u00e1, j\u00e1 ouviste falar da Option V\u00e9gane Canada? Somos um movimento de defesa pol\u00edtica que pretende sensibilizar para o facto de o acesso a refei\u00e7\u00f5es veganas ser um direito humano! Estamos a pedir aos nossos pol\u00edticos que implementem uma op\u00e7\u00e3o obrigat\u00f3ria de refei\u00e7\u00e3o vegana em todos [&hellip;]<\/p>\n","protected":false},"author":1,"featured_media":749,"comment_status":"closed","ping_status":"closed","sticky":false,"template":"","format":"standard","meta":{"footnotes":""},"categories":[45],"tags":[87],"class_list":["post-4420","post","type-post","status-publish","format-standard","has-post-thumbnail","hentry","category-noticias","tag-evento"],"yoast_head":"<!-- This site is optimized with the Yoast SEO plugin v26.9 - https:\/\/yoast.com\/product\/yoast-seo-wordpress\/ -->\n<title>Quiosque no Festival Vegan de Montreal de 2018 - Op\u00e7\u00e3o Vegana Canad\u00e1<\/title>\n<meta name=\"description\" content=\"Op\u00e7\u00e3o V\u00e9gane Canad\u00e1 no Festival Vegan de Montreal de 2018.\" \/>\n<meta name=\"robots\" content=\"index, follow, max-snippet:-1, max-image-preview:large, max-video-preview:-1\" \/>\n<link rel=\"canonical\" href=\"https:\/\/veganoptioncanada.ca\/pt-pt\/noticias\/quiosque-no-festival-vegan-de-montreal-de-2018\/\" \/>\n<meta property=\"og:locale\" content=\"pt_PT\" \/>\n<meta property=\"og:type\" content=\"article\" \/>\n<meta property=\"og:title\" content=\"Quiosque no Festival Vegan de Montreal de 2018 - Op\u00e7\u00e3o Vegana Canad\u00e1\" \/>\n<meta property=\"og:description\" content=\"Op\u00e7\u00e3o V\u00e9gane Canad\u00e1 no Festival Vegan de Montreal de 2018.\" \/>\n<meta property=\"og:url\" content=\"https:\/\/veganoptioncanada.ca\/pt-pt\/noticias\/quiosque-no-festival-vegan-de-montreal-de-2018\/\" \/>\n<meta property=\"og:site_name\" content=\"Op\u00e7\u00e3o Vegana Canad\u00e1\" \/>\n<meta property=\"article:publisher\" content=\"https:\/\/www.facebook.com\/VOOVCanada\/\" \/>\n<meta property=\"article:published_time\" content=\"2018-08-26T02:49:19+00:00\" \/>\n<meta property=\"og:image\" content=\"https:\/\/veganoptioncanada.ca\/wp-content\/uploads\/2018\/08\/VeganOptionCanadaFVM1.jpg\" \/>\n\t<meta property=\"og:image:width\" content=\"1920\" \/>\n\t<meta property=\"og:image:height\" content=\"1280\" \/>\n\t<meta property=\"og:image:type\" content=\"image\/jpeg\" \/>\n<meta name=\"author\" content=\"OVC\" \/>\n<meta name=\"twitter:card\" content=\"summary_large_image\" \/>\n<meta name=\"twitter:creator\" content=\"@CanadaVegan\" \/>\n<meta name=\"twitter:site\" content=\"@CanadaVegan\" \/>\n<meta name=\"twitter:label1\" content=\"Escrito por\" \/>\n\t<meta name=\"twitter:data1\" content=\"OVC\" \/>\n\t<meta name=\"twitter:label2\" content=\"Tempo estimado de leitura\" \/>\n\t<meta name=\"twitter:data2\" content=\"2 minutos\" \/>\n<script type=\"application\/ld+json\" class=\"yoast-schema-graph\">{\"@context\":\"https:\/\/schema.org\",\"@graph\":[{\"@type\":\"Article\",\"@id\":\"https:\/\/veganoptioncanada.ca\/pt-pt\/noticias\/quiosque-no-festival-vegan-de-montreal-de-2018\/#article\",\"isPartOf\":{\"@id\":\"https:\/\/veganoptioncanada.ca\/pt-pt\/noticias\/quiosque-no-festival-vegan-de-montreal-de-2018\/\"},\"author\":{\"name\":\"OVC\",\"@id\":\"http:\/\/veganoptioncanada.ca\/pt-pt\/#\/schema\/person\/12f6b19e087f2d8727cb6d97d2dfdb0a\"},\"headline\":\"Quiosque no Festival Vegan de Montreal de 2018\",\"datePublished\":\"2018-08-26T02:49:19+00:00\",\"mainEntityOfPage\":{\"@id\":\"https:\/\/veganoptioncanada.ca\/pt-pt\/noticias\/quiosque-no-festival-vegan-de-montreal-de-2018\/\"},\"wordCount\":340,\"publisher\":{\"@id\":\"http:\/\/veganoptioncanada.ca\/pt-pt\/#organization\"},\"image\":{\"@id\":\"https:\/\/veganoptioncanada.ca\/pt-pt\/noticias\/quiosque-no-festival-vegan-de-montreal-de-2018\/#primaryimage\"},\"thumbnailUrl\":\"https:\/\/veganoptioncanada.ca\/wp-content\/uploads\/2018\/08\/VeganOptionCanadaFVM1.jpg\",\"keywords\":[\"Evento\"],\"articleSection\":[\"Not\u00edcias\"],\"inLanguage\":\"pt-PT\"},{\"@type\":\"WebPage\",\"@id\":\"https:\/\/veganoptioncanada.ca\/pt-pt\/noticias\/quiosque-no-festival-vegan-de-montreal-de-2018\/\",\"url\":\"https:\/\/veganoptioncanada.ca\/pt-pt\/noticias\/quiosque-no-festival-vegan-de-montreal-de-2018\/\",\"name\":\"Quiosque no Festival Vegan de Montreal de 2018 - Op\u00e7\u00e3o Vegana Canad\u00e1\",\"isPartOf\":{\"@id\":\"http:\/\/veganoptioncanada.ca\/pt-pt\/#website\"},\"primaryImageOfPage\":{\"@id\":\"https:\/\/veganoptioncanada.ca\/pt-pt\/noticias\/quiosque-no-festival-vegan-de-montreal-de-2018\/#primaryimage\"},\"image\":{\"@id\":\"https:\/\/veganoptioncanada.ca\/pt-pt\/noticias\/quiosque-no-festival-vegan-de-montreal-de-2018\/#primaryimage\"},\"thumbnailUrl\":\"https:\/\/veganoptioncanada.ca\/wp-content\/uploads\/2018\/08\/VeganOptionCanadaFVM1.jpg\",\"datePublished\":\"2018-08-26T02:49:19+00:00\",\"description\":\"Op\u00e7\u00e3o V\u00e9gane Canad\u00e1 no Festival Vegan de Montreal de 2018.\",\"breadcrumb\":{\"@id\":\"https:\/\/veganoptioncanada.ca\/pt-pt\/noticias\/quiosque-no-festival-vegan-de-montreal-de-2018\/#breadcrumb\"},\"inLanguage\":\"pt-PT\",\"potentialAction\":[{\"@type\":\"ReadAction\",\"target\":[\"https:\/\/veganoptioncanada.ca\/pt-pt\/noticias\/quiosque-no-festival-vegan-de-montreal-de-2018\/\"]}]},{\"@type\":\"ImageObject\",\"inLanguage\":\"pt-PT\",\"@id\":\"https:\/\/veganoptioncanada.ca\/pt-pt\/noticias\/quiosque-no-festival-vegan-de-montreal-de-2018\/#primaryimage\",\"url\":\"https:\/\/veganoptioncanada.ca\/wp-content\/uploads\/2018\/08\/VeganOptionCanadaFVM1.jpg\",\"contentUrl\":\"https:\/\/veganoptioncanada.ca\/wp-content\/uploads\/2018\/08\/VeganOptionCanadaFVM1.jpg\",\"width\":1920,\"height\":1280},{\"@type\":\"BreadcrumbList\",\"@id\":\"https:\/\/veganoptioncanada.ca\/pt-pt\/noticias\/quiosque-no-festival-vegan-de-montreal-de-2018\/#breadcrumb\",\"itemListElement\":[{\"@type\":\"ListItem\",\"position\":1,\"name\":\"Home\",\"item\":\"https:\/\/veganoptioncanada.ca\/pt-pt\/\"},{\"@type\":\"ListItem\",\"position\":2,\"name\":\"Quiosque no Festival Vegan de Montreal de 2018\"}]},{\"@type\":\"WebSite\",\"@id\":\"http:\/\/veganoptioncanada.ca\/pt-pt\/#website\",\"url\":\"http:\/\/veganoptioncanada.ca\/pt-pt\/\",\"name\":\"Vegan Option Canada - Option V\u00e9gane Canada\",\"description\":\"\",\"publisher\":{\"@id\":\"http:\/\/veganoptioncanada.ca\/pt-pt\/#organization\"},\"potentialAction\":[{\"@type\":\"SearchAction\",\"target\":{\"@type\":\"EntryPoint\",\"urlTemplate\":\"http:\/\/veganoptioncanada.ca\/pt-pt\/?s={search_term_string}\"},\"query-input\":{\"@type\":\"PropertyValueSpecification\",\"valueRequired\":true,\"valueName\":\"search_term_string\"}}],\"inLanguage\":\"pt-PT\"},{\"@type\":\"Organization\",\"@id\":\"http:\/\/veganoptioncanada.ca\/pt-pt\/#organization\",\"name\":\"Vegan Option Canada\",\"url\":\"http:\/\/veganoptioncanada.ca\/pt-pt\/\",\"logo\":{\"@type\":\"ImageObject\",\"inLanguage\":\"pt-PT\",\"@id\":\"http:\/\/veganoptioncanada.ca\/pt-pt\/#\/schema\/logo\/image\/\",\"url\":\"http:\/\/veganoptioncanada.ca\/wp-content\/uploads\/2021\/04\/Logo_OVC_transparent_web.png\",\"contentUrl\":\"http:\/\/veganoptioncanada.ca\/wp-content\/uploads\/2021\/04\/Logo_OVC_transparent_web.png\",\"width\":200,\"height\":200,\"caption\":\"Vegan Option Canada\"},\"image\":{\"@id\":\"http:\/\/veganoptioncanada.ca\/pt-pt\/#\/schema\/logo\/image\/\"},\"sameAs\":[\"https:\/\/www.facebook.com\/VOOVCanada\/\",\"https:\/\/x.com\/CanadaVegan\",\"https:\/\/instagram.com\/veganoptioncanada\/\",\"https:\/\/www.youtube.com\/channel\/UCDVCrc0eUMbWkdRwsUQi4Hw\"]},{\"@type\":\"Person\",\"@id\":\"http:\/\/veganoptioncanada.ca\/pt-pt\/#\/schema\/person\/12f6b19e087f2d8727cb6d97d2dfdb0a\",\"name\":\"OVC\",\"url\":\"https:\/\/veganoptioncanada.ca\/pt-pt\/author\/adminov\/\"}]}<\/script>\n<!-- \/ Yoast SEO plugin. -->","yoast_head_json":{"title":"Quiosque no Festival Vegan de Montreal de 2018 - Op\u00e7\u00e3o Vegana Canad\u00e1","description":"Op\u00e7\u00e3o V\u00e9gane Canad\u00e1 no Festival Vegan de Montreal de 2018.","robots":{"index":"index","follow":"follow","max-snippet":"max-snippet:-1","max-image-preview":"max-image-preview:large","max-video-preview":"max-video-preview:-1"},"canonical":"https:\/\/veganoptioncanada.ca\/pt-pt\/noticias\/quiosque-no-festival-vegan-de-montreal-de-2018\/","og_locale":"pt_PT","og_type":"article","og_title":"Quiosque no Festival Vegan de Montreal de 2018 - Op\u00e7\u00e3o Vegana Canad\u00e1","og_description":"Op\u00e7\u00e3o V\u00e9gane Canad\u00e1 no Festival Vegan de Montreal de 2018.","og_url":"https:\/\/veganoptioncanada.ca\/pt-pt\/noticias\/quiosque-no-festival-vegan-de-montreal-de-2018\/","og_site_name":"Op\u00e7\u00e3o Vegana Canad\u00e1","article_publisher":"https:\/\/www.facebook.com\/VOOVCanada\/","article_published_time":"2018-08-26T02:49:19+00:00","og_image":[{"width":1920,"height":1280,"url":"https:\/\/veganoptioncanada.ca\/wp-content\/uploads\/2018\/08\/VeganOptionCanadaFVM1.jpg","type":"image\/jpeg"}],"author":"OVC","twitter_card":"summary_large_image","twitter_creator":"@CanadaVegan","twitter_site":"@CanadaVegan","twitter_misc":{"Escrito por":"OVC","Tempo estimado de leitura":"2 minutos"},"schema":{"@context":"https:\/\/schema.org","@graph":[{"@type":"Article","@id":"https:\/\/veganoptioncanada.ca\/pt-pt\/noticias\/quiosque-no-festival-vegan-de-montreal-de-2018\/#article","isPartOf":{"@id":"https:\/\/veganoptioncanada.ca\/pt-pt\/noticias\/quiosque-no-festival-vegan-de-montreal-de-2018\/"},"author":{"name":"OVC","@id":"http:\/\/veganoptioncanada.ca\/pt-pt\/#\/schema\/person\/12f6b19e087f2d8727cb6d97d2dfdb0a"},"headline":"Quiosque no Festival Vegan de Montreal de 2018","datePublished":"2018-08-26T02:49:19+00:00","mainEntityOfPage":{"@id":"https:\/\/veganoptioncanada.ca\/pt-pt\/noticias\/quiosque-no-festival-vegan-de-montreal-de-2018\/"},"wordCount":340,"publisher":{"@id":"http:\/\/veganoptioncanada.ca\/pt-pt\/#organization"},"image":{"@id":"https:\/\/veganoptioncanada.ca\/pt-pt\/noticias\/quiosque-no-festival-vegan-de-montreal-de-2018\/#primaryimage"},"thumbnailUrl":"https:\/\/veganoptioncanada.ca\/wp-content\/uploads\/2018\/08\/VeganOptionCanadaFVM1.jpg","keywords":["Evento"],"articleSection":["Not\u00edcias"],"inLanguage":"pt-PT"},{"@type":"WebPage","@id":"https:\/\/veganoptioncanada.ca\/pt-pt\/noticias\/quiosque-no-festival-vegan-de-montreal-de-2018\/","url":"https:\/\/veganoptioncanada.ca\/pt-pt\/noticias\/quiosque-no-festival-vegan-de-montreal-de-2018\/","name":"Quiosque no Festival Vegan de Montreal de 2018 - Op\u00e7\u00e3o Vegana Canad\u00e1","isPartOf":{"@id":"http:\/\/veganoptioncanada.ca\/pt-pt\/#website"},"primaryImageOfPage":{"@id":"https:\/\/veganoptioncanada.ca\/pt-pt\/noticias\/quiosque-no-festival-vegan-de-montreal-de-2018\/#primaryimage"},"image":{"@id":"https:\/\/veganoptioncanada.ca\/pt-pt\/noticias\/quiosque-no-festival-vegan-de-montreal-de-2018\/#primaryimage"},"thumbnailUrl":"https:\/\/veganoptioncanada.ca\/wp-content\/uploads\/2018\/08\/VeganOptionCanadaFVM1.jpg","datePublished":"2018-08-26T02:49:19+00:00","description":"Op\u00e7\u00e3o V\u00e9gane Canad\u00e1 no Festival Vegan de Montreal de 2018.","breadcrumb":{"@id":"https:\/\/veganoptioncanada.ca\/pt-pt\/noticias\/quiosque-no-festival-vegan-de-montreal-de-2018\/#breadcrumb"},"inLanguage":"pt-PT","potentialAction":[{"@type":"ReadAction","target":["https:\/\/veganoptioncanada.ca\/pt-pt\/noticias\/quiosque-no-festival-vegan-de-montreal-de-2018\/"]}]},{"@type":"ImageObject","inLanguage":"pt-PT","@id":"https:\/\/veganoptioncanada.ca\/pt-pt\/noticias\/quiosque-no-festival-vegan-de-montreal-de-2018\/#primaryimage","url":"https:\/\/veganoptioncanada.ca\/wp-content\/uploads\/2018\/08\/VeganOptionCanadaFVM1.jpg","contentUrl":"https:\/\/veganoptioncanada.ca\/wp-content\/uploads\/2018\/08\/VeganOptionCanadaFVM1.jpg","width":1920,"height":1280},{"@type":"BreadcrumbList","@id":"https:\/\/veganoptioncanada.ca\/pt-pt\/noticias\/quiosque-no-festival-vegan-de-montreal-de-2018\/#breadcrumb","itemListElement":[{"@type":"ListItem","position":1,"name":"Home","item":"https:\/\/veganoptioncanada.ca\/pt-pt\/"},{"@type":"ListItem","position":2,"name":"Quiosque no Festival Vegan de Montreal de 2018"}]},{"@type":"WebSite","@id":"http:\/\/veganoptioncanada.ca\/pt-pt\/#website","url":"http:\/\/veganoptioncanada.ca\/pt-pt\/","name":"Vegan Option Canada - Option V\u00e9gane Canada","description":"","publisher":{"@id":"http:\/\/veganoptioncanada.ca\/pt-pt\/#organization"},"potentialAction":[{"@type":"SearchAction","target":{"@type":"EntryPoint","urlTemplate":"http:\/\/veganoptioncanada.ca\/pt-pt\/?s={search_term_string}"},"query-input":{"@type":"PropertyValueSpecification","valueRequired":true,"valueName":"search_term_string"}}],"inLanguage":"pt-PT"},{"@type":"Organization","@id":"http:\/\/veganoptioncanada.ca\/pt-pt\/#organization","name":"Vegan Option Canada","url":"http:\/\/veganoptioncanada.ca\/pt-pt\/","logo":{"@type":"ImageObject","inLanguage":"pt-PT","@id":"http:\/\/veganoptioncanada.ca\/pt-pt\/#\/schema\/logo\/image\/","url":"http:\/\/veganoptioncanada.ca\/wp-content\/uploads\/2021\/04\/Logo_OVC_transparent_web.png","contentUrl":"http:\/\/veganoptioncanada.ca\/wp-content\/uploads\/2021\/04\/Logo_OVC_transparent_web.png","width":200,"height":200,"caption":"Vegan Option Canada"},"image":{"@id":"http:\/\/veganoptioncanada.ca\/pt-pt\/#\/schema\/logo\/image\/"},"sameAs":["https:\/\/www.facebook.com\/VOOVCanada\/","https:\/\/x.com\/CanadaVegan","https:\/\/instagram.com\/veganoptioncanada\/","https:\/\/www.youtube.com\/channel\/UCDVCrc0eUMbWkdRwsUQi4Hw"]},{"@type":"Person","@id":"http:\/\/veganoptioncanada.ca\/pt-pt\/#\/schema\/person\/12f6b19e087f2d8727cb6d97d2dfdb0a","name":"OVC","url":"https:\/\/veganoptioncanada.ca\/pt-pt\/author\/adminov\/"}]}},"_links":{"self":[{"href":"https:\/\/veganoptioncanada.ca\/pt-pt\/wp-json\/wp\/v2\/posts\/4420","targetHints":{"allow":["GET"]}}],"collection":[{"href":"https:\/\/veganoptioncanada.ca\/pt-pt\/wp-json\/wp\/v2\/posts"}],"about":[{"href":"https:\/\/veganoptioncanada.ca\/pt-pt\/wp-json\/wp\/v2\/types\/post"}],"author":[{"embeddable":true,"href":"https:\/\/veganoptioncanada.ca\/pt-pt\/wp-json\/wp\/v2\/users\/1"}],"replies":[{"embeddable":true,"href":"https:\/\/veganoptioncanada.ca\/pt-pt\/wp-json\/wp\/v2\/comments?post=4420"}],"version-history":[{"count":0,"href":"https:\/\/veganoptioncanada.ca\/pt-pt\/wp-json\/wp\/v2\/posts\/4420\/revisions"}],"wp:featuredmedia":[{"embeddable":true,"href":"https:\/\/veganoptioncanada.ca\/pt-pt\/wp-json\/wp\/v2\/media\/749"}],"wp:attachment":[{"href":"https:\/\/veganoptioncanada.ca\/pt-pt\/wp-json\/wp\/v2\/media?parent=4420"}],"wp:term":[{"taxonomy":"category","embeddable":true,"href":"https:\/\/veganoptioncanada.ca\/pt-pt\/wp-json\/wp\/v2\/categories?post=4420"},{"taxonomy":"post_tag","embeddable":true,"href":"https:\/\/veganoptioncanada.ca\/pt-pt\/wp-json\/wp\/v2\/tags?post=4420"}],"curies":[{"name":"wp","href":"https:\/\/api.w.org\/{rel}","templated":true}]}}