{"id":4488,"date":"2020-06-02T12:30:37","date_gmt":"2020-06-02T17:30:37","guid":{"rendered":"https:\/\/veganoptioncanada.ca\/noticias\/atacar-o-especismo-ou-o-humanismo\/"},"modified":"2025-03-29T22:18:13","modified_gmt":"2025-03-30T03:18:13","slug":"atacar-o-especismo-ou-o-humanismo","status":"publish","type":"post","link":"https:\/\/veganoptioncanada.ca\/pt-pt\/opinion-pt-pt\/atacar-o-especismo-ou-o-humanismo\/","title":{"rendered":"Atacar o especismo ou o humanismo?"},"content":{"rendered":"\t\t<div data-elementor-type=\"wp-post\" data-elementor-id=\"4488\" class=\"elementor elementor-4488 elementor-2461\" data-elementor-post-type=\"post\">\n\t\t\t\t\t\t<section class=\"elementor-section elementor-top-section elementor-element elementor-element-60afe382 elementor-reverse-mobile elementor-section-boxed elementor-section-height-default elementor-section-height-default\" data-id=\"60afe382\" data-element_type=\"section\">\n\t\t\t\t\t\t<div class=\"elementor-container elementor-column-gap-default\">\n\t\t\t\t\t<div class=\"elementor-column elementor-col-66 elementor-top-column elementor-element elementor-element-378529ac\" data-id=\"378529ac\" data-element_type=\"column\">\n\t\t\t<div class=\"elementor-widget-wrap elementor-element-populated\">\n\t\t\t\t\t\t<div class=\"elementor-element elementor-element-1ff0cddf elementor-widget elementor-widget-text-editor\" data-id=\"1ff0cddf\" data-element_type=\"widget\" data-widget_type=\"text-editor.default\">\n\t\t\t\t<div class=\"elementor-widget-container\">\n\t\t\t\t\t\t\t\t\t<p style=\"text-align: center;\"><em>Artigo escrito por <a href=\"http:\/\/yves-bonnardel.info\" target=\"_blank\" rel=\"noopener\">Yves Bonnardel<\/a><\/em><\/p>\t\t\t\t\t\t\t\t<\/div>\n\t\t\t\t<\/div>\n\t\t\t\t<div class=\"elementor-element elementor-element-6dcfa90c elementor-widget elementor-widget-heading\" data-id=\"6dcfa90c\" data-element_type=\"widget\" data-widget_type=\"heading.default\">\n\t\t\t\t<div class=\"elementor-widget-container\">\n\t\t\t\t\t<h2 class=\"elementor-heading-title elementor-size-default\">Vantagens e desvantagens destas duas estrat\u00e9gias<\/h2>\t\t\t\t<\/div>\n\t\t\t\t<\/div>\n\t\t\t\t<div class=\"elementor-element elementor-element-18c24ee2 elementor-widget elementor-widget-text-editor\" data-id=\"18c24ee2\" data-element_type=\"widget\" data-widget_type=\"text-editor.default\">\n\t\t\t\t<div class=\"elementor-widget-container\">\n\t\t\t\t\t\t\t\t\t<p class=\"c4\"><span class=\"c20 c8 c2\">N\u00e3o poder\u00edamos simplesmente exigir a aboli\u00e7\u00e3o da cria\u00e7\u00e3o de animais, da ca\u00e7a e da pesca, dos matadouros e de outros tipos de explora\u00e7\u00e3o animal, simplesmente em nome dos direitos dos animais, ou talvez simplesmente em nome do bem-estar dos animais? Porqu\u00ea querer mais, e lutar por uma sociedade n\u00e3o especista, n\u00e3o humanista, por uma nova civiliza\u00e7\u00e3o baseada na ideia de igualdade? [mfn]<span class=\"c20 c8 c11\">A chamada igualdade animal, para a distinguir da chamada igualdade humana (limitada apenas aos seres humanos), \u00e9 de facto a \u00fanica forma de igualdade conceb\u00edvel, pois consiste na igual considera\u00e7\u00e3o dos interesses de todos os seres sens\u00edveis, ou seja, de todos os seres que t\u00eam interesses a defender; \u00e9 o verdadeiro universalismo. A igualdade humana, por se basear em exclus\u00f5es arbitr\u00e1rias (de acordo com a esp\u00e9cie dos indiv\u00edduos) \u00e9, pelo contr\u00e1rio, uma desigualdade, tal como o sufr\u00e1gio universal apenas para os homens era, de facto, uma injusti\u00e7a. <\/span>[\/mfn]<\/span><span class=\"c5 c2\">?<\/span><\/p><p class=\"c4\"><span class=\"c20 c8 c2\">H\u00e1 v\u00e1rias respostas para isto: o especismo \u00e9 injusto e uma sociedade n\u00e3o especista com fortes tend\u00eancias igualit\u00e1rias \u00e9 um objetivo justo. <\/span><span class=\"c2\">Al\u00e9m disso<\/span><span class=\"c20 c8 c2\">quem exige o m\u00e1ximo maximiza as possibilidades de obter algo (pelo menos, \u00e9 isso que quero dizer).<\/span><span class=\"c2\">pelo menos<\/span><span class=\"c20 c8 c2\">\u00e9 o que se pode esperar, se n\u00e3o criar bloqueios contraproducentes<\/span><span class=\"c2\">ges<\/span><span class=\"c20 c8 c2\">). Em segundo lugar, o que est\u00e1 em jogo n\u00e3o \u00e9 apenas o presente: temos de lan\u00e7ar bases s\u00f3lidas para os s\u00e9culos ou mil\u00e9nios vindouros, e mesmo para o longo prazo. N\u00e3o se trata apenas de abolir a explora\u00e7\u00e3o animal para os pr\u00f3ximos anos, mas para o futuro. E, finalmente, h\u00e1 muito mais em jogo do que apenas a aboli\u00e7\u00e3o da explora\u00e7\u00e3o animal: h\u00e1 ainda mais mir\u00edades de animais a viver vidas de mis\u00e9ria e a morrer em mart\u00edrio no mundo selvagem, e se os humanos sobreviverem \u00e0s crises ecol\u00f3gicas do s\u00e9culo XXI, teremos de agir.     <\/span><span class=\"c2\">atual e futuro<\/span><span class=\"c20 c8 c2\">seria <\/span><span class=\"c2\">muito bom<\/span><span class=\"c5 c2\"> se te mostrasses solid\u00e1rio com todos os seres sens\u00edveis do planeta.<\/span><\/p><p class=\"c4\"><span class=\"c20 c8 c2\">O movimento pela igualdade dos animais desenvolveu-se atacando o especismo; mas a vers\u00e3o antropoc\u00eantrica do especismo que prevalece nas nossas sociedades \u00e9 o humanismo: um humanismo<\/span><span class=\"c2\">sme <\/span> <span class=\"c5 c2\">que toma a forma de supremacismo humano. Porque n\u00e3o atacaste diretamente o humanismo? N\u00e3o \u00e9 isso que deverias fazer a partir de agora?    <\/span><\/p><p class=\"c4\"><span class=\"c2\">Segue-se um breve d<\/span><span class=\"c20 c8 c2\">iscuss\u00e3o sobre <\/span><span class=\"c2\">os objectivos<\/span><span class=\"c20 c8 c2\">e as vantagens e desvantagens destas diferentes <\/span><span class=\"c20 c8 c2\">estrat\u00e9gias<\/span><span class=\"c5 c2\">.<\/span><\/p>\t\t\t\t\t\t\t\t<\/div>\n\t\t\t\t<\/div>\n\t\t\t\t<div class=\"elementor-element elementor-element-6e1cfce9 elementor-widget elementor-widget-heading\" data-id=\"6e1cfce9\" data-element_type=\"widget\" data-widget_type=\"heading.default\">\n\t\t\t\t<div class=\"elementor-widget-container\">\n\t\t\t\t\t<h2 class=\"elementor-heading-title elementor-size-default\">O que \u00e9 uma luta cultural?<\/h2>\t\t\t\t<\/div>\n\t\t\t\t<\/div>\n\t\t\t\t<div class=\"elementor-element elementor-element-38fc0ac6 elementor-widget elementor-widget-text-editor\" data-id=\"38fc0ac6\" data-element_type=\"widget\" data-widget_type=\"text-editor.default\">\n\t\t\t\t<div class=\"elementor-widget-container\">\n\t\t\t\t\t\t\t\t\t<p class=\"c4\"><span class=\"c20 c8 c2\">Estou a falar de estrat\u00e9gias de luta cultural <\/span><span class=\"c2\">e n\u00e3o<\/span><span class=\"c20 c8 c2\"> estrat\u00e9gias destinadas a abolir ou reformar um aspeto particular da explora\u00e7\u00e3o animal, <\/span><span class=\"c2\">ou<\/span><span class=\"c20 c8 c2\">  Estou a falar de estrat\u00e9gias para mudar a forma como comemos. Estou a falar de estrat\u00e9gias para mudar a   <\/span><em><span class=\"c18 c8 c2\">cultura<\/span><\/em><span class=\"c5 c2\"> das nossas sociedades ou, pelo menos, para minar as ideologias de explora\u00e7\u00e3o animal.<\/span><\/p><p class=\"c4\"><span class=\"c20 c8 c2\">Na minha opini\u00e3o, estas estrat\u00e9gias t\u00eam dois objectivos principais<\/span><span class=\"c2\"> <\/span><span class=\"c20 c8 c2\">O primeiro \u00e9 chegar \u00e0s pessoas, convenc\u00ea-las de que a luta tem fundamento e que devem tornar-se activistas; e o segundo \u00e9 mudar as representa\u00e7\u00f5es e os valores das nossas sociedades, para que sejam menos arrogantes e sanguin\u00e1rias em rela\u00e7\u00e3o aos outros animais (trata-se ent\u00e3o de &#8220;mudar os valores das nossas sociedades&#8221;).<\/span><span class=\"c2\">Isto significa que<\/span><span class=\"c5 c2\">O objetivo final \u00e9 uma mudan\u00e7a civilizacional de grande alcance.<\/span><\/p><p class=\"c4\"><span class=\"c2\">Porque \u00e9 que fa\u00e7o a distin\u00e7\u00e3o entre convencer indiv\u00edduos e mudar uma cultura? N\u00e3o \u00e9 a mesma escala, e n\u00e3o podes reduzir a mudan\u00e7a cultural a uma s\u00e9rie de mudan\u00e7as individuais; pelo contr\u00e1rio, a mudan\u00e7a processa-se na dire\u00e7\u00e3o oposta. Para te dar um exemplo: quando comecei a fazer campanha pela igualdade dos animais h\u00e1 trinta anos, as pessoas quase sempre respondiam: &#8220;Mas os animais n\u00e3o sofrem! H\u00e1 cinco anos, apercebi-me por acaso que j\u00e1 n\u00e3o ouvia essa frase h\u00e1 anos! Sem que eu me apercebesse, sem que ningu\u00e9m que eu conhecesse se apercebesse, tinha desaparecido do registo social e culturalmente poss\u00edvel e autorizado (exceto, infelizmente, no caso dos peixes ou dos invertebrados, onde as pessoas ainda a dizem). Hoje em dia, dizer uma frase assim j\u00e1 n\u00e3o \u00e9 aceit\u00e1vel e j\u00e1 ningu\u00e9m pensa nisso! Quaisquer que sejam as raz\u00f5es para esta grande mudan\u00e7a (n\u00e3o \u00e9 isso que est\u00e1 em causa), ela ilustra o que \u00e9 a mudan\u00e7a cultural. Se tomarmos apenas a Fran\u00e7a como refer\u00eancia (mas o fen\u00f3meno deve ser global), n\u00e3o s\u00e3o algumas centenas, milhares ou dezenas de milhares de pessoas que mudaram. Estamos a falar de 70 milh\u00f5es de pessoas que, sem se aperceberem, j\u00e1 n\u00e3o t\u00eam a mesma vis\u00e3o dos animais que tinham h\u00e1 trinta anos e j\u00e1 n\u00e3o reagem da mesma forma. N\u00e3o foram convencidas, n\u00e3o tiveram consci\u00eancia de mudar o seu ponto de vista, mas a sua cultura, a cultura em que vivem, mudou.         <\/span><\/p><p class=\"c4\"><span class=\"c2\">Citamos frequentemente <\/span><span class=\"c20 c8 c2\">Margaret Mead<\/span><span class=\"c2\"> <\/span><span class=\"c20 c8 c2\">: &#8221;  <\/span><span class=\"c2\">Nunca duvides que um pequeno grupo de pessoas pode mudar o mundo. De facto, \u00e9 assim que o mundo sempre mudou. <\/span> <span class=\"c20 c8 c2\"> &#8220;<\/span><span class=\"c2\"> Penso que quando ela disse isso, n\u00e3o estava a pensar em pessoas que dariam um golpe de Estado como os bolcheviques na R\u00fassia.<\/span><span class=\"c20 c8 c2\">Acho que quando ela disse isso, n\u00e3o estava a pensar em pessoas que dariam um golpe de Estado como os bolcheviques na R\u00fassia.<\/span><span class=\"c2\">&#8216;<\/span><span class=\"c5 c2\">ela estava a pensar em pessoas que podiam mudar a cultura e a imagina\u00e7\u00e3o das pessoas! <\/span> <\/p><p class=\"c4\"><span class=\"c2\">J<\/span><span class=\"c20 c8 c2\">vou, portanto, fazer uma reflex\u00e3o, em curso, sobre a quest\u00e3o do valor das estrat\u00e9gias anti-especistas e anti-humanistas.<\/span><span class=\"c2\"> <\/span><span class=\"c20 c8 c2\">que as estrat\u00e9gias n\u00e3o s\u00e3o as mesmas em todo o lado. Em particular, a situa\u00e7\u00e3o n\u00e3o \u00e9 a mesma no mundo franc\u00f3fono e no resto do mundo (as mesmas estrat\u00e9gias n\u00e3o foram utilizadas no mundo franc\u00f3fono).   <\/span><span class=\"c2\">adoptada<\/span><span class=\"c20 c8 c2\"> Em Fran\u00e7a, na Su\u00ed\u00e7a, na B\u00e9lgica e no Quebeque, em particular, encontramo-nos numa situa\u00e7\u00e3o muito especial no mundo, com uma seculariza\u00e7\u00e3o ou laiciza\u00e7\u00e3o muito forte da sociedade, onde, mesmo que as religi\u00f5es continuem a exercer uma influ\u00eancia significativa, j\u00e1 n\u00e3o desempenham um papel extremamente decisivo no desenvolvimento da sociedade.<\/span><span class=\"c2\"> <\/span><span class=\"c20 c8 c2\">Penso que as cr\u00edticas \u00e0s no\u00e7\u00f5es de especismo e humanismo n\u00e3o t\u00eam o mesmo impacto em sociedades muito religiosas (EUA, pa\u00edses mu\u00e7ulmanos, Pol\u00f3nia&#8230;) que em sociedades com uma forte presen\u00e7a ateia e racionalista&#8230;.<\/span><span class=\"c5 c2\">e que isso implica estrat\u00e9gias que podem ser diferentes ou, diversificadas, compostas de forma diferente.<\/span><\/p>\t\t\t\t\t\t\t\t<\/div>\n\t\t\t\t<\/div>\n\t\t\t\t<div class=\"elementor-element elementor-element-6ae3e765 elementor-widget elementor-widget-heading\" data-id=\"6ae3e765\" data-element_type=\"widget\" data-widget_type=\"heading.default\">\n\t\t\t\t<div class=\"elementor-widget-container\">\n\t\t\t\t\t<h2 class=\"elementor-heading-title elementor-size-default\">Como \u00e9 que eu distingo entre especismo e humanismo?<\/h2>\t\t\t\t<\/div>\n\t\t\t\t<\/div>\n\t\t\t\t<div class=\"elementor-element elementor-element-547d2b7f elementor-widget elementor-widget-text-editor\" data-id=\"547d2b7f\" data-element_type=\"widget\" data-widget_type=\"text-editor.default\">\n\t\t\t\t<div class=\"elementor-widget-container\">\n\t\t\t\t\t\t\t\t\t<p class=\"c4\"><span class=\"c5 c2\">O especismo \u00e9 o ato de discriminar um indiv\u00edduo com base na sua esp\u00e9cie; \u00e9 o facto de considerar que a esp\u00e9cie, em si mesma, \u00e9 um crit\u00e9rio relevante para a discrimina\u00e7\u00e3o (tratar os outros de uma forma particular). <\/span><span class=\"c2\">de tal e tal maneira<\/span><span class=\"c5 c2\">). &#8220;Em si mesmo:   <\/span><span class=\"c2\">o objetivo \u00e9 sublinhar<\/span><span class=\"c5 c2\"> que \u00e9 a no\u00e7\u00e3o de esp\u00e9cie que serve de crit\u00e9rio, e n\u00e3o a priori as carater\u00edsticas associadas \u00e0 esp\u00e9cie.<\/span><span class=\"c2\"> \u00c9 por isso que tamb\u00e9m se fala de<\/span><span class=\"c5 c2\">especismo <\/span><span class=\"c7 c2\">indireto<\/span><span class=\"c5 c2\"> : <\/span><span class=\"c2\">quando<\/span><span class=\"c5 c2\">contornamos o facto de que a esp\u00e9cie n\u00e3o pode ser um crit\u00e9rio <\/span><span class=\"c2\">a fim de discriminar, recorrendo a<\/span><span class=\"c5 c2\">  crit\u00e9rios capacitistas supostamente ligados \u00e0 esp\u00e9cie. Os animais s\u00e3o est\u00fapidos. <\/span><span class=\"c2\">n\u00e3o t\u00eam raz\u00e3o, n\u00e3o t\u00eam consci\u00eancia de si pr\u00f3prios, <\/span><span class=\"c5 c2\">que <\/span><span class=\"c2\">isso<\/span><span class=\"c5 c2\"> que<\/span><span class=\"c2\">n\u00e3o podes reconhecer a dignidade<\/span><span class=\"c5 c2\"> a dignidade<\/span><span class=\"c2\"> concedida aos<\/span><span class=\"c5 c2\"> seres humanos<\/span><span class=\"c2\">e <\/span><span class=\"c5 c2\">\u00e9 por isso que n\u00e3o t\u00eam direitos e podem ser explorados \u00e0 vontade.<\/span><\/p><p class=\"c4\"><span class=\"c2\">Esta \u00e9 a tua defini\u00e7\u00e3o<\/span><span class=\"c5 c2\">\u00e9 a defini\u00e7\u00e3o <\/span><span class=\"c2\">usada na<\/span><span class=\"c5 c2\"> filosofia moral: a esp<\/span><span class=\"c2\">O especismo \u00e9 discrimina\u00e7\u00e3o (que, de um ponto de vista l\u00f3gico, \u00e9 arbitr\u00e1ria, indefens\u00e1vel e injusta). N\u00e3o vou voltar a explicar porque \u00e9 que o especismo \u00e9 racionalmente insustent\u00e1vel, este ponto foi amplamente desenvolvido por Peter Singer. [mfn]<span class=\"c11\">L\u00ea, por exemplo, o pequeno livro de Peter Singer, <\/span><em><span class=\"c23 c11\">A igualdade dos animais explicada aos humanos<\/span><\/em><span class=\"c11\">partido tahin, 2003. O texto est\u00e1 dispon\u00edvel em ingl\u00eas aqui:   <\/span><em><span class=\"c26 c23 c11\"><a class=\"c13\" href=\"https:\/\/www.utilitarian.org\/texts\/alm.html\" target=\"_blank\" rel=\"noopener\">O Movimento de Liberta\u00e7\u00e3o Animal: a sua filosofia, as suas conquistas e o seu futuro<\/a><\/span><\/em><span class=\"c11\">  (publicado originalmente pela Old Hammond Press, Nottingham, Inglaterra, 1985). De notar que o <\/span><span class=\"c20 c8 c11\">A posi\u00e7\u00e3o de Singer sobre a morte evoluiu ao longo dos anos e j\u00e1 n\u00e3o \u00e9 a mesma; a sua posi\u00e7\u00e3o sobre a igualdade dos animais, sobre a igual considera\u00e7\u00e3o de interesses, em particular o direito a n\u00e3o sofrer, n\u00e3o mudou e, em quarenta anos de pol\u00e9micas ferozes, nunca foi invalidada de um ponto de vista l\u00f3gico e racional.<\/span>[\/mfn]<\/span><span class=\"c5 c2\">  e depois, ainda mais detalhadamente, por muitos dos seus seguidores.<\/span><\/p><p class=\"c4\"><span class=\"c2\">Mas<\/span><span class=\"c5 c2\"> existe tamb\u00e9m uma defini\u00e7\u00e3o pol\u00edtica <\/span><span class=\"c5 c2\">na qual podemos distinguir dois eixos: o eixo concreto, material, e o eixo ideol\u00f3gico, cultural. <\/span> <\/p><p class=\"c4\"><span class=\"c2\">O primeiro \u00e9 simplesmente a organiza\u00e7\u00e3o concreta da sociedade baseada no apartheid das esp\u00e9cies, na escraviza\u00e7\u00e3o dos n\u00e3o-humanos e naquilo a que chamamos explora\u00e7\u00e3o animal, na expropria\u00e7\u00e3o dos seus territ\u00f3rios e recursos; este n\u00edvel concreto inclui institui\u00e7\u00f5es especistas como o direito e a justi\u00e7a, os interesses econ\u00f3micos, a organiza\u00e7\u00e3o material da rela\u00e7\u00e3o cidade-campo, e todos os outros privil\u00e9gios concretos concedidos aos humanos (porque s\u00e3o humanos) contra os outros seres sencientes do planeta, etc.[mfn]<span class=\"c11\">Yves Bonnardel e Pierre Sigler, <\/span><span class=\"c26 c23 c11\"><a class=\"c13\" href=\"https:\/\/lookaside.fbsbx.com\/file\/Change%20Society%20for%20the%20Animals%20-%20Becoming%20a%20social%20movement.pdf?token=AWzbUGC7uYoCjsaTatIkRbLtJVPY5azr7vDXHELlNfOnTIfAjUD8dS3OJlUc5WFw_M6fsaESsSy_eMLHVnRYWq0uk7eH_kGgwzNvyXxN7JEWfLBV5L5LpTChyV2Kp1IqiRD3pC5RLsyiC1o-Jl79ukTAQXCYpJT56fC9juGaSucpOQ\" target=\"_blank\" rel=\"noopener\"><em>Change Society for the Animals &#8211; Tornar-se um movimento social<\/em><\/a><\/span><span class=\"c20 c8 c11\">BoSi, 2012. <\/span>[\/mfn]<\/span><span class=\"c5 c2\">.<\/span><\/p><p class=\"c4\"><span class=\"c2\">O segundo eixo do que poder\u00edamos chamar de<\/span><span class=\"c5 c2\"> especis<\/span><span class=\"c2\">ordem mundial<\/span><span class=\"c5 c2\"> \u00e9 <\/span><span class=\"c2\">l&#8217;<\/span><span class=\"c5 c2\">ideologia que est\u00e1 na base desta organiza\u00e7\u00e3o discriminat\u00f3ria e sanguin\u00e1ria da sociedade. <\/span><span class=\"c2\">a sociedade: ela <\/span> <span class=\"c5 c2\">Esta ideologia \u00e9 a ideologia humanista. Esta ideologia \u00e9 a ideologia humanista. O que \u00e9 o humanismo, tal como o vou discutir aqui? Vou simplesmente adotar a defini\u00e7\u00e3o dada pelo     <\/span><span class=\"c7 c2\">Larousse<\/span><span class=\"c5 c2\"> Larousse: &#8220;Filosofia que coloca o homem e os valores humanos acima de todos os outros valores&#8221;. <\/span><span class=\"c2\">Humanismo<\/span><span class=\"c5 c2\">O humanismo considera a humanidade (&#8220;o homem&#8221;, na sociedade patriarcal francesa) como o alfa e o \u00f3mega dos valores: o te<\/span><span class=\"c2\">nant e aboutissant <\/span> <span class=\"c5 c2\">\u00e9tica e pol\u00edtica. \u00c9 a isto que chamo supremacismo humano, chauvinismo humano ou nacionalismo humano. Poder\u00edamos tamb\u00e9m falar de  <\/span><span class=\"c2\">imperialismo humano.<\/span><\/p><p class=\"c4\"><span class=\"c2\">Eis alguns exemplos de como o humanismo se traduz na linguagem: a no\u00e7\u00e3o de pessoa ou de indiv\u00edduo, a no\u00e7\u00e3o de v\u00edtima, a no\u00e7\u00e3o de ser, a de liberdade, s\u00e3o reservadas aos humanos.<\/span><span class=\"c5 c2\">A no\u00e7\u00e3o de pessoa ou de indiv\u00edduo, a no\u00e7\u00e3o de v\u00edtima, a no\u00e7\u00e3o de ser, a de liberdade, s\u00e3o reservadas aos humanos e um tabu emp<\/span><span class=\"c2\">\u00c9 por isso que n\u00e3o as podemos usar para descrever outros seres sens\u00edveis. L <\/span><span class=\"c5 c2\">conceito de &#8220;ser da natureza  <\/span><span class=\"c2\">&#8220;por outro lado, aplica-se a<\/span><span class=\"c5 c2\">  animais, que est\u00e3o associados (amalgamados)<\/span><span class=\"c2\">(por exemplo, o ambiente, a erva, os rios, os ecossistemas, etc.) como elementos naturais.<\/span><span class=\"c5 c2\">.  <\/span><span class=\"c2\">Utilizamos :  <\/span><span class=\"c5 c2\">&#8220;Est\u00e1 em ingl\u00eas&#8230;  <\/span><span class=\"c2\">O mundo est\u00e1 dividido em dois reinos diferentes: o reino da liberdade e da individualidade, da autonomia, a Humanidade, e o reino do determinismo e da funcionalidade, da submiss\u00e3o a uma ordem est\u00e1tica, a Natureza.[mfn]<span class=\"c11\">Yves Bonnardel, &#8221; <\/span><span class=\"c26 c11\"><a class=\"c13\" href=\"https:\/\/tahin-party.org\/finir-idee-nature.html\" target=\"_blank\" rel=\"noopener\">Pour en finir avec l&#8217;id\u00e9e de Nature et renouer avec l&#8217;\u00e9thique et la politique<\/a><\/span><span class=\"c11\"> &#8220;Partido tahin, 2005: &#8220;Pour en finir avec l&#8217;id\u00e9e de Nature et renouer avec l&#8217;\u00e9thique et l&#8217;politique<\/span><span class=\"c11 c26\"><a class=\"c13\" href=\"https:\/\/tahin-party.org\/doing-away-concept-nature.html\" target=\"_blank\" rel=\"noopener\">Para acabar com a ideia de Natureza, volta \u00e0 \u00e9tica e \u00e0 pol\u00edtica<\/a><\/span><span class=\"c8 c11 c20\">&#8220;Partido tahin, 2005.<\/span>[\/mfn]<\/span><span class=\"c2\">&#8230; A no\u00e7\u00e3o de pessoa, dotada de subjetividade e dona de si, op\u00f5e-se \u00e0 ideia de coisa, desprovida de subjetividade e apropriada: uma faca ser\u00e1 designada como ferramenta ou como arma.<\/span><span class=\"c5 c2\"> a faca ser\u00e1 designada como uma ferramenta ou como uma arma <\/span><span class=\"c2\">consoante seja utilizada para cortar a garganta a um humano ou a um n\u00e3o-humano.<\/span><\/p><p class=\"c4\"><span class=\"c5 c2\">Como dizia, vou concentrar-me aqui nas lutas culturais contra o especismo e contra o humanismo: este artigo n\u00e3o vai falar da luta contra as estruturas concretas da sociedade especista (explora\u00e7\u00f5es agr\u00edcolas, portos de pesca, transporte de animais, etc.), mas da luta para mudar a vis\u00e3o do mundo das nossas sociedades no que diz respeito \u00e0 quest\u00e3o animal, \u00e0 nossa rela\u00e7\u00e3o com os indiv\u00edduos de outras esp\u00e9cies.<\/span><\/p>\t\t\t\t\t\t\t\t<\/div>\n\t\t\t\t<\/div>\n\t\t\t\t<div class=\"elementor-element elementor-element-5520bbc2 elementor-widget elementor-widget-heading\" data-id=\"5520bbc2\" data-element_type=\"widget\" data-widget_type=\"heading.default\">\n\t\t\t\t<div class=\"elementor-widget-container\">\n\t\t\t\t\t<h2 class=\"elementor-heading-title elementor-size-default\">A estrat\u00e9gia para criticar o especismo<\/h2>\t\t\t\t<\/div>\n\t\t\t\t<\/div>\n\t\t\t\t<div class=\"elementor-element elementor-element-68cb7356 elementor-widget elementor-widget-heading\" data-id=\"68cb7356\" data-element_type=\"widget\" data-widget_type=\"heading.default\">\n\t\t\t\t<div class=\"elementor-widget-container\">\n\t\t\t\t\t<h3 class=\"elementor-heading-title elementor-size-default\">Os benef\u00edcios de atacar o especismo :  <\/h3>\t\t\t\t<\/div>\n\t\t\t\t<\/div>\n\t\t\t\t<div class=\"elementor-element elementor-element-5c6b279f elementor-widget elementor-widget-text-editor\" data-id=\"5c6b279f\" data-element_type=\"widget\" data-widget_type=\"text-editor.default\">\n\t\t\t\t<div class=\"elementor-widget-container\">\n\t\t\t\t\t\t\t\t\t<p class=\"c4\"><span class=\"c5 c2\">Antes de descobrirmos <\/span><span class=\"c2\">descobriste<\/span><span class=\"c5 c2\"> esta ferramenta<\/span><span class=\"c2\"> (j\u00e1 n\u00e3o estou a falar da faca, mas da <\/span><span class=\"c5 c2\">no\u00e7\u00e3o de especismo), a chamada defesa dos animais estava condenada a permanecer muito defensiva na sua abordagem cr\u00edtica<\/span><span class=\"c2\">. Fala-se de &#8220;amantes de animais&#8221; ou de &#8220;zoofilia&#8221;, como se se tratasse apenas de uma quest\u00e3o de sentimentos (de amor pelos animais), e invoca-se desesperadamente (e em v\u00e3o) argumentos especistas (a fidelidade do c\u00e3o, a nobreza do cavalo, a utilidade da raposa, etc.).[mfn]<span class=\"c2 c11\">David Olivier, &#8221; <\/span><span class=\"c26 c2 c11\"><a class=\"c13\" href=\"https:\/\/www.cahiers-antispecistes.org\/defense-animale-liberation-animale\/\" target=\"_blank\" rel=\"noopener\">Defesa dos animais\/Liberta\u00e7\u00e3o dos animais<\/a><\/span><span class=\"c2 c11\"> &#8220;, <\/span><span class=\"c23 c2 c11\">Os<\/span><span class=\"c2 c11\"> <\/span><span class=\"c23 c2 c11\">Cahiers antisp\u00e9cistes<\/span><span class=\"c2 c11\">,<\/span><span class=\"c2 c11\"> n\u00b01, 1991.<\/span>[\/mfn] <\/span><span class=\"c5 c2\">.  <\/span><\/p><p class=\"c4\"><span class=\"c5 c2\">A cr\u00edtica \u00e0 no\u00e7\u00e3o de especismo permitiu <\/span><span class=\"c2\">muitos<\/span><span class=\"c5 c2\"> pessoas dizerem a si pr\u00f3prias que tinham raz\u00e3o, que n\u00e3o era <\/span><span class=\"c2\">da tua parte <\/span><span class=\"c5 c2\">sensibilidades infantis ou femininas <\/span><span class=\"c2\">o facto de se preocuparem<\/span><span class=\"c5 c2\"> te preocupares<\/span><span class=\"c2\">nt<\/span><span class=\"c5 c2\"> o destino dos outros animais, que se tratava de uma quest\u00e3o real e fundamental de \u00e9tica e pol\u00edtica racional, baseada tanto na ideia universal de justi\u00e7a como na empatia e compaix\u00e3o louv\u00e1veis.<\/span><span class=\"c2\">a ideia universal de justi\u00e7a e a empatia e compaix\u00e3o louv\u00e1veis<\/span><span class=\"c5 c2\">. <\/span><span class=\"c2\">Esta cr\u00edtica<\/span><span class=\"c5 c2\"> Esta cr\u00edtica permitiu tamb\u00e9m colocar finalmente o <\/span><span class=\"c2\">destaque<\/span><span class=\"c5 c2\">  sobre o que \u00e9 a maior parte da explora\u00e7\u00e3o animal: o consumo de carne (99,9% segundo a minha estimativa aproximada!). Porque a ideia era considerar os indiv\u00edduos independentemente da sua esp\u00e9cie, e concentrarmo-nos nos seus prazeres e sofrimentos,   <\/span><span class=\"c2\">e<\/span><span class=\"c5 c2\"> os seus n\u00fameros. <\/span><span class=\"c2\">A igualdade dos animais: uma<\/span><span class=\"c5 c2\">universal, impessoal e impa<\/span><span class=\"c2\">rcial<\/span><span class=\"c5 c2\">em contacto com a realidade <\/span><span class=\"c2\">do que importa no mundo (as alegrias e os sofrimentos dos seres sens\u00edveis, o que lhes importa)<\/span><span class=\"c5 c2\">.<\/span><\/p><p class=\"c4\"><span class=\"c2\">Falar sobre o especismo fez subir o<\/span><span class=\"c5 c2\">Levantou o tabu sobre a quest\u00e3o \u00e9tica aplicada <\/span><span class=\"c2\">\u00e0 quest\u00e3o animal<\/span><span class=\"c5 c2\">  Depois de Singer, houve um florescimento de trabalhos de v\u00e1rias escolas. O \u00f3nus da prova foi invertido   <\/span><span class=\"c2\">Uma vez que parecia incontest\u00e1vel porque n\u00e3o era contestado, uma vez que foi<\/span><span class=\"c5 c2\"> atacado<\/span><span class=\"c2\">\u00e9<\/span><span class=\"c5 c2\">uma vez atacado, o especismo, indefens\u00e1vel, est\u00e1 na defensiva!<\/span><\/p><p class=\"c4\"><span class=\"c5 c2\">1) Nos \u00faltimos trinta anos, o especismo tornou-se um conceito hist\u00f3rico e teoricamente muito forte: os especialistas em filosofia moral que se debru\u00e7am seriamente sobre a quest\u00e3o s\u00e3o obrigados a reconhecer que<\/span><em><span class=\"c7 c2\">uma moral especista est\u00e1 em<\/span><span class=\"c23 c2\">dez<\/span><span class=\"c7 c2\">sustent\u00e1vel<\/span><\/em><span class=\"c5 c2\">. E isto \u00e9 verdade quaisquer que sejam as principais escolas de filosofia moral que consideremos (consequencialismo <\/span><span class=\"c2\"> <\/span><span class=\"c5 c2\">\/ utilitari<\/span><span class=\"c2\">s<\/span><span class=\"c5 c2\">me, deontologia \/ direitos humanos \/ moral kantiana, moral da virtude, teoria da <\/span><span class=\"c2\">j<\/span><span class=\"c5 c2\">ustice rawlsienne). Este \u00e9 um ponto muito importante <\/span><span class=\"c2\">  :<\/span><span class=\"c5 c2\"> <\/span><em><span class=\"c7 c2\">temos raz\u00e3o e temos a certeza disso<\/span><\/em><span class=\"c5 c2\">.<\/span><\/p><p class=\"c4\"><span class=\"c5 c2\">Introduzir a no\u00e7\u00e3o de especismo no debate medi\u00e1tico significa trazer a necessidade de racionalidade para a \u00e9tica, o que \u00e9 muito importante como &#8220;meta-luta&#8221; se quisermos fazer progressos para os animais (e, mais amplamente, para um<\/span><span class=\"c2\"> progresso moral da sociedade<\/span><span class=\"c5 c2\">).<\/span><\/p><p class=\"c4\"><span class=\"c5 c2\">2)  <\/span><span class=\"c2\">L<\/span><span class=\"c5 c2\">Quando atacamos o especismo, n\u00e3o estamos a atacar o humanismo de frente.<\/span><span class=\"c2\">e, o que \u00e9, em certa medida, uma vantagem<\/span><span class=\"c5 c2\">.  <\/span><span class=\"c2\">E assim,<\/span><span class=\"c5 c2\">  Peter Singer, no seu livro  <\/span><em><span class=\"c7 c2\">O c\u00edrculo em expans\u00e3o<\/span><\/em><span class=\"c5 c2\">  (1981) argumenta que, ao longo dos mil\u00e9nios, a nossa moralidade foi alargando gradualmente o seu \u00e2mbito: pass\u00e1mos de<\/span><span class=\"c2\">uma considera\u00e7\u00e3o apenas para os membros da  <\/span><span class=\"c5 c2\">a tribo, a entidades de<\/span><span class=\"c2\">Filia\u00e7\u00f5es \u00e9ticas e pol\u00edticas  <\/span><span class=\"c5 c2\">cada vez mais  <\/span><span class=\"c2\">vasto<\/span><span class=\"c5 c2\">como a religi\u00e3o (cristianismo<\/span><span class=\"c2\">Islamismo&#8230;)<\/span><span class=\"c5 c2\">ra\u00e7a, humanidade&#8230;  <\/span><span class=\"c2\">;  <\/span><span class=\"c5 c2\">agora \u00e9<\/span><span class=\"c2\">Hoje  <\/span><span class=\"c5 c2\">tempo para  <\/span><span class=\"c2\">continua a progredir e compreende<\/span><span class=\"c5 c2\">  Todos os seres sencientes s\u00e3o abrangidos pela esfera de preocupa\u00e7\u00e3o moral. Este ponto de vista baseia-se, nomeadamente, no paralelo entre o especismo e o racismo ou o sexismo. <\/span><\/p><p class=\"c4\"><span class=\"c5 c2\">3) De facto, o meu terceiro ponto \u00e9 que a no\u00e7\u00e3o de especismo permite um paralelo imediato com o sexismo ou o racismo (e o age\u00edsmo e o validismo\/capacitismo), ou seja, a no\u00e7\u00e3o de especismo.<\/span><span class=\"c2\">Ou seja. <\/span> <span class=\"c5 c2\">com as lutas intra-humanas, que s\u00e3o relativamente bem reconhecidas, o que \u00e9 importante para fazer recuar o especismo. C <\/span><span class=\"c2\">\u00c9 uma \u00f3ptima maneira de fazer com que as pessoas compreendam muito rapidamente e de forma muito simples o que \u00e9, e o facto de o especismo se opor \u00e0 considera\u00e7\u00e3o justa dos interesses dos outros. <\/span><span class=\"c5 c2\">Em segundo lugar, tem um efeito interessante, <\/span><span class=\"c2\">fazendo com que as pessoas<\/span><span class=\"c5 c2\"> descobrir as <\/span><span class=\"c2\">lutas<\/span><span class=\"c5 c2\"> anti-sexismo ou antirracismo para os activistas dos direitos dos animais. <\/span><span class=\"c2\">activistas dos direitos dos animais<\/span><span class=\"c5 c2\">. Activistas que s\u00e3o bastante reacion\u00e1rios, ou mesmo extremistas <\/span><span class=\"c2\">&#8211; <\/span><span class=\"c5 c2\">A tua opini\u00e3o sobre a igualdade de oportunidades \u00e9 a mesma que a dos homens de direita, que por vezes chegaram a ideias igualit\u00e1rias atrav\u00e9s da cr\u00edtica ao especismo.<\/span><\/p><p class=\"c4\"><span class=\"c5 c2\">4) Por fim, a cr\u00edtica da no\u00e7\u00e3o de especismo permite, de facto, real\u00e7ar a no\u00e7\u00e3o de igual considera\u00e7\u00e3o de interesses, uma no\u00e7\u00e3o muito forte a n\u00edvel \u00e9tico. Uma no\u00e7\u00e3o &#8220;verdadeira&#8221; em filosofia moral. Os dois conceitos apareceram ao mesmo tempo em 1975 no livro de Peter Singer,    <\/span><em><span class=\"c2 c7\">Liberta\u00e7\u00e3o animal<\/span><\/em><span class=\"c5 c2\">. Simplesmente, se a discrimina\u00e7\u00e3o com base na esp\u00e9cie n\u00e3o \u00e9 justific\u00e1vel, ent\u00e3o n\u00e3o devemos discriminar: e devemos ter em conta os interesses dos seres sencientes de uma forma semelhante, similar, igual. Ponderando-os com os m  <\/span><span class=\"c2\">Os mesmos pesos nas mesmas balan\u00e7as, sem mais batota.<\/span><\/p><p class=\"c4\"><span class=\"c5 c2\">A reivindica\u00e7\u00e3o de igualdade pode parecer muito ut\u00f3pica, at\u00e9 mesmo on\u00edrica (um sonho&#8230;), mas \u00e9 marcante no esp\u00edrito e <\/span><span class=\"c2\">e n\u00e3o h\u00e1 nada que a impe\u00e7a de acontecer.<\/span><span class=\"c5 c2\">  aparece como um regulador moral, um horizonte moral desej\u00e1vel (cf. um artigo   <\/span><span class=\"c2\">por David Faucheux <\/span><span class=\"c5 c2\">a aparecer<\/span><span class=\"c2\">sobre este assunto em <\/span><em><span class=\"c23 c2\">L&#8217;Amorce, revista contra o especismo<\/span><\/em><span class=\"c2\">)<\/span><span class=\"c5 c2\">. A no\u00e7\u00e3o de <\/span><span class=\"c2\">a igualdade humana (devemos sempre acrescentar: &#8220;apenas&#8221;!) desempenha hoje um papel t\u00e3o regulador, embora tamb\u00e9m ela seja ut\u00f3pica. Mas permite-nos fixar um horizonte desej\u00e1vel e avaliar as situa\u00e7\u00f5es em fun\u00e7\u00e3o do seu crit\u00e9rio, a igualdade (igualdade de direitos, igualdade de considera\u00e7\u00e3o de interesses). <\/span><span class=\"c5 c2\"> <\/span><span class=\"c2\">A ideia existe h\u00e1 muito tempo no mundo franc\u00f3fono.<\/span><span class=\"c5 c2\">A grande revista anti-especista chamava-se <\/span><span class=\"c2\">j\u00e1 se chamava<\/span><span class=\"c5 c2\"> <\/span><em><span class=\"c23 c2\">Pela igualdade dos animais<\/span><\/em><span class=\"c2\"> volta ao topo<\/span><span class=\"c5 c2\"> <\/span><span class=\"c2\">d<\/span><span class=\"c5 c2\">Anos 2000, com uma tiragem de 2000 exemplares <\/span><span class=\"c2\">(nem todos foram vendidos);<\/span><span class=\"c5 c2\"> os <\/span><em><span class=\"c7 c2\">Cahiers antisp\u00e9cistes<\/span><\/em><span class=\"c5 c2\"> chegou a ter como subt\u00edtulo <\/span><em><span class=\"c7 c2\">Reflex\u00e3o e a\u00e7\u00e3o para a igualdade dos animais<\/span><\/em><span class=\"c2\"> ;<\/span><span class=\"c5 c2\"> uma manifesta\u00e7\u00e3o europeia (maioritariamente franc\u00f3fona e german\u00f3fona) teve lugar em Estrasburgo <\/span><span class=\"c2\">em<\/span><span class=\"c5 c2\"> 1998, sob o lema: Pour l<\/span><span class=\"c2\">Igualdade animal. E <\/span><span class=\"c5 c2\">Finalmente, a PEA &#8211; Pour l<\/span><span class=\"c2\">Igualdade Animal<\/span><span class=\"c5 c2\"> en Suisse<\/span><span class=\"c5 c2\">criada em 2014, que organizava comigo uma confer\u00eancia sobre o tema &#8220;Especismo ou humanismo?&#8221;, a 8 de maio de 2020, para a qual escrevi esta nota introdut\u00f3ria que est\u00e1s agora a ler.<\/span><\/p><p class=\"c4\"><span class=\"c5 c2\">5) Dito isto, o facto de o conceito de especismo n\u00e3o ser amplamente conhecido e de os argumentos contra esta discrimina\u00e7\u00e3o com base na esp\u00e9cie serem muito simples (de compreender), sem j\u00e1 fazerem parte da nossa cultura, tamb\u00e9m permite ultrapassar muitas defesas intelectuais e emocionais. Argumentar \u00e0s pessoas que o especismo \u00e9 injustific\u00e1vel pode rapidamente ser extremamente convincente. \u00c9 frequentemente muito mais eficaz do que argumentar &#8220;apenas&#8221; a favor do vegetarianismo ou do veganismo, ou contra este ou aquele tipo de explora\u00e7\u00e3o animal. E \u00e9 prov\u00e1vel que os efeitos de argumentar que o especismo \u00e9 injustific\u00e1vel sejam muito mais profundos, tanto nos indiv\u00edduos como na cultura e na sociedade como um todo.   <\/span><\/p>\t\t\t\t\t\t\t\t<\/div>\n\t\t\t\t<\/div>\n\t\t\t\t<div class=\"elementor-element elementor-element-254a38dd elementor-widget elementor-widget-heading\" data-id=\"254a38dd\" data-element_type=\"widget\" data-widget_type=\"heading.default\">\n\t\t\t\t<div class=\"elementor-widget-container\">\n\t\t\t\t\t<h3 class=\"elementor-heading-title elementor-size-default\">As desvantagens de te concentrares no especismo<\/h3>\t\t\t\t<\/div>\n\t\t\t\t<\/div>\n\t\t\t\t<div class=\"elementor-element elementor-element-2fbab038 elementor-widget elementor-widget-text-editor\" data-id=\"2fbab038\" data-element_type=\"widget\" data-widget_type=\"text-editor.default\">\n\t\t\t\t<div class=\"elementor-widget-container\">\n\t\t\t\t\t\t\t\t\t<p class=\"c4\"><span class=\"c5 c2\">1) <\/span><span class=\"c2\">Por outro lado<\/span><span class=\"c5 c2\">a cr\u00edtica da no\u00e7\u00e3o de especismo deixa escapar uma parte do que seria eficaz como ataque: a filosofia moral n\u00e3o \u00e9 (ainda) o que governa a vida quotidiana ou a organiza\u00e7\u00e3o da sociedade.<\/span><span class=\"c2\">organiza\u00e7\u00e3o <\/span> <span class=\"c5 c2\">pol\u00edtica. E pensar em termos de filosofia moral tem pouco a ver com o universo mental em que se debatem os membros da nossa sociedade (como veremos mais adiante). Por conseguinte, \u00e9 poss\u00edvel    <\/span><span class=\"c2\">concordas<\/span><span class=\"c5 c2\"> que a esp\u00e9cie em si n\u00e3o deve, de facto <\/span><span class=\"c2\">i<\/span><span class=\"c5 c2\">mportar<\/span><span class=\"c2\">a n\u00edvel \u00e9tico<\/span><span class=\"c5 c2\">mas continua a <\/span><span class=\"c2\">mas continua a acreditar<\/span><span class=\"c5 c2\"> que h\u00e1 seres dignos e seres indignos (ign\u00f3beis, vis, bestas), consoante as capacidades que possam demonstrar.<\/span><span class=\"c2\">podes demonstrar<\/span><span class=\"c5 c2\">. Que alguns s\u00e3o   <\/span><span class=\"c2\">seres de liberdade, enquanto os outros exprimem apenas instintos, por exemplo. L <\/span><span class=\"c5 c2\">A cr\u00edtica do humanismo, por outro lado, pode esclarecer melhor a inanidade e a injustificabilidade desta distin\u00e7\u00e3o entre seres da liberdade e seres da natureza.<\/span><span class=\"c2\">inanidade e injustificabilidade desta distin\u00e7\u00e3o entre seres de liberdade e seres de natureza<\/span><span class=\"c5 c2\">. Toma   <\/span><span class=\"c5 c2\">\u00c9 aqui que entra a cr\u00edtica do racismo, do sexismo e do envelhecimento: as &#8220;ra\u00e7as&#8221; escravizadas, as mulheres e as crian\u00e7as, foram sempre relegadas para o lado da natureza, vistas como corpos instintivos e impulsivos (foram desumanizadas, animalizadas, como dizemos), enquanto os homens brancos adultos (e ricos, capazes) foram vistos como modelos de humanidade, mentes cultivadas e civilizadas que dominaram os seus corpos e o mundo (e as outras pessoas).<\/span><\/p><p class=\"c4\"><span class=\"c5 c2\">2) <\/span><span class=\"c2\">A cr\u00edtica ao especismo<\/span><span class=\"c5 c2\"> n\u00e3o significa muito <\/span><span class=\"c2\">para muitas pessoas<\/span><span class=\"c5 c2\">, <\/span><span class=\"c2\">que<\/span><span class=\"c5 c2\"> n\u00e3o fazem uma liga\u00e7\u00e3o direta com a ideologia em que vivem. <\/span><span class=\"c2\">eles<\/span><span class=\"c5 c2\"> H\u00e1 uma esp\u00e9cie de hiato. <\/span><span class=\"c2\"> Porque n\u00e3o representa exatamente a ideologia em que vivemos, o especismo parece um pouco et\u00e9reo, abstrato.<\/span><span class=\"c5 c2\"> <\/span><span class=\"c2\">E esta <\/span><span class=\"c5 c2\">ideologia na qual <\/span><span class=\"c2\">estamos imersos<\/span><span class=\"c5 c2\"> muito concretamente, \u00e9 o humanismo.<\/span><\/p><p class=\"c4\"><span class=\"c5 c2\">3) A cr\u00edtica do especismo permite tamb\u00e9m uma deriva muito perturbadora <\/span><span class=\"c2\">muito inc\u00f3modo<\/span><span class=\"c5 c2\">  onde se fala das diferen\u00e7as de tratamento entre as diferentes categorias de animais escravizados, e n\u00e3o do facto de serem escravizados e terem um dono: um humano. Desta forma, pode evitar questionar o supremacismo humano, o humanismo de facto. Foi esta a estrat\u00e9gia seguida pelos primeiros a falar de especismo em Fran\u00e7a, a Fondation Ethique et Droit Animal (antiga    <\/span><span class=\"c2\">nomeada<\/span><span class=\"c5 c2\"> Ligue Fran\u00e7aise pour les Droits de l&#8217;Animal), no final dos anos 80, uma liga que, na altura, era ferozmente anti-vegetariana. <\/span> <\/p><p class=\"c4\"><span class=\"c5 c2\">Muitas vezes, os activistas, sem se aperceberem, descem por este declive escorregadio; esta tend\u00eancia tamb\u00e9m pode ser vista, em parte, em Aymeric Caron<\/span><span class=\"c2\">, <\/span> <span class=\"c5 c2\">mas que tenta utiliz\u00e1-lo para popularizar a no\u00e7\u00e3o e que, depois, passa a falar de supremacismo humano. N <\/span><span class=\"c2\">No entanto, penso que se trata de um exerc\u00edcio arriscado.<\/span><\/p><p class=\"c4\"><span class=\"c2\">4<\/span><span class=\"c5 c2\">) <\/span><span class=\"c5 c2\">E, por \u00faltimo, o que provavelmente diz mais respeito \u00e0 Fran\u00e7a do que a outros pa\u00edses franc\u00f3fonos<\/span><span class=\"c5 c2\">  A no\u00e7\u00e3o de especismo parece ser de origem anglo-sax\u00f3nica, ligada \u00e0 filosofia anal\u00edtica e ao utilitarismo (figuras repelentes!), enquanto a Fran\u00e7a \u00e9 suposto ser o pa\u00eds dos &#8220;direitos humanos&#8221; (como se diz em Fran\u00e7a), o pa\u00eds &#8220;humanista&#8221; por excel\u00eancia. Em suma, temos de nos defender contra o sentimento gotejante de   <\/span><span class=\"c2\">sufici\u00eancia<\/span><span class=\"c5 c2\">  \u00c9 um pouco como a atitude &#8220;franchouillarde&#8221; de quem vem de uma filosofia brutal e ultrapassada (anglo-sax\u00f3nica, \u00e9 certo!) que nada entende das subtilezas e da majestade do humanismo &#8220;\u00e0 francesa&#8221;. \u00c9 isto que e <\/span><span class=\"c2\">xpressa<\/span><span class=\"c10 c8 c2\"> <\/span><span class=\"c5 c2\">(at\u00e9 certo ponto, creio <\/span><span class=\"c2\">acredito<\/span><span class=\"c5 c2\">)<\/span><span class=\"c10 c8 c2\"> <\/span><span class=\"c5 c2\">F<\/span><span class=\"c2\">lorence<\/span><span class=\"c8 c2 c10\"> <\/span><span class=\"c5 c2\">Burgat:<\/span><\/p><p class=\"c4 c22\" style=\"padding-left: 40px;\"><span class=\"c0 c8\">&#8221;  <\/span><span class=\"c0 c15\">Estamos perante dois dom\u00ednios muito diferentes, um dito &#8220;continental&#8221; e outro &#8220;anal\u00edtico&#8221;, dois modos de filosofar que t\u00eam muito pouco em comum. As suas refer\u00eancias n\u00e3o s\u00e3o as mesmas (a filosofia anal\u00edtica recorre mais \u00e0s ci\u00eancias do que \u00e0 filosofia [&#8230;]). Por vezes, ao ignorar a hist\u00f3ria da filosofia, bem como a antropologia e a psican\u00e1lise, simplificamos os problemas, tornando-os sobretudo uma quest\u00e3o de ordenar as proposi\u00e7\u00f5es.    <\/span><span class=\"c0 c8\">&#8220;<\/span><\/p>\t\t\t\t\t\t\t\t<\/div>\n\t\t\t\t<\/div>\n\t\t\t\t<div class=\"elementor-element elementor-element-5629f8b0 elementor-widget elementor-widget-heading\" data-id=\"5629f8b0\" data-element_type=\"widget\" data-widget_type=\"heading.default\">\n\t\t\t\t<div class=\"elementor-widget-container\">\n\t\t\t\t\t<h2 class=\"elementor-heading-title elementor-size-default\">A estrat\u00e9gia da cr\u00edtica ao Humanismo<\/h2>\t\t\t\t<\/div>\n\t\t\t\t<\/div>\n\t\t\t\t<div class=\"elementor-element elementor-element-1ac60554 elementor-widget elementor-widget-heading\" data-id=\"1ac60554\" data-element_type=\"widget\" data-widget_type=\"heading.default\">\n\t\t\t\t<div class=\"elementor-widget-container\">\n\t\t\t\t\t<h3 class=\"elementor-heading-title elementor-size-default\">As vantagens de atacar o humanismo :  <\/h3>\t\t\t\t<\/div>\n\t\t\t\t<\/div>\n\t\t\t\t<div class=\"elementor-element elementor-element-675be7b7 elementor-widget elementor-widget-text-editor\" data-id=\"675be7b7\" data-element_type=\"widget\" data-widget_type=\"text-editor.default\">\n\t\t\t\t<div class=\"elementor-widget-container\">\n\t\t\t\t\t\t\t\t\t<p class=\"c4\"><span class=\"c5 c2\">1) <\/span><span class=\"c5 c2\">Isto vai diretamente ao cerne da quest\u00e3o, \u00e0 ideologia que permeia a nossa civiliza\u00e7\u00e3o.<\/span><\/p><p class=\"c4\"><span class=\"c5 c2\">Em Fran\u00e7a, temos promotores, defensores e te\u00f3ricos do humanismo (\u00e0 la Kant) particularmente reacion\u00e1rios: Luc Ferry, Alain Renaut e toda uma s\u00e9rie de fil\u00f3sofos ou idiotas que se precipitaram no caminho que eles abriram, um dos mais calamitosos dos quais \u00e9 bem conhecido: Paul Ari\u00e8s, que escreveu um livro em 2000 intitulado :  <\/span><em><span class=\"c7 c2\">Liberta\u00e7\u00e3o animal ou novos terroristas. Os sabotadores do humanismo <\/span><\/em><span class=\"c5 c2\">  (Golias, publicado por cat\u00f3licos de esquerda).  <\/span><\/p><p class=\"c4\"><span class=\"c5 c2\">O argumento de Luc Ferry contra a igualdade dos animais no seu bestseller de 1992, <\/span><em><span class=\"c7 c2\">Le nouvel ordre \u00e9cologique<\/span><\/em><span class=\"c5 c2\"> e em todos os seus livros posteriores, \u00e9 o seguinte argumento, que ele remonta a Rousseau e Kant:<\/span><\/p><p class=\"c4 c31\" style=\"padding-left: 40px;\"><span class=\"c0 c8\">&#8220;O homem evolui atrav\u00e9s da educa\u00e7\u00e3o enquanto indiv\u00edduo e atrav\u00e9s da pol\u00edtica enquanto esp\u00e9cie. O ato humano por excel\u00eancia \u00e9 o movimento. \u00c9 precisamente isso que nos distingue dos seres naturais, que est\u00e3o sempre presos a um c\u00f3digo: o instinto para os animais, o programa para as plantas [&#8230;]. [&#8230;] Eles est\u00e3o presos \u00e0 sua natureza. Os animais n\u00e3o t\u00eam hist\u00f3ria. S\u00f3 o homem tem uma hist\u00f3ria, porque \u00e9 o \u00fanico capaz de se libertar do determinismo biol\u00f3gico para conquistar a sua liberdade. O direito n\u00e3o \u00e9 natural, o conhecimento cient\u00edfico n\u00e3o \u00e9 natural. O homem \u00e9 um ser anti-natural. Esta \u00e9 a base do humanismo&#8221;.<\/span><\/p><p class=\"c35 c31\" style=\"padding-left: 40px; text-align: left;\"><span class=\"c0 c8\">(Luc Ferry, <\/span><em><span class=\"c18 c8 c6 c2\">L&#8217;Express<\/span><\/em><span class=\"c0 c8\">  de 24 de setembro de 1992, p. 108)  <\/span><\/p><p class=\"c4\"><span class=\"c5 c2\">\u00c9 pelo facto de ser livre, ao contr\u00e1rio dos outros animais, que deve ser atribu\u00edda ao &#8220;Homem&#8221; uma dignidade especial, que legitima a sua posse de direitos. \u00c9 a rever\u00eancia que devemos ter pela liberdade (e n\u00e3o apenas pela intelig\u00eancia ou pela raz\u00e3o), ou pela humanidade enquanto sin\u00f3nimo de liberdade, que confere ao &#8220;ser&#8221; humano o seu valor singular num mundo desprovido de qualquer subjetividade. <\/span><\/p><p class=\"c4\"><span class=\"c5 c2\">Ferry sabe muito bem que os animais s\u00e3o sens\u00edveis, comunicativos, afectuosos, inteligentes, racionais e at\u00e9 podem falar! Mas isso n\u00e3o significa que sejam &#8220;livres&#8221;:   <\/span><\/p><p class=\"c4 c31\" style=\"padding-left: 40px;\"><span class=\"c0 c8\">Se olhares para isso <\/span><span class=\"c18 c8 c6 c2\">objetivamente<\/span><span class=\"c0 c8\"> (<\/span><span class=\"c18 c8 c6 c2\">sic!<\/span><span class=\"c0 c8\">), vemos que o animal \u00e9 movido por um instinto infal\u00edvel, comum \u00e0 sua esp\u00e9cie, como que por uma norma intang\u00edvel, uma esp\u00e9cie de software do qual nunca se pode realmente desviar. A natureza toma o lugar da cultura&#8230;&#8221;. <\/span><\/p><p class=\"c4 c31\" style=\"padding-left: 40px; text-align: left;\"><span class=\"c0 c8\">(Luc Ferry e Jean-Didier Vincent, <\/span><em><span class=\"c18 c8 c6 c2\">O que \u00e9 o homem?<\/span><\/em><span class=\"c0 c8\">Odile Jacob, 2000)<\/span><\/p><p class=\"c4\"><span class=\"c5 c2\">e<\/span><span class=\"c20 c8 c27 c2\"> <\/span><\/p><p class=\"c4 c31\" style=\"padding-left: 40px;\"><span class=\"c0 c8\">&#8220;Os animais n\u00e3o t\u00eam hist\u00f3ria, pois s\u00e3o governados inteiramente pela natureza. Como observou Rousseau, os h\u00e1bitos das abelhas e das formigas eram os mesmos h\u00e1 vinte mil anos, enquanto as sociedades humanas, abertas \u00e0 cultura, est\u00e3o em constante muta\u00e7\u00e3o.<\/span><\/p><p class=\"c4 c31\" style=\"padding-left: 40px;\"><span class=\"c0 c8\">(Luc Ferry, &#8220;Que justi\u00e7a para as crian\u00e7as? <\/span><em><span class=\"c18 c8 c6 c2\">L&#8217;Express<\/span><\/em><span class=\"c0 c8\"> 25 de mar\u00e7o de 1993)<\/span><\/p><p class=\"c4\"><span class=\"c5 c2\">Segundo Ferry, que vai buscar os seus modelos aos insectos, os animais s\u00e3o, portanto, &#8220;seres da natureza&#8221;, permanentemente presos a uma natureza limitadora que faz com que nunca sejam outra coisa sen\u00e3o &#8220;o que s\u00e3o&#8221; (?). O que importa n\u00e3o \u00e9 o facto de sentirem sensa\u00e7\u00f5es como a dor ou o prazer, mas o facto de serem &#8220;determinados&#8221;, &#8220;programados&#8221;, de n\u00e3o terem uma verdadeira liberdade &#8220;como n\u00f3s&#8221;. Por conseguinte, por n\u00e3o serem livres, por n\u00e3o serem &#8220;feitos \u00e0 imagem de Deus&#8221; (como diriam os humanistas crist\u00e3os, mas os humanistas seculares apenas&#8230; secularizaram), n\u00e3o contam. N\u00e3o t\u00eam dignidade, e poder\u00edamos dizer: &#8220;sem dignidade, n\u00e3o h\u00e1 direitos&#8221;, tal como dizemos: &#8220;sem armas, n\u00e3o h\u00e1 chocolate&#8221;.   <\/span><\/p><p class=\"c4\"><span class=\"c2\">\u00c9 ainda pior. Escravizar animais parece servir para nos confortar com a ideia de que somos os Senhores da Terra.   <\/span><span class=\"c5 c2\">Num artigo intitulado <\/span><em><span class=\"c7 c2\">O Humanismo da Tauromaquia<\/span><\/em><span class=\"c5 c2\">o teu <\/span><span class=\"c2\">colega<\/span><span class=\"c5 c2\">  Alain Renaut explica que a encena\u00e7\u00e3o do combate na arena tem como objetivo &#8220;real\u00e7ar a pr\u00f3pria grandeza do humano no homem&#8221;. E explica:   <\/span><\/p><p class=\"c4 c22\" style=\"padding-left: 40px;\"><span class=\"c0 c8\">&#8220;O significado da luta entre o matador e o touro sempre me pareceu transparente. [&#8230;] A submiss\u00e3o da natureza bruta (isto \u00e9, da viol\u00eancia) ao livre arb\u00edtrio humano, a vit\u00f3ria da liberdade sobre a natureza [&#8230;]. <\/span><span class=\"c6 c2\">re [&#8230;],<\/span><span class=\"c0 c8\"> a submiss\u00e3o da mat\u00e9ria cega a uma vontade que lhe d\u00e1 forma. <\/span> <\/p><p class=\"c4 c22\" style=\"padding-left: 40px;\"><span class=\"c0 c8\">[&#8230;] A tourada tem assim um sentido universal. N\u00e3o \u00e9 outro sen\u00e3o o expresso no pr\u00f3prio G\u00e9nesis &#8211; o paradoxo \u00e9 apenas aparente:   <\/span><span class=\"c6 c2\">&#8220;<\/span><span class=\"c0 c8\">Enche a terra e submete-a, e domina sobre os peixes do mar, sobre as aves do c\u00e9u e sobre todos os animais que se movem sobre a terra.<\/span><span class=\"c6 c2\">&#8220;<\/span><span class=\"c0 c8\">. &#8221; <\/span><\/p><p class=\"c4\"><span class=\"c5 c2\">Conclui Alain Renaut:  <\/span><\/p><p class=\"c4 c22\" style=\"padding-left: 40px;\"><span class=\"c0 c8\">&#8221; <\/span><span class=\"c6 c2\">P<\/span><span class=\"c0 c8\">Para representar os valores que constituem a humanidade, para simbolizar este desenraizamento da natureza que abre o espa\u00e7o da cultura, o homem sente a necessidade, na tauromaquia e, sem d\u00favida, apenas na tauromaquia, de fazer sofrer a natureza e de matar o que nela est\u00e1 vivo&#8221;.   <\/span><\/p><p class=\"c22 c35\" style=\"padding-left: 40px;\"><span class=\"c15 c6 c2\">(<\/span><span class=\"c0 c15\">Alain Renaut, &#8221; <\/span><span class=\"c44 c34 c15 c6 c2 c46\"><a class=\"c13\" href=\"https:\/\/www.google.com\/url?q=https:\/\/www.cairn.info\/revue-critique-2007-8-page-552.htm&amp;sa=D&amp;ust=1590554292149000\">O humanismo da tauromaquia<\/a><\/span><span class=\"c0 c15\"> &#8220;, <\/span><span class=\"c18 c15 c6 c2\"><em>Cr\u00edtica<\/em>,<\/span><span class=\"c0 c15\"> vol. 723-724, n.\u00ba 8, 2007<\/span><span class=\"c15 c6 c2\">)<\/span><\/p><p class=\"c4\"><span class=\"c5 c2\">Contrariamente \u00e0 afirma\u00e7\u00e3o de Renaut, creio que a encena\u00e7\u00e3o da domina\u00e7\u00e3o humana n\u00e3o \u00e9 exclusiva das touradas; est\u00e1 igualmente presente na ca\u00e7a, no consumo de carne e at\u00e9 na experimenta\u00e7\u00e3o animal. As pr\u00e1ticas que dobram os animais sob o seu jugo, que os fazem sofrer, que os matam, assinalam efetivamente o nosso poder, a nossa excel\u00eancia na ordem mundial. Sublinham o facto de &#8220;n\u00f3s&#8221; sermos seres excepcionais. O matadouro, tal como a tourada, \u00e9 a verdade do humanismo, &#8220;a sua melhor inven\u00e7\u00e3o&#8221;.[mfn]<span class=\"c11\">Patrice Rouget, <\/span><span class=\"c23 c11\">A viol\u00eancia do humanismo. <em>Porque \u00e9 que temos necessidade de perseguir os animais?<\/em><\/span><span class=\"c11\">, <\/span><span class=\"c6 c2\">Calmann-L\u00e9vy, 2014.<\/span>[\/mfn]   <\/span><span class=\"c5 c2\">. Inclui uma bibliografia no final de   <\/span><span class=\"c2\">esta apresenta\u00e7\u00e3o<\/span><span class=\"c5 c2\">Aqui tens alguns artigos e livros sobre este tema.<\/span><\/p><p class=\"c4\"><span class=\"c5 c2\">\u00c9 talvez o jornalista Fran\u00e7ois Reynaert que &#8211; com toda a ingenuidade &#8211; nos d\u00e1 a chave do humanismo quando escreve no <\/span><em><span class=\"c7 c2\">Nouvel Observateur<\/span><\/em><span class=\"c5 c2\"> : <\/span> <\/p><p class=\"c4 c31\" style=\"padding-left: 40px;\"><span class=\"c0 c8\">&#8220;E assim, Singer e os seus amigos lan\u00e7am-se num caminho que n\u00e3o ousamos imaginar onde nos levar\u00e1. Os activistas da &#8220;liberta\u00e7\u00e3o animal&#8221; apresentam-se como os sucessores daqueles que, no passado, lutaram pela emancipa\u00e7\u00e3o dos escravos e das mulheres. N\u00e3o estaremos hoje a dizer dos animais o que se dizia dos negros? Que sofisma terr\u00edvel! O que era evidentemente escandaloso no passado era tratar os negros como gado. At\u00e9 que ponto vamos negar o ser humano se hoje pedimos para ter para com o gado a mesma preocupa\u00e7\u00e3o que t\u00ednhamos ontem para com os negros?  <\/span><\/p><p class=\"c4\"><span class=\"c5 c2\">Ignoremos o facto de que, contrariamente a uma frequente reescrita da hist\u00f3ria, <\/span><span class=\"c2\">muitos<\/span><span class=\"c5 c2\"> humanistas no passado, ou mesmo no presente, mostraram pouca preocupa\u00e7\u00e3o com os negros; concentremo-nos na afirma\u00e7\u00e3o de F. Reynaert de que a preocupa\u00e7\u00e3o com os interesses de indiv\u00edduos de outras esp\u00e9cies <\/span><em><span class=\"c7 c2\">nega<\/span><\/em><span class=\"c5 c2\">  humanidade. Cuidar nega a humanidade? N\u00e3o, normalmente n\u00e3o. Dizemos que m   <\/span><span class=\"c2\">\u00c9 at\u00e9 comum dizer-se que somos <\/span><em><span class=\"c23 c2\">humanos<\/span><\/em><span class=\"c2\"> quando nos preocupamos&#8230;<\/span><span class=\"c5 c2\"> C<\/span><span class=\"c2\">ertamente, <\/span><span class=\"c5 c2\">um Hitler pensava mal da solicitude&#8230;<\/span><span class=\"c2\">para com os n\u00e3o arianos<\/span><span class=\"c5 c2\">  (&#8220;A juventude que crescer\u00e1 na minha fortaleza semear\u00e1 o terror no mundo&#8221;; &#8220;Aquele que n\u00e3o possui poder perde todo o direito \u00e0 vida&#8221;). Mas Hitler est\u00e1 morto, tal como a maioria dos seus admiradores. Como \u00e9 que F. Reynaert pode fazer tal afirma\u00e7\u00e3o?  <\/span><\/p><p class=\"c4\"><span class=\"c5 c2\">A menos que <\/span><span class=\"c2\">l<\/span><span class=\"c5 c2\">a solicitude s\u00f3 nega a humanidade quando \u00e9 exercida em rela\u00e7\u00e3o a&#8230; n\u00e3o-humanos<\/span><span class=\"c2\">.<\/span><span class=\"c5 c2\"> Isto \u00e9, quando tende a abolir a diferen\u00e7a normal (desejada) de tratamento entre <\/span><span class=\"c2\">aqueles que devem ser considerados<\/span><span class=\"c5 c2\">  Se a nossa hip\u00f3tese estiver correta, esta diferen\u00e7a de tratamento parece ser a marca da nossa superioridade e igualdade &#8220;entre n\u00f3s&#8221;. Se a nossa hip\u00f3tese estiver correta, esta diferen\u00e7a de tratamento parece ser a marca da nossa superioridade e da nossa igualdade &#8220;entre n\u00f3s&#8221;; tratar bem os animais significa ent\u00e3o abolir uma distin\u00e7\u00e3o (em todos os sentidos da palavra), um privil\u00e9gio, negar de certa forma a nossa superioridade e, portanto, menosprezar a nossa humanidade, ser&#8230; anti-humano. Inversamente, podemos pensar em n\u00f3s pr\u00f3prios como pares, como pessoas de valor, tratando-nos como &#8220;&#8230; pares&#8221;.  <\/span><span class=\"c2\"> <\/span><span class=\"c5 c2\">Este tipo de hip\u00f3tese, cl\u00e1ssica nas ci\u00eancias humanas, permite esclarecer o facto de a carne estar tantas vezes no centro das aten\u00e7\u00f5es durante as refei\u00e7\u00f5es e de os seres humanos parecerem considerar o consumo de corpos de animais como a menina dos seus olhos.  <\/span><\/p><p class=\"c4\"><span class=\"c5 c2\">2) Como acab\u00e1mos de ver, com a no\u00e7\u00e3o de humanismo, entramos de frente na distin\u00e7\u00e3o fundamental entre humanidade e natureza, entre civiliza\u00e7\u00e3o, liberdade, raz\u00e3o, consci\u00eancia de si, educa\u00e7\u00e3o<\/span><span class=\"c2\"> (etc.)<\/span><span class=\"c5 c2\"> e a barb\u00e1rie, a selvajaria, o determinismo, a irracionalidade<\/span><span class=\"c2\"> (etc.) e a barb\u00e1rie, a selvageria, o determinismo, a irracionalidade<\/span><span class=\"c5 c2\">), que \u00e9 o fundamento da nossa civiliza\u00e7\u00e3o. <br>Florence Burgat<\/span><span class=\"c2\"> explica bem o que a cr\u00edtica do especismo deixa escapar e o que a cr\u00edtica do humanismo torna poss\u00edvel <\/span><span class=\"c5 c2\">: <\/span> <\/p><p class=\"c4 c22\" style=\"padding-left: 40px;\"><span class=\"c0 c15\">Por exemplo, a no\u00e7\u00e3o de anti-especismo, que se centra na esp\u00e9cie como crit\u00e9rio biol\u00f3gico, parece n\u00e3o ter em conta o facto de a humanidade n\u00e3o se pensar precisamente neste termo, mas como uma &#8220;esp\u00e9cie&#8221;.<\/span><span class=\"c15 c6 c2\"> <\/span><span class=\"c0 c15\">\u00c9 um &#8220;g\u00e9nero&#8221; auto-institu\u00eddo que afirma uma rutura essencial. Isto levanta a quest\u00e3o de saber se a cr\u00edtica do especismo n\u00e3o est\u00e1 a falhar o ponto. Escutemos um defensor da singularidade da &#8220;humanidade&#8221;.  <\/span> <span class=\"c15 c6 c2\"> (e, sem surpresa, uma vis\u00e3o incrivelmente mecanicista da vida e do comportamento animal) <\/span><span class=\"c0 c15\">Com a ideia de<\/span><span class=\"c18 c15 c6 c2\">esp\u00e9cies <\/span> <span class=\"c0 c15\">Com o advento do humanismo, o homem passou a ser visto como parte da natureza e como mais um animal. Com a no\u00e7\u00e3o de   <\/span><span class=\"c18 c15 c6 c2\">g\u00e9nero <\/span><span class=\"c0 c15\">O ser humano \u00e9 reconhecido como diferente dos animais e interessa-se mais por essa diferen\u00e7a do que pelas suas carater\u00edsticas comuns&#8221;.<\/span><span class=\"c15 c6 c2\"> Podemos fingir que este dispositivo metaf\u00edsico (a que alguns preferem chamar &#8220;naturalismo de segunda natureza&#8221;) \u00e9 obsoleto, apesar de estar na base de todo o nosso pensamento? <\/span> <span class=\"c0 c15\">Poder\u00e1 ele ser realmente minado por um argumento puramente l\u00f3gico contra o erro de fazer da perten\u00e7a a uma esp\u00e9cie um crit\u00e9rio moralmente relevante, como fazem os racistas com a ra\u00e7a e os sexistas com o sexo, quando a humanidade se considera outra coisa que n\u00e3o uma esp\u00e9cie? N\u00e3o \u00e9 o antropocentrismo, que remonta aos primeiros est\u00f3icos, e o seu produto, o humanismo, que precisam de ser combatidos? <\/span><span class=\"c15 c6 c2\">como Derrida se prop\u00f4s a fazer<\/span><span class=\"c0 c15\">  ? &#8221; <\/span><\/p><p class=\"c4 c22\" style=\"padding-left: 40px;\"><span class=\"c0 c15\">(Florence Burgat, &#8220;Os Estados dos Lugares da &#8216;quest\u00e3o animal&#8217;. Quest\u00f5es te\u00f3ricas e pr\u00e1ticas&#8221;, <\/span><em><span class=\"c18 c15 c6 c2\">Revue philosophique de la France et de l&#8217;\u00e9tranger<\/span><\/em><span class=\"c0 c15\">, 2019)<\/span><\/p><p class=\"c4\"><span class=\"c5 c2\">3) De um ponto de vista intelectual e racional, \u00e9 f\u00e1cil criticar o humanismo<\/span><span class=\"c2\">t<\/span><span class=\"c5 c2\">e como em  <\/span><span class=\"c2\">insustent\u00e1vel<\/span><span class=\"c5 c2\">  (Dever\u00edamos faz\u00ea-lo na zet\u00e9tica, por exemplo,  <\/span><span class=\"c2\">e as pessoas que fazem profiss\u00e3o de exercer a sua<\/span><span class=\"c5 c2\">  &#8220;pensamento cr\u00edtico<\/span><span class=\"c2\">  deve utilizar eficazmente os instrumentos &#8220;cr\u00edticos&#8221; do preconceito argumentativo, por exemplo<\/span><span class=\"c5 c2\">) ;  <\/span><span class=\"c2\">vimos, em particular, que o humanismo precisa de considerar que os animais n\u00e3o s\u00e3o &#8220;livres&#8221;.  <\/span><span class=\"c5 c2\">mas determinada pelo teu  <\/span><span class=\"c2\">&#8220;Os progressos da etologia nos \u00faltimos cinquenta anos invalidaram totalmente esta vis\u00e3o arrogante e soberbamente ignorante dos outros animais (vertebrados no seu conjunto, mas tamb\u00e9m certos invertebrados como os cefal\u00f3podes, etc.).<\/span><span class=\"c5 c2\"> <\/span><span class=\"c2\">Mas o humanismo<\/span><span class=\"c5 c2\">  assenta na distin\u00e7\u00e3o Humanidade\/Natureza, que \u00e9 o fundamento da nossa ordem social e das nossas categorias de pensamento, de afeto e de identidade (perten\u00e7a, etc.); parece indestrut\u00edvel. A humanidade \u00e9 constantemente enaltecida (\u00e9 excecional, extraordin\u00e1ria, digna, etc.) e o adjetivo &#8220;humano&#8221; \u00e9 elogioso&#8230; A contr <\/span><span class=\"c2\">ario, as capacidades cognitivas dos animais ser\u00e3o certamente real\u00e7adas, mas continuaremos a classific\u00e1-los como &#8220;seres naturais&#8221; e continuaremos a maravilhar-nos com &#8220;como a Natureza \u00e9 espantosa&#8221; (ou: misteriosa, secreta, o que for).<\/span><span class=\"c5 c2\"> Em suma, continuar\u00e3o, apesar do senso comum, a ser colocados na caixa errada.<\/span><span class=\"c5 c2\">Em suma, eles continuar\u00e3o, apesar do senso comum, a ser colocados na caixa errada, a caixa que significa que um ser &#8220;n\u00e3o existe realmente como um indiv\u00edduo&#8221;. <\/span> <\/p><p class=\"c4\"><span class=\"c5 c2\">O trabalho cultural<\/span><span class=\"c2\"> a realizar<\/span><span class=\"c5 c2\">  O esfor\u00e7o para desmistificar o humanismo \u00e9 enorme, mas \u00e9 absolutamente necess\u00e1rio. Tudo o que fazemos, nas nossas sociedades, \u00e9 marcado pelo esfor\u00e7o de parecer   <\/span><em><span class=\"c7 c2\">humano<\/span><\/em><span class=\"c5 c2\">etc. <\/span><span class=\"c2\">N\u00e3o seria<\/span><span class=\"c5 c2\"> <\/span><span class=\"c2\">que ter de usar roupa \u00e9 um sinal obrigat\u00f3rio de humanidade (\u00e9 contra a lei andar nu). Seria precisamente f <\/span><span class=\"c5 c2\">O objetivo destas manifesta\u00e7\u00f5es &#8220;nuas&#8221; \u00e9 criticar o desejo constante de nos destacarmos, de exibirmos a nossa humanidade como dignit\u00e1rios.<\/span><span class=\"c2\">a nossa humanidade, como dignit\u00e1rios que tentam dominar-nos!<\/span><span class=\"c5 c2\"> ! <\/span> <\/p><p class=\"c4\"><span class=\"c5 c2\">Em rigor, n\u00e3o \u00e9 uma vantagem atacar o humanismo: \u00e9 antes uma necessidade que n\u00e3o pode ser ignorada.<\/span><\/p><p class=\"c4\"><span class=\"c5 c2\">4)  <\/span><span class=\"c2\">L<\/span><span class=\"c5 c2\">o humanismo nem sequer consegue definir o que \u00e9 a humanidade; \u00e9  <\/span><span class=\"c2\">emaranhado<\/span><span class=\"c5 c2\">  nas suas contradi\u00e7\u00f5es: esta defini\u00e7\u00e3o, devido ao que est\u00e1 em jogo  <\/span><span class=\"c2\">inclui<\/span><span class=\"c5 c2\">\u00e9  <\/span><span class=\"c2\">em todos os momentos  <\/span><span class=\"c5 c2\">um objeto de luta<\/span><span class=\"c2\">por exemplo  <\/span><span class=\"c5 c2\">l<\/span><span class=\"c2\">es  <\/span><span class=\"c5 c2\">fetos humanos e<\/span><span class=\"c2\">&#8216;<\/span><span class=\"c2 c5\">aborto<\/span><span class=\"c2\">&#8216;<\/span><span class=\"c5 c2\">eutan\u00e1sia, suic\u00eddio<\/span><span class=\"c2\">de vida, os seres humanos com defici\u00eancias graves, mas tamb\u00e9m, cada vez mais, os grandes s\u00edmios,  <\/span><span class=\"c5 c2\">etc.<\/span><span class=\"c2\">  L<\/span><span class=\"c5 c2\">O humanismo \u00e9 um ramo do cristianismo, secularizado<\/span><span class=\"c2\">que<\/span><span class=\"c5 c2\">  baseia-se em dois mil anos de hist\u00f3ria ocidental. E as suas vers\u00f5es religiosas nem sempre s\u00e3o f\u00e1ceis de distinguir das vers\u00f5es laicas ou ateias, e s\u00e3o usadas como ponta de lan\u00e7a para tentativas de reavivar a ideia. <\/span><span class=\"c2\">e<\/span><span class=\"c5 c2\"> poder da religi\u00e3o sobre a consci\u00eancia das pessoas (a batalha sobre o aborto, o fim da vida, os direitos das mulheres, etc.).<\/span><\/p><p class=\"c4\"><span class=\"c5 c2\">De um ponto de vista anti-especista, \u00e9 importante desmontar o lado imaculado da no\u00e7\u00e3o de humanismo, lembrando que, historicamente, o humanismo n\u00e3o foi a ideologia sem<\/span><span class=\"c2\">dores <\/span><span class=\"c5 c2\">de igualdade humana, mas, pelo contr\u00e1rio, a ideologia da exclus\u00e3o e da desumaniza\u00e7\u00e3o.<\/span><span class=\"c2\">N\u00e3o te esque\u00e7as de que o humanismo n\u00e3o foi, historicamente, uma ideologia sem tachos de igualdade humana, mas, pelo contr\u00e1rio, a ideologia da exclus\u00e3o e da desumaniza\u00e7\u00e3o. <\/span> <span class=\"c5 c2\">o racismo, o sexismo, o envelhecimento das crian\u00e7as e depois dos idosos, o capacitismo e a eugenia, o genoc\u00eddio, etc. S\u00f3 a partir do fim da Segunda Guerra Mundial \u00e9 que <\/span><span class=\"c2\">, <\/span><span class=\"c5 c2\">o fim da coloniza\u00e7\u00e3o expl\u00edcita e a ascens\u00e3o do feminismo, que o humanismo fez realmente uma reivindica\u00e7\u00e3o geral da igualdade humana que se proclama &#8220;universal&#8221;. <\/span><span class=\"c2\">&#8211; <\/span><span class=\"c5 c2\">Coloquei aspas em <\/span><span class=\"c2\">Coloquei aspas em &#8220;universal&#8221; porque, ao excluir os n\u00e3o-humanos sem qualquer fundamento racional, o humanismo n\u00e3o tem nada a ver com universalismo e tem tudo a ver com comunitarismo, particularismo, etc.<\/span><span class=\"c5 c2\">.<\/span><\/p><p class=\"c4\"><span class=\"c5 c2\">4) <\/span><span class=\"c2\">O<\/span><span class=\"c5 c2\">xiste uma distin\u00e7\u00e3o entre o humanismo e a no\u00e7\u00e3o de igualdade e uma liga\u00e7\u00e3o entre o humanismo, a humaniza\u00e7\u00e3o e a desumaniza\u00e7\u00e3o, a animaliza\u00e7\u00e3o. <\/span><span class=\"c2\">Pierre-Henri Tavoillot<\/span><span class=\"c5 c2\"> \u00c9 \u00e0 luz do humanismo que a sombra do racismo se alonga&#8221;.[mfn]<span class=\"c6 c2\"><span class=\"c11\">&#8220;Reflex\u00f5es para partilhar, <\/span><em><span class=\"c23 c11\">Instituto Eurogrupo<\/span><\/em><span class=\"c20 c8 c11\">, 2008.<\/span><\/span>[\/mfn]<\/span><span class=\"c5 c2\">. &#8221; De facto, muitos estudos psicol\u00f3gicos   <\/span><span class=\"c2\">sociedade<\/span><span class=\"c5 c2\">ale <\/span> <span class=\"c5 c2\">mostram claramente as liga\u00e7\u00f5es entre o especismo e a &#8220;desumaniza\u00e7\u00e3o&#8221; ou &#8220;animaliza\u00e7\u00e3o&#8221; dos grupos humanos. De uma forma mais geral, o humanismo fornece o quadro que determina as ideologias dos diferentes tipos de opress\u00e3o: quer se trate de racismo, de sexismo, de age\u00edsmo, etc., as pessoas dos grupos dominados s\u00e3o vistas como menos &#8220;humanas&#8221; do que as dos grupos dominantes, mais &#8220;animais&#8221; ou &#8220;naturais&#8221; (mais corp\u00f3reas, impulsivas, instintivas, etc.). Isto significa, obviamente, que desconfiamos deles, que n\u00e3o lhes damos toda a nossa confian\u00e7a, que n\u00e3o consideramos verdadeiramente que se exprimem como indiv\u00edduos (\u00e9 a sua &#8220;natureza&#8221; espec\u00edfica: o seu sexo, ou a sua idade, ou a sua ra\u00e7a, que se exprime neles), etc. Em crises como a crise sanit\u00e1ria da Covid-19, as pessoas &#8220;menos humanas&#8221; foram naturalmente as primeiras a serem sacrificadas.   <\/span><\/p><p class=\"c4\"><span class=\"c5 c2\">H\u00e1 portanto uma liga\u00e7\u00e3o muito direta, a este n\u00edvel, a fazer com outras opress\u00f5es, e portanto, possivelmente, com outras lutas. \u00c9 o que prop\u00f5em muitas feministas, afro-feministas e afro-ecologistas. <\/span><\/p>\t\t\t\t\t\t\t\t<\/div>\n\t\t\t\t<\/div>\n\t\t\t\t<div class=\"elementor-element elementor-element-56b6b991 elementor-widget elementor-widget-heading\" data-id=\"56b6b991\" data-element_type=\"widget\" data-widget_type=\"heading.default\">\n\t\t\t\t<div class=\"elementor-widget-container\">\n\t\t\t\t\t<h3 class=\"elementor-heading-title elementor-size-default\">Os inconvenientes da cr\u00edtica do humanismo?<\/h3>\t\t\t\t<\/div>\n\t\t\t\t<\/div>\n\t\t\t\t<div class=\"elementor-element elementor-element-26999e45 elementor-widget elementor-widget-text-editor\" data-id=\"26999e45\" data-element_type=\"widget\" data-widget_type=\"text-editor.default\">\n\t\t\t\t<div class=\"elementor-widget-container\">\n\t\t\t\t\t\t\t\t\t<p class=\"c4\"><span class=\"c5 c2\">1) <\/span><span class=\"c2\">L<\/span><span class=\"c5 c2\">O humanismo \u00e9 um conceito vago e \u00e9 preciso esclarecer sempre do que se est\u00e1 a falar; al\u00e9m disso, veremos que h\u00e1 aspectos do humanismo que devemos ter em conta se quisermos fazer uma reivindica\u00e7\u00e3o positiva do mesmo.<\/span><\/p><p class=\"c4\"><span class=\"c5 c2\">2) <\/span><span class=\"c2\">C<\/span><span class=\"c5 c2\">\u00c9 uma no\u00e7\u00e3o dominante investida de positividade (como a no\u00e7\u00e3o de humanidade).<\/span><span class=\"c2\">as pessoas est\u00e3o apegadas ao humanismo, chamam-se voluntariamente humanistas<\/span><span class=\"c5 c2\">e v\u00eaem o<\/span><span class=\"c2\">humanismo<\/span><span class=\"c5 c2\"> e v\u00ea no humanismo o &#8220;\u00faltimo basti\u00e3o contra a barb\u00e1rie&#8221;.<\/span><span class=\"c2\"> Da mesma forma<\/span><span class=\"c5 c2\"> gostam da no\u00e7\u00e3o de dignidade humana, que lhes parece ser <\/span><span class=\"c2\">ser<\/span><span class=\"c5 c2\"> a Declara\u00e7\u00e3o dos Direitos do Homem de 1948 (foi proposta pelos seus redactores religiosos, quando n\u00e3o tinha sido utilizada antes).<\/span><span class=\"c2\">n\u00e3o tinha sido utilizada antes)<\/span><span class=\"c5 c2\">. <\/span> <\/p><p class=\"c4\"><span class=\"c5 c2\">Em termos gerais, o humanismo passou a significar uma atitude respeitosa e benevolente para com os outros seres humanos, identificados como nossos semelhantes, nossos vizinhos: tudo isto \u00e9 muito positivo. E tamb\u00e9m significa a vontade dos seres humanos de estabelecerem as suas pr\u00f3prias regras e ideais, de si pr\u00f3prios e por si pr\u00f3prios (o que tamb\u00e9m \u00e9 muito positivo), mas tamb\u00e9m, infelizmente, &#8220;para si pr\u00f3prios&#8221; (o que tamb\u00e9m \u00e9 muito negativo).   <\/span><span class=\"c2\">muito menos positivo<\/span><span class=\"c5 c2\">). <\/span><span class=\"c2\">Assim, o humanismo desvia o foco do divino ou do natural.<\/span><span class=\"c5 c2\">do divino ou do natural, mas, infelizmente, apenas para se recentrar <\/span><span class=\"c2\">para se centrar exclusivamente no<\/span><span class=\"c5 c2\">  nas pessoas. Todo o nosso trabalho vai consistir em reorientar <\/span><span class=\"c2\">e a todos os seres sencientes do planeta. <\/span><span class=\"c5 c2\">\u00c9 um grande <\/span><span class=\"c2\">projeto<\/span><span class=\"c5 c2\"> que<\/span><span class=\"c2\"> esta cr\u00edtica do humanismo<\/span><span class=\"c5 c2\">. Come\u00e7a sempre <\/span><span class=\"c2\">t direito.<\/span><\/p><p class=\"c4\"><span class=\"c5 c2\">3)  <\/span><span class=\"c2\">O nosso<\/span><span class=\"c5 c2\">  habituaram-se a basear as suas pr\u00f3prias lutas (pela educa\u00e7\u00e3o, pela igualdade humana, contra as discrimina\u00e7\u00f5es&#8230;) na afirma\u00e7\u00e3o de que todos pertencem \u00e0 Humanidade&#8230; T\u00eam interesse no futuro.<\/span><span class=\"c2\">Est\u00e3o dispostos a utilizar a ideologia humanista que t\u00eam \u00e0 m\u00e3o, mas isso dificilmente \u00e9 solid\u00e1rio com os outros animais e, de certa forma, pode dizer-se que estas lutas s\u00e3o constru\u00eddas nas suas costas.  <\/span><span class=\"c5 c2\">Lutar para que as lutas intra-humanas deixem de se basear na reivindica\u00e7\u00e3o de humanidade exigir\u00e1  <\/span><span class=\"c2\">a<\/span><span class=\"c5 c2\">  trabalho cultural e pol\u00edtico de grande envergadura, tenaz e agressivo<\/span><span class=\"c2\">  mesmo assim, c<\/span><span class=\"c5 c2\">Provavelmente, n\u00e3o vai demorar muito at\u00e9 termos algumas reformula\u00e7\u00f5es  <\/span><span class=\"c2\">as exig\u00eancias. A badge against homophobia, lesbophobia and queerphobia, perhaps made by an antispeciesist, is soberly subtitled: &#8220;against suffering&#8221;. <\/span><\/p><p class=\"c4\"><span class=\"c5 c2\">4) <\/span><span class=\"c2\">\u00c9 muito importante<\/span><span class=\"c5 c2\"> atacar o humanismo, mas tamb\u00e9m temos de ter em conta que<\/span><span class=\"c2\">e que<\/span><span class=\"c5 c2\">temos a possibilidade de propor outros tipos de humanismo <\/span><span class=\"c2\">&#8211; <\/span><span class=\"c5 c2\">que esperamos que deixem de existir <\/span><span class=\"c2\">rapidamente <\/span><span class=\"c5 c2\">que deixem de se chamar assim, <\/span><span class=\"c2\">deixem de<\/span><span class=\"c5 c2\"> a no\u00e7\u00e3o de humanidade<\/span><span class=\"c2\">.<\/span><span class=\"c5 c2\"> <\/span><span class=\"c2\">N<\/span><span class=\"c5 c2\">otably, <\/span><span class=\"c15 c2\">l<\/span><span class=\"c1\">uman rights<\/span><span class=\"c15 c2\">deveriam passar a chamar-se &#8220;direitos humanos&#8221;!)<\/span><span class=\"c1\">Em vez de se basearem na ideia de excepcionalismo humano, podem ser defendidos numa base muito mais segura, imediata e verdadeiramente universal, assente nas no\u00e7\u00f5es de subjetividade incorporada e de vulnerabilidade. \u00c9 isto que <\/span><span class=\"c15 c2\">escreve Will Kymlicka<\/span><span class=\"c1\"> :<\/span><\/p><p class=\"c4 c22\" style=\"padding-left: 40px;\"><span class=\"c0 c15\">Na d\u00e9cada de 1980, [&#8230;] a teoria dos direitos humanos tinha come\u00e7ado a libertar-se deste quadro de supremacia humana. Relembrando, para Shue e Nickel, n\u00e3o era condi\u00e7\u00e3o necess\u00e1ria de uma teoria dos direitos humanos que esta exclu\u00edsse os animais ou que exaltasse os seres humanos em detrimento dos animais.   [Plusieurs]  surgiram novas abordagens interessantes \u00e0 teoria dos direitos humanos. Por exemplo, Bryan Turner defendeu que os direitos humanos devem basear-se no respeito pelos indiv\u00edduos enquanto &#8220;sujeitos vulner\u00e1veis&#8221;, uma ideia tamb\u00e9m defendida por Martha Fineman e Morawa. Amartya Sen e Martha Nussbaum desenvolveram teorias dos direitos humanos baseadas nas &#8220;capacidades&#8221;; Fiona Robinson desenvolveu uma abordagem dos direitos humanos baseada na \u00e9tica da &#8220;pessoa humana&#8221;.    <\/span><em><span class=\"c18 c15 c6 c2\">cuidado<\/span><\/em><span class=\"c0 c15\"> e Judith Butler utilizou a &#8220;vida prec\u00e1ria&#8221; como base para uma abordagem dos direitos humanos.<\/span><\/p><p class=\"c4\"><span class=\"c1\">O trabalho de Corine Pelluchon sobre a \u00e9tica da vulnerabilidade pode ser acrescentado a esta lista. Estas novas abordagens te\u00f3ricas formam aquilo a que Ann Murphy chama a nova   <\/span><em><span class=\"c18 c15 c36 c2\">humanismo corporal<\/span><\/em><span class=\"c1\">que, em contraste com a proclama\u00e7\u00e3o arrogante de uma natureza superior, se baseia na &#8220;vulnerabilidade do corpo humano ao sofrimento e \u00e0 viol\u00eancia&#8221;. Este tipo de humanismo corporal abre a porta \u00e0 considera\u00e7\u00e3o dos &#8220;corpos vulner\u00e1veis&#8221; e das &#8220;vidas prec\u00e1rias&#8221;,   <\/span><em><span class=\"c18 c15 c36 c2\">sejam elas quais forem<\/span><\/em><span class=\"c1\">.<\/span><\/p><p class=\"c4\"><span class=\"c1\">Escusado ser\u00e1 dizer que um tal &#8220;humanismo&#8221; s\u00f3 continua a ser um &#8220;humanismo&#8221; enquanto se aplicar apenas aos seres humanos, mas, de facto, mina qualquer base l\u00f3gica para a exclus\u00e3o dos seres sens\u00edveis n\u00e3o humanos. De facto, esse humanismo j\u00e1 n\u00e3o \u00e9 humanismo, \u00e9 sentimentalismo. O crit\u00e9rio de humanidade \u00e9    <\/span><em><span class=\"c18 c15 c2 c36\">em bom<\/span><\/em><span class=\"c1\">  substitu\u00edda pela senci\u00eancia. \u00c9 a isto que a revolu\u00e7\u00e3o anti-especista apela. <\/span><\/p><p class=\"c4\"><span class=\"c1\">Num artigo intitulado &#8220;O humanismo precisa de ser atualizado: ser\u00e1 o sencientismo a filosofia que pode salvar o mundo&#8221;, Jamie Woodhouse argumenta:<\/span><\/p><p class=\"c4 c22\" style=\"padding-left: 40px;\"><span class=\"c0 c15\">&#8220;O sencientismo tem muito em comum com o humanismo. Tal como o humanismo, apoia os direitos humanos e centra-se na nossa humanidade comum a uma escala global. \u00c9 anti-sexista, antirracista, anti-agressivo, anti-capacitista, anti-nacionalista e anti-LGBTQ+f\u00f3bico.  <\/span><\/p><p class=\"c4 c22\" style=\"padding-left: 40px;\"><span class=\"c0 c15\">O humanismo e o sentimentalismo ajudam-nos a concentrarmo-nos no que temos em comum: a nossa humanidade[mfn]<span class=\"c20 c8 c11\">Imagino que quando Woodhouse fala aqui de humanidade, quer dizer a nossa preocupa\u00e7\u00e3o com a justi\u00e7a, ou a nossa compaix\u00e3o&#8230; e a nossa sensibilidade.<\/span>[\/mfn]<\/span><span class=\"c0 c15\"> e sensibilidade.<\/span><\/p><p class=\"c4\"><span class=\"c1\">e :  <\/span><\/p><p class=\"c4 c22\" style=\"padding-left: 40px;\"><span class=\"c0 c15\">&#8220;Embora muitos humanistas j\u00e1 tenham considera\u00e7\u00e3o moral pelos animais n\u00e3o humanos (por exemplo, a organiza\u00e7\u00e3o nacional <\/span><em><span class=\"c18 c15 c6 c2\">Humanistas do Reino Unido<\/span><\/em><span class=\"c0 c15\"> inclui-a na sua defini\u00e7\u00e3o de humanismo), o sencientismo torna-a expl\u00edcita, pois considera que causar o sofrimento e a morte de animais sencientes \u00e9 eticamente errado.&#8221;<\/span><\/p><p class=\"c4\"><span class=\"c1\">Acrescenta ainda, o que achei muito interessante:<\/span><\/p><p class=\"c4 c22\" style=\"padding-left: 40px;\"><span class=\"c0 c15\">&#8220;J\u00e1 existe uma sinergia inexplorada entre estes movimentos. Num inqu\u00e9rito recente a mil humanistas brit\u00e2nicos, cerca de 40% dos inquiridos afirmaram ser veganos ou vegetarianos.   <\/span><span class=\"c15 c6 c2\">&#8211;<\/span><span class=\"c0 c15\"> uma taxa muito mais elevada do que a da popula\u00e7\u00e3o em geral. Parece tamb\u00e9m [&#8230;] que os veganos e vegetarianos morais t\u00eam mais probabilidades de serem ateus ou humanistas do que a popula\u00e7\u00e3o em geral. Para mim, isto deve-se ao facto de as provas e a raz\u00e3o sustentarem ambos os pontos de vista.&#8221;[mfn]<span class=\"c2 c11\">Jamie Woodhouse, &#8221; <\/span><span class=\"c26 c2 c11\"><a class=\"c13\" href=\"https:\/\/secularhumanism.org\/2019\/04\/humanism-needs-an-upgrade-is-sentientism-the-philosophy-that-could-save-the-world\/\" target=\"_blank\" rel=\"noopener\">O humanismo precisa de uma atualiza\u00e7\u00e3o: ser\u00e1 o sencientismo a filosofia que pode salvar o mundo?<\/a><\/span><span class=\"c2 c11\"> &#8220;, <\/span><em><span class=\"c23 c2 c11\">Humanismo Secular<\/span><\/em><span class=\"c2 c11\">Vol. 39, No. 3, abril-maio 2019.<\/span>[\/mfn]<\/span><\/p><p class=\"c4\"><span class=\"c1\">\u00c9, de facto, poss\u00edvel que os movimentos humanistas estejam preocupados com a quest\u00e3o animal, atrav\u00e9s da exig\u00eancia de racionalidade que prop\u00f5em. <\/span><span class=\"c15 c2\">que prop\u00f5em<\/span><span class=\"c1\">  contra a tutela religiosa. No s\u00e9culo XIX, a luta pelo humanismo esteve muitas vezes indissociavelmente ligada \u00e0 luta pelos animais, quer fosse travada pelos republicanos ou por aqueles que apoiavam a causa.   <\/span><span class=\"c15 c2\">d&#8217;<\/span><span class=\"c1\">anarquistas, socialistas, feministas<\/span><span class=\"c15 c2\"> ou<\/span><span class=\"c1\">anti-escravatura.<\/span><\/p><p class=\"c4\"><span class=\"c5 c2\">Ao trabalhar nesta apresenta\u00e7\u00e3o, fui levado a reconsiderar o ju\u00edzo muito negativo que tinha feito da divis\u00e3o de Martin Gibert entre <\/span><em><span class=\"c7 c2\">humanismo exclusivo<\/span><\/em><span class=\"c5 c2\"> (chauvinismo e supremacismo humano, baseado no especismo) e <\/span><em><span class=\"c7 c2\">humanismo inclusivo<\/span><\/em><span class=\"c5 c2\"> (conceder direitos aos animais, lutar contra o especismo&#8230; em nome do humanismo, da nossa humanidade, em nome da nossa<\/span><span class=\"c2\"> raz\u00e3o e da compaix\u00e3o<\/span><span class=\"c5 c2\">).<\/span><\/p><p class=\"c4\"><span class=\"c5 c2\">Eu sou <\/span><span class=\"c2\">menos<\/span><span class=\"c5 c2\"> em particular, encontrei o s\u00edtio da <\/span><em><span class=\"c7 c2\">Humanistas internacionais<\/span><\/em><span class=\"c5 c2\"> (originalmente a<\/span><em><span class=\"c7 c2\">Uni\u00e3o Internacional Humanista e \u00c9tica<\/span><\/em><span class=\"c5 c2\">), que associa o humanismo ao pensamento livre (contra a influ\u00eancia das religi\u00f5es, por outras palavras); a<\/span><span class=\"c2\">U<\/span><span class=\"c5 c2\">A Uni\u00e3o re\u00fane mais de uma centena de organiza\u00e7\u00f5es internacionais de campanha e de Estados na sua apresenta\u00e7\u00e3o do que \u00e9 o humanismo (<\/span><em><span class=\"c7 c2\">o que \u00e9 o humanismo<\/span><\/em><span class=\"c5 c2\">) : <\/span> <\/p><p class=\"c4 c22\" style=\"padding-left: 40px;\"><span class=\"c0 c8\">&#8220;Um humanista baseia a sua compreens\u00e3o do mundo na raz\u00e3o e no m\u00e9todo cient\u00edfico (rejeitando as cren\u00e7as sobrenaturais ou divinas como explica\u00e7\u00f5es pobres ou ideias mal formadas). Os humanistas baseiam as suas decis\u00f5es \u00e9ticas mais uma vez na raz\u00e3o, com o contributo da empatia, e visam o bem-estar e a realiza\u00e7\u00e3o dos seres vivos.[mfn]<span class=\"c20 c8 c11\">Imagino que, quando se fala aqui de &#8220;seres vivos&#8221;, se queira dizer &#8220;seres sens\u00edveis&#8221;: as no\u00e7\u00f5es de bem-estar e realiza\u00e7\u00e3o n\u00e3o fazem sentido para cogumelos ou amebas&#8230;<\/span>[\/mfn] <\/span><span class=\"c0 c8\">. &#8221; <\/span><\/p><p class=\"c4\"><span class=\"c2\">Portanto, h\u00e1 uma grande<\/span><span class=\"c5 c2\"> afasta-te do foco \u00fanico na humanidade que eu tinha em mente.<\/span><span class=\"c2\">J\u00e1 estava habituado a isso. Estes humanistas <\/span><span class=\"c5 c2\">  depois acrescenta, quando fornecerem mais pormenores :<\/span><\/p><p class=\"c4 c22\" style=\"padding-left: 40px;\"><span class=\"c0 c8\">&#8220;Um humanista \u00e9 algu\u00e9m que reconhece que n\u00f3s, seres humanos, somos de longe os actores morais mais sofisticados da Terra. Somos capazes de compreender a \u00e9tica.   <\/span><span class=\"c6 c2\">[&#8230;]<\/span><span class=\"c0 c8\">  Isto n\u00e3o significa que sejamos os \u00fanicos objectos morais. Por exemplo, outros animais tamb\u00e9m merecem considera\u00e7\u00e3o moral <\/span><span class=\"c0 c8\">e talvez o ambiente como um todo[mfn]<span class=\"c20 c8 c11\">Por outro lado, devo dizer que n\u00e3o me parece muito racional querer considerar o ambiente como um paciente moral! Podemos muito bem dar import\u00e2ncia ao &#8220;ambiente&#8221; (se com isso quisermos dizer o mundo n\u00e3o-senciente), de uma forma indireta ou instrumental, porque \u00e9 importante para os seres sencientes, mas n\u00e3o para si pr\u00f3prio. Isto n\u00e3o tem qualquer sentido \u00e9tico.  <\/span>[\/mfn]<\/span><span class=\"c0 c8\">. [&#8230;] <\/span><\/p><p class=\"c4 c22\" style=\"padding-left: 40px;\"><span class=\"c0 c8\">Para fazer o que \u00e9 correto, temos de assumir a responsabilidade por n\u00f3s pr\u00f3prios e pelos outros.<\/span><\/p><p class=\"c4\"><span class=\"c5 c2\">Tamb\u00e9m n\u00e3o \u00e9 motivo de entusiasmo, mas acho que \u00e9 encorajador.<\/span><\/p><p class=\"c4\"><span class=\"c5 c2\">Em <\/span><span class=\"c26 c34 c8 c36 c2\"><a class=\"c13\" href=\"https:\/\/humanists.international\/policy\/general-statement-of-policy\/\" target=\"_blank\" rel=\"noopener\">outro documento<\/a><\/span><span class=\"c5 c2\"> de 2015 <\/span><span class=\"c2\">o mesmo<\/span><span class=\"c5 c2\"> afirma:<\/span><\/p><p class=\"c4 c22\" style=\"padding-left: 40px;\"><span class=\"c0 c8\">&#8220;Adoptamos posi\u00e7\u00f5es \u00e9ticas baseadas em considera\u00e7\u00f5es realistas. <\/span><span class=\"c6 c2\">realista<\/span><span class=\"c0 c8\">  na dignidade e no valor inalien\u00e1veis do indiv\u00edduo, no valor da autonomia e da liberdade combinados com a responsabilidade social, na redu\u00e7\u00e3o do sofrimento (de todos os seres sens\u00edveis, n\u00e3o apenas dos humanos) e na procura da equidade, da realiza\u00e7\u00e3o humana e da felicidade. (&#8230;) &#8221; <\/span><\/p><p class=\"c4\"><span class=\"c5 c2\">Em suma, esta <\/span><em><span class=\"c7 c2\">Uni\u00e3o Mundial<\/span><\/em><span class=\"c5 c2\"> mostra claramente que o humanismo laico n\u00e3o \u00e9 necessariamente obtuso, centrado exclusivamente na no\u00e7\u00e3o de humanidade e fechado \u00e0 ideia de ter em conta os interesses dos outros.<\/span><\/p><p class=\"c4\"><span class=\"c5 c2\">O que n\u00e3o torna menos necess\u00e1rio criticar frontalmente o humanismo, nomeadamente o que se encontra em Fran\u00e7a, como ideologia da supremacia humana. Esta cr\u00edtica frontal ao humanismo faz parte daquilo a que poder\u00edamos chamar uma estrat\u00e9gia de choque: perturbar a evid\u00eancia auto-satisfeita dos nossos contempor\u00e2neos, abalar as suas cren\u00e7as, desequilibrar as suas no\u00e7\u00f5es preconcebidas de que est\u00e3o &#8220;do lado certo da cerca&#8221;.   <\/span><\/p><p class=\"c4\"><span class=\"c2\">I<\/span><span class=\"c5 c2\">\u00e3o precisas de hesitar em atacar o humanismo nos termos mais duros poss\u00edveis<\/span><span class=\"c2\">, <\/span><span class=\"c5 c2\">mesmo que isso signifique <\/span><span class=\"c2\">depois<\/span><span class=\"c5 c2\"> que certos aspectos do humanismo s\u00e3o simp\u00e1ticos e progressistas, e que n\u00e3o devem ser deitados fora com a \u00e1gua do banho. <\/span><span class=\"c2\">J<\/span><span class=\"c5 c2\">Sou a favor de afirmar alto e bom som que o humanismo tamb\u00e9m significou genoc\u00eddio, colonialismo e escravatura, a escraviza\u00e7\u00e3o de mulheres e crian\u00e7as, a relega\u00e7\u00e3o dos loucos e dos desviantes, etc. E a apropria\u00e7\u00e3o saqueadora do mundo, a escraviza\u00e7\u00e3o e a desapropria\u00e7\u00e3o sangrenta de todos os n\u00e3o-humanos, a crise ecol\u00f3gica planet\u00e1ria.   <\/span><span class=\"c2\">N<\/span><span class=\"c5 c2\">\u00e3o hesites em dizer que, deste ponto de vista<\/span><span class=\"c2\">, <\/span><span class=\"c5 c2\">o nazismo, por exemplo <\/span><span class=\"c2\">\u00e9, de facto, uma extens\u00e3o do<\/span><span class=\"c5 c2\">humanismo <\/span><span class=\"c2\">o teu<\/span><span class=\"c5 c2\"> racismo, <\/span><span class=\"c2\">o teu<\/span><span class=\"c5 c2\"> sexismo, o teu pr\u00f3prio imperialismo<\/span><span class=\"c2\">a eugenia <\/span><span class=\"c5 c2\">a eugenia e o genoc\u00eddio foram justificados em i<\/span><span class=\"c5 c2\">nvocando figuras &#8220;superiores&#8221; ou &#8220;inferiores&#8221; da humanidade, de acordo com esta escala humanista dos seres que d\u00e1 primazia \u00e0 humanidade. Claude L\u00e9vi-Strauss, por exemplo, escreveu h\u00e1 quarenta anos: <\/span><\/p><p class=\"c4 c21\" style=\"padding-left: 40px;\"><span class=\"c0 c8\">&#8220;Tenho a sensa\u00e7\u00e3o de que todas as trag\u00e9dias que vivemos, primeiro com o colonialismo, depois com o fascismo e, finalmente, com os campos de exterm\u00ednio, n\u00e3o est\u00e3o em oposi\u00e7\u00e3o ou em contradi\u00e7\u00e3o com o chamado humanismo na forma em que o praticamos h\u00e1 v\u00e1rios s\u00e9culos, mas, diria eu, quase na sua extens\u00e3o natural. Uma vez que foi, de certo modo, num mesmo passo que o homem come\u00e7ou por tra\u00e7ar a fronteira dos seus direitos entre ele pr\u00f3prio e as outras esp\u00e9cies vivas, viu-se depois levado a transferir essa fronteira para o interior da esp\u00e9cie humana, separando certas categorias reconhecidas como as \u00fanicas verdadeiramente humanas de outras categorias que passam a sofrer uma degrada\u00e7\u00e3o concebida segundo o mesmo modelo que serviu para discriminar as esp\u00e9cies vivas humanas das n\u00e3o humanas. Trata-se de um verdadeiro pecado original que conduz a humanidade \u00e0 auto-destrui\u00e7\u00e3o. O respeito do homem pelo homem n\u00e3o pode encontrar o seu fundamento em certas dignidades particulares que a humanidade se atribuiria a si mesma, porque ent\u00e3o uma fra\u00e7\u00e3o da humanidade poderia sempre decidir que encarna essas dignidades de uma forma mais eminente do que os outros&#8221;.<\/span><\/p><p class=\"c4 c21\" style=\"padding-left: 40px;\"><span class=\"c6 c2\">Jean-Marie Benoist, &#8220;Entrevista com Claude L\u00e9vi-Strauss&#8221;, <\/span><em><span class=\"c6 c2 c23\">O Mundo<\/span><\/em><span class=\"c0 c8\">(L\u00e9vi-Strauss, como \u00e9 frequente, confunde &#8220;vivo&#8221; com &#8220;senciente&#8221;; noutras passagens, \u00e9 bem claro que se refere aos seres sencientes, e n\u00e3o aos seres &#8220;vivos&#8221; como um todo). <\/span><\/p>\t\t\t\t\t\t\t\t<\/div>\n\t\t\t\t<\/div>\n\t\t\t\t<div class=\"elementor-element elementor-element-2ef006de elementor-widget elementor-widget-heading\" data-id=\"2ef006de\" data-element_type=\"widget\" data-widget_type=\"heading.default\">\n\t\t\t\t<div class=\"elementor-widget-container\">\n\t\t\t\t\t<h2 class=\"elementor-heading-title elementor-size-default\">\u00c2ngulos de ataque ligeiramente diferentes<\/h2>\t\t\t\t<\/div>\n\t\t\t\t<\/div>\n\t\t\t\t<div class=\"elementor-element elementor-element-d9ff6d6 elementor-widget elementor-widget-text-editor\" data-id=\"d9ff6d6\" data-element_type=\"widget\" data-widget_type=\"text-editor.default\">\n\t\t\t\t<div class=\"elementor-widget-container\">\n\t\t\t\t\t\t\t\t\t<p class=\"c4\"><span class=\"c5 c2\">Na verdade, penso que ambos os \u00e2ngulos de ataque &#8211; contra o especismo e contra o humanismo &#8211; s\u00e3o justificados e resultam precisamente de <\/span><span class=\"c2\">perspectivas<\/span><span class=\"c5 c2\">  ligeiramente diferentes. N\u00e3o te preocupes   <\/span><span class=\"c2\">n\u00e3o crias<\/span><span class=\"c5 c2\"> exatamente as mesmas <\/span><span class=\"c2\">quest\u00f5es<\/span><span class=\"c5 c2\">mas todas apontam exatamente na mesma dire\u00e7\u00e3o.<\/span><\/p><p class=\"c4\"><span class=\"c5 c2\">A perspetiva do &#8220;especismo&#8221; p\u00f5e em evid\u00eancia a discrimina\u00e7\u00e3o arbitr\u00e1ria ligada \u00e0 no\u00e7\u00e3o de esp\u00e9cie e <\/span><span class=\"c2\">coloca<\/span><span class=\"c5 c2\"> e coloca a quest\u00e3o do anti-especismo ao mesmo n\u00edvel que as lutas j\u00e1 bem estabelecidas no seio da popula\u00e7\u00e3o (pelo menos, <\/span><span class=\"c2\">teoricamente <\/span><span class=\"c5 c2\">introduz tamb\u00e9m as no\u00e7\u00f5es de anti-sexismo e de validismo em c\u00edrculos que antes eram desconhecidos, <\/span><span class=\"c2\">introduz tamb\u00e9m as no\u00e7\u00f5es de idade e de validismo em c\u00edrculos at\u00e9 ent\u00e3o desconhecidos, que s\u00e3o ferramentas muito importantes na luta pol\u00edtica para avan\u00e7ar para tipos de sociedade igualit\u00e1rios. <\/span><span class=\"c5 c2\">! <\/span> <\/p><p class=\"c4\"><span class=\"c5 c2\">Cr\u00edtica do humanismo,  <\/span><span class=\"c2\">permite-te<\/span><span class=\"c5 c2\">  cr\u00edticas a s<\/span><span class=\"c2\">Esta \u00e9 a separa\u00e7\u00e3o que tem lugar entre  <\/span><span class=\"c5 c2\">humanidade e  <\/span><span class=\"c2\">&#8221;  <\/span><span class=\"c5 c2\">o  <\/span><span class=\"c2\">N<\/span><span class=\"c5 c2\">ature&#8221; (entre  <\/span><span class=\"c2\">l<\/span><span class=\"c5 c2\">es  <\/span><em><span class=\"c7 c2\">ideias<\/span><\/em><span class=\"c5 c2\">  humanidade e  <\/span><span class=\"c2\">N<\/span><span class=\"c5 c2\">porque nem o  <\/span><span class=\"c2\">nenhum deles existe realmente: s\u00e3o fantasmagorias<\/span><span class=\"c5 c2\">): ataca o cerne do que est\u00e1 na base das nossas civiliza\u00e7\u00f5es, mais uma vez com a raz\u00e3o do seu lado.<\/span><\/p><p class=\"c4\"><span class=\"c2\">L<\/span><span class=\"c5 c2\">a subversividade de cada<\/span><span class=\"c2\">destas estrat\u00e9gias <\/span><span class=\"c5 c2\">\u00e9 imensa: \u00e9 prov\u00e1vel que estes dois meios combinados conduzam a um &#8220;desprendimento&#8221; da quest\u00e3o animal, nem que seja, no pior dos casos, para evitar um questionamento demasiado radical.<\/span><\/p><p class=\"c4\"><span class=\"c5 c2\">Parafraseando <\/span><span class=\"c2\">Tavoillot<\/span><span class=\"c5 c2\">temos de ser capazes de construir sobre o projeto iluminista para que a humanidade aut\u00f3noma (isto \u00e9, a humanidade que estabelece os seus pr\u00f3prios objectivos e as suas pr\u00f3prias regras, sem procurar seguir o exemplo de um Deus ou da Natureza) n\u00e3o s\u00f3 adquira a <\/span><em><span class=\"c7 c2\">maioria<\/span><\/em><span class=\"c5 c2\"> (a liberdade de decidir, em rela\u00e7\u00e3o \u00e0s religi\u00f5es em particular), mas tamb\u00e9m a <\/span><em><span class=\"c7 c2\">maturidade<\/span><\/em><span class=\"c7 c2\">[mfn]<span class=\"c11\">N\u00e3o gosto de usar o termo <\/span><span class=\"c23 c11\">maturidade<\/span><span class=\"c11\">que \u00e9 usado para negar \u00e0s crian\u00e7as qualquer raz\u00e3o ou discernimento e para justificar a sua domina\u00e7\u00e3o e opress\u00e3o, e que \u00e9 usado contra elas como o termo <\/span><span class=\"c23 c11\">racionalidade<\/span><span class=\"c20 c8 c11\">  \u00e9 usado contra n\u00e3o-humanos. Mas aqui, a oportunidade \u00e9 demasiado boa! <\/span>[\/mfn]<\/span><span class=\"c5 c2\">Isto \u00e9 poss\u00edvel atrav\u00e9s da autocr\u00edtica e de uma rela\u00e7\u00e3o com o mundo que seja respons\u00e1vel, \u00e9tica e racional.<\/span><\/p><p class=\"c4\"><span class=\"c5 c2\">O que podemos reter do humanismo \u00e9, portanto, a ideia de que os seres humanos s\u00e3o frequentemente <\/span><em><span class=\"c7 c2\">agentes morais<\/span><\/em><span class=\"c5 c2\">e n\u00e3o apenas <\/span><em><span class=\"c7 c2\">pacientes morais<\/span><\/em><span class=\"c2\">. Isto \u00e9 fundamental porque <\/span> <span class=\"c5 c2\"> temos<\/span><span class=\"c2\">r noutro lugar <\/span> <span class=\"c5 c2\">adquirimos tal poder que, quer queiramos quer n\u00e3o, somos os donos do mundo. Estamos no controlo. <\/span><span class=\"c2\">  Tudo o que temos de fazer \u00e9 encontrar uma forma pol\u00edtica de controlar coletivamente estas alavancas, em vez de as deixarmos ser cegamente controladas pela economia capitalista e pelas classes propriet\u00e1rias.<\/span><\/p><p class=\"c4\"><span class=\"c5 c2\">Muitas pessoas em todo o mundo conseguiram libertar-se das garras da religi\u00e3o, dos deuses ou da Natureza. Atingiram a maioridade. S\u00f3 lhes resta amadurecer (m  <\/span><span class=\"c2\">\u00fbrs)<\/span><span class=\"c5 c2\">como <\/span><span class=\"c2\">Tavoillot<\/span><span class=\"c5 c2\">.<\/span><\/p><p class=\"c4\"><span class=\"c5 c2\">Paradoxalmente, o humanismo, pelo menos no sentido do supremacismo humano, tornou-se o principal obst\u00e1culo \u00e0 realiza\u00e7\u00e3o do humanismo no sentido da maturidade humana. Precisamos de aproveitar a nossa maioria, n\u00e3o apenas para nos darmos palmadinhas nas costas (depois de uma boa refei\u00e7\u00e3o de carne) e dizermos &#8220;estamos no topo do nosso jogo!   <\/span><span class=\"c2\">suspirando de al\u00edvio<\/span><span class=\"c5 c2\">mas para descentralizar<\/span><span class=\"c2\">o nosso olhar do nosso umbigo, trazendo-o <\/span><span class=\"c5 c2\">para <\/span><span class=\"c2\">\u00e0 nossa volta<\/span><span class=\"c5 c2\">  e queremos ser justos, carinhosos e solid\u00e1rios. Usar o nosso poder n\u00e3o para escravizar os outros, mas para os servir. <\/span><\/p><p class=\"c4\"><span class=\"c2\">Tavoillot<\/span><span class=\"c5 c2\">partindo do &#8220;desencanto com o mundo&#8221; que caracteriza <\/span><span class=\"c2\">nossa<\/span><span class=\"c5 c2\"> modernidade, coloca a quest\u00e3o: &#8220;Hoje, o que pode ainda justificar a nossa vida, t\u00e3o breve quanto f\u00fatil, quando o passado est\u00e1 perdido, a natureza est\u00e1 silenciosa, o c\u00e9u est\u00e1 vazio e os amanh\u00e3s j\u00e1 n\u00e3o cantam: em suma, quando s\u00f3 resta o homem para o consolar?<\/span><\/p><p class=\"c4\"><span class=\"c5 c2\">A minha resposta \u00e9 que<\/span><span class=\"c2\">S\u00f3 &#8220;nas nossas mentes&#8221; \u00e9 que &#8220;existe apenas o homem&#8221;. Nunca existiu &#8220;s\u00f3 o homem&#8221;. N\u00f3s isol\u00e1mo-nos, e de uma forma ilus\u00f3ria e fantasiosa. Na realidade, no mundo real, estamos rodeados por mir\u00edades de outros seres sens\u00edveis, todos eles mundos em si mesmos. N\u00e3o precisas de ir \u00e0 procura de extraterrestres em Marte: estamos rodeados de outros mundos subjectivos! Eles vivem a sua vida diante dos nossos olhos, mas n\u00f3s recusamo-nos a v\u00ea-los e morremos de solid\u00e3o no universo. A minha resposta \u00e0 tua pergunta \u00e9        <\/span><span class=\"c5 c2\">que a nossa responsabilidade para com os indiv\u00edduos sens\u00edveis do mundo constitui um objetivo ambicioso, nobre e generoso<span class=\"c7 c2\">[mfn]<span class=\"c11\">N\u00e3o gosto destes termos, &#8220;nobre&#8221;, &#8220;generoso <\/span><span class=\"c26 c11\"><a class=\"c13\" href=\"https:\/\/www.cnrtl.fr\/definition\/g%C3%A9n%C3%A9reux\" target=\"_blank\" rel=\"noopener\">generoso<\/a><\/span><span class=\"c11\"> &#8221; (de <\/span><span class=\"c23 c11\">gens, generis,<\/span><span class=\"c11\"> linhagem, em latim; por extens\u00e3o, os de alta extra\u00e7\u00e3o) que, como &#8220;humano&#8221;, &#8220;viril&#8221;, &#8220;virtude&#8221; (de <\/span><a href=\"https:\/\/www.universalis.fr\/encyclopedie\/virtus\/\" target=\"_blank\" rel=\"noopener\"><span class=\"c26 c23 c11\">vir<\/span><span class=\"c26 c11\">, <\/span><span class=\"c26 c23 c11\">virtus<\/span><\/a><span class=\"c20 c8 c11\">As palavras &#8220;viril&#8221;, &#8220;viril&#8221; e &#8220;cavalheiresco&#8221; prov\u00eam, na verdade, de sociedades de domina\u00e7\u00e3o em que as classes dominantes exaltavam a sua pr\u00f3pria excel\u00eancia, associando as virtudes positivas do momento ao adjetivo que as designava. Mas eu queria exprimir algo que fosse gratificante, e a nossa l\u00edngua \u00e9 muito pobre, por isso&#8230; <\/span><\/span><span class=\"c7 c2\">[\/mfn]<\/span><\/span><span class=\"c5 c2\">entusiasta<\/span><span class=\"c2\">asmant,<\/span><span class=\"c5 c2\">  para as nossas vidas: esta responsabilidade tem sentido, \u00e9 verdadeiramente a coisa mais significativa do mundo. E em termos de dar sentido \u00e0s nossas vidas,   <\/span><span class=\"c2\">\u00e9 suscet\u00edvel de <\/span><span class=\"c5 c2\">substituir as religi\u00f5es, as grandes utopias colectivas do passado (como o milenarismo religioso, ou o milenarismo pol\u00edtico como o comunismo ou o anarquismo)<\/span><span class=\"c2\">unismo ou o anarquismo)<\/span><span class=\"c5 c2\">que, em compara\u00e7\u00e3o, parecem irris\u00f3rios. Mas, como sabes <\/span><span class=\"c2\">J\u00e1 n\u00e3o se trata de nos tornarmos fan\u00e1ticos pelo c\u00e9u das ideias, de olharmos para o horizonte long\u00ednquo, para al\u00e9m do mundo ou da hist\u00f3ria, mas de arrega\u00e7armos as mangas de uma forma muito concreta, de olharmos para a vulnerabilidade do mundo e de trabalharmos humildemente, passo a passo, para o mudar. Para cada indiv\u00edduo, cada verme senciente na Terra. Tal como os prestadores de cuidados de sa\u00fade de todo o mundo fazem todos os dias, sem se embebedarem com a auto-proclamada nobreza, durante as crises de sa\u00fade &#8211; devido a pandemias, por exemplo.  <\/span><\/p><p class=\"c4\"><span class=\"c5 c2\">Esta imensa tarefa que estamos a come\u00e7ar a realizar, que nos cabe a n\u00f3s, s\u00f3 n\u00f3s, humanos, podemos realizar, podemos come\u00e7ar a lev\u00e1-la a bom porto.<\/span><\/p><p class=\"c4\"><span class=\"c5 c2\">Se queremos promover um novo humanismo, \u00e9 este: um humanismo ao servi\u00e7o de todos os seres sens\u00edveis do planeta <\/span><span class=\"c2\">&#8211; <\/span><span class=\"c5 c2\">n\u00f3s pr\u00f3prios <\/span><span class=\"c2\">incluindo<\/span><span class=\"c5 c2\">n\u00f3s pr\u00f3prios<\/span><span class=\"c2\"> claro<\/span><span class=\"c5 c2\">. Penso que, muito em breve, esse humanismo deixar\u00e1 de se chamar humanismo. Se deixarmos de dominar os outros para os escravizar, ent\u00e3o deixaremos de tentar colocar-nos em primeiro lugar. Ser\u00e3o os outros que se colocar\u00e3o \u00e0 frente, ou pelo menos o que temos em comum com eles:     <\/span><span class=\"c2\">nossos<\/span><span class=\"c5 c2\"> sentimentos<\/span><span class=\"c2\"> e, em particular<\/span><span class=\"c5 c2\">, <\/span><span class=\"c2\">a tua<\/span><span class=\"c5 c2\"> vulnerabilidade<\/span><span class=\"c2\">a nossa vulnerabilidade face ao sofrimento e \u00e0 morte, mas tamb\u00e9m a nossa capacidade de gozar a vida.<\/span><\/p>\t\t\t\t\t\t\t\t<\/div>\n\t\t\t\t<\/div>\n\t\t\t\t<div class=\"elementor-element elementor-element-15a56b01 elementor-widget elementor-widget-heading\" data-id=\"15a56b01\" data-element_type=\"widget\" data-widget_type=\"heading.default\">\n\t\t\t\t<div class=\"elementor-widget-container\">\n\t\t\t\t\t<h2 class=\"elementor-heading-title elementor-size-default\">Bibliografia<\/h2>\t\t\t\t<\/div>\n\t\t\t\t<\/div>\n\t\t\t\t<div class=\"elementor-element elementor-element-66488dc8 elementor-widget elementor-widget-text-editor\" data-id=\"66488dc8\" data-element_type=\"widget\" data-widget_type=\"text-editor.default\">\n\t\t\t\t<div class=\"elementor-widget-container\">\n\t\t\t\t\t\t\t\t\t<h3 class=\"c4\"><span class=\"c19 c8 c2\">Sobre a utilidade da cr\u00edtica do especismo<br><\/span><\/h3><p class=\"c4\"><span class=\"c0\">David Olivier, &#8220;Defesa animal \/ Liberta\u00e7\u00e3o animal&#8221;, <\/span><em><span class=\"c18 c6 c2\">Cahiers antisp\u00e9cistes<\/span><\/em><span class=\"c0 c8\">n.\u00ba 1, outubro de 1991<br><\/span><span class=\"c0\">(<\/span><span class=\"c26 c6 c2 c34\"><a class=\"c13\" href=\"https:\/\/www.google.com\/url?q=https:\/\/www.cahiers-antispecistes.org\/defense-animale-liberation-animale\/&amp;sa=D&amp;ust=1590554292172000\">https:\/\/www.cahiers-antispecistes.org\/defense-animale-liberation-animale\/<\/a><\/span><span class=\"c0 c8\">)<\/span><\/p><p class=\"c4\"><span class=\"c6 c2\">Val\u00e9ry Giroux, <\/span><em><span class=\"c23 c6 c2\">Antiespecismo<\/span><\/em><span class=\"c0 c8\">Que dizes, Puf, 2020<\/span><\/p><p class=\"c4\"><span class=\"c6 c2\">Peter Singer, <\/span><em><span class=\"c23 c6 c2\">A Igualdade dos Animais Explicada aos Humanos<\/span><\/em><span class=\"c0 c8\">publicado pela Tahin Party, 2003 (descarrega gratuitamente no s\u00edtio Web da editora).<\/span><\/p><h3 class=\"c4\"><span class=\"c19 c8 c2\">Refer\u00eancias sobre a quest\u00e3o do humanismo<br><\/span><\/h3><p class=\"c4\"><strong><span class=\"c30 c8 c6 c2\">Argumentos humanistas contra a liberta\u00e7\u00e3o animal<br><\/span><\/strong><\/p><p class=\"c4\"><span class=\"c6 c2\">Luc Ferry, <\/span><em><span class=\"c23 c6 c2\">A Nova Ordem Ecol\u00f3gica<\/span><\/em><span class=\"c6 c2\">Grasset, 1992<\/span><span class=\"c0 c8\"> <\/span><\/p><p class=\"c4\"><span class=\"c0\">Luc Ferry e Jean-Didier Vincent, <\/span><em><span class=\"c18 c6 c2\">O que \u00e9 o homem<\/span><span class=\"c23 c6 c2\"> <\/span><span class=\"c18 c6 c2\">?<\/span><\/em><span class=\"c0 c8\">Odile Jacob, 2000. <\/span><\/p><p class=\"c4\"><span class=\"c0\">Luc Ferry, &#8220;Que justi\u00e7a para as crian\u00e7as? <\/span><em><span class=\"c18 c6 c2\">L&#8217;Express<\/span><\/em><span class=\"c0 c8\"> 25 de mar\u00e7o de 1993.<\/span><\/p><p class=\"c4\"><span class=\"c0\">Alain Renaut, &#8221; <\/span><span class=\"c44 c34 c6 c46 c2\"><a class=\"c13\" href=\"https:\/\/www.google.com\/url?q=https:\/\/www.cairn.info\/revue-critique-2007-8-page-552.htm&amp;sa=D&amp;ust=1590554292174000\" target=\"_blank\" rel=\"noopener\">O humanismo da tauromaquia<\/a><\/span><span class=\"c0\"> &#8220;, <\/span><span class=\"c18 c6 c2\"><em>Cr\u00edtica<\/em>,<\/span><span class=\"c0 c8\"> vol. 723-724, n.\u00ba 8, 2007.<\/span><\/p><p class=\"c4\"><span class=\"c6 c2\">Paul Ari\u00e8s,  <\/span><em><span class=\"c23 c6 c2\">Liberta\u00e7\u00e3o animal ou novos terroristas? Os sabotadores do humanismo <\/span><\/em><span class=\"c0 c8\">Golias, 2000 (aprox.); (&#8220;b\u00eate&#8221; et m\u00e9chant.) <\/span><\/p><p class=\"c4\"><strong><span class=\"c44 c6 c2\">C<\/span><\/strong><span class=\"c8 c6 c2 c30\"><strong>omo combater o humanismo<\/strong><br><\/span><\/p><p class=\"c4\"><span class=\"c6 c2\">Claude L\u00e9vi-Strauss, <\/span><em><span class=\"c23 c6 c2\">Antropologia Estrutural Dois<\/span><\/em><span class=\"c0 c8\">Plon, Paris, 1973, p. 53. <\/span><\/p><p class=\"c4\"><span class=\"c6 c2\">Jean-Marie Benoist, &#8220;Entrevista com Claude L\u00e9vi-Strauss&#8221;, <\/span><em><span class=\"c23 c6 c2\">Le Monde<\/span><\/em><span class=\"c0 c8\">21-22 de janeiro de 1979.<\/span><\/p><p class=\"c4\"><span class=\"c6 c2\">Peter Singer, <\/span><em><span class=\"c23 c6 c2\">Liberta\u00e7\u00e3o animal<\/span><\/em><span class=\"c0 c8\">Grasset, 1993<br>(Singer apresenta as bases da igualdade dos animais e a sua defini\u00e7\u00e3o de especismo, os seus argumentos contra o especismo, bem como uma breve hist\u00f3ria do humanismo, que \u00e9 muito \u00fatil).<\/span><\/p><p class=\"c4\"><span class=\"c6 c2\">David Olivier, &#8220;O que \u00e9 o especismo? <\/span><em><span class=\"c23 c6 c2\">Cahiers antisp\u00e9cistes<\/span><\/em><span class=\"c0 c8\">No. 5, dezembro de 1992<br>(um texto fundamental sobre a no\u00e7\u00e3o de especismo, que explica o funcionamento da ideologia humanista e a essencializa\u00e7\u00e3o dos animais, das mulheres, dos negros e dos judeus). <\/span><\/p><p class=\"c4\"><span class=\"c0\">David Olivier, &#8220;Por um radicalismo realista&#8221;, <\/span><em><span class=\"c18 c6 c2\">Cahiers antisp\u00e9cistes<\/span><\/em><span class=\"c0 c8\"> n\u00b017, abril de 1999.<br><\/span><span class=\"c0 c8\"><a href=\"https:\/\/www.cahiers-antispecistes.org\/pour-un-radicalisme-realiste\/\" target=\"_blank\" rel=\"noopener\">(https:\/\/www.cahiers-antispecistes.org\/pour-un-radicalisme-realiste\/)<\/a><\/span><\/p><p class=\"c4\"><span class=\"c0\">Patrice Rouget,  <\/span><em><span class=\"c18 c6 c2\">A viol\u00eancia do humanismo. Porque \u00e9 que precisamos de perseguir os animais? <\/span><\/em><span class=\"c0 c8\">, Calmann-L\u00e9vy, 2014 <br>(Os matadouros s\u00e3o a verdade do humanismo).<\/span><\/p><p class=\"c4\"><span class=\"c0\">Thomas Lepeltier, <\/span><em><span class=\"c18 c6 c2\">A Impostura Intelectual dos Carn\u00edvoros<\/span><\/em><span class=\"c0 c8\">Max Milo, 2017<br>(cr\u00edtica de v\u00e1rias afirma\u00e7\u00f5es humanistas profundamente &#8220;est\u00fapidas&#8221;).<\/span><\/p><p class=\"c4\"><span class=\"c6 c2\">Philippe Reign\u00e9, &#8220;<\/span><span class=\"c2\"> <\/span><span class=\"c2\">A propriedade do homem, o pensador e os lap\u00f5es&#8221;, <\/span><em><span class=\"c23 c2\">Lib\u00e9ration<\/span><\/em><span class=\"c2\">, <\/span><span class=\"c0 c8\">17 de julho de 2017<br><\/span><span class=\"c0 c8\"><a href=\"https:\/\/www.liberation.fr\/debats\/2017\/07\/17\/le-propre-de-l-homme-le-penseur-et-les-lapins_1584425\" target=\"_blank\" rel=\"noopener\">(https:\/\/www.liberation.fr\/debats\/2017\/07\/17\/le-propre-de-l-homme-le-penseur-et-les-lapins_1584425)<\/a><\/span><\/p><p class=\"c4\"><span class=\"c0\">Elisabeth Hardouin-Fugier, David Olivier, Estiva Reus, <\/span><em><span class=\"c6 c2 c18\">Luc Ferry ou o estabelecimento da ordem<\/span><\/em><span class=\"c0\">tahin party, 2002 (Um ataque em grande escala ao humanismo, essencialismo e naturalismo de Luc Ferry)<\/span><span class=\"c6 c2\">, <\/span><span class=\"c0\">podes ser descarregado gratuitamente no site da editora<\/span><span class=\"c0 c8\">.<\/span><\/p><p class=\"c4\"><span class=\"c6 c2\">David Olivier, <\/span><span class=\"c6 c2\">&#8220;Luc Ferry ou o restabelecimento da ordem&#8221;, <\/span><em><span class=\"c23 c6 c2\">Os Cadernos Antisp\u00e9cistas<\/span><\/em><span class=\"c0 c8\">(Uma an\u00e1lise essencial do car\u00e1cter metaf\u00edsico do humanismo &#8220;\u00e0 la Fran\u00e7aise&#8221; &#8211; &#8220;\u00e0 la Ferry&#8221;, \u00e0 la Kant), n.\u00ba 5, dezembro de 1992.  <br><\/span><span class=\"c0 c8\"><a href=\"https:\/\/www.cahiers-antispecistes.org\/luc-ferryou-le-retablissement-de-lordre\/\" target=\"_blank\" rel=\"noopener\">(https:\/\/www.cahiers-antispecistes.org\/luc-ferryou-le-retablissement-de-lordre\/)<\/a><\/span><\/p><p class=\"c4\"><span class=\"c0\">Sue Donaldson e Will Kymlicka,  <\/span><span class=\"c18 c6 c2\"><em>Zoopolis<\/em>. Para uma teoria pol\u00edtica dos direitos dos animais <\/span><span class=\"c0\">Alma, 2016 (sobre a agentividade dos animais, contrariamente ao que o humanismo diz sobre eles, que os v\u00ea como &#8220;seres <\/span><span class=\"c6 c2\">determinados, <\/span><span class=\"c0 c8\">determinados, movidos pelos seus instintos&#8221;).<\/span><\/p><p class=\"c4\"><span class=\"c0\">Peter Singer, <\/span><em><span class=\"c18 c6 c2\">Quest\u00f5es de \u00e9tica pr\u00e1tica<\/span><\/em><span class=\"c0 c8\">Bayard, 1997<br><\/span><span class=\"c0\">(Uma desconstru\u00e7\u00e3o racional da maioria das posi\u00e7\u00f5es humanistas sobre bio\u00e9tica)<\/span><span class=\"c6 c2\"> &#8211;<\/span><span class=\"c0\">baseia-se mais frequentemente numa abordagem essencialista<\/span><span class=\"c6 c2\">abordagem alista, <\/span><span class=\"c0 c8\">a favor de um sentimentalismo igualit\u00e1rio).<\/span><\/p><p class=\"c4\"><span class=\"c0\">C\u00e9dric Stolz, <\/span><em><span class=\"c18 c6 c2\">Do humanismo ao anti-especismo<\/span><\/em><span class=\"c0 c8\">Ovadia, 2019. Uma revis\u00e3o na devida forma, a toda a velocidade. <\/span><\/p><p class=\"c4\"><span class=\"c0\">Axelle Playoust-Braure e Yves Bonnardel,  <\/span><em><span class=\"c18 c6 c2\">Solidariedade animal. Desafia uma sociedade especista <\/span><\/em><span class=\"c0\">O <\/span><span class=\"c6 c2\">d<\/span><span class=\"c0\">\u00e9couverte, junho de 2020 (fala de muito do que aqui expus, e do qual por vezes retirei extractos).<\/span><span class=\"c2 c6\">e do qual, por vezes, retirei extractos<\/span><span class=\"c0 c8\">).<\/span><\/p><h3 class=\"c4\"><span class=\"c8 c2 c19\">Livros e artigos que associam o consumo de carne a uma afirma\u00e7\u00e3o humanista de domina\u00e7\u00e3o<br><\/span><\/h3><p class=\"c4\"><span class=\"c0\">Nick Fiddes, <\/span><em><span class=\"c18 c6 c2\">Carne, um s\u00edmbolo natural<\/span><\/em><span class=\"c0\">, <\/span><span class=\"c6 c2\">Routledge<\/span><span class=\"c0 c8\">, 1991.<\/span><\/p><p class=\"c4\"><span class=\"c0\">Carol J. Adam, <\/span><em><span class=\"c18 c6 c2\">A pol\u00edtica sexual da carne<\/span><\/em><span class=\"c0\">, <\/span><span class=\"c6 c2\">L<\/span><span class=\"c0 c8\">&#8216;\u00c2ge d&#8217;Homme, 2016 (consumo de carne ligado a uma afirma\u00e7\u00e3o humanista\/patriarcal).<\/span><\/p><p class=\"c4\"><span class=\"c0\">David Olivier, &#8220;O gosto e o assass\u00ednio&#8221;, <\/span><em><span class=\"c18 c6 c2\">Les Cahiers antisp\u00e9cistes<\/span><\/em><span class=\"c0 c8\">, n\u00b0 6, 1993 <br><\/span><span class=\"c0 c8\"><a href=\"http:\/\/www.cahiers-antispecistes.org\/le-gout-et-le-meurtre\" target=\"_blank\" rel=\"noopener\">(www.cahiers-antispecistes.org\/le-gout-et-le-meurtre\/)<\/a><br><\/span><span class=\"c0 c8\">(Sobre o sabor do assass\u00ednio na carne e a sua rela\u00e7\u00e3o com o estatuto especial que nos atribu\u00edmos enquanto humanos).<\/span><\/p><p class=\"c4\"><span class=\"c0\">Yves Bonnardel, &#8220;O consumo de carne em Fran\u00e7a: contradi\u00e7\u00f5es actuais&#8221;, <\/span><em><span class=\"c18 c6 c2\">Les Cahiers antisp\u00e9cistes<\/span><\/em><span class=\"c0 c8\">, n\u00b0 13, 1995<br><\/span><span class=\"c0 c8\"><a href=\"http:\/\/www.cahiers-antispecistes.org\/la-consommation-de-viande-en-france-contradictions-actuelles\/\" target=\"_blank\" rel=\"noopener\">(http:\/\/www.cahiers-antispecistes.org\/la-consommation-de-viande-en-france-contradictions-actuelles\/)<\/a><br><\/span><span class=\"c0 c8\">(Sobre o consumo de carne como s\u00edmbolo do nosso dom\u00ednio, enquanto humanos, sobre os animais e, atrav\u00e9s deles, sobre a &#8220;Natureza&#8221;).<\/span><\/p><p class=\"c4\"><span class=\"c0\">Fran\u00e7oise Armengaud, <\/span><em><span class=\"c18 c6 c2\">R\u00e9flexions sur la condition faite aux animaux<\/span><\/em><span class=\"c0 c8\">Kim\u00e9, 2011 (v\u00e1rias reflex\u00f5es, nomeadamente sobre o sacrif\u00edcio da carne, de car\u00e1cter ideol\u00f3gico e humanista).<\/span><\/p><p class=\"c4\"><span class=\"c0\">Florence Burgat, <\/span><em><span class=\"c18 c6 c2\">L&#8217;Humanit\u00e9 carnivore<\/span><\/em><span class=\"c0 c8\">Seuil, 2017<br>(a matan\u00e7a de animais para o seu consumo serve para nos colocar num pedestal: eles s\u00e3o os nossos inferiores, n\u00f3s somos os seus senhores absolutos, os senhores da Terra).<\/span><\/p><p class=\"c4\"><span class=\"c0\">Entrevista com Florence Burgat, por Diane Lisarelli: &#8221; N\u00e3o te esque\u00e7as que te separaste dos animais.<\/span><span class=\"c6 c2\"> <\/span><span class=\"c0\">Para te lembrares que te separaste dos animais, a humanidade come-os&#8221;, <\/span><em><span class=\"c18 c6 c2\">Lib\u00e9ration<\/span><\/em><span class=\"c6 c2\">,<\/span><span class=\"c0 c8\"> 23 de junho de 2017.<br><\/span><span class=\"c0 c8\"><a href=\"https:\/\/www.liberation.fr\/debats\/2017\/06\/23\/florence-burgat-pour-se-rappeler-qu-elle-s-est-separee-des-animaux-l-humanite-les-mange_1579126\" target=\"_blank\" rel=\"noopener\">(https:\/\/www.liberation.fr\/debats\/2017\/06\/23\/florence-burgat-pour-se-rappeler-qu-elle-s-est-separee-des-animaux-l-humanite-les-mange_1579126)<\/a><\/span><\/p><p class=\"c4\"><span class=\"c0\">C\u00e9dric Stolz, <\/span><em><span class=\"c18 c6 c2\">Do humanismo ao anti-especismo<\/span><\/em><span class=\"c0 c8\">Ovadia, 2019. (mais uma vez!) <\/span><\/p><p class=\"c4\"><span class=\"c0\">Axelle Playoust-Braure e Yves Bonnardel,  <\/span><em><span class=\"c18 c6 c2\">Solidariedade animal. Desafia uma sociedade especista <\/span><\/em><span class=\"c0 c8\">La D\u00e9couverte, junho de 2020 (um cap\u00edtulo \u00e9 consagrado ao simbolismo da carne).<\/span><\/p><h3 class=\"c4\"><span class=\"c6 c2 c44\">D<\/span><span class=\"c30 c6 c2\">do humanismo ao sentimentalismo, uma progress\u00e3o l\u00f3gica<\/span><span class=\"c19 c8 c2\"><br><\/span><\/h3><p class=\"c4\"><span class=\"c0\">Peter Singer<\/span><span class=\"c6 c2\">,<\/span><span class=\"c0\"> <\/span><em><span class=\"c18 c6 c2\">O c\u00edrculo em expans\u00e3o<\/span><\/em><span class=\"c6 c2\">,<\/span><span class=\"c0 c8\">  Oxford University Press, 1981 (The widening circle of moral consideration over the centuries). <\/span><\/p><p class=\"c4\"><span class=\"c0\">Jamie Woodhouse, &#8220;O humanismo precisa de uma atualiza\u00e7\u00e3o: ser\u00e1 o sencientismo a filosofia que pode salvar o mundo? <\/span><em><span class=\"c18 c6 c2\">Humanismo Secular<\/span><\/em><span class=\"c0 c8\">Vol. 39, No. 3, abril-maio 2019<br><\/span><span class=\"c0\">(<\/span><span class=\"c0\"><a class=\"c13\" href=\"https:\/\/www.google.com\/url?q=https:\/\/secularhumanism.org\/2019\/04\/humanism-needs-an-upgrade-is-sentientism-the-philosophy-that-could-save-the-world\/&amp;sa=D&amp;ust=1590554292182000\" target=\"_blank\" rel=\"noopener\">https:\/\/secularhumanism.org\/2019\/04\/humanism-needs-an-upgrade-is-sentientism-the-philosophy-that-could-save-the-world\/<\/a><\/span><span class=\"c0 c8\">)<\/span><\/p><p class=\"c4\"><span class=\"c0\">Martin Gibert, <\/span><em><span class=\"c18 c6 c2\">Ver o teu bife como um animal morto<\/span><\/em><span class=\"c0 c8\">Lux, 2016<\/span><\/p><h3 class=\"c4\"><span class=\"c44 c2\">L<\/span><span class=\"c19 c8 c2\">quest\u00e3o das estrat\u00e9gias filos\u00f3ficas distintas<br><\/span><\/h3><p class=\"c47\"><span class=\"c0\">Florence Burgat, &#8220;A situa\u00e7\u00e3o atual do <\/span><span class=\"c6 c2\">&#8220;<\/span><span class=\"c0\">quest\u00e3o animal<\/span><span class=\"c6 c2\">&#8220;<\/span><span class=\"c0\">. Quest\u00f5es te\u00f3ricas e pr\u00e1ticas&#8221;,   <\/span><em><span class=\"c18 c6 c2\">Revista filos\u00f3fica de Fran\u00e7a e do estrangeiro<\/span><\/em><span class=\"c0\">, <\/span><span class=\"c6 c2\">Puf<\/span><span class=\"c0\">, 2019\/3, T<\/span><span class=\"c6 c2\">.<\/span><span class=\"c0 c8\"> 144, pp. 295-308.<\/span><\/p><h3 class=\"c4\"><span class=\"c30 c2\">Sobre o &#8220;humanismo do corpo<\/span><\/h3><p class=\"c4\"><span class=\"c20 c6\">Will Kymlicka,<\/span><span class=\"c29 c16 c6\"> &#8220;Direitos humanos sem su<\/span><span class=\"c6 c16\">prema- <\/span><span class=\"c29 c16 c6\">cismo humano&#8221;, <\/span><em><span class=\"c16 c23 c6 c37\">Revista Canadiana de Filosofia<\/span><\/em><span class=\"c16 c6 c29\">, 2018, 48:6, 763-792 (<\/span><span class=\"c29 c16 c6\"><a class=\"c13\" href=\"https:\/\/www.google.com\/url?q=https:\/\/doi.org\/10.1080\/00455091.2017.1386481&amp;sa=D&amp;ust=1590554292184000\">https:\/\/doi.org\/10.1080\/00455091.2017.1386481<\/a><\/span><span class=\"c29 c8 c16 c6\">)<\/span><\/p><p class=\"c4\"><span class=\"c0\">As &#8220;capacidades&#8221;, segundo Amartya Sen, s\u00e3o &#8220;a possibilidade de os indiv\u00edduos fazerem escolhas entre bens que consideram valiosos e de as realizarem eficazmente&#8221; (Nicolas Journet, &#8221; <\/span><span class=\"c44 c34 c6 c46 c2\"><a class=\"c13\" href=\"https:\/\/www.google.com\/url?q=https:\/\/www.scienceshumaines.com\/capabilites_fr_29433.html&amp;sa=D&amp;ust=1590554292184000\" target=\"_blank\" rel=\"noopener\">Capacidades<\/a><\/span><span class=\"c0\"> &#8220;, <\/span><span class=\"c18 c6 c2\">Sciences Humaines<\/span><span class=\"c0\">n.\u00ba 241, outubro de 2012).<\/span><span class=\"c6 c2\"><br><\/span><\/p><ul><li class=\"c4\"><span class=\"c0\">Amartya Sen, &#8220;Human rights and capabilities&#8221;, <\/span><em><span class=\"c18 c6 c2\">Revista de Desenvolvimento Humano<\/span><\/em><span class=\"c0\">, 6 (2), 2005, p. 151-166 ; &lt;<\/span><\/li><li class=\"c4\"><span class=\"c0\">Martha Nussbaum, <\/span><em><span class=\"c18 c6 c2\">Frontiers of justice: Disability, nationality, species membership<\/span><\/em><span class=\"c0\">Harvard University Press, 2005;<\/span><\/li><li class=\"c4\"><span class=\"c0\">Martha Nussbaum, &#8220;Human rights and human capabilities&#8221; (Direitos humanos e capacidades humanas), <\/span><em><span class=\"c18 c6 c2\">Revista de Direitos Humanos da Faculdade de Direito de Harvard<\/span><\/em><span class=\"c0 c8\">, 20: 21, 2007.<\/span><\/li><\/ul><p class=\"c4\"><span class=\"c0 c8\">E se n\u00e3o fores :<br><\/span><\/p><ul><li class=\"c4\"><span class=\"c0\">Fiona Robinson, &#8220;Human rights and the global politics of resistance: feminist perspectives&#8221;, <\/span><span class=\"c18 c6 c2\"><em>Revista de Estudos Internacionais<\/em>,<\/span><span class=\"c0 c8\"> 29, 2003, pp. 161-180.<\/span><\/li><li class=\"c4\"><span class=\"c0\">Judith Butler, <\/span><em><span class=\"c18 c6 c2\">Vida Prec\u00e1ria<\/span><\/em><span class=\"c0\">Amesterd\u00e3o, 20 <\/span><span class=\"c6 c2\">15<\/span><span class=\"c0 c8\">.<\/span><\/li><li class=\"c4\"><span class=\"c0\">Corine Pelluchon,  <\/span><span class=\"c18 c6 c2\"><em>Autonomia quebrada<\/em>. Bio\u00e9tica e filosofia <\/span><span class=\"c0\">, P<\/span><span class=\"c6 c2\">uf<\/span><span class=\"c0\">, 2009 ; <\/span><span class=\"c18 c6 c2\">A raz\u00e3o do sens\u00edvel: encontros em torno da bio\u00e9tica<\/span><span class=\"c0\">Art\u00e8ge, 2009; <\/span><span class=\"c18 c6 c2\">Elementos para uma \u00e9tica da vulnerabilidade: os homens, os animais, a natureza<\/span><span class=\"c0 c8\">Le Cerf, 2011.<\/span><\/li><li class=\"c4\"><span class=\"c0\">Ann Murphy, &#8220;A vulnerabilidade corporal e o novo humanismo&#8221;, <\/span><em><span class=\"c18 c6 c2\">Hypatia<\/span><\/em><span class=\"c0 c8\">, 26 (3), 2011, p. 575-590. <\/span><\/li><\/ul><h3 class=\"c4\"><span class=\"c19 c8 c2\">Sobre as liga\u00e7\u00f5es entre o especismo e a desumaniza\u00e7\u00e3o<br><\/span><\/h3><p class=\"c9\"><span class=\"c5\">Artigos e livros sobre as complexidades das identidades e opress\u00f5es humanas, raciais e de g\u00e9nero, etc. :<\/span><\/p><ul><li class=\"c9\">Harold A. Herzog Jr., Nancy S. Betchart, Robert B. Pittman, &#8220;G\u00e9nero, identidade de pap\u00e9is sexuais e atitudes em rela\u00e7\u00e3o aos animais&#8221;, <em><span class=\"c23\">Antrozo\u00f6s<\/span><\/em>No. 4, 1991<span class=\"c5\">(https:\/\/animalstudiesrepository.org\/cgi\/viewcontent.cgi?article=1021).<\/span><\/li><li class=\"c9\">David Nibert, <em><span class=\"c23\">Direito dos animais, direitos humanos: Emaranhados de opress\u00e3o e liberta\u00e7\u00e3o<\/span><\/em><span class=\"c5\">Rowman &amp; Littlefield Publisher, 2002.<\/span><\/li><li class=\"c9\">Susan Opotow, &#8220;Os animais e o alcance da justi\u00e7a&#8221;, <em><span class=\"c23\">Jornal das Quest\u00f5es Sociais<\/span><\/em><span class=\"c5\">, n\u00b0 49, 1993.<\/span><\/li><li class=\"c9\">Scott Plous, &#8220;Existe preconceito em rela\u00e7\u00e3o aos animais? <em><span class=\"c23\">Compreende o preconceito e a discrimina\u00e7\u00e3o<\/span><\/em><span class=\"c5\">McGraw-Hill, 2003.<\/span><\/li><li class=\"c9\">Donald I. Templer, Heather Joy Connelly, Lynette Bassman, Jessica Hart, &#8220;Constru\u00e7\u00e3o e validade de uma escala de continuidade animal-humana&#8221;, <em><span class=\"c23\">Social Behavior and Personality (Comportamento Social e Personalidade)<\/span><\/em>Social Behavior and Personality, no<span class=\"c5\"> 34, 2006.<\/span><\/li><li class=\"c9\">Kimberly Costello &amp; Gordon Hodson, &#8220;O custo humano da desvaloriza\u00e7\u00e3o dos animais&#8221;, <em><span class=\"c23\">New Scientist<\/span><\/em><span class=\"c5\">, n\u00b0 2895, 2012.<\/span><\/li><li class=\"c9\">Kimberly Costello, Gordon Hodson, Cara Christina MacInnis, &#8220;(Over)Valuing &#8216;Humanness&#8217; as an aggravator of intergroup prejudices and discrimination&#8221;, em Paul G. Bain, Jeroen Vaes &amp; Jacques Philippe Leyens (eds.),  <em><span class=\"c23\">Somos todos humanos? Avan\u00e7os na compreens\u00e3o da humanidade e da desumaniza\u00e7\u00e3o <\/span><\/em><span class=\"c5\">Psychology Press, 2013.<\/span><\/li><li class=\"c9\">Kimberly Costello &amp; Gordon Hodson, &#8220;Explaining dehumanization among children: The interspecies model of prejudice&#8221;, <em><span class=\"c23\">Jornal Brit\u00e2nico de Psicologia Social<\/span><\/em><span class=\"c5\">Vol. 53, No. 1, 2014.<\/span><\/li><li class=\"c9\">Kimberly Costello, Kristof Dhont, Gordon Hodson, Cara Christina MacInnis, &#8220;Social dominance orientation connects prejudicial human-human and human-animal relations&#8221;, <em><span class=\"c23\">Personality and Individual Differences (Personalidade e diferen\u00e7as individuais)<\/span><\/em><span class=\"c5\">, n\u00b0 65, 2014.<\/span><\/li><li class=\"c9\">Ana C. Leite, Kristof Dhont, Gordon Hodson, &#8220;Longitudinal effects of human supremacy beliefs and vegetarianism threat on moral exclusion (vs. inclusion) of animals&#8221; [Efeitos longitudinais das cren\u00e7as de supremacia humana e da amea\u00e7a do vegetarianismo na exclus\u00e3o (vs. inclus\u00e3o) moral dos animais], <em><span class=\"c23\">Jornal Europeu de Psicologia Social<\/span><\/em>Vol. 49, No. 1, 02\/2019<span class=\"c5\">(https:\/\/onlinelibrary.wiley.com\/doi\/full\/10.1002\/ejsp.2497).<\/span><\/li><li class=\"c9\">Kristof Dhont, Gordon Hodson, Kimberly Costello, Cara C. MacInnis, &#8220;Social dominance orientation connects prejudicial human-human and human-animal relations&#8221;, <em><span class=\"c23\">Personality and Individual Differences (Personalidade e diferen\u00e7as individuais)<\/span><\/em>n.\u00ba<span class=\"c5\"> 61-62, abril-maio de 2014.<\/span><\/li><li class=\"c9\">Gordon Hodson &amp; Kimberly Costello, &#8220;The link between devaluing animals and discrimination&#8221; (A liga\u00e7\u00e3o entre a desvaloriza\u00e7\u00e3o dos animais e a discrimina\u00e7\u00e3o), <em><span class=\"c23\">New Scientist<\/span><\/em>, 12.12.2012<span class=\"c5\">(https:\/\/www.newscientist.com\/article\/mg21628950-400-the-link-between-devaluing-animals-and-discrimination\/).<\/span><\/li><li class=\"c9\">Lucius Caviola, Jim Everett, Nadira Faber, &#8220;The moral standing of animals: Towards a psychology of speciesism&#8221;, <em><span class=\"c23\">Jornal de Psicologia Social e da Personalidade<\/span><\/em><span class=\"c5\">vol. 116, 01.06.2019<\/span><a class=\"c13\" href=\"https:\/\/www.google.com\/url?q=https:\/\/www.researchgate.net\/publication\/323647656_The_moral_standing_of_animals_Towards_a_psychology_of_speciesism&amp;sa=D&amp;ust=1590554292189000\" target=\"_blank\" rel=\"noopener\">(https:\/\/www.researchgate.net\/publication\/323647656_The_moral_standing_of_animals_Towards_a_psychology_of_speciesism)<\/a><\/li><li class=\"c9\">Petra Veser, Kathy Taylor &amp; Susanne Singer, &#8220;Diet, authoritarianism, social dominance orientation, and predisposition to prejudice: Results of a German survey&#8221;, <em><span class=\"c23\">British Food Journal<\/span><\/em>Vol. 117, No.<span class=\"c5\"> 7, 2015.<\/span><\/li><li class=\"c9\">Michael W. Allen, Marc Wilson, Sik Hung Ng &amp; Michael Dunne, &#8220;Values and beliefs of vegetarians and omnivores&#8221;, <em><span class=\"c23\">Jornal de Psicologia Social<\/span><\/em><span class=\"c5\">Vol. 140, No. 4, 08\/2000.<\/span><span class=\"c5\"><a href=\"https:\/\/www.ncbi.nlm.nih.gov\/pubmed\/10981371\" target=\"_blank\" rel=\"noopener\">(https:\/\/www.ncbi.nlm.nih.gov\/pubmed\/10981371)<\/a><\/span><\/li><li class=\"c9\">Lauri L. Hyers, &#8220;Myths used to legitimize the exploitation of animals: An application of Social Dominance Theory&#8221; (Mitos utilizados para legitimar a explora\u00e7\u00e3o dos animais: uma aplica\u00e7\u00e3o da teoria da domin\u00e2ncia social), <em><span class=\"c23\">Antrozo\u00f6s<\/span><\/em><span class=\"c5\">Vol. 19, No. 3, 2006.<\/span><span class=\"c5\"><a href=\"https:\/\/doi.org\/10.2752\/089279306785415538\" target=\"_blank\" rel=\"noopener\">(https:\/\/doi.org\/10.2752\/089279306785415538)<\/a><\/span><\/li><li class=\"c9\">Tania D. Signal &amp; Nicola Taylor, &#8220;Empatia e atitudes em rela\u00e7\u00e3o aos animais&#8221;, <em><span class=\"c23\">Antrozo\u00f6s<\/span><\/em><span class=\"c5\">Vol. 18, N\u00famero 1, 2005.<\/span><\/li><li class=\"c9\">Tania D. Signal &amp; Nicola Taylor, &#8220;Attitude to Animals and Empathy: Comparing Animal Protection and General Community Samples&#8221;, <em><span class=\"c23\">Antrozo\u00f6s<\/span><\/em>Vol. 20, no<span class=\"c5\"> 2, 2007.<\/span><\/li><li class=\"c9\">Kimberly Costello &amp; Gordon Hodson, &#8220;Exploring the roots of dehumanization: The role of animal-human similarity in promoting immigrant humanization&#8221;, <em><span class=\"c23\">Group Processes &amp; Intergroup Relations<\/span><\/em><span class=\"c5\">, n\u00b0 13, 2010.<\/span><\/li><li class=\"c9\">Kristof Dhont &amp; Gordon Hodson, &#8220;Why do right-wing adherents engage in more animal exploitation and meat consumption? <em><span class=\"c23\">Personality and Individual Differences (Personalidade e diferen\u00e7as individuais)<\/span><\/em>Personality and Individual Differences, n.\u00ba<span class=\"c5\"> 64, 2014.<\/span><\/li><li class=\"c9\">Jonathan Fernandez, &#8220;Especismo, sexismo e racismo. Ideologia naturalista e mecanismos de discrimina\u00e7\u00e3o&#8221;, <em><span class=\"c23\">Novas Quest\u00f5es F\u00e9ministas<\/span><\/em>n\u00b0 34\/1 (dossier &#8220;Imbrication des rapports de pouvoir&#8221;), 2015.<\/li><\/ul>\t\t\t\t\t\t\t\t<\/div>\n\t\t\t\t<\/div>\n\t\t\t\t<div class=\"elementor-element elementor-element-4a1694fb elementor-widget elementor-widget-text-editor\" data-id=\"4a1694fb\" data-element_type=\"widget\" data-widget_type=\"text-editor.default\">\n\t\t\t\t<div class=\"elementor-widget-container\">\n\t\t\t\t\t\t\t\t\t<p style=\"text-align: center;\"><em><span id=\"cch_f1411b08825d9f8\" class=\"_mh6 _wsc\"><span class=\"_3oh- _58nk\">Este \u00e9 um artigo de Yves Bonnardel, publicado aqui com a sua autoriza\u00e7\u00e3o. O seu conte\u00fado n\u00e3o reflecte necessariamente a posi\u00e7\u00e3o oficial da R\u00e9bellion animale. <\/span><\/span><\/em><\/p>\t\t\t\t\t\t\t\t<\/div>\n\t\t\t\t<\/div>\n\t\t\t\t\t<\/div>\n\t\t<\/div>\n\t\t\t\t<div class=\"elementor-column elementor-col-33 elementor-top-column elementor-element elementor-element-bc7024c\" data-id=\"bc7024c\" data-element_type=\"column\">\n\t\t\t<div class=\"elementor-widget-wrap elementor-element-populated\">\n\t\t\t\t\t\t<div class=\"elementor-element elementor-element-6dbc0685 elementor-toc--content-ellipsis elementor-toc--minimized-on-tablet elementor-widget elementor-widget-table-of-contents\" data-id=\"6dbc0685\" data-element_type=\"widget\" data-settings=\"{&quot;exclude_headings_by_selector&quot;:[],&quot;marker_view&quot;:&quot;bullets&quot;,&quot;icon&quot;:{&quot;value&quot;:&quot;&quot;,&quot;library&quot;:&quot;&quot;},&quot;sticky&quot;:&quot;top&quot;,&quot;sticky_offset&quot;:120,&quot;sticky_on&quot;:[&quot;desktop&quot;,&quot;tablet&quot;],&quot;headings_by_tags&quot;:[&quot;h2&quot;,&quot;h3&quot;,&quot;h4&quot;,&quot;h5&quot;,&quot;h6&quot;],&quot;no_headings_message&quot;:&quot;No headings were found on this page.&quot;,&quot;minimize_box&quot;:&quot;yes&quot;,&quot;minimized_on&quot;:&quot;tablet&quot;,&quot;hierarchical_view&quot;:&quot;yes&quot;,&quot;min_height&quot;:{&quot;unit&quot;:&quot;px&quot;,&quot;size&quot;:&quot;&quot;,&quot;sizes&quot;:[]},&quot;min_height_tablet&quot;:{&quot;unit&quot;:&quot;px&quot;,&quot;size&quot;:&quot;&quot;,&quot;sizes&quot;:[]},&quot;min_height_mobile&quot;:{&quot;unit&quot;:&quot;px&quot;,&quot;size&quot;:&quot;&quot;,&quot;sizes&quot;:[]},&quot;sticky_effects_offset&quot;:0,&quot;sticky_anchor_link_offset&quot;:0}\" data-widget_type=\"table-of-contents.default\">\n\t\t\t\t<div class=\"elementor-widget-container\">\n\t\t\t\t\t\t\t<div class=\"elementor-toc__header\">\n\t\t\t<h4 class=\"elementor-toc__header-title\">\n\t\t\t\t\u00cdndice\t\t\t<\/h4>\n\t\t\t\t\t\t\t<div class=\"elementor-toc__toggle-button elementor-toc__toggle-button--expand\" role=\"button\" tabindex=\"0\" aria-controls=\"elementor-toc__6dbc0685\" aria-expanded=\"true\" aria-label=\"Open table of contents\"><i aria-hidden=\"true\" class=\"fas fa-chevron-down\"><\/i><\/div>\n\t\t\t\t<div class=\"elementor-toc__toggle-button elementor-toc__toggle-button--collapse\" role=\"button\" tabindex=\"0\" aria-controls=\"elementor-toc__6dbc0685\" aria-expanded=\"true\" aria-label=\"Close table of contents\"><i aria-hidden=\"true\" class=\"fas fa-chevron-up\"><\/i><\/div>\n\t\t\t\t\t<\/div>\n\t\t<div id=\"elementor-toc__6dbc0685\" class=\"elementor-toc__body\">\n\t\t\t<div class=\"elementor-toc__spinner-container\">\n\t\t\t\t<i class=\"elementor-toc__spinner eicon-animation-spin eicon-loading\" aria-hidden=\"true\"><\/i>\t\t\t<\/div>\n\t\t<\/div>\n\t\t\t\t\t\t<\/div>\n\t\t\t\t<\/div>\n\t\t\t\t\t<\/div>\n\t\t<\/div>\n\t\t\t\t\t<\/div>\n\t\t<\/section>\n\t\t\t\t<\/div>\n\t\t","protected":false},"excerpt":{"rendered":"<p>Artigo escrito por Yves Bonnardel Vantagens e desvantagens destas duas estrat\u00e9gias N\u00e3o poder\u00edamos simplesmente exigir a aboli\u00e7\u00e3o da cria\u00e7\u00e3o de animais, da ca\u00e7a e da pesca, dos matadouros e de outros tipos de explora\u00e7\u00e3o animal, simplesmente em nome dos direitos dos animais, ou talvez simplesmente em nome do bem-estar dos animais? Porqu\u00ea querer mais, e [&hellip;]<\/p>\n","protected":false},"author":1,"featured_media":0,"comment_status":"closed","ping_status":"closed","sticky":false,"template":"elementor_header_footer","format":"standard","meta":{"footnotes":""},"categories":[45,78],"tags":[],"class_list":["post-4488","post","type-post","status-publish","format-standard","hentry","category-noticias","category-opinion-pt-pt"],"yoast_head":"<!-- This site is optimized with the Yoast SEO plugin v26.9 - https:\/\/yoast.com\/product\/yoast-seo-wordpress\/ -->\n<title>Atacar o especismo ou o humanismo? - Op\u00e7\u00e3o Vegana Canad\u00e1<\/title>\n<meta name=\"robots\" content=\"index, follow, max-snippet:-1, max-image-preview:large, max-video-preview:-1\" \/>\n<link rel=\"canonical\" href=\"https:\/\/veganoptioncanada.ca\/pt-pt\/opinion-pt-pt\/atacar-o-especismo-ou-o-humanismo\/\" \/>\n<meta property=\"og:locale\" content=\"pt_PT\" \/>\n<meta property=\"og:type\" content=\"article\" \/>\n<meta property=\"og:title\" content=\"Atacar o especismo ou o humanismo? - Op\u00e7\u00e3o Vegana Canad\u00e1\" \/>\n<meta property=\"og:description\" content=\"Artigo escrito por Yves Bonnardel Vantagens e desvantagens destas duas estrat\u00e9gias N\u00e3o poder\u00edamos simplesmente exigir a aboli\u00e7\u00e3o da cria\u00e7\u00e3o de animais, da ca\u00e7a e da pesca, dos matadouros e de outros tipos de explora\u00e7\u00e3o animal, simplesmente em nome dos direitos dos animais, ou talvez simplesmente em nome do bem-estar dos animais? Porqu\u00ea querer mais, e [&hellip;]\" \/>\n<meta property=\"og:url\" content=\"https:\/\/veganoptioncanada.ca\/pt-pt\/opinion-pt-pt\/atacar-o-especismo-ou-o-humanismo\/\" \/>\n<meta property=\"og:site_name\" content=\"Op\u00e7\u00e3o Vegana Canad\u00e1\" \/>\n<meta property=\"article:publisher\" content=\"https:\/\/www.facebook.com\/VOOVCanada\/\" \/>\n<meta property=\"article:published_time\" content=\"2020-06-02T17:30:37+00:00\" \/>\n<meta property=\"article:modified_time\" content=\"2025-03-30T03:18:13+00:00\" \/>\n<meta name=\"author\" content=\"OVC\" \/>\n<meta name=\"twitter:card\" content=\"summary_large_image\" \/>\n<meta name=\"twitter:creator\" content=\"@CanadaVegan\" \/>\n<meta name=\"twitter:site\" content=\"@CanadaVegan\" \/>\n<meta name=\"twitter:label1\" content=\"Escrito por\" \/>\n\t<meta name=\"twitter:data1\" content=\"OVC\" \/>\n\t<meta name=\"twitter:label2\" content=\"Tempo estimado de leitura\" \/>\n\t<meta name=\"twitter:data2\" content=\"58 minutos\" \/>\n<script type=\"application\/ld+json\" class=\"yoast-schema-graph\">{\"@context\":\"https:\/\/schema.org\",\"@graph\":[{\"@type\":\"Article\",\"@id\":\"https:\/\/veganoptioncanada.ca\/pt-pt\/opinion-pt-pt\/atacar-o-especismo-ou-o-humanismo\/#article\",\"isPartOf\":{\"@id\":\"https:\/\/veganoptioncanada.ca\/pt-pt\/opinion-pt-pt\/atacar-o-especismo-ou-o-humanismo\/\"},\"author\":{\"name\":\"OVC\",\"@id\":\"http:\/\/veganoptioncanada.ca\/pt-pt\/#\/schema\/person\/12f6b19e087f2d8727cb6d97d2dfdb0a\"},\"headline\":\"Atacar o especismo ou o humanismo?\",\"datePublished\":\"2020-06-02T17:30:37+00:00\",\"dateModified\":\"2025-03-30T03:18:13+00:00\",\"mainEntityOfPage\":{\"@id\":\"https:\/\/veganoptioncanada.ca\/pt-pt\/opinion-pt-pt\/atacar-o-especismo-ou-o-humanismo\/\"},\"wordCount\":11547,\"publisher\":{\"@id\":\"http:\/\/veganoptioncanada.ca\/pt-pt\/#organization\"},\"articleSection\":[\"Not\u00edcias\",\"Opinion\"],\"inLanguage\":\"pt-PT\"},{\"@type\":\"WebPage\",\"@id\":\"https:\/\/veganoptioncanada.ca\/pt-pt\/opinion-pt-pt\/atacar-o-especismo-ou-o-humanismo\/\",\"url\":\"https:\/\/veganoptioncanada.ca\/pt-pt\/opinion-pt-pt\/atacar-o-especismo-ou-o-humanismo\/\",\"name\":\"Atacar o especismo ou o humanismo? - Op\u00e7\u00e3o Vegana Canad\u00e1\",\"isPartOf\":{\"@id\":\"http:\/\/veganoptioncanada.ca\/pt-pt\/#website\"},\"datePublished\":\"2020-06-02T17:30:37+00:00\",\"dateModified\":\"2025-03-30T03:18:13+00:00\",\"breadcrumb\":{\"@id\":\"https:\/\/veganoptioncanada.ca\/pt-pt\/opinion-pt-pt\/atacar-o-especismo-ou-o-humanismo\/#breadcrumb\"},\"inLanguage\":\"pt-PT\",\"potentialAction\":[{\"@type\":\"ReadAction\",\"target\":[\"https:\/\/veganoptioncanada.ca\/pt-pt\/opinion-pt-pt\/atacar-o-especismo-ou-o-humanismo\/\"]}]},{\"@type\":\"BreadcrumbList\",\"@id\":\"https:\/\/veganoptioncanada.ca\/pt-pt\/opinion-pt-pt\/atacar-o-especismo-ou-o-humanismo\/#breadcrumb\",\"itemListElement\":[{\"@type\":\"ListItem\",\"position\":1,\"name\":\"Home\",\"item\":\"https:\/\/veganoptioncanada.ca\/pt-pt\/\"},{\"@type\":\"ListItem\",\"position\":2,\"name\":\"Atacar o especismo ou o humanismo?\"}]},{\"@type\":\"WebSite\",\"@id\":\"http:\/\/veganoptioncanada.ca\/pt-pt\/#website\",\"url\":\"http:\/\/veganoptioncanada.ca\/pt-pt\/\",\"name\":\"Vegan Option Canada - Option V\u00e9gane Canada\",\"description\":\"\",\"publisher\":{\"@id\":\"http:\/\/veganoptioncanada.ca\/pt-pt\/#organization\"},\"potentialAction\":[{\"@type\":\"SearchAction\",\"target\":{\"@type\":\"EntryPoint\",\"urlTemplate\":\"http:\/\/veganoptioncanada.ca\/pt-pt\/?s={search_term_string}\"},\"query-input\":{\"@type\":\"PropertyValueSpecification\",\"valueRequired\":true,\"valueName\":\"search_term_string\"}}],\"inLanguage\":\"pt-PT\"},{\"@type\":\"Organization\",\"@id\":\"http:\/\/veganoptioncanada.ca\/pt-pt\/#organization\",\"name\":\"Vegan Option Canada\",\"url\":\"http:\/\/veganoptioncanada.ca\/pt-pt\/\",\"logo\":{\"@type\":\"ImageObject\",\"inLanguage\":\"pt-PT\",\"@id\":\"http:\/\/veganoptioncanada.ca\/pt-pt\/#\/schema\/logo\/image\/\",\"url\":\"http:\/\/veganoptioncanada.ca\/wp-content\/uploads\/2021\/04\/Logo_OVC_transparent_web.png\",\"contentUrl\":\"http:\/\/veganoptioncanada.ca\/wp-content\/uploads\/2021\/04\/Logo_OVC_transparent_web.png\",\"width\":200,\"height\":200,\"caption\":\"Vegan Option Canada\"},\"image\":{\"@id\":\"http:\/\/veganoptioncanada.ca\/pt-pt\/#\/schema\/logo\/image\/\"},\"sameAs\":[\"https:\/\/www.facebook.com\/VOOVCanada\/\",\"https:\/\/x.com\/CanadaVegan\",\"https:\/\/instagram.com\/veganoptioncanada\/\",\"https:\/\/www.youtube.com\/channel\/UCDVCrc0eUMbWkdRwsUQi4Hw\"]},{\"@type\":\"Person\",\"@id\":\"http:\/\/veganoptioncanada.ca\/pt-pt\/#\/schema\/person\/12f6b19e087f2d8727cb6d97d2dfdb0a\",\"name\":\"OVC\",\"url\":\"https:\/\/veganoptioncanada.ca\/pt-pt\/author\/adminov\/\"}]}<\/script>\n<!-- \/ Yoast SEO plugin. -->","yoast_head_json":{"title":"Atacar o especismo ou o humanismo? - Op\u00e7\u00e3o Vegana Canad\u00e1","robots":{"index":"index","follow":"follow","max-snippet":"max-snippet:-1","max-image-preview":"max-image-preview:large","max-video-preview":"max-video-preview:-1"},"canonical":"https:\/\/veganoptioncanada.ca\/pt-pt\/opinion-pt-pt\/atacar-o-especismo-ou-o-humanismo\/","og_locale":"pt_PT","og_type":"article","og_title":"Atacar o especismo ou o humanismo? - Op\u00e7\u00e3o Vegana Canad\u00e1","og_description":"Artigo escrito por Yves Bonnardel Vantagens e desvantagens destas duas estrat\u00e9gias N\u00e3o poder\u00edamos simplesmente exigir a aboli\u00e7\u00e3o da cria\u00e7\u00e3o de animais, da ca\u00e7a e da pesca, dos matadouros e de outros tipos de explora\u00e7\u00e3o animal, simplesmente em nome dos direitos dos animais, ou talvez simplesmente em nome do bem-estar dos animais? Porqu\u00ea querer mais, e [&hellip;]","og_url":"https:\/\/veganoptioncanada.ca\/pt-pt\/opinion-pt-pt\/atacar-o-especismo-ou-o-humanismo\/","og_site_name":"Op\u00e7\u00e3o Vegana Canad\u00e1","article_publisher":"https:\/\/www.facebook.com\/VOOVCanada\/","article_published_time":"2020-06-02T17:30:37+00:00","article_modified_time":"2025-03-30T03:18:13+00:00","author":"OVC","twitter_card":"summary_large_image","twitter_creator":"@CanadaVegan","twitter_site":"@CanadaVegan","twitter_misc":{"Escrito por":"OVC","Tempo estimado de leitura":"58 minutos"},"schema":{"@context":"https:\/\/schema.org","@graph":[{"@type":"Article","@id":"https:\/\/veganoptioncanada.ca\/pt-pt\/opinion-pt-pt\/atacar-o-especismo-ou-o-humanismo\/#article","isPartOf":{"@id":"https:\/\/veganoptioncanada.ca\/pt-pt\/opinion-pt-pt\/atacar-o-especismo-ou-o-humanismo\/"},"author":{"name":"OVC","@id":"http:\/\/veganoptioncanada.ca\/pt-pt\/#\/schema\/person\/12f6b19e087f2d8727cb6d97d2dfdb0a"},"headline":"Atacar o especismo ou o humanismo?","datePublished":"2020-06-02T17:30:37+00:00","dateModified":"2025-03-30T03:18:13+00:00","mainEntityOfPage":{"@id":"https:\/\/veganoptioncanada.ca\/pt-pt\/opinion-pt-pt\/atacar-o-especismo-ou-o-humanismo\/"},"wordCount":11547,"publisher":{"@id":"http:\/\/veganoptioncanada.ca\/pt-pt\/#organization"},"articleSection":["Not\u00edcias","Opinion"],"inLanguage":"pt-PT"},{"@type":"WebPage","@id":"https:\/\/veganoptioncanada.ca\/pt-pt\/opinion-pt-pt\/atacar-o-especismo-ou-o-humanismo\/","url":"https:\/\/veganoptioncanada.ca\/pt-pt\/opinion-pt-pt\/atacar-o-especismo-ou-o-humanismo\/","name":"Atacar o especismo ou o humanismo? - Op\u00e7\u00e3o Vegana Canad\u00e1","isPartOf":{"@id":"http:\/\/veganoptioncanada.ca\/pt-pt\/#website"},"datePublished":"2020-06-02T17:30:37+00:00","dateModified":"2025-03-30T03:18:13+00:00","breadcrumb":{"@id":"https:\/\/veganoptioncanada.ca\/pt-pt\/opinion-pt-pt\/atacar-o-especismo-ou-o-humanismo\/#breadcrumb"},"inLanguage":"pt-PT","potentialAction":[{"@type":"ReadAction","target":["https:\/\/veganoptioncanada.ca\/pt-pt\/opinion-pt-pt\/atacar-o-especismo-ou-o-humanismo\/"]}]},{"@type":"BreadcrumbList","@id":"https:\/\/veganoptioncanada.ca\/pt-pt\/opinion-pt-pt\/atacar-o-especismo-ou-o-humanismo\/#breadcrumb","itemListElement":[{"@type":"ListItem","position":1,"name":"Home","item":"https:\/\/veganoptioncanada.ca\/pt-pt\/"},{"@type":"ListItem","position":2,"name":"Atacar o especismo ou o humanismo?"}]},{"@type":"WebSite","@id":"http:\/\/veganoptioncanada.ca\/pt-pt\/#website","url":"http:\/\/veganoptioncanada.ca\/pt-pt\/","name":"Vegan Option Canada - Option V\u00e9gane Canada","description":"","publisher":{"@id":"http:\/\/veganoptioncanada.ca\/pt-pt\/#organization"},"potentialAction":[{"@type":"SearchAction","target":{"@type":"EntryPoint","urlTemplate":"http:\/\/veganoptioncanada.ca\/pt-pt\/?s={search_term_string}"},"query-input":{"@type":"PropertyValueSpecification","valueRequired":true,"valueName":"search_term_string"}}],"inLanguage":"pt-PT"},{"@type":"Organization","@id":"http:\/\/veganoptioncanada.ca\/pt-pt\/#organization","name":"Vegan Option Canada","url":"http:\/\/veganoptioncanada.ca\/pt-pt\/","logo":{"@type":"ImageObject","inLanguage":"pt-PT","@id":"http:\/\/veganoptioncanada.ca\/pt-pt\/#\/schema\/logo\/image\/","url":"http:\/\/veganoptioncanada.ca\/wp-content\/uploads\/2021\/04\/Logo_OVC_transparent_web.png","contentUrl":"http:\/\/veganoptioncanada.ca\/wp-content\/uploads\/2021\/04\/Logo_OVC_transparent_web.png","width":200,"height":200,"caption":"Vegan Option Canada"},"image":{"@id":"http:\/\/veganoptioncanada.ca\/pt-pt\/#\/schema\/logo\/image\/"},"sameAs":["https:\/\/www.facebook.com\/VOOVCanada\/","https:\/\/x.com\/CanadaVegan","https:\/\/instagram.com\/veganoptioncanada\/","https:\/\/www.youtube.com\/channel\/UCDVCrc0eUMbWkdRwsUQi4Hw"]},{"@type":"Person","@id":"http:\/\/veganoptioncanada.ca\/pt-pt\/#\/schema\/person\/12f6b19e087f2d8727cb6d97d2dfdb0a","name":"OVC","url":"https:\/\/veganoptioncanada.ca\/pt-pt\/author\/adminov\/"}]}},"_links":{"self":[{"href":"https:\/\/veganoptioncanada.ca\/pt-pt\/wp-json\/wp\/v2\/posts\/4488","targetHints":{"allow":["GET"]}}],"collection":[{"href":"https:\/\/veganoptioncanada.ca\/pt-pt\/wp-json\/wp\/v2\/posts"}],"about":[{"href":"https:\/\/veganoptioncanada.ca\/pt-pt\/wp-json\/wp\/v2\/types\/post"}],"author":[{"embeddable":true,"href":"https:\/\/veganoptioncanada.ca\/pt-pt\/wp-json\/wp\/v2\/users\/1"}],"replies":[{"embeddable":true,"href":"https:\/\/veganoptioncanada.ca\/pt-pt\/wp-json\/wp\/v2\/comments?post=4488"}],"version-history":[{"count":1,"href":"https:\/\/veganoptioncanada.ca\/pt-pt\/wp-json\/wp\/v2\/posts\/4488\/revisions"}],"predecessor-version":[{"id":4489,"href":"https:\/\/veganoptioncanada.ca\/pt-pt\/wp-json\/wp\/v2\/posts\/4488\/revisions\/4489"}],"wp:attachment":[{"href":"https:\/\/veganoptioncanada.ca\/pt-pt\/wp-json\/wp\/v2\/media?parent=4488"}],"wp:term":[{"taxonomy":"category","embeddable":true,"href":"https:\/\/veganoptioncanada.ca\/pt-pt\/wp-json\/wp\/v2\/categories?post=4488"},{"taxonomy":"post_tag","embeddable":true,"href":"https:\/\/veganoptioncanada.ca\/pt-pt\/wp-json\/wp\/v2\/tags?post=4488"}],"curies":[{"name":"wp","href":"https:\/\/api.w.org\/{rel}","templated":true}]}}